{"id":90215,"date":"2021-10-20T17:00:29","date_gmt":"2021-10-20T15:00:29","guid":{"rendered":"http:\/\/www.reunion68.se\/?p=90215"},"modified":"2021-10-19T19:54:38","modified_gmt":"2021-10-19T17:54:38","slug":"28-00-65","status":"publish","type":"post","link":"https:\/\/www.reunion68.se\/?p=90215","title":{"rendered":"Mireille Knoll, Holocaust Survivor Murdered in Brutal Antisemitic Attack, Honored in Paris Street-Naming Ceremony"},"content":{"rendered":"<h5 style=\"text-align: center;\"><a href=\"https:\/\/www.algemeiner.com\/\" target=\"_blank\" rel=\"noopener noreferrer\"><img decoding=\"async\" class=\"center alignleft\" src=\"http:\/\/www.reunion68.com\/Biuletyn\/img\/algem.png\" alt=\"\" width=\"35%\" \/><\/a><span style=\"text-decoration: underline; color: #000080;\"><strong><a style=\"color: #000080; text-decoration: underline;\" href=\"https:\/\/www.algemeiner.com\/2021\/10\/19\/mireille-knoll-holocaust-survivor-murdered-in-brutal-antisemitic-attack-honored-in-paris-street-naming-ceremony\/\" target=\"_blank\" rel=\"noopener noreferrer\">Mireille Knoll, Holocaust Survivor Murdered in Brutal Antisemitic Attack, Honored in Paris Street-Naming Ceremony<\/a><\/strong><\/span><\/h5>\n<p style=\"text-align: center;\"><span style=\"color: #000000;\"><strong>Algemeiner Staff<\/strong><\/span><\/p>\n<hr style=\"height: 15px; background: #d0e6fa; width: 100%;\" \/>\n<p style=\"text-align: center;\"><img decoding=\"async\" class=\"aligncenter\" src=\"https:\/\/www.algemeiner.com\/wp-content\/uploads\/2021\/10\/960x614_allee-mireille-knoll-inauguree-19-octobre-2021.jpg\" width=\"100%\" \/><span style=\"color: #808080;\"><em>The street in Paris named in honor of Mireille Knoll, murdered in an antisemitic attack in 2018. Photo: Guillaume Bontemps\/Ville de Paris<\/em><\/span><\/p>\n<p style=\"text-align: left;\"><span style=\"color: #000080;\">Mireille Knoll, the 85-year-old Holocaust survivor murdered in her Paris apartment in a\u00a0<span style=\"text-decoration: underline;\"><strong><a style=\"color: #000080; text-decoration: underline;\" href=\"https:\/\/www.algemeiner.com\/2018\/03\/26\/french-authorities-investigating-antisemitic-motive-behind-brutal-murder-of-85-year-old-holocaus\">horrific antisemitic attack in 2018<\/a><\/strong><\/span>, has been commemorated in the French capital with a street named in her honor.<\/span><\/p>\n<p style=\"text-align: left;\"><span style=\"color: #000080;\">In a ceremony on Tuesday, the Mayor of Paris, Anne Hidalgo, inaugurated the \u201cAll\u00e9e Mireille Knoll\u201d in the city\u2019s 11th arrondissement, where Knoll resided, accompanied by local dignitaries and Jewish leaders.<\/span><\/p>\n<p style=\"text-align: left;\"><span style=\"color: #000080;\">Knoll was murdered in her apartment on the Avenue Philippe-Auguste on March 23, 2018. Firefighters who arrived at Knoll\u2019s building later that night to answer an emergency call discovered her partially-burned body with 11 stab wounds.<\/span><\/p>\n<p style=\"text-align: left;\"><span style=\"color: #000080;\">Two men, Yacine Mihoub, 31, and his associate Alex Carrimbacus, 26, have been charged with the killing. The pair were understood to have targeted Knoll after Mihoub, a neighbor of Knoll\u2019s since the age of eight, told Carrimbacus that she would have plenty of money as she was Jewish. Mihoub and Carrimbacus, who met each other in prison, have lengthy criminal records for offenses including theft, possession of narcotics and violence. Mihoub additionally has a conviction for sexual assault.<\/span><\/p>\n<p style=\"text-align: left;\"><span style=\"color: #000080;\">A police investigation following Knoll\u2019s death established that Mihoub was attracted to Islamist ideas and slogans, and was already known to the authorities for having praised the Kouachi brothers, who carried out the deadly Islamist terror attack against the satirical magazine\u00a0<em>Charlie Hebdo<\/em>\u00a0in January 2015.<\/span><\/p>\n<p style=\"text-align: left;\"><span style=\"color: #000080;\">According to the newspaper\u00a0<em>Le Figaro<\/em>, Mihoub was also \u201ccompulsively addicted to antisemitic websites and a staunch defender of Hamas.\u201d<\/span><\/p>\n<p style=\"text-align: left;\"><span style=\"color: #000080;\">In Nov. 2020, Mihoub and Carrimbacus lost an appeal to have the aggravating circumstance of antisemitism removed from the charge sheet. They will go on trial on Oct. 25 with the proceedings expected to last for a month.<\/span><\/p>\n<p style=\"text-align: left;\"><span style=\"color: #000080;\">Tuesday\u2019s unveiling of the street in Knoll\u2019s honor fulfilled the pledge made by Hidalgo shortly after the killing. The street sign carries a text explaining that Knoll was \u201clamentably tortured and murdered because she was born a Jew. An innocent victim of obscurantism and antisemitic hatred at the age of 85.\u201d<\/span><\/p>\n<hr style=\"height: 15px; background: #d0e6fa; width: 100%;\" \/>\n<div id=\"content\" class=\"content-alignment\">\n<div id=\"watch-description\" class=\"yt-uix-button-panel\">\n<div id=\"watch-description-text\" style=\"text-align: center;\">\n<p><em>Zawarto\u015b\u0107 publikowanych artyku\u0142\u00f3w i materia\u0142\u00f3w nie reprezentuje pogl\u0105d\u00f3w ani opinii Reunion&#8217;68,<\/em><em><br \/>\nani te\u017c webmastera Blogu Reunion&#8217;68, chyba ze jest to wyra\u017anie zaznaczone.<br \/>\nTwoje uwagi, linki, w\u0142asne artyku\u0142y lub wiadomo\u015bci prze\u015blij na adres:<br \/>\n<\/em><span style=\"color: #000080;\"><strong><em><a style=\"color: #000080;\" href=\"mailto:webmaster@reunion68.com\"><span style=\"text-decoration: underline;\">webmaster@reunion68.com<\/span><\/a><\/em><\/strong><\/span><\/p>\n<\/div>\n<\/div>\n<\/div>\n<hr style=\"width: 100%;\" \/>\n","protected":false},"excerpt":{"rendered":"<p>Mireille Knoll, Holocaust Survivor Murdered in Brutal Antisemitic Attack, Honored in Paris Street-Naming Ceremony Algemeiner Staff The street in Paris named in honor of Mireille Knoll, murdered in an antisemitic attack in 2018. Photo: Guillaume Bontemps\/Ville de Paris Mireille Knoll, the 85-year-old Holocaust survivor murdered in her Paris apartment in a\u00a0horrific antisemitic attack in 2018, [&hellip;]<\/p>\n","protected":false},"author":1,"featured_media":0,"comment_status":"closed","ping_status":"closed","sticky":false,"template":"","format":"standard","meta":[],"categories":[6],"tags":[26,24],"_links":{"self":[{"href":"https:\/\/www.reunion68.se\/index.php?rest_route=\/wp\/v2\/posts\/90215"}],"collection":[{"href":"https:\/\/www.reunion68.se\/index.php?rest_route=\/wp\/v2\/posts"}],"about":[{"href":"https:\/\/www.reunion68.se\/index.php?rest_route=\/wp\/v2\/types\/post"}],"author":[{"embeddable":true,"href":"https:\/\/www.reunion68.se\/index.php?rest_route=\/wp\/v2\/users\/1"}],"replies":[{"embeddable":true,"href":"https:\/\/www.reunion68.se\/index.php?rest_route=%2Fwp%2Fv2%2Fcomments&post=90215"}],"version-history":[{"count":6,"href":"https:\/\/www.reunion68.se\/index.php?rest_route=\/wp\/v2\/posts\/90215\/revisions"}],"predecessor-version":[{"id":90233,"href":"https:\/\/www.reunion68.se\/index.php?rest_route=\/wp\/v2\/posts\/90215\/revisions\/90233"}],"wp:attachment":[{"href":"https:\/\/www.reunion68.se\/index.php?rest_route=%2Fwp%2Fv2%2Fmedia&parent=90215"}],"wp:term":[{"taxonomy":"category","embeddable":true,"href":"https:\/\/www.reunion68.se\/index.php?rest_route=%2Fwp%2Fv2%2Fcategories&post=90215"},{"taxonomy":"post_tag","embeddable":true,"href":"https:\/\/www.reunion68.se\/index.php?rest_route=%2Fwp%2Fv2%2Ftags&post=90215"}],"curies":[{"name":"wp","href":"https:\/\/api.w.org\/{rel}","templated":true}]}}