{"id":90237,"date":"2021-10-29T17:05:20","date_gmt":"2021-10-29T15:05:20","guid":{"rendered":"http:\/\/www.reunion68.se\/?p=90237"},"modified":"2021-10-20T06:37:39","modified_gmt":"2021-10-20T04:37:39","slug":"29-05-69","status":"publish","type":"post","link":"https:\/\/www.reunion68.se\/?p=90237","title":{"rendered":"\u2018Mental Illness,\u2019 \u2018Lone Wolf,\u2019 Unclear Motive: New York Times in Denial Over Islamist Terrorist Trend"},"content":{"rendered":"<h5 style=\"text-align: center;\"><a href=\"https:\/\/www.algemeiner.com\/\" target=\"_blank\" rel=\"noopener noreferrer\"><img decoding=\"async\" class=\"center alignleft\" src=\"http:\/\/www.reunion68.com\/Biuletyn\/img\/algem.png\" alt=\"\" width=\"35%\"><\/a><span style=\"text-decoration: underline; color: #000080;\"><strong><a style=\"color: #000080; text-decoration: underline;\" href=\"https:\/\/www.algemeiner.com\/2021\/10\/19\/mental-illness-lone-wolf-unclear-motive-new-york-times-in-denial-over-islamist-terrorist-trend\/\" target=\"_blank\" rel=\"noopener noreferrer\">\u2018Mental Illness,\u2019 \u2018Lone Wolf,\u2019 Unclear Motive: New York Times in Denial Over Islamist Terrorist Trend<\/a><\/strong><\/span><\/h5>\n<p style=\"text-align: center;\"><span style=\"color: #000000;\"><strong>Ira Stoll<\/strong><\/span><\/p>\n<hr style=\"height: 15px; background: #d0e6fa; width: 100%;\">\n<p style=\"text-align: center;\"><img decoding=\"async\" class=\"aligncenter\" src=\"https:\/\/www.algemeiner.com\/wp-content\/uploads\/2020\/02\/New-York-Times.jpg\" width=\"100%\"><span style=\"color: #808080;\"><em>A taxi passes by in front of The New York Times head office, Feb. 7, 2013. Photo: Reuters \/ Carlo Allegri \/ File.<\/em><\/span><\/p>\n<p style=\"text-align: left;\"><span style=\"color: #000080;\">When is an Islamist terrorist attack not an Islamist terrorist attack?<\/span><\/p>\n<p style=\"text-align: left;\"><span style=\"color: #000080;\">When the newspaper reporting on it is the&nbsp;<em>New York Times<\/em>, which seems in denial, contorting itself to find possible alternative explanations.<\/span><\/p>\n<p style=\"text-align: left;\"><span style=\"color: #000080;\">\u201cMental Illness Eclipses Ideology as Motive Behind Bow-and-Arrow Killings,\u201d is the headline over a print&nbsp;<span style=\"text-decoration: underline;\"><strong><a style=\"color: #000080; text-decoration: underline;\" href=\"https:\/\/www.nytimes.com\/2021\/10\/17\/world\/europe\/uk-stabbing-attack.html\"><em>New York Times<\/em>&nbsp;article<\/a><\/strong><\/span>&nbsp;about an attack in Norway. It reports, \u201cThe police said initially that they believed Mr. Brathen, 37, may have been motivated by Islamic extremism and that he had committed acts of terrorism. The authorities pointed to the randomness of the targets and Mr. Brathen\u2019s conversion to Islam. But evidence uncovered since seems to undermine that conclusion. Mr. Tlili says that his first impression of Mr. Brathen, at the time a recent convert to Islam, suggested less a man motivated by religious fervor than one with deep personal troubles.\u201d<\/span><\/p>\n<p style=\"text-align: left;\"><span style=\"color: #000080;\">This is a pattern with the&nbsp;<em>New York Times<\/em>. Earlier this year, when an adherent of the Nation of Islam launched an attack on police at the US Capitol, the&nbsp;<em>Times<\/em><span style=\"text-decoration: underline;\"><strong>&nbsp;<a style=\"color: #000080; text-decoration: underline;\" href=\"https:\/\/www.nytimes.com\/2021\/04\/03\/us\/politics\/capitol-suspect-noah-green.html\">reported<\/a><\/strong><\/span>, \u201cPolice have not categorized the incident as an act of domestic terrorism. A senior law enforcement official, who spoke anonymously to describe the active inquiry, said that, based on early evidence, investigators believed that Mr. Green was influenced by a combination of underlying mental health issues \u2026\u201d<\/span><\/p>\n<p style=\"text-align: left;\"><span style=\"color: #000080;\">Another&nbsp;<span style=\"text-decoration: underline;\"><strong><a style=\"color: #000080; text-decoration: underline;\" href=\"https:\/\/www.nytimes.com\/2021\/10\/17\/world\/europe\/uk-stabbing-attack.html\"><em>Times<\/em>&nbsp;article this week<\/a>,<\/strong><\/span> about the killing of a member of Parliament, is similarly ostrich-like in its outlook. Under the print headline, \u201c\u201dWith Man in Custody, Police Seek Motive in British Lawmaker\u2019s Killing,\u201d the&nbsp;<em>Times<\/em>&nbsp;reported, \u201cThe motive for targeting Mr. Amess, who was 69, was not clear.\u201d<\/span><\/p>\n<p style=\"text-align: left;\"><span style=\"color: #000080;\">The&nbsp;<em>Times<\/em>&nbsp;article says, \u201cThe sudden and very public nature of the attack evoked memories of previous lone-wolf assaults that rattled Britain. Last year, an&nbsp;<span style=\"text-decoration: underline;\"><strong><a style=\"color: #000080; text-decoration: underline;\" href=\"https:\/\/www.nytimes.com\/2020\/02\/02\/world\/europe\/streatham-police-shooting-uk.html\" data-saferedirecturl=\"https:\/\/www.google.com\/url?q=https:\/\/www.nytimes.com\/2020\/02\/02\/world\/europe\/streatham-police-shooting-uk.html&amp;source=gmail&amp;ust=1634750993795000&amp;usg=AFQjCNFyiqCIHX_a5B3KE6aKmcoRu_Q_-g\">extremist stabbed pedestrians<\/a>&nbsp;<\/strong><\/span>on a busy London street; and in 2019, a man went on&nbsp;<span style=\"text-decoration: underline;\"><strong><a style=\"color: #000080; text-decoration: underline;\" href=\"https:\/\/www.nytimes.com\/2019\/11\/29\/world\/europe\/london-bridge-shooting.html\" data-saferedirecturl=\"https:\/\/www.google.com\/url?q=https:\/\/www.nytimes.com\/2019\/11\/29\/world\/europe\/london-bridge-shooting.html&amp;source=gmail&amp;ust=1634750993795000&amp;usg=AFQjCNFTCNrfIw5ifE5s0Rj9SRwaM5-VMg\">a stabbing spree on London Bridge<\/a><\/strong><\/span>&nbsp;before being shot and killed by the police.\u201d The&nbsp;<em>Times<\/em>&nbsp;describes these as lone wolves but that\u2019s not really accurate. The \u201cextremist\u201d was Sudesh Mamoor Faraz Amman, who, an earlier&nbsp;<em>Times<\/em>&nbsp;article had acknowledged had posted online, \u201ca photo that showed two guns and a knife on top of an Islamic flag, with the caption \u201cArmed and ready April 3\u2019 overlaid in Arabic.\u201d And the 2019 London Bridge attack was perpetratd by&nbsp;<span style=\"text-decoration: underline;\"><strong><a style=\"color: #000080; text-decoration: underline;\" href=\"https:\/\/www.reuters.com\/article\/us-britain-security-attacker\/the-al-qaeda-inspired-28-year-old-militant-who-launched-london-bridge-attack-idUSKBN1Y40EA\">Usman Khan<\/a>,<\/strong><\/span> earlier described by the&nbsp;<em>Times<\/em>&nbsp;as \u201ca 28-year-old Muslim man who had served eight years in prison for his involvement in a plot to bomb the London Stock Exchange.\u201d The Islamic State claimed responsibility for a deadly 2017 London Bridge attack.<\/span><\/p>\n<p style=\"text-align: left;\"><span style=\"color: #000080;\">In the Amess case, the&nbsp;<em>Times<\/em>&nbsp;reports, \u201cThe motive for targeting Mr. Amess, who was 69, was not clear. A soft-spoken, well-liked backbencher in the House of Commons, he was known for his staunch support of Brexit and his advocacy for animal rights. A Catholic and social conservative, Mr. Amess was also a strong supporter of Israel and of an Iranian opposition group, Mujahedeen Khalq, or M.E.K., which campaigns for the overthrow of Iran\u2019s government.\u201d<\/span><\/p>\n<p style=\"text-align: left;\"><span style=\"color: #000080;\">The assailant is identified as \u201cAli Harbi Ali,\u201d and the&nbsp;<em>Times<\/em>&nbsp;notes the&nbsp;\u201cBBC reported that several years ago, Mr. Ali had been referred to a government program known as Prevent, which aims to keep people from being drawn to extremist ideas on social media.\u201d The&nbsp;<em>Telegraph<\/em>&nbsp;has&nbsp;<span style=\"text-decoration: underline;\"><strong><a style=\"color: #000080; text-decoration: underline;\" href=\"https:\/\/www.theweek.co.uk\/news\/crime\/954488\/ali-harbi-ali-what-are-the-potential-motivations-behind-david-amesss-murder\">reported<\/a><\/strong><\/span>&nbsp;that police and security services believe the motivation behind the attack may have been to \u201cfurther the Islamist cause espoused by groups such as al-Qaeda, Islamic State and al-Shabab, which is active in Somalia.\u201d A&nbsp;<em>Wall Street Journal<\/em>&nbsp;<a style=\"color: #000080;\" href=\"https:\/\/www.wsj.com\/articles\/david-amess-assassination-ali-islamist-extremism-11634500839\">editorial<\/a>&nbsp;described it as \u201cthe first assassination of a British political figure by an apparent Islamist that we can recall.\u201d (The 1872 slaying of the Viceroy and Governor General of India, Lord Mayo; the 1937 assassination of the British District Commissioner for the Galilee, Lewis Andrews; the 1984 assassination of a British diplomat in Greece, Kenneth Whitty; and the 1984 assassination of the deputy high commissioner in Mumbai, Percy Norris, may qualify as precedents, depending on how one defines terms.)<\/span><\/p>\n<p style=\"text-align: left;\"><span style=\"color: #000080;\">Caution is certainly warranted and is good journalistic practice when it comes to ascribing motive in a developing news story. It can sometimes be difficult to judge whether the reluctance to use plain language about this pattern or to describe a particular case is the fault of the&nbsp;<em>New York Times<\/em>&nbsp;or of the local legal authorities. In these cases, though, other news outlets don\u2019t share the&nbsp;<em>Times<\/em>\u2019 reticence. Let me just say, too, that if the victim of this crime had been, heaven forbid, an American lawmaker from the Democratic party with strong Palestinian sympathies and the assailant had been, heaven forbid, a&nbsp;<em>kippa<\/em>-wearing Likud Party member, a recent convert to Lubavitcher hasidism, or even a conservative Christian white Trump supporter, the&nbsp;<em>Times<\/em>&nbsp;wouldn\u2019t be chin-stroking about \u201cunderlying mental health issues,\u201d \u201clone wolf,\u201d and motive unclear.<\/span><\/p>\n<hr>\n<p><span style=\"color: #808080;\"><em><strong>Ira Stoll<\/strong> was managing editor of the Forward and North American editor of the Jerusalem Post. His media critique, a regular Algemeiner feature, can be found&nbsp;<\/em><a style=\"color: #808080;\" href=\"https:\/\/www.algemeiner.com\/author\/ira-stoll\/\">h<span style=\"text-decoration: underline;\"><strong>ere<\/strong><\/span><\/a><span style=\"text-decoration: underline;\"><strong>.<\/strong><\/span><\/span><\/p>\n<hr style=\"height: 15px; background: #d0e6fa; width: 100%;\">\n<div id=\"content\" class=\"content-alignment\">\n<div id=\"watch-description\" class=\"yt-uix-button-panel\">\n<div id=\"watch-description-text\" style=\"text-align: center;\">\n<p><em>Zawarto\u015b\u0107 publikowanych artyku\u0142\u00f3w i materia\u0142\u00f3w nie reprezentuje pogl\u0105d\u00f3w ani opinii Reunion&#8217;68,<\/em><em><br \/>\nani te\u017c webmastera Blogu Reunion&#8217;68, chyba ze jest to wyra\u017anie zaznaczone.<br \/>\nTwoje uwagi, linki, w\u0142asne artyku\u0142y lub wiadomo\u015bci prze\u015blij na adres:<br \/>\n<\/em><span style=\"color: #000080;\"><strong><em><a style=\"color: #000080;\" href=\"mailto:webmaster@reunion68.com\"><span style=\"text-decoration: underline;\">webmaster@reunion68.com<\/span><\/a><\/em><\/strong><\/span><\/p>\n<\/div>\n<\/div>\n<\/div>\n<hr style=\"width: 100%;\">\n","protected":false},"excerpt":{"rendered":"<p>\u2018Mental Illness,\u2019 \u2018Lone Wolf,\u2019 Unclear Motive: New York Times in Denial Over Islamist Terrorist Trend Ira Stoll A taxi passes by in front of The New York Times head office, Feb. 7, 2013. Photo: Reuters \/ Carlo Allegri \/ File. When is an Islamist terrorist attack not an Islamist terrorist attack? When the newspaper reporting [&hellip;]<\/p>\n","protected":false},"author":1,"featured_media":0,"comment_status":"closed","ping_status":"closed","sticky":false,"template":"","format":"standard","meta":[],"categories":[6],"tags":[33,24],"_links":{"self":[{"href":"https:\/\/www.reunion68.se\/index.php?rest_route=\/wp\/v2\/posts\/90237"}],"collection":[{"href":"https:\/\/www.reunion68.se\/index.php?rest_route=\/wp\/v2\/posts"}],"about":[{"href":"https:\/\/www.reunion68.se\/index.php?rest_route=\/wp\/v2\/types\/post"}],"author":[{"embeddable":true,"href":"https:\/\/www.reunion68.se\/index.php?rest_route=\/wp\/v2\/users\/1"}],"replies":[{"embeddable":true,"href":"https:\/\/www.reunion68.se\/index.php?rest_route=%2Fwp%2Fv2%2Fcomments&post=90237"}],"version-history":[{"count":5,"href":"https:\/\/www.reunion68.se\/index.php?rest_route=\/wp\/v2\/posts\/90237\/revisions"}],"predecessor-version":[{"id":90261,"href":"https:\/\/www.reunion68.se\/index.php?rest_route=\/wp\/v2\/posts\/90237\/revisions\/90261"}],"wp:attachment":[{"href":"https:\/\/www.reunion68.se\/index.php?rest_route=%2Fwp%2Fv2%2Fmedia&parent=90237"}],"wp:term":[{"taxonomy":"category","embeddable":true,"href":"https:\/\/www.reunion68.se\/index.php?rest_route=%2Fwp%2Fv2%2Fcategories&post=90237"},{"taxonomy":"post_tag","embeddable":true,"href":"https:\/\/www.reunion68.se\/index.php?rest_route=%2Fwp%2Fv2%2Ftags&post=90237"}],"curies":[{"name":"wp","href":"https:\/\/api.w.org\/{rel}","templated":true}]}}