{"id":90349,"date":"2021-11-02T17:09:16","date_gmt":"2021-11-02T15:09:16","guid":{"rendered":"http:\/\/www.reunion68.se\/?p=90349"},"modified":"2021-10-27T08:42:07","modified_gmt":"2021-10-27T06:42:07","slug":"02-05-69","status":"publish","type":"post","link":"https:\/\/www.reunion68.se\/?p=90349","title":{"rendered":"Jak Kaczy\u0144ski i B\u0142aszczak chc\u0105 zrobi\u0107 z Polski militarne mocarstwo"},"content":{"rendered":"<p style=\"text-align: center;\"><img decoding=\"async\" class=\"aligncenter\" src=\"https:\/\/i.gremicdn.pl\/image\/free\/007a1cd799a0a1b67c434d4888cea268\/?t=resize:fill:948:592,enlarge:1\" width=\"100%\"><span style=\"color: #808080;\"><em>Wicepremier Jaros\u0142aw Kaczy\u0144ski oraz minister obrony narodowej Mariusz B\u0142aszczak podczas konferencji prasowej w Warszawie \/ Foto: PAP\/Wojciech Olku\u015bnik<\/em><\/span><\/p>\n<hr>\n<h5 style=\"text-align: center;\"><a href=\"https:\/\/www.rp.pl\/\" target=\"_blank\" rel=\"noopener noreferrer\"><img decoding=\"async\" class=\"center alignleft\" src=\"http:\/\/www.reunion68.com\/Biuletyn\/img\/rzepa.png\" alt=\"\" width=\"35%\"><\/a><span style=\"text-decoration: underline; color: #000080;\"><strong><a style=\"color: #000080; text-decoration: underline;\" href=\"https:\/\/www.rp.pl\/mundurowi\/art19051491-jak-kaczynski-i-blaszczak-chca-zrobic-z-polski-militarne-mocarstwo\" target=\"_blank\" rel=\"noopener noreferrer\">Jak Kaczy\u0144ski i B\u0142aszczak chc\u0105 zrobi\u0107 z Polski militarne mocarstwo<\/a><\/strong><\/span><\/h5>\n<p style=\"text-align: center;\"><span style=\"color: #000000;\"><strong>Marek Domagalski, Zbigniew Lentowicz<\/strong><\/span><\/p>\n<hr style=\"height: 15px; background: #d0e6fa; width: 100%;\">\n<div class=\"paywallInfoElem paywall--counter -animate\">\n<div class=\"text\">\n<div class=\"bg\" style=\"text-align: left;\"><span style=\"color: #000080;\">\u2013 Chodzi o to, by wobec zewn\u0119trznych zagro\u017ce\u0144 wielokrotnie zwi\u0119kszy\u0107 si\u0142y naszej armii, a nowa ustawa o obronie ojczyzny stwarza ku temu podstawy \u2013 powiedzia\u0142 we wtorek wicepremier, szef PiS Jaros\u0142aw Kaczy\u0144ski.<\/span><\/div>\n<\/div>\n<\/div>\n<p id=\"block-id-SS2_1W5sUS\" class=\"articleBodyBlock article--paragraph\" style=\"text-align: left;\" data-hash=\"e6d679c4d034e381b403b3cc63278b99\"><span style=\"color: #000080;\">Po zmianach si\u0142y zbrojne maj\u0105 wzrosn\u0105\u0107 do 250 tys. \u017co\u0142nierzy zawodowych i 50&nbsp;tys. \u017co\u0142nierzy WOT. To zak\u0142adane minimum.<\/span><\/p>\n<p id=\"block-id-ylHhDU9GvG\" class=\"articleBodyBlock article--paragraph\" style=\"text-align: left;\" data-hash=\"90c20a824c4f1cae12136e0bca940aa3\"><span style=\"color: #000080;\">Wprowadzona ma by\u0107 zasadnicza s\u0142u\u017cba wojskowa dla ochotnik\u00f3w (obowi\u0105zkowa nie wr\u00f3ci). Ci \u017co\u0142nierze po 28-dniowym szkoleniu podstawowym, a potem 11-miesi\u0119cznym specjalistycznym, b\u0119d\u0105 mogli wst\u0105pi\u0107 do zawodowej s\u0142u\u017cby wojskowej b\u0105d\u017a wr\u00f3ci\u0107 do cywila.<\/span><\/p>\n<p style=\"text-align: left;\" data-hash=\"90c20a824c4f1cae12136e0bca940aa3\"><span style=\"color: #000080;\">Zostan\u0105 uelastycznione zasady awansu w wojsku i do jednego etatu, np. dow\u00f3dcy kompanii, b\u0119dzie przypisanych kilka stopni wojskowych, a wi\u0119c b\u0119dzie mo\u017cliwy awans na tym samym stanowisku. Przewidziano te\u017c dodatkowy stopie\u0144 starszego szeregowego specjalisty z wy\u017cszym wynagrodzeniem.<\/span><\/p>\n<p id=\"block-id-bv5boDvfbQ\" class=\"articleBodyBlock article--paragraph\" style=\"text-align: left;\" data-hash=\"bde3ef7d863b75d077475800cce59202\"><span style=\"color: #000080;\">Zach\u0119t\u0105 dla starszych \u017co\u0142nierzy zawodowych ma by\u0107 1500 z\u0142 dodatkowego wynagrodzenia, je\u015bli zdecyduj\u0105 si\u0119 zosta\u0107 w s\u0142u\u017cbie po 25 latach, oraz 2500 z\u0142 \u2013 po 28 latach.<\/span><\/p>\n<p id=\"block-id-bRHUHNcHnV\" class=\"articleBodyBlock article--paragraph\" style=\"text-align: left;\" data-hash=\"2f17c219cfda98d0c037fab847970678\"><span style=\"color: #000080;\">Projekt ju\u017c budzi kontrowersje.<\/span><\/p>\n<p id=\"block-id-Kd5gRQS3ep\" class=\"articleBodyBlock article--paragraph\" style=\"text-align: left;\" data-hash=\"296add40708d22e2def29a4066a8942a\"><span style=\"color: #000080;\">\u2013 Boj\u0119 si\u0119, \u017ce proponuj\u0105c 250-tys. armi\u0119 zawodow\u0105, licytujemy znacznie poza granice ekonomicznej wydolno\u015bci pa\u0144stwa \u2013 m\u00f3wi by\u0142y dow\u00f3dca Wojsk L\u0105dowych Waldemar Skrzypczak.<\/span><\/p>\n<p id=\"block-id-JImkYw7ulx\" class=\"articleBodyBlock article--paragraph\" style=\"text-align: left;\" data-hash=\"2979a2624fbb1c5c8e534db237e2ad78\"><span style=\"color: #000080;\">Gdyby\u015bmy osi\u0105gn\u0119li taki stan liczebny profesjonalnych \u017co\u0142nierzy, byliby\u015bmy trzeci\u0105 co do wielko\u015bci po USA i Turcji armi\u0105 w NATO. A to oznacza\u0142oby konieczno\u015b\u0107 zwi\u0119kszenia nak\u0142ad\u00f3w na sprz\u0119t i uzbrojenie do bezprecedensowego poziomu.<\/span><\/p>\n<p id=\"block-id-HR7X8bIPxg\" class=\"articleBodyBlock article--paragraph\" style=\"text-align: left;\" data-hash=\"d23202180707adef3a7ce3c9c2a03a8b\"><span style=\"color: #000080;\">Rz\u0105d chce, aby \u015brodki na te szerokie plany zapewnia\u0142 Fundusz Wsparcia Si\u0142 Zbrojnych, m.in. z obligacji BGK i wp\u0142aty z zysku NBP.<\/span><\/p>\n<p id=\"block-id-jfbTZ2cO_N\" class=\"articleBodyBlock article--paragraph\" style=\"text-align: left;\" data-hash=\"90acbd0c7fafee2bcaaac3d4307adf9e\"><span style=\"color: #000080;\">Takimi planami oburzony jest S\u0142awomir Dudek, g\u0142\u00f3wny ekonomista FOR.<\/span><\/p>\n<p id=\"block-id-PmY_0Iwqx6\" class=\"articleBodyBlock article--paragraph\" style=\"text-align: left;\" data-hash=\"3b55fae93e2d33bb3385a9a9bda63c0c\"><span style=\"color: #000080;\">\u2013 W parlamencie jest bud\u017cet pa\u0144stwa na przysz\u0142y rok, kt\u00f3ry nie obejmuje ju\u017c setek miliard\u00f3w z\u0142otych ukrytych w zad\u0142u\u017ceniu i funduszach w\u0142a\u015bnie przy BGK. Teraz tworzony jest kolejny poza kontrol\u0105 parlamentu, poza konstytucyjn\u0105 definicj\u0105 finans\u00f3w publicznych. Poza bud\u017cet zostanie wyprowadzona cz\u0119\u015b\u0107 finans\u00f3w militarnych \u2013 m\u00f3wi.<\/span><\/p>\n<p id=\"block-id-XKUk6r63mV\" class=\"articleBodyBlock article--paragraph\" data-hash=\"886dac44612e125c24185757460c3e50\"><i>\u2014psk<\/i><\/p>\n<hr style=\"height: 15px; background: #d0e6fa; width: 100%;\">\n<div id=\"content\" class=\"content-alignment\">\n<div id=\"watch-description\" class=\"yt-uix-button-panel\">\n<div id=\"watch-description-text\" style=\"text-align: center;\">\n<p><em>Zawarto\u015b\u0107 publikowanych artyku\u0142\u00f3w i materia\u0142\u00f3w nie reprezentuje pogl\u0105d\u00f3w ani opinii Reunion&#8217;68,<\/em><em><br \/>\nani te\u017c webmastera Blogu Reunion&#8217;68, chyba ze jest to wyra\u017anie zaznaczone.<br \/>\nTwoje uwagi, linki, w\u0142asne artyku\u0142y lub wiadomo\u015bci prze\u015blij na adres:<br \/>\n<\/em><span style=\"color: #000080;\"><strong><em><a style=\"color: #000080;\" href=\"mailto:webmaster@reunion68.com\"><span style=\"text-decoration: underline;\">webmaster@reunion68.com<\/span><\/a><\/em><\/strong><\/span><\/p>\n<\/div>\n<\/div>\n<\/div>\n","protected":false},"excerpt":{"rendered":"<p>Wicepremier Jaros\u0142aw Kaczy\u0144ski oraz minister obrony narodowej Mariusz B\u0142aszczak podczas konferencji prasowej w Warszawie \/ Foto: PAP\/Wojciech Olku\u015bnik Jak Kaczy\u0144ski i B\u0142aszczak chc\u0105 zrobi\u0107 z Polski militarne mocarstwo Marek Domagalski, Zbigniew Lentowicz \u2013 Chodzi o to, by wobec zewn\u0119trznych zagro\u017ce\u0144 wielokrotnie zwi\u0119kszy\u0107 si\u0142y naszej armii, a nowa ustawa o obronie ojczyzny stwarza ku temu podstawy [&hellip;]<\/p>\n","protected":false},"author":1,"featured_media":0,"comment_status":"closed","ping_status":"closed","sticky":false,"template":"","format":"standard","meta":[],"categories":[6],"tags":[26,24],"_links":{"self":[{"href":"https:\/\/www.reunion68.se\/index.php?rest_route=\/wp\/v2\/posts\/90349"}],"collection":[{"href":"https:\/\/www.reunion68.se\/index.php?rest_route=\/wp\/v2\/posts"}],"about":[{"href":"https:\/\/www.reunion68.se\/index.php?rest_route=\/wp\/v2\/types\/post"}],"author":[{"embeddable":true,"href":"https:\/\/www.reunion68.se\/index.php?rest_route=\/wp\/v2\/users\/1"}],"replies":[{"embeddable":true,"href":"https:\/\/www.reunion68.se\/index.php?rest_route=%2Fwp%2Fv2%2Fcomments&post=90349"}],"version-history":[{"count":8,"href":"https:\/\/www.reunion68.se\/index.php?rest_route=\/wp\/v2\/posts\/90349\/revisions"}],"predecessor-version":[{"id":90365,"href":"https:\/\/www.reunion68.se\/index.php?rest_route=\/wp\/v2\/posts\/90349\/revisions\/90365"}],"wp:attachment":[{"href":"https:\/\/www.reunion68.se\/index.php?rest_route=%2Fwp%2Fv2%2Fmedia&parent=90349"}],"wp:term":[{"taxonomy":"category","embeddable":true,"href":"https:\/\/www.reunion68.se\/index.php?rest_route=%2Fwp%2Fv2%2Fcategories&post=90349"},{"taxonomy":"post_tag","embeddable":true,"href":"https:\/\/www.reunion68.se\/index.php?rest_route=%2Fwp%2Fv2%2Ftags&post=90349"}],"curies":[{"name":"wp","href":"https:\/\/api.w.org\/{rel}","templated":true}]}}