{"id":90482,"date":"2021-11-03T17:00:16","date_gmt":"2021-11-03T15:00:16","guid":{"rendered":"http:\/\/www.reunion68.se\/?p=90482"},"modified":"2021-11-03T08:23:37","modified_gmt":"2021-11-03T06:23:37","slug":"07-00-70","status":"publish","type":"post","link":"https:\/\/www.reunion68.se\/?p=90482","title":{"rendered":"New Twitter Curator for Middle East News Apologizes for Past \u2018Ill-Informed\u2019 Tweets About Israel"},"content":{"rendered":"<h5 style=\"text-align: center;\"><a href=\"https:\/\/www.algemeiner.com\/\" target=\"_blank\" rel=\"noopener noreferrer\"><img decoding=\"async\" class=\"center alignleft\" src=\"http:\/\/www.reunion68.com\/Biuletyn\/img\/algem.png\" alt=\"\" width=\"35%\" \/><\/a><span style=\"text-decoration: underline; color: #000080;\"><strong><a style=\"color: #000080; text-decoration: underline;\" href=\"https:\/\/www.algemeiner.com\/2021\/11\/02\/new-twitter-curator-for-middle-east-news-apologizes-for-past-ill-informed-tweets-about-israel\/\" target=\"_blank\" rel=\"noopener noreferrer\">New Twitter Curator for Middle East News Apologizes for Past \u2018Ill-Informed\u2019 Tweets About Israel<\/a><\/strong><\/span><\/h5>\n<p style=\"text-align: center;\"><span style=\"color: #000000;\"><strong>Shiryn Ghermezian<\/strong><\/span><\/p>\n<hr style=\"height: 15px; background: #d0e6fa; width: 100%;\" \/>\n<p style=\"text-align: center;\"><img decoding=\"async\" class=\"aligncenter\" src=\"https:\/\/www.algemeiner.com\/wp-content\/uploads\/2021\/07\/2021-07-06T154250Z_1_LYNXNPEH650YA_RTROPTP_4_TWITTER-OUTAGES-1.jpg\" width=\"100%\" \/><span style=\"color: #808080;\"><em>The Twitter App loads on an iPhone in this illustration photograph taken in Los Angeles, California, U.S., July 22, 2019. REUTERS\/Mike Blake<\/em><\/span><\/p>\n<p style=\"text-align: left;\"><span style=\"color: #000080;\">Twitter\u2019s newly-appointed \u201ceditorial curation lead\u201d for the Middle East and North Africa (MENA) began her new job with an apology after coming under fire for previous tweets about Israel.<\/span><\/p>\n<p style=\"text-align: left;\"><span style=\"color: #000080;\">Fadah Jassem announced her new position on Monday in a Twitter post, saying, \u201cVery excited to get stuck in and delve deeper into the discussions that matter from this diverse and lively region.\u201d The London-based, former\u00a0<em>Al Jazeera<\/em>\u00a0reporter added the emoji flags of 16 countries in the MENA region, as well as the Palestinian one, but the Israeli flag was not included.<\/span><\/p>\n<p style=\"text-align: left;\"><span style=\"color: #000080;\">After Twitter users\u00a0<span style=\"text-decoration: underline;\"><strong><a style=\"color: #000080; text-decoration: underline;\" href=\"https:\/\/twitter.com\/elderofziyon\/status\/1455203095051390979?ref_src=twsrc%5Etfw%7Ctwcamp%5Etweetembed%7Ctwterm%5E1455203095051390979%7Ctwgr%5E%7Ctwcon%5Es1_&amp;ref_url=https%3A%2F%2Fhonestreporting.com%2Fhonestreporting-clarification-twitters-new-middle-east-north-africa-editorial-curation-lead-apologizes-for-antisemitic-posts%2F\" target=\"_blank\" rel=\"noopener noreferrer\">noted<\/a><\/strong><\/span>\u00a0the missing Israeli flag, Jassem posted another tweet that featured the flags of Israel, Turkey and Djibouti, adding that she could not access the flag of Oman.<\/span><\/p>\n<p style=\"text-align: left;\"><span style=\"color: #000080;\">Other users resurfaced several years-old posts from Jassem, including a September 2010 retweet that said Israel was \u201cnot born\u201d but instead \u201cdropped like a bomb in the middle of Palestine.\u201d In December of the same year, she quoted Nation of Islam leader and notorious antisemite Louis Farrakhan at least\u00a0<a style=\"color: #000080;\" href=\"https:\/\/twitter.com\/IsraelWarRoom\/status\/1455237423080767488\" target=\"_blank\" rel=\"noopener noreferrer\">f<span style=\"text-decoration: underline;\"><strong>our times<\/strong><\/span><\/a>\u00a0in posts sigling out Israel, such as \u201cwe give you our tax dollars to support Israel every year.\u201d She\u00a0<span style=\"text-decoration: underline;\"><strong><a style=\"color: #000080; text-decoration: underline;\" href=\"https:\/\/twitter.com\/StopAntisemites\/status\/1455237256709611521\/photo\/1\" target=\"_blank\" rel=\"noopener noreferrer\">called<\/a><\/strong><\/span>\u00a0his speeches \u201ca great example of faith transcending boundaries.\u201d<\/span><\/p>\n<div id=\"post_content\">\n<p style=\"text-align: left;\"><span style=\"color: #000080;\">The Farrakhan-related posts were uploaded shortly before Jassem was employed as a freelance producer by\u00a0<em>NBC News<\/em>\u2019 London desk, the media watchdog HonestReporting said.<\/span><\/p>\n<div class=\"elementor elementor-323780 elementor-location-single\" data-elementor-type=\"section\" data-elementor-id=\"323780\" data-elementor-settings=\"[]\">\n<div class=\"elementor-section-wrap\">\n<section class=\"elementor-section elementor-top-section elementor-element elementor-element-74e18c8 elementor-section-full_width homepage_newsletter_form elementor-section-height-default elementor-section-height-default\" data-id=\"74e18c8\" data-element_type=\"section\">\n<div class=\"elementor-container elementor-column-gap-no\">\n<div class=\"elementor-row\">\n<div class=\"elementor-column elementor-col-100 elementor-top-column elementor-element elementor-element-7862794\" data-id=\"7862794\" data-element_type=\"column\" data-settings=\"{&quot;background_background&quot;:&quot;classic&quot;}\">\n<div class=\"elementor-column-wrap elementor-element-populated\">\n<div class=\"elementor-widget-wrap\">\n<section class=\"elementor-section elementor-inner-section elementor-element elementor-element-500ba0b elementor-section-full_width elementor-section-height-default elementor-section-height-default\" data-id=\"500ba0b\" data-element_type=\"section\">\n<div class=\"elementor-container elementor-column-gap-no\">\n<div class=\"elementor-row\">\n<div class=\"elementor-column elementor-col-100 elementor-inner-column elementor-element elementor-element-0d630e4\" data-id=\"0d630e4\" data-element_type=\"column\">\n<div class=\"elementor-column-wrap elementor-element-populated\">\n<p class=\"elementor-widget-wrap\" style=\"text-align: left;\"><span style=\"color: #000080;\">Jassem later issued a public apology on Twitter. \u201cI can see that I have been ill-informed with some tweets when [I was] younger. I apologize for any offense caused by these particular tweets and like I said for forgetting the Israeli flag with reference to MENA as I did others,\u201d\u00a0<a style=\"color: #000080;\" href=\"https:\/\/twitter.com\/EBluemountain1\/status\/1455244262459727877\" target=\"_blank\" rel=\"noopener noreferrer\">s<span style=\"text-decoration: underline;\"><strong>he wrote<\/strong><\/span><\/a><span style=\"text-decoration: underline;\"><strong>\u00a0<\/strong><\/span>in response to HonestReporting\u2019s Emanuel Miller on Monday.<\/span><\/p>\n<p class=\"elementor-widget-wrap\" style=\"text-align: left;\"><span style=\"color: #000080;\">She has since made her Twitter account private.<\/span><\/p>\n<p style=\"text-align: left;\"><span style=\"color: #000080;\">According to Jassem\u2019s\u00a0<span style=\"text-decoration: underline;\"><strong><a style=\"color: #000080; text-decoration: underline;\" href=\"https:\/\/www.jobstrich.com\/job\/jobs-on-twitter-editorial-curation-mena-in-leeds\/\" target=\"_blank\" rel=\"noopener noreferrer\">job description<\/a><\/strong><\/span>, she will lead efforts to facilitate \u201cthe curation of the best, most relevant, and timely content that reaches, engages and delights one of the largest daily audiences in the world.\u201d<\/span><\/p>\n<\/div>\n<\/div>\n<\/div>\n<\/div>\n<\/section>\n<\/div>\n<\/div>\n<\/div>\n<\/div>\n<\/div>\n<\/section>\n<\/div>\n<\/div>\n<\/div>\n<hr style=\"height: 15px; background: #d0e6fa; width: 100%;\" \/>\n<div id=\"content\" class=\"content-alignment\">\n<div id=\"watch-description\" class=\"yt-uix-button-panel\">\n<div id=\"watch-description-text\" style=\"text-align: center;\">\n<p><em>Zawarto\u015b\u0107 publikowanych artyku\u0142\u00f3w i materia\u0142\u00f3w nie reprezentuje pogl\u0105d\u00f3w ani opinii Reunion&#8217;68,<\/em><em><br \/>\nani te\u017c webmastera Blogu Reunion&#8217;68, chyba ze jest to wyra\u017anie zaznaczone.<br \/>\nTwoje uwagi, linki, w\u0142asne artyku\u0142y lub wiadomo\u015bci prze\u015blij na adres:<br \/>\n<\/em><span style=\"color: #000080;\"><strong><em><a style=\"color: #000080;\" href=\"mailto:webmaster@reunion68.com\"><span style=\"text-decoration: underline;\">webmaster@reunion68.com<\/span><\/a><\/em><\/strong><\/span><\/p>\n<\/div>\n<\/div>\n<\/div>\n<hr style=\"width: 100%;\" \/>\n","protected":false},"excerpt":{"rendered":"<p>New Twitter Curator for Middle East News Apologizes for Past \u2018Ill-Informed\u2019 Tweets About Israel Shiryn Ghermezian The Twitter App loads on an iPhone in this illustration photograph taken in Los Angeles, California, U.S., July 22, 2019. REUTERS\/Mike Blake Twitter\u2019s newly-appointed \u201ceditorial curation lead\u201d for the Middle East and North Africa (MENA) began her new job [&hellip;]<\/p>\n","protected":false},"author":1,"featured_media":0,"comment_status":"closed","ping_status":"closed","sticky":false,"template":"","format":"standard","meta":[],"categories":[6],"tags":[26,24],"_links":{"self":[{"href":"https:\/\/www.reunion68.se\/index.php?rest_route=\/wp\/v2\/posts\/90482"}],"collection":[{"href":"https:\/\/www.reunion68.se\/index.php?rest_route=\/wp\/v2\/posts"}],"about":[{"href":"https:\/\/www.reunion68.se\/index.php?rest_route=\/wp\/v2\/types\/post"}],"author":[{"embeddable":true,"href":"https:\/\/www.reunion68.se\/index.php?rest_route=\/wp\/v2\/users\/1"}],"replies":[{"embeddable":true,"href":"https:\/\/www.reunion68.se\/index.php?rest_route=%2Fwp%2Fv2%2Fcomments&post=90482"}],"version-history":[{"count":4,"href":"https:\/\/www.reunion68.se\/index.php?rest_route=\/wp\/v2\/posts\/90482\/revisions"}],"predecessor-version":[{"id":90504,"href":"https:\/\/www.reunion68.se\/index.php?rest_route=\/wp\/v2\/posts\/90482\/revisions\/90504"}],"wp:attachment":[{"href":"https:\/\/www.reunion68.se\/index.php?rest_route=%2Fwp%2Fv2%2Fmedia&parent=90482"}],"wp:term":[{"taxonomy":"category","embeddable":true,"href":"https:\/\/www.reunion68.se\/index.php?rest_route=%2Fwp%2Fv2%2Fcategories&post=90482"},{"taxonomy":"post_tag","embeddable":true,"href":"https:\/\/www.reunion68.se\/index.php?rest_route=%2Fwp%2Fv2%2Ftags&post=90482"}],"curies":[{"name":"wp","href":"https:\/\/api.w.org\/{rel}","templated":true}]}}