{"id":90537,"date":"2021-11-06T17:09:21","date_gmt":"2021-11-06T15:09:21","guid":{"rendered":"http:\/\/www.reunion68.se\/?p=90537"},"modified":"2021-11-06T15:02:45","modified_gmt":"2021-11-06T13:02:45","slug":"10-09-64","status":"publish","type":"post","link":"https:\/\/www.reunion68.se\/?p=90537","title":{"rendered":"Palesty\u0144scy wi\u0119\u017aniowie, o kt\u00f3rych nikt nie m\u00f3wi"},"content":{"rendered":"<p style=\"text-align: left;\"><img decoding=\"async\" class=\"alignleft\" src=\"http:\/\/www.listyznaszegosadu.pl\/upload\/article\/bild\/2688\/905209\/nizar-banat-facebook-edit2_s.jpg\" width=\"50%\"><span style=\"color: #808080;\"><em>Podczas gdy uwaga medi\u00f3w skupia si\u0119 na Palesty\u0144czykach w izraelskich wi\u0119zieniach, nie ma niemal \u017cadnych wzmianek o wi\u0119\u017aniach i internowanych przez si\u0142y bezpiecze\u0144stwa Autonomii Palesty\u0144skiej (AP). Na zdj\u0119ciu: Nizar Banat zat\u0142uczony na \u015bmier\u0107 w czerwcu 2021 przez agent\u00f3w s\u0142u\u017cb bezpiecze\u0144stwa PA krytyk kierownictwa Autonomii Palesty\u0144skiej.<\/em><\/span><\/p>\n<hr>\n<h5 style=\"text-align: center;\"><a href=\"http:\/\/www.listyznaszegosadu.pl\" target=\"_blank\" rel=\"noopener noreferrer\"><img decoding=\"async\" class=\"center alignleft\" src=\"http:\/\/www.reunion68.com\/Biuletyn\/img\/z-naszego.jpg\" alt=\"\" width=\"50%\"><\/a><span style=\"text-decoration: underline; color: #000080;\"><span><strong><a style=\"color: #000080; text-decoration: underline;\" href=\"http:\/\/www.listyznaszegosadu.pl\/brunatna-fala\/palestynscy-wiezniowie-o-ktalrych-nikt-nie-malwi\" target=\"_blank\" rel=\"noopener noreferrer\"><br \/>\nPalesty\u0144scy wi\u0119\u017aniowie, o kt\u00f3rych nikt nie m\u00f3wi<\/a><\/strong><\/span><\/span><\/h5>\n<p style=\"text-align: center;\"><span style=\"color: #000000;\"><strong>Khaled Abu Toameh<br \/>\n<\/strong><span style=\"color: #808080;\">T\u0142umaczenie: <\/span><strong>Ma\u0142gorzata Korszewska<\/strong><\/span><\/p>\n<hr style=\"height: 15px; background: #d0e6fa; width: 100%;\">\n<p style=\"text-align: left;\"><span style=\"color: #000080;\">Niedawny strajk g\u0142odowy wi\u0119\u017ani\u00f3w Palesty\u0144skiego Islamskiego D\u017cihadu (PIJ) w Izraelu \u015bci\u0105gn\u0105\u0142 uwag\u0119 wielu dziennikarzy i medi\u00f3w. Informacje o tej g\u0142od\u00f3wce pojawi\u0142y si\u0119 w&nbsp;<a style=\"color: #000080;\" href=\"https:\/\/www.washingtonpost.com\/world\/militant-group-ends-hunger-strike-in-israeli-prisons\/2021\/10\/22\/db2407fe-3338-11ec-8036-7db255bff176_story.html\" target=\"_blank\" rel=\"noopener noreferrer\"><span style=\"text-decoration: underline;\"><strong>gazetach<\/strong><\/span><\/a>&nbsp;na ca\u0142ym \u015bwiecie i by\u0142y w doniesieniach g\u0142\u00f3wnych agencji informacyjnych.<\/span><\/p>\n<p style=\"text-align: left;\"><span style=\"color: #000080;\">Wi\u0119\u017aniowie PIJ, kt\u00f3rzy byli skazani za terroryzm przeciwko Izraelowi,&nbsp;<span style=\"text-decoration: underline;\"><strong><a style=\"color: #000080; text-decoration: underline;\" href=\"https:\/\/www.aljazeera.com\/news\/2021\/10\/13\/palestinian-islamic-jihad-prisoners-announce-hunger-strike\" target=\"_blank\" rel=\"noopener noreferrer\">budzili tak wielkie zainteresowanie<\/a><\/strong><\/span>, poniewa\u017c s\u0105 trzymani w izraelskich wi\u0119zieniach. Mi\u0119dzynarodowe media i Autonomia Palesty\u0144ska (AP) odmawiaj\u0105 jednak nazywania tych wi\u0119\u017ani\u00f3w terrorystami. Wol\u0105 &nbsp;nazywa\u0107 ich &#8220;<a style=\"color: #000080;\" href=\"https:\/\/apnews.com\/article\/middle-east-israel-prisons-hunger-strikes-militant-groups-99b522f315cc163a0beafce3ba3c4ed1\" target=\"_blank\" rel=\"noopener noreferrer\"><span style=\"text-decoration: underline;\"><strong>bojownikam<\/strong><\/span>i<\/a>&#8221; lub &#8220;<span style=\"text-decoration: underline;\"><strong><a style=\"color: #000080; text-decoration: underline;\" href=\"https:\/\/english.wafa.ps\/Pages\/Details\/126533\" target=\"_blank\" rel=\"noopener noreferrer\">politycznymi wi\u0119\u017aniami<\/a><\/strong><\/span>&#8220;.<\/span><\/p>\n<p style=\"text-align: left;\"><span style=\"color: #000080;\">Podczas gdy uwaga medi\u00f3w pozostaje skupiona na Palesty\u0144czykach w izraelskich wi\u0119zieniach, nie ma niemal \u017cadnych wzmianek o wi\u0119\u017aniach i internowanych przez si\u0142y bezpiecze\u0144stwa Autonomii Palesty\u0144skiej (AP) na Zachodnim Brzegu.<\/span><\/p>\n<p style=\"text-align: left;\"><span style=\"color: #000080;\">Mi\u0119dzynarodowe media i wi\u0119kszo\u015b\u0107 organizacji praw cz\u0142owieka nie interesuj\u0105 si\u0119 nimi, poniewa\u017c s\u0105 aresztowani i uwi\u0119zieni przez Palesty\u0144czyk\u00f3w, a nie przez Izrael. Ponadto, nikogo nie wydaj\u0105 si\u0119 obchodzi\u0107 Palesty\u0144czycy, kt\u00f3rzy&nbsp;<span style=\"text-decoration: underline;\"><strong><a style=\"color: #000080; text-decoration: underline;\" href=\"https:\/\/qudsn.net\/post\/187565\/%D9%8A%D9%82%D8%A8%D8%B9-%D9%81%D9%8A-%D8%B3%D8%AC%D9%88%D9%86-%D8%A7%D9%84%D8%B3%D9%84%D8%B7%D8%A9-%D9%85%D9%86%D8%B0-12-%D8%B9%D8%A7%D9%85%D8%A7-%D8%A7%D9%84%D9%85%D8%B7%D8%A7%D8%B1%D8%AF-%D9%84%D9%84%D8%A7%D8%AD%D8%AA%D9%84%D8%A7%D9%84-%D8%AC%D8%A7%D8%AF-%D8%AD%D9%85%D9%8A%D8%AF%D8%A7%D9%86-%D9%8A%D8%B6%D8%B1%D8%A8-%D8%B9%D9%86-%D8%A7%D9%84\" target=\"_blank\" rel=\"noopener noreferrer\">gnij\u0105<\/a><\/strong><\/span>&nbsp;w palesty\u0144skich wi\u0119zieniach i o\u015brodkach internowania, kiedy&nbsp;<em>oni<\/em>&nbsp;rozpoczynaj\u0105 g\u0142od\u00f3wki.<\/span><\/p>\n<p style=\"text-align: left;\"><span style=\"color: #000080;\">Dla zachodnich medi\u00f3w g\u0142\u00f3wnego nurtu i mi\u0119dzynarodowych obro\u0144c\u00f3w praw cz\u0142owieka strajk g\u0142odowy prowadzony w prote\u015bcie przeciwko AP lub Hamasowi ma zupe\u0142nie inn\u0105 \u2013 i niesko\u0144czenie ni\u017csz\u0105 \u2013 pozycj\u0119 ni\u017c g\u0142od\u00f3wka wymierzona w Izrael.<\/span><\/p>\n<p style=\"text-align: left;\"><span style=\"color: #000080;\">Palesty\u0144czyk, kt\u00f3ry rozpoczyna g\u0142od\u00f3wk\u0119 w palesty\u0144skim&nbsp;<span style=\"text-decoration: underline;\"><strong><a style=\"color: #000080; text-decoration: underline;\" href=\"https:\/\/felesteen.news\/post\/90155\/11-%D9%85%D8%B9%D8%AA%D9%82%D9%84%D8%A7-%D8%B3%D9%8A%D8%A7%D8%B3%D9%8A%D8%A7-%D9%8A%D8%B6%D8%B1%D8%A8%D9%88%D9%86-%D8%B9%D9%86-%D8%A7%D9%84%D8%B7%D8%B9%D8%A7%D9%85-%D9%81%D9%8A-%D8%B3%D8%AC%D9%88%D9%86-%D8%A7%D9%84%D8%B3%D9%84%D8%B7%D8%A9\" target=\"_blank\" rel=\"noopener noreferrer\">wi\u0119zieniu<\/a><\/strong><\/span>, mo\u017ce tylko marzy\u0107 o tym, \u017ce zauwa\u017cy go jaki\u015b zagraniczny dziennikarz lub organizacja praw cz\u0142owieka w USA lub w Europie. Natomiast Palesty\u0144czyk, kt\u00f3ry og\u0142asza g\u0142od\u00f3wk\u0119 w izraelskim wi\u0119zieniu, nie musi si\u0119 niczego obawia\u0107. Wie doskonale, \u017ce w ci\u0105gu kilku minut ca\u0142y \u015bwiat dowie si\u0119 o jego czy jej \u201cskargach\u201d.<\/span><\/p>\n<p style=\"text-align: left;\"><span style=\"color: #000080;\">Praktycznie nie ma dnia bez pot\u0119pienia przez palesty\u0144skich przyw\u00f3dc\u00f3w Izraela za trzymanie w wi\u0119zieniach skazanych w procesach terroryst\u00f3w. Ta sama Autonomia Palesty\u0144ska trzyma w wi\u0119zieniach wielu Palesty\u0144czyk\u00f3w bez wyrok\u00f3w s\u0105dowych i odmawia im podstawowych praw, takich jak spotkanie z adwokatem lub cz\u0142onkami rodziny.<\/span><\/p>\n<p style=\"text-align: left;\"><span style=\"color: #000080;\">Wielu z tych, kt\u00f3rych si\u0142y bezpiecze\u0144stwa AP aresztuj\u0105 niemal codziennie, jest podejrzanych o zwi\u0105zki z rywalizuj\u0105cymi grupami, takimi jak Hamas i PIJ. W zasadzie dobrze, \u017ce AP rozprawia si\u0119 z terrorystami z Hamasu i PIJ. Gorzej jednak, kiedy AP pot\u0119pia Izrael za robienie tego samego.<\/span><\/p>\n<p style=\"text-align: left;\"><span style=\"color: #000080;\">Wi\u0119kszo\u015bci zatrzymanych przez AP cz\u0142onk\u00f3w Hamsu i PIJ nigdy nie przedstawiono &nbsp;formalnego oskar\u017cenia i nie zostaj\u0105 postawieni przed s\u0105dem. Wielu Palesty\u0144czyk\u00f3w m\u00f3wi, \u017ce s\u0105 to \u201cpolityczne aresztowania\u201d.<\/span><\/p>\n<p style=\"text-align: left;\"><span style=\"color: #000080;\">Niedawno palesty\u0144scy aktywi\u015bci&nbsp;<span style=\"text-decoration: underline;\"><strong><a style=\"color: #000080; text-decoration: underline;\" href=\"https:\/\/safa.ps\/post\/314703\/%D9%88%D8%B3%D9%85-%D8%A7%D9%84%D8%A7%D8%B9%D8%AA%D9%82%D8%A7%D9%84-%D8%A7%D9%84%D8%B3%D9%8A%D8%A7%D8%B3%D9%8A-%D8%AC%D8%B1%D9%8A%D9%85%D8%A9-%D9%8A%D8%B1%D9%81%D8%B9-%D8%A7%D9%84%D9%83%D8%B1%D8%AA-%D8%A7%D9%84%D8%A3%D8%AD%D9%85%D8%B1-%D8%A8%D9%88%D8%AC%D9%87-%D8%A7%D9%84%D8%B3%D9%84%D8%B7%D8%A9\" target=\"_blank\" rel=\"noopener noreferrer\">rozpocz\u0119li<\/a><\/strong><\/span>&nbsp;kampani\u0119 na platformach medi\u00f3w spo\u0142eczno\u015bciowych, by protestowa\u0107 przeciwko \u201epolitycznym aresztowaniom\u201d prowadzonym przez palesty\u0144skie si\u0142y bezpiecze\u0144stwa.<\/span><\/p>\n<p style=\"text-align: left;\"><span style=\"color: #000080;\">Kampania, zatytu\u0142owana &#8220;<span style=\"text-decoration: underline;\"><strong><a style=\"color: #000080; text-decoration: underline;\" href=\"https:\/\/twitter.com\/hashtag\/%D8%A7%D9%84%D8%A7%D8%B9%D8%AA%D9%82%D8%A7%D9%84_%D8%A7%D9%84%D8%B3%D9%8A%D8%A7%D8%B3%D9%8A_%D8%AC%D8%B1%D9%8A%D9%85%D8%A9?src=hashtag_click&amp;f=live\" target=\"_blank\" rel=\"noopener noreferrer\">Polityczne aresztowania s\u0105 przest\u0119pstwem<\/a><\/strong><\/span>&#8220;, jest reakcj\u0105 na niedawny wzrost liczby aresztowa\u0144 dokonywanych przez palesty\u0144skie si\u0142y bezpiecze\u0144stwa.<\/span><\/p>\n<p style=\"text-align: left;\"><span style=\"color: #000080;\">W\u015br\u00f3d&nbsp;<span style=\"text-decoration: underline;\"><strong><a style=\"color: #000080; text-decoration: underline;\" href=\"https:\/\/www.facebook.com\/lajnah.net\/posts\/898278754442749\" target=\"_blank\" rel=\"noopener noreferrer\">wybranych<\/a><\/strong><\/span>&nbsp;za cel atak\u00f3w&nbsp;palesty\u0144skiej s\u0142u\u017cby bezpiecze\u0144stwa s\u0105 studenci, byli wi\u0119\u017aniowie, kt\u00f3rzy odsiadywali wyroki w izraelskich wi\u0119zieniach i aktywi\u015bci zwi\u0105zani z rozmaitymi palesty\u0144skimi frakcjami.<\/span><\/p>\n<p style=\"text-align: left;\"><span style=\"color: #000080;\">Raport Komitetu Rodzin Politycznych Wi\u0119\u017ani\u00f3w ujawni\u0142, \u017ce tylko we wrze\u015bniu palesty\u0144skie s\u0142u\u017cby bezpiecze\u0144stwa pope\u0142ni\u0142y 217 \u201cnarusze\u0144 prawa\u201d wobec Palesty\u0144czyk\u00f3w.<\/span><\/p>\n<p style=\"text-align: left;\"><span style=\"color: #000080;\">Te \u201cnaruszenia\u201d, jak podaje Komitet, obejmuj\u0105 52 aresztowania, 62 wezwania na przes\u0142uchanie i pi\u0119\u0107 wypadk\u00f3w fizycznej napa\u015bci i pobicia. Komitet ponowi\u0142 wezwanie o uwolnienie internowanych przetrzymywanych przez Autonomi\u0119 Palesty\u0144sk\u0105.<\/span><\/p>\n<p style=\"text-align: left;\"><span style=\"color: #000080;\">W innym&nbsp;<a style=\"color: #000080;\" href=\"https:\/\/www.facebook.com\/lajnah.net\/posts\/898218961115395\" target=\"_blank\" rel=\"noopener noreferrer\">raporcie<\/a>&nbsp;Komitet poda\u0142 nazwiska niekt\u00f3rych ludzi, kt\u00f3rzy zostali uwi\u0119zieni przez Autonomi\u0119 Palesty\u0144sk\u0105 bez \u017cadnego procesu s\u0105dowego.<\/span><\/p>\n<p style=\"text-align: left;\"><span style=\"color: #000080;\">Raed Halajka, Nour al-Kadi i Jahja al-Kadi zostali zaaresztowani w Hebronie; Izzat al-Aktasz i Mu&#8217;tasem Ramadan w Nablus; Mohammed al-Azmi w Dzanin; Salam Manasreh w Tulkarem i Mahmoud al-Zaghloul w Kalkilja.<\/span><\/p>\n<p style=\"text-align: left;\"><span style=\"color: #000080;\">19 pa\u017adziernika palesty\u0144ska grupa praw cz\u0142owieka&nbsp;<a style=\"color: #000080;\" href=\"https:\/\/www.palinfo.com\/news\/2021\/10\/23\/%d8%a7%d9%84%d8%a7%d8%b9%d8%aa%d9%82%d8%a7%d9%84-%d8%a7%d9%84%d8%b3%d9%8a%d8%a7%d8%b3%d9%8a-%d8%ac%d8%b1%d9%8a%d9%85%d8%a9-%d9%8a%d8%aa%d8%b5%d8%af%d8%b1-%d9%85%d9%88%d8%a7%d9%82%d8%b9-%d8%a7%d9%84%d8%aa%d9%88%d8%a7%d8%b5%d9%84-%d8%b1%d9%81%d8%b6%d8%a7-%d9%84%d8%a7%d9%86%d8%aa%d9%87%d8%a7%d9%83%d8%a7%d8%aa-%d8%a7%d9%84%d8%b3%d9%84%d8%b7%d8%a9\" target=\"_blank\" rel=\"noopener noreferrer\">powiedzia\u0142a<\/a>, \u017ce ostatnio nasili\u0142y si\u0119 dzia\u0142ania s\u0142u\u017cb bezpiecze\u0144stwa, kt\u00f3re ograniczaj\u0105 prawa i swobody, szczeg\u00f3lnie po zabiciu dzia\u0142acza przeciwko korupcji, Nizara Banata, kt\u00f3rego w czerwcu pobili na \u015bmier\u0107 agenci palesty\u0144skiej s\u0142u\u017cby bezpiecze\u0144stwa.<\/span><\/p>\n<p style=\"text-align: left;\"><span style=\"color: #000080;\">Grupa o nazwie O\u015brodek na rzecz Demokracji i Praw powiedzia\u0142a, \u017ce takimi&nbsp;<a style=\"color: #000080;\" href=\"https:\/\/www.palinfo.com\/news\/2021\/10\/23\/%d8%a7%d9%84%d8%a7%d8%b9%d8%aa%d9%82%d8%a7%d9%84-%d8%a7%d9%84%d8%b3%d9%8a%d8%a7%d8%b3%d9%8a-%d8%ac%d8%b1%d9%8a%d9%85%d8%a9-%d9%8a%d8%aa%d8%b5%d8%af%d8%b1-%d9%85%d9%88%d8%a7%d9%82%d8%b9-%d8%a7%d9%84%d8%aa%d9%88%d8%a7%d8%b5%d9%84-%d8%b1%d9%81%d8%b6%d8%a7-%d9%84%d8%a7%d9%86%d8%aa%d9%87%d8%a7%d9%83%d8%a7%d8%aa-%d8%a7%d9%84%d8%b3%d9%84%d8%b7%d8%a9\" target=\"_blank\" rel=\"noopener noreferrer\">praktykami<\/a>&nbsp;palesty\u0144skie si\u0142y bezpiecze\u0144stwa \u201epr\u00f3buj\u0105 narzuci\u0107 dyktatorsk\u0105 rzeczywisto\u015b\u0107 na Palesty\u0144czyk\u00f3w\u201d i&nbsp;<a style=\"color: #000080;\" href=\"https:\/\/www.palinfo.com\/news\/2021\/10\/23\/%d8%a7%d9%84%d8%a7%d8%b9%d8%aa%d9%82%d8%a7%d9%84-%d8%a7%d9%84%d8%b3%d9%8a%d8%a7%d8%b3%d9%8a-%d8%ac%d8%b1%d9%8a%d9%85%d8%a9-%d9%8a%d8%aa%d8%b5%d8%af%d8%b1-%d9%85%d9%88%d8%a7%d9%82%d8%b9-%d8%a7%d9%84%d8%aa%d9%88%d8%a7%d8%b5%d9%84-%d8%b1%d9%81%d8%b6%d8%a7-%d9%84%d8%a7%d9%86%d8%aa%d9%87%d8%a7%d9%83%d8%a7%d8%aa-%d8%a7%d9%84%d8%b3%d9%84%d8%b7%d8%a9\" target=\"_blank\" rel=\"noopener noreferrer\">doda\u0142a<\/a>:<\/span><\/p>\n<blockquote>\n<p style=\"text-align: left;\"><strong>&#8220;&#8230; \u0142amanie praw cz\u0142owieka przez organy Autonomii Palesty\u0144skiej szkodzi sytuacji praw cz\u0142owieka i stanowi zagro\u017cenie \u017cycia obywateli i ich praw gwarantowanych w palesty\u0144skim Prawie Podstawowym i porozumieniach dotycz\u0105cych poprawy sytuacji praw cz\u0142owieka\u201d.<\/strong><\/p>\n<\/blockquote>\n<p style=\"text-align: left;\"><span style=\"color: #000080;\">Wed\u0142ug palesty\u0144skiej grupy Prawnicy na rzecz Sprawiedliwo\u015bci, 17 palesty\u0144skich&nbsp;<a style=\"color: #000080;\" href=\"https:\/\/www.facebook.com\/advhuman.org\/posts\/2367406720057190\" target=\"_blank\" rel=\"noopener noreferrer\">aktywist\u00f3w<\/a>&nbsp;politycznych oczekuje obecnie na proces, S\u0105 oskar\u017ceni o uczestnictwo w protestach po zabiciu Nizara Banata.<\/span><\/p>\n<p style=\"text-align: left;\"><span style=\"color: #000080;\">Prezydent AP Mahmoud Abbas nigdy nie pomija okazji, by&nbsp;<a style=\"color: #000080;\" href=\"https:\/\/www.aa.com.tr\/ar\/%D8%A7%D9%84%D8%AF%D9%88%D9%84-%D8%A7%D9%84%D8%B9%D8%B1%D8%A8%D9%8A%D8%A9\/%D8%B9%D8%A8%D8%A7%D8%B3-%D9%84%D8%A7-%D8%A7%D8%AA%D9%81%D8%A7%D9%82-%D8%B3%D9%84%D8%A7%D9%85-%D9%85%D8%B9-%D8%A5%D8%B3%D8%B1%D8%A7%D8%A6%D9%8A%D9%84-%D8%AF%D9%88%D9%86-%D8%A5%D8%B7%D9%84%D8%A7%D9%82-%D8%B3%D8%B1%D8%A7%D8%AD-%D8%A7%D9%84%D9%85%D8%B9%D8%AA%D9%82%D9%84%D9%8A%D9%86-\/1808043\" target=\"_blank\" rel=\"noopener noreferrer\">chwali\u0107<\/a>&nbsp;wszystkich wi\u0119\u017ani\u00f3w trzymanych przez Izrael, w\u0142\u0105cznie z tymi, kt\u00f3rzy s\u0105 zwi\u0105zani z Hamasem i PIJ. Wielokrotnie okre\u015bla\u0142 tych wi\u0119\u017ani\u00f3w jako \u201cbohater\u00f3w\u201d i \u201cbojownik\u00f3w o wolno\u015b\u0107\u201d, chocia\u017c wielu z nich bra\u0142o udzia\u0142 w zamachach terrorystycznych, w kt\u00f3rych zabito lub zraniono tysi\u0105ce cywil\u00f3w. Ponadto Abbas powiedzia\u0142 wyra\u017anie, \u017ce&nbsp;<a style=\"color: #000080;\" href=\"https:\/\/www.aa.com.tr\/ar\/%D8%A7%D9%84%D8%AF%D9%88%D9%84-%D8%A7%D9%84%D8%B9%D8%B1%D8%A8%D9%8A%D8%A9\/%D8%B9%D8%A8%D8%A7%D8%B3-%D9%84%D8%A7-%D8%A7%D8%AA%D9%81%D8%A7%D9%82-%D8%B3%D9%84%D8%A7%D9%85-%D9%85%D8%B9-%D8%A5%D8%B3%D8%B1%D8%A7%D8%A6%D9%8A%D9%84-%D8%AF%D9%88%D9%86-%D8%A5%D8%B7%D9%84%D8%A7%D9%82-%D8%B3%D8%B1%D8%A7%D8%AD-%D8%A7%D9%84%D9%85%D8%B9%D8%AA%D9%82%D9%84%D9%8A%D9%86-\/1808043\" target=\"_blank\" rel=\"noopener noreferrer\">nigdy<\/a>&nbsp;nie podpisze umowy pokojowej z Izraelem, dop\u00f3ki wszyscy palesty\u0144scy wi\u0119\u017aniowie nie zostan\u0105 zwolnieni z izraelskich wi\u0119zie\u0144.<\/span><\/p>\n<p style=\"text-align: left;\"><span style=\"color: #000080;\">Mo\u017cna by zapyta\u0107: skoro Abbas tak bardzo troszczy si\u0119 o wi\u0119\u017ani\u00f3w z Hamasu i PIJ, dlaczego rozkazuje swojej s\u0142u\u017cbie bezpiecze\u0144stwa aresztowa\u0107 i bi\u0107 Palesty\u0144czyk\u00f3w za zwi\u0105zki z tymi dwiema grupami? Je\u015bli uwa\u017ca, \u017ce ci wi\u0119\u017aniowie powinni zosta\u0107 zwolnieni z izraelskich wi\u0119zie\u0144, dlaczego najpierw nie uwolni tych, kt\u00f3rzy siedz\u0105 w palesty\u0144skich wi\u0119zieniach?<\/span><\/p>\n<p style=\"text-align: left;\"><span style=\"color: #000080;\">Ostatnie, obci\u0105\u017caj\u0105ce pytanie: dlaczego palesty\u0144skie si\u0142y bezpiecze\u0144stwa aresztuj\u0105 i przes\u0142uchuj\u0105 wi\u0119\u017ani\u00f3w wkr\u00f3tce po ich zwolnieniu z izraelskich wi\u0119zie\u0144? Jak mo\u017ce AP pot\u0119pia\u0107 Izrael za aresztowanie tych ludzi, ale potem aresztowa\u0107 ich za przynale\u017cno\u015b\u0107 do Hamasu i PIJ?<\/span><\/p>\n<p style=\"text-align: left;\"><span style=\"color: #000080;\">Publicznie Abbas \u017c\u0105da, by Izrael uwolni\u0142 wszystkich wi\u0119\u017ani\u00f3w; ale kiedy Izrael robi to, pospiesznie aresztuje ich z \u201cpowod\u00f3w bezpiecze\u0144stwa\u201d. Palesty\u0144scy wi\u0119\u017aniowie mieli szcz\u0119\u015bcie, kiedy byli w izraelskich wi\u0119zieniach: \u015bci\u0105gali uwag\u0119 organizacji praw cz\u0142owieka&nbsp; i dziennikarzy na ca\u0142ym \u015bwiecie. Ci, kt\u00f3rzy siedz\u0105 obecnie w palesty\u0144skich wi\u0119zieniach, niew\u0105tpliwie \u017cycz\u0105 sobie, by mogli by\u0107 odes\u0142ani z powrotem do izraelskich wi\u0119zie\u0144, gdzie byliby lepiej traktowani i zdobyliby mi\u0119dzynarodowe wsp\u00f3\u0142czucie.<\/span><\/p>\n<hr>\n<p style=\"text-align: left;\"><img decoding=\"async\" class=\"alignleft\" src=\"http:\/\/www.listyznaszegosadu.pl\/upload\/article\/bild\/4490\/905211\/toameh_s_s.jpg\" width=\"25%\"><span style=\"color: #808080;\"><em><strong>Khaled Abu Toameh<\/strong> &#8211; urodzony w 1963 r. w Tulkarem na Zachodnim Brzegu, palesty\u0144ski dziennikarz, kt\u00f3remu wielokrotnie gro\u017cono \u015bmierci\u0105. Publikowa\u0142 mi\u0119dzy innymi w &#8220;The Jerusalem Post&#8221;, &#8220;Wall Street Journal&#8221;, &#8220;Sunday Times&#8221;, &#8220;U.S. News&#8221;, &#8220;World Report&#8221;, &#8220;World Tribune&#8221;, &#8220;Daily Express&#8221; i palesty\u0144skim dzienniku &#8220;Al-Fajr&#8221;. Od 1989 roku jest wsp\u00f3\u0142pracownikiem i konsultantem NBC News.<\/em><\/span><\/p>\n<hr style=\"height: 15px; background: #d0e6fa; width: 100%;\">\n<div id=\"content\" class=\"content-alignment\">\n<div id=\"watch-description\" class=\"yt-uix-button-panel\">\n<div id=\"watch-description-text\" style=\"text-align: center;\">\n<p><em>Zawarto\u015b\u0107 publikowanych artyku\u0142\u00f3w i materia\u0142\u00f3w nie reprezentuje pogl\u0105d\u00f3w ani opinii Reunion&#8217;68,<\/em><em><br \/>\nani te\u017c webmastera Blogu Reunion&#8217;68, chyba ze jest to wyra\u017anie zaznaczone.<br \/>\nTwoje uwagi, linki, w\u0142asne artyku\u0142y lub wiadomo\u015bci prze\u015blij na adres:<br \/>\n<\/em><span style=\"color: #000080;\"><strong><em><a style=\"color: #000080;\" href=\"mailto:webmaster@reunion68.com\"><span style=\"text-decoration: underline;\">webmaster@reunion68.com<\/span><\/a><\/em><\/strong><\/span><\/p>\n<\/div>\n<\/div>\n<\/div>\n<hr style=\"width: 100%;\">\n","protected":false},"excerpt":{"rendered":"<p>Podczas gdy uwaga medi\u00f3w skupia si\u0119 na Palesty\u0144czykach w izraelskich wi\u0119zieniach, nie ma niemal \u017cadnych wzmianek o wi\u0119\u017aniach i internowanych przez si\u0142y bezpiecze\u0144stwa Autonomii Palesty\u0144skiej (AP). Na zdj\u0119ciu: Nizar Banat zat\u0142uczony na \u015bmier\u0107 w czerwcu 2021 przez agent\u00f3w s\u0142u\u017cb bezpiecze\u0144stwa PA krytyk kierownictwa Autonomii Palesty\u0144skiej. Palesty\u0144scy wi\u0119\u017aniowie, o kt\u00f3rych nikt nie m\u00f3wi Khaled Abu Toameh [&hellip;]<\/p>\n","protected":false},"author":1,"featured_media":0,"comment_status":"closed","ping_status":"closed","sticky":false,"template":"","format":"standard","meta":[],"categories":[6],"tags":[26,24],"_links":{"self":[{"href":"https:\/\/www.reunion68.se\/index.php?rest_route=\/wp\/v2\/posts\/90537"}],"collection":[{"href":"https:\/\/www.reunion68.se\/index.php?rest_route=\/wp\/v2\/posts"}],"about":[{"href":"https:\/\/www.reunion68.se\/index.php?rest_route=\/wp\/v2\/types\/post"}],"author":[{"embeddable":true,"href":"https:\/\/www.reunion68.se\/index.php?rest_route=\/wp\/v2\/users\/1"}],"replies":[{"embeddable":true,"href":"https:\/\/www.reunion68.se\/index.php?rest_route=%2Fwp%2Fv2%2Fcomments&post=90537"}],"version-history":[{"count":6,"href":"https:\/\/www.reunion68.se\/index.php?rest_route=\/wp\/v2\/posts\/90537\/revisions"}],"predecessor-version":[{"id":90601,"href":"https:\/\/www.reunion68.se\/index.php?rest_route=\/wp\/v2\/posts\/90537\/revisions\/90601"}],"wp:attachment":[{"href":"https:\/\/www.reunion68.se\/index.php?rest_route=%2Fwp%2Fv2%2Fmedia&parent=90537"}],"wp:term":[{"taxonomy":"category","embeddable":true,"href":"https:\/\/www.reunion68.se\/index.php?rest_route=%2Fwp%2Fv2%2Fcategories&post=90537"},{"taxonomy":"post_tag","embeddable":true,"href":"https:\/\/www.reunion68.se\/index.php?rest_route=%2Fwp%2Fv2%2Ftags&post=90537"}],"curies":[{"name":"wp","href":"https:\/\/api.w.org\/{rel}","templated":true}]}}