{"id":90541,"date":"2021-11-06T17:05:15","date_gmt":"2021-11-06T15:05:15","guid":{"rendered":"http:\/\/www.reunion68.se\/?p=90541"},"modified":"2021-11-06T15:19:01","modified_gmt":"2021-11-06T13:19:01","slug":"10-05-69","status":"publish","type":"post","link":"https:\/\/www.reunion68.se\/?p=90541","title":{"rendered":"To straszne, \u017ce bli\u017csza jest nam idea wy\u017cszego muru ni\u017c d\u0142u\u017cszego sto\u0142u"},"content":{"rendered":"<h5 style=\"text-align: center;\"><a href=\"https:\/\/krytykapolityczna.pl\/\" target=\"_blank\" rel=\"noopener noreferrer\"><img decoding=\"async\" class=\"center alignleft\" src=\"http:\/\/www.reunion68.com\/Biuletyn\/img\/krytyka-p.png\" alt=\"\" width=\"35%\" \/><\/a><span style=\"text-decoration: underline; color: #000080;\"><span style=\"text-decoration: underline;\"><strong><a style=\"color: #000080; text-decoration: underline;\" href=\"https:\/\/krytykapolityczna.pl\/kraj\/przyborska-lubiewski-w-polsce-zadna-partia-nie-ma-programu-energetycznego-zgodnego-z-wytycznymi-ipcc\/\" target=\"_blank\" rel=\"noopener noreferrer\">To straszne, \u017ce bli\u017csza jest nam idea wy\u017cszego muru ni\u017c d\u0142u\u017cszego sto\u0142u<\/a><\/strong><\/span><\/span><\/h5>\n<p style=\"text-align: center;\"><span style=\"color: #000000;\"><strong>Katarzyna Przyborska<\/strong><\/span><\/p>\n<hr style=\"height: 15px; background: #d0e6fa; width: 100%;\" \/>\n<p style=\"text-align: center;\"><img decoding=\"async\" class=\"aligncenter\" src=\"https:\/\/krytykapolityczna.pl\/wp-content\/uploads\/2021\/11\/Greta-Thunberg-Przemyslaw-Stefaniak-9.jpg\" width=\"100%\" \/><span style=\"color: #808080;\"><em>Greta Thunberg przemawia do aktywistek zgromadzonych w Glasgow. Fot. Przemys\u0142aw Stefaniak<\/em><\/span><\/p>\n<p style=\"text-align: left;\"><span style=\"color: #000080;\">W Polsce \u017cadna partia nie ma programu energetycznego, kt\u00f3ry by\u0142by zgodny z wytycznymi IPCC, czyli Mi\u0119dzyrz\u0105dowego Zespo\u0142u ds. Zmian Klimatu. Ci s\u0105 z prawicy i nie musz\u0105 mie\u0107 dobrego programu energetycznego, a ci s\u0105 z lewicy, ju\u017c co\u015b maj\u0105 i w sumie nie musz\u0105 mie\u0107 lepiej. To jest irytuj\u0105ce, \u017ce nie mog\u0119 nikogo w polityce nazwa\u0107 rzeczywist\u0105 rzeczniczk\u0105 czy rzecznikiem kwestii klimatycznych \u2212 m\u00f3wi Kacper Lubiewski z M\u0142odzie\u017cowego Strajku Klimatycznego.<\/span><\/p>\n<p><strong>Katarzyna Przyborska: Delegacja M\u0142odzie\u017cowego Strajku Klimatycznego pojecha\u0142a do Glasgow na szczyt klimatyczny, a wy szykujecie si\u0119 do strajku, kt\u00f3ry odbywa si\u0119 w pi\u0105tek. Nawi\u0105\u017cecie jako\u015b do\u00a0<span style=\"text-decoration: underline; color: #000000;\"><a style=\"color: #000000;\" href=\"https:\/\/krytykapolityczna.pl\/temat\/cop26\/\">COP26<\/a>?<\/span><\/strong><\/p>\n<p style=\"text-align: left;\"><span style=\"color: #000080;\"><strong>Kacper Lubiewski:<\/strong>\u00a0Jednym z hase\u0142 strajku jest: \u201eIle jeszcze COP-\u00f3w przed nami?\u201d, czym staramy si\u0119 zasygnalizowa\u0107 nieefektywno\u015b\u0107 poprzednich szczyt\u00f3w. Co roku omawiane s\u0105 te same problemy, co roku powtarzane s\u0105 s\u0142owa o zagro\u017ceniu, jakie niesie cywilizacja, ale nic si\u0119 nie zmienia. Katastrofa klimatyczna wymaga szybszych decyzji, szybszych przystosowa\u0144, a nie kolejnych szczyt\u00f3w.<\/span><\/p>\n<p style=\"text-align: left;\"><strong>Na kt\u00f3re uczestnicy zn\u00f3w przylecieli prywatnymi odrzutowcami\u2026<\/strong><\/p>\n<p style=\"text-align: left;\"><span style=\"color: #000080;\">No w\u0142a\u015bnie \u2013 \u015bwietnie pokazuje to powierzchowno\u015b\u0107 \u015bwiatowych lider\u00f3w w my\u015bleniu o katastrofie klimatycznej. M\u00f3wi\u0105 o potrzebie zmiany, przedstawiaj\u0105 plany i obietnice, ale nikt z nich nie wpad\u0142 na pomys\u0142 przyjazdu poci\u0105giem, nawet Boris Johnson z oddalonego raptem o kilka godzin jazdy Londynu.<\/span><\/p>\n<p style=\"text-align: left;\"><strong>Czego si\u0119 spodziewacie po pobycie waszej delegacji w Glasgow?<\/strong><\/p>\n<p style=\"text-align: left;\"><span style=\"color: #000080;\">Mo\u017ce zaczn\u0119 od nadziei. Mam nadziej\u0119 na to, \u017ce ten COP b\u0119dzie jednak troch\u0119 prze\u0142omowy, dlatego, \u017ce ludzie s\u0105 ju\u017c naprawd\u0119 wkurzeni i zdeterminowani. B\u0119dzie te\u017c na nim naprawd\u0119 wielu przedstawicieli globalnego Po\u0142udnia, cho\u0107 organizatorzy pr\u00f3bowali blokowa\u0107 ich przyjazd, bilety sta\u0142y si\u0119 nagle horrendalnie drogie. Wydaje mi si\u0119, \u017ce ta ich obecno\u015b\u0107, obecno\u015b\u0107 r\u00f3wnie\u017c organizacji m\u0142odzie\u017cowych \u2212 da decydentom do my\u015blenia. A czego si\u0119 spodziewam? Tony greenwashingu, najdziwniejszych opinii i wypowiedzi od USA przez UE po Polsk\u0119, kt\u00f3ra wci\u0105\u017c nie ma polityki klimatycznej.<\/span><\/p>\n<div class=\"read-also\">\n<div class=\"vc_separator wpb_content_element vc_separator_align_center vc_sep_width_100 vc_sep_pos_align_center vc_separator-has-text\">\n<p><strong>Drugim waszym has\u0142em ma by\u0107\u00a0<span style=\"color: #000000;\"><a style=\"color: #000000;\" href=\"https:\/\/krytykapolityczna.pl\/swiat\/cop26-glasgow-szczyt-klimatyczny-januszewska\/\">sprawiedliwo\u015b\u0107 spo\u0142eczna<\/a>.\u00a0<\/span><a href=\"https:\/\/krytykapolityczna.pl\/swiat\/globalna-polnoc-wywolala-kryzys-klimatyczny-ramsay\/\"><span style=\"color: #000000;\">Ludzie Po\u0142udnia ju\u017c p\u0142ac\u0105 za katastrof\u0119 klimatyczn\u0105<\/span><\/a>, a ludzie P\u00f3\u0142nocy te\u017c p\u0142ac\u0105, ale na zbrojenia, \u017ceby w ten w\u0142a\u015bnie spos\u00f3b zatrzyma\u0107 migracj\u0119 tych z Po\u0142udnia. P\u00f3\u0142noc wydaje si\u0119 zgadza\u0107 na to, \u017ce Po\u0142udnie staje si\u0119 ofiar\u0105 zmian klimatu. \u0141atwiej te\u017c P\u00f3\u0142nocy my\u015ble\u0107 o przemocy wobec migrant\u00f3w ni\u017c powstrzyma\u0107 grabie\u017ccz\u0105 polityk\u0119 korporacji, kt\u00f3re drenuj\u0105 kraje Po\u0142udnia z zasob\u00f3w.<\/strong><\/p>\n<p style=\"text-align: left;\"><span style=\"color: #000080;\">Wydaje mi si\u0119, \u017ce to strasznie okrutne my\u015blenie, kt\u00f3re wyst\u0119puje z pozycji przywileju. Ca\u0142y czas bli\u017csza jest nam idea wy\u017cszego muru ni\u017c d\u0142u\u017cszego sto\u0142u. Bo to nie osoby z globalnego Po\u0142udnia przedstawiaj\u0105 taki dylemat moralny, tylko my z bogatej P\u00f3\u0142nocy pozwalamy sobie na rozwa\u017cania, czy i kogo mo\u017cemy po\u015bwi\u0119ci\u0107. Troch\u0119 jest te\u017c tak, \u017ce takie my\u015blenie zdejmuje z nas odpowiedzialno\u015b\u0107. Kiedy zak\u0142adamy, \u017ce kto\u015b musi zap\u0142aci\u0107, bierzemy pod uwag\u0119 gotowo\u015b\u0107 do poniesienia ofiar, oczywi\u015bcie pod warunkiem, \u017ce to nie nas dotkn\u0105, zmniejsza si\u0119 motywacja, by temu przeciwdzia\u0142a\u0107 w jak najwi\u0119kszym stopniu.<\/span><\/p>\n<p style=\"text-align: left;\"><strong>Co to znaczy \u201ew jak najwi\u0119kszym stopniu\u201d? \u017be jak najwi\u0119cej z nas ma by\u0107 zmobilizowanych? Czy najpot\u0119\u017cniejsi i najbogatsi?<\/strong><\/p>\n<p style=\"text-align: left;\"><span style=\"color: #000080;\">I jedno, i drugie. Ma by\u0107 nas jak najwi\u0119cej na strajkach, na protestach, i w ten spos\u00f3b mo\u017cemy wp\u0142ywa\u0107 na decyzje tych kilku najbogatszych. Nie jest mo\u017cliwe wp\u0142yni\u0119cie na osoby decyzyjne bez masowej mobilizacji.<\/span><\/p>\n<p style=\"text-align: left;\"><strong>Taka jest obawa, \u017ce transformacja energetyczna przyniesie bezrobocie ca\u0142ym regionom dotychczas utrzymuj\u0105cym si\u0119 z w\u0119gla. Co wy my\u015blicie o tych obawach? Co m\u0142odzie\u017c m\u00f3wi g\u00f3rnikom?<\/strong><\/p>\n<p style=\"text-align: left;\"><span style=\"color: #000080;\">M\u00f3wimy, \u017ce ta transformacja b\u0119dzie musia\u0142a si\u0119 dokona\u0107. M\u00f3wimy, \u017ce rz\u0105d k\u0142amie, twierdz\u0105c, \u017ce mo\u017ce w niesko\u0144czono\u015b\u0107 inwestowa\u0107 w paliwa kopalne i zapewnia\u0107 wam miejsca pracy. Mo\u017ce te kopalnie i sektor w\u0119glowy podzia\u0142aj\u0105 jeszcze dziesi\u0119\u0107 lat, ale r\u00f3\u017cnica mi\u0119dzy rz\u0105dz\u0105cymi a nami jest taka, \u017ce my m\u00f3wimy wprost: s\u0105 przed nami wyzwania, kt\u00f3rych nie da si\u0119 unikn\u0105\u0107. A cel jest taki, \u017ceby\u015bmy wszyscy prze\u017cyli.<\/span><\/p>\n<p style=\"text-align: left;\"><span style=\"color: #000080;\">Oni proponuj\u0105 wam jeszcze kilka lat po staremu, a co potem, to ju\u017c ich mniej interesuje.<span style=\"text-decoration: underline;\"><strong>\u00a0<a style=\"color: #000080; text-decoration: underline;\" href=\"https:\/\/krytykapolityczna.pl\/kraj\/belchatow-energetyka-transformacja-klimat-badania-przemyslaw-sadura\/\" target=\"_blank\" rel=\"noopener noreferrer\">Faktycznie stracicie prac\u0119 i nie b\u0119dziecie mie\u0107 nic w zanadrzu<\/a><\/strong><\/span>. My wam proponujemy szerokie przebran\u017cowienie i miejsca pracy w nowym sektorze energetycznym, ju\u017c niew\u0119glowym. Energia przecie\u017c nadal b\u0119dzie potrzebna, sektor nie zniknie. Czy to energetyka j\u0105drowa, czy OZE, b\u0119d\u0105 tam miejsca pracy.<\/span><\/p>\n<p style=\"text-align: left;\"><strong>Czyli m\u00f3wicie, \u017ce nie jest to skok w przepa\u015b\u0107. A jak zamierzacie dotrze\u0107 z tym komunikatem do uszu g\u00f3rnik\u00f3w?<\/strong><\/p>\n<p style=\"text-align: left;\"><span style=\"color: #000080;\">Po pierwsze strajkujemy, mobilizujemy ludzi, przyci\u0105gamy uwag\u0119 medi\u00f3w. Zapraszamy do strajk\u00f3w kolejne osoby, \u017ceby os\u00f3b zaanga\u017cowanych na rzecz planety by\u0142o jak najwi\u0119cej. \u017baden polityk nie lubi patrze\u0107, jak suweren robi mu z\u0142y PR. Poza tym docieramy te\u017c bardziej oficjalnie i to jest moim zdaniem niebagatelny sukces MSK, \u017ce wyni\u00f3s\u0142 ludzi, kt\u00f3rzy par\u0119 lat temu organizowali swoj\u0105 pierwsz\u0105 demonstracj\u0119, do tego, \u017ceby\u00a0<span style=\"text-decoration: underline;\"><strong><a style=\"color: #000080; text-decoration: underline;\" href=\"https:\/\/krytykapolityczna.pl\/swiat\/klimat-lasota-to-my-jestesmy-prawdziwa-delegacja-polski-na-szczyt-klimatyczny-cop26\/\" target=\"_blank\" rel=\"noopener noreferrer\">teraz jechali na szczyt klimatyczny<\/a><\/strong><\/span>\u00a0i dyskutowali z g\u0142owami pa\u0144stw o tym, jak powinno si\u0119 ogranicza\u0107 emisje.<\/span><\/p>\n<p style=\"text-align: left;\"><b>Czy strajki b\u0119d\u0105 rozproszone, czy wszyscy przyjad\u0105 w pi\u0105tek na \u015al\u0105sk?<\/b><\/p>\n<p style=\"text-align: left;\"><span style=\"color: #000080;\">Strajki b\u0119d\u0105 teraz w ca\u0142ej Polsce. W Katowicach, Opolu, Poznaniu i Tr\u00f3jmie\u015bcie, a za dwa tygodnie odb\u0119dzie si\u0119 strajk w Warszawie.<\/span><\/p>\n<p style=\"text-align: left;\"><strong>A czy tak jak delegacja pojecha\u0142a do Glasgow, tak uda si\u0119 te\u017c do organizacji g\u00f3rniczych?<\/strong><\/p>\n<p style=\"text-align: left;\"><span style=\"color: #000080;\">MSK od jakiego\u015b czasu prowadzi taki projekt negocjacji, nawi\u0105zywania rozm\u00f3w z g\u00f3rnikami. Z jednej strony ludzie reaguj\u0105 pozytywnie. Bo to chyba pierwszy raz, kiedy ruch klimatyczny odezwa\u0142 si\u0119, wyci\u0105gn\u0105\u0142 przyjazn\u0105 d\u0142o\u0144 do g\u00f3rnik\u00f3w, kt\u00f3rzy czasem przez organizacje klimatyczne s\u0105 nies\u0142usznie demonizowani.<\/span><\/p>\n<p style=\"text-align: left;\"><strong>Ta nieufno\u015b\u0107 jest chyba obop\u00f3lna.<\/strong><\/p>\n<p style=\"text-align: left;\"><span style=\"color: #000080;\">Oczywi\u015bcie, i wiadomo, \u017ce prze\u0142amywanie barier wcale nie jest proste, trudno jest t\u0142umaczy\u0107 i przyj\u0105\u0107 trosk\u0119, kiedy politycy, na kt\u00f3rych g\u0142osowa\u0142e\u015b, wmawiaj\u0105 ci, \u017ce aktywi\u015bci chc\u0105 ci odebra\u0107 prac\u0119.<\/span><\/p>\n<p style=\"text-align: left;\"><strong>Ca\u0142kiem niedawno Beata Kempa sz\u0142a przez Bruksel\u0119 razem z g\u00f3rnikami Solidarno\u015bci. Ten sojusz trudno b\u0119dzie chyba rozbi\u0107, bo on jest realny tu i teraz, przek\u0142ada si\u0119 na poziom codziennego \u017cycia.<\/strong><\/p>\n<p style=\"text-align: left;\"><span style=\"color: #000080;\">Je\u015bli kto\u015b staje si\u0119 twarz\u0105 rz\u0105dowego projektu energetycznego, jest to informacja dla MSK, \u017ce ci ludzie s\u0105 zdeterminowani popiera\u0107 rz\u0105dz\u0105cych i rozmawia\u0107 z nimi mo\u017ce by\u0107 trudniej. Prawdopodobnie \u0142atwiej im b\u0119dzie nie dopuszcza\u0107 do siebie racjonalnych, naukowych argument\u00f3w.<\/span><\/p>\n<p style=\"text-align: left;\"><strong>Czy szkolicie si\u0119 w negocjacjach, komunikacji?<\/strong><\/p>\n<p style=\"text-align: left;\"><span style=\"color: #000080;\">Tak. MSK organizuje dla siebie wiele warsztat\u00f3w, uczyli\u015bmy si\u0119 o procesach legislacyjnych, negocjacjach, rozmowach z mediami. A przede wszystkim w MSK wszystko jest ju\u017c nauk\u0105 w praktyce. Za ka\u017cdym razem, gdy rozmawiamy z politykami, uczymy si\u0119 czego\u015b nowego.<\/span><\/p>\n<p style=\"text-align: left;\"><strong>A czy macie po swojej stronie konkretne partie, kt\u00f3re was wspieraj\u0105, czy wyst\u0119pujecie jako organizacja apolityczna?<\/strong><\/p>\n<p style=\"text-align: left;\"><span style=\"color: #000080;\">Tak i tak. S\u0105 osoby, kt\u00f3re wspieraj\u0105 nasze dzia\u0142ania\u2026<\/span><\/p>\n<p style=\"text-align: left;\"><strong>Mo\u017cesz wymieni\u0107 nazwiska?<\/strong><\/p>\n<p style=\"text-align: left;\"><span style=\"color: #000080;\">No w\u0142a\u015bnie nie mog\u0119. W Polsce \u017cadna partia nie ma programu energetycznego, kt\u00f3ry by\u0142by zgodny z wytycznymi IPCC, czyli Mi\u0119dzyrz\u0105dowego Zespo\u0142u ds. Zmian Klimatu. Nawet partiom, kt\u00f3re u\u017cywaj\u0105 bardziej naukowych argument\u00f3w w kwestii klimatu, nie mog\u0119 przyzna\u0107 odznaki \u201eklimatycznej\u201d. MSK, szczeg\u00f3lnie<span style=\"text-decoration: underline;\"><strong>\u00a0<a style=\"color: #000080; text-decoration: underline;\" href=\"https:\/\/krytykapolityczna.pl\/kraj\/mlodziezowy-strajk-klimatyczny-kampania-prezydencka-ataki\/\" target=\"_blank\" rel=\"noopener noreferrer\">podczas kampanii prezydenckiej<\/a>,<\/strong><\/span> spotyka\u0142o si\u0119 z ka\u017cdym chyba sztabem i za ka\u017cdym razem natykali\u015bmy si\u0119 na mur. Ci si\u0119 nie zmieni\u0105, s\u0105 z prawicy i nie musz\u0105 mie\u0107 dobrego programu energetycznego, a ci s\u0105 z lewicy, ju\u017c co\u015b maj\u0105 i w sumie nie musz\u0105 mie\u0107 lepiej. I to jest irytuj\u0105ce, \u017ce nie mog\u0119 nikogo nazwa\u0107 naszym sojusznikiem, rzeczywist\u0105 rzeczniczk\u0105 czy rzecznikiem kwestii klimatycznych.<\/span><\/p>\n<p style=\"text-align: left;\"><strong>A gdyby si\u0119 taka lub taki pojawi\u0142, korzystaliby\u015bcie z tego czy obawialiby\u015bcie si\u0119, \u017ce spo\u0142ecze\u0144stwo jest wobec polityk\u00f3w nieufne i taki sojusz mo\u017ce zniech\u0119ci\u0107 potencjalnych aktywist\u00f3w?<\/strong><\/p>\n<p style=\"text-align: left;\"><span style=\"color: #000080;\">Na pewno z tak\u0105 osob\u0105 by\u015bmy wsp\u00f3\u0142pracowali, chcieliby\u015bmy przedstawia\u0107 projekty ustaw, pracowa\u0107 nad odpowiedzialn\u0105 polityk\u0105 klimatyczn\u0105. Ale nie jest zadaniem ruchu spo\u0142ecznego okazywa\u0107 wsparcie jakiemu\u015b konkretnemu politykowi. Ruch ma motywowa\u0107 do zmiany, wp\u0142ywa\u0107, kontrolowa\u0107.<\/span><\/p>\n<p style=\"text-align: left;\"><strong>G\u00f3rnicy to niejedyna bran\u017ca, kt\u00f3ra nie kupuje informacji o katastrofie klimatycznej. Drug\u0105 tak\u0105 bran\u017c\u0105 s\u0105 hodowcy zwierz\u0105t na mi\u0119so. Czy do nich te\u017c kiedy\u015b si\u0119 udacie? A potem mo\u017ce do tych, kt\u00f3rzy nie wyobra\u017caj\u0105 sobie weekendu bez lotu samolotem?<\/strong><\/p>\n<p style=\"text-align: left;\"><span style=\"color: #000080;\">Jestem przekonany, \u017ce tak, w miar\u0119 tego, jak ruchy klimatyczne b\u0119d\u0105 ros\u0142y w si\u0142\u0119. Te europejskie ju\u017c prowadz\u0105 takie rozmowy. Teraz k\u0142ama\u0142bym, m\u00f3wi\u0105c, \u017ce mamy ludzi, czas i si\u0142y, by zaj\u0105\u0107 si\u0119 kolejnymi grupami spo\u0142ecznymi: rolnikami, przemys\u0142owcami, dyplomatami. Ale katastrofa klimatyczna jest spraw\u0105 z\u0142o\u017con\u0105 i nie wyobra\u017cam sobie naprawiania energetyki, pozostawiaj\u0105c jednocze\u015bnie inne kwestie. Nie spodziewam si\u0119 prostych rozm\u00f3w.<\/span><\/p>\n<hr \/>\n<p style=\"text-align: left;\"><span style=\"color: #808080;\"><em><strong>Kacper Lubiewski<\/strong>\u00a0\u2212 ucze\u0144 III Liceum Og\u00f3lnokszta\u0142c\u0105cego w Opolu, aktywista M\u0142odzie\u017cowego Strajku Klimatycznego, cz\u0142onek Europejskiego Parlamentu M\u0142odzie\u017cy.<\/em><\/span><\/p>\n<\/div>\n<\/div>\n<hr style=\"height: 15px; background: #d0e6fa; width: 100%;\" \/>\n<div id=\"content\" class=\"content-alignment\">\n<div id=\"watch-description\" class=\"yt-uix-button-panel\">\n<div id=\"watch-description-text\" style=\"text-align: center;\">\n<p><em>Zawarto\u015b\u0107 publikowanych artyku\u0142\u00f3w i materia\u0142\u00f3w nie reprezentuje pogl\u0105d\u00f3w ani opinii Reunion&#8217;68,<\/em><em><br \/>\nani te\u017c webmastera Blogu Reunion&#8217;68, chyba ze jest to wyra\u017anie zaznaczone.<br \/>\nTwoje uwagi, linki, w\u0142asne artyku\u0142y lub wiadomo\u015bci prze\u015blij na adres:<br \/>\n<\/em><span style=\"color: #000080;\"><strong><em><a style=\"color: #000080;\" href=\"mailto:webmaster@reunion68.com\"><span style=\"text-decoration: underline;\">webmaster@reunion68.com<\/span><\/a><\/em><\/strong><\/span><\/p>\n<\/div>\n<\/div>\n<\/div>\n<hr style=\"width: 100%;\" \/>\n","protected":false},"excerpt":{"rendered":"<p>To straszne, \u017ce bli\u017csza jest nam idea wy\u017cszego muru ni\u017c d\u0142u\u017cszego sto\u0142u Katarzyna Przyborska Greta Thunberg przemawia do aktywistek zgromadzonych w Glasgow. Fot. Przemys\u0142aw Stefaniak W Polsce \u017cadna partia nie ma programu energetycznego, kt\u00f3ry by\u0142by zgodny z wytycznymi IPCC, czyli Mi\u0119dzyrz\u0105dowego Zespo\u0142u ds. Zmian Klimatu. Ci s\u0105 z prawicy i nie musz\u0105 mie\u0107 dobrego programu [&hellip;]<\/p>\n","protected":false},"author":1,"featured_media":0,"comment_status":"closed","ping_status":"closed","sticky":false,"template":"","format":"standard","meta":[],"categories":[6],"tags":[26,24],"_links":{"self":[{"href":"https:\/\/www.reunion68.se\/index.php?rest_route=\/wp\/v2\/posts\/90541"}],"collection":[{"href":"https:\/\/www.reunion68.se\/index.php?rest_route=\/wp\/v2\/posts"}],"about":[{"href":"https:\/\/www.reunion68.se\/index.php?rest_route=\/wp\/v2\/types\/post"}],"author":[{"embeddable":true,"href":"https:\/\/www.reunion68.se\/index.php?rest_route=\/wp\/v2\/users\/1"}],"replies":[{"embeddable":true,"href":"https:\/\/www.reunion68.se\/index.php?rest_route=%2Fwp%2Fv2%2Fcomments&post=90541"}],"version-history":[{"count":4,"href":"https:\/\/www.reunion68.se\/index.php?rest_route=\/wp\/v2\/posts\/90541\/revisions"}],"predecessor-version":[{"id":90604,"href":"https:\/\/www.reunion68.se\/index.php?rest_route=\/wp\/v2\/posts\/90541\/revisions\/90604"}],"wp:attachment":[{"href":"https:\/\/www.reunion68.se\/index.php?rest_route=%2Fwp%2Fv2%2Fmedia&parent=90541"}],"wp:term":[{"taxonomy":"category","embeddable":true,"href":"https:\/\/www.reunion68.se\/index.php?rest_route=%2Fwp%2Fv2%2Fcategories&post=90541"},{"taxonomy":"post_tag","embeddable":true,"href":"https:\/\/www.reunion68.se\/index.php?rest_route=%2Fwp%2Fv2%2Ftags&post=90541"}],"curies":[{"name":"wp","href":"https:\/\/api.w.org\/{rel}","templated":true}]}}