{"id":9061,"date":"2014-11-17T19:02:45","date_gmt":"2014-11-17T17:02:45","guid":{"rendered":"http:\/\/www.reunion68.se\/?p=9061"},"modified":"2014-11-16T13:44:07","modified_gmt":"2014-11-16T11:44:07","slug":"moda-na-zydow","status":"publish","type":"post","link":"https:\/\/www.reunion68.se\/?p=9061","title":{"rendered":"Moda na \u017byd\u00f3w?"},"content":{"rendered":"<h4 style=\"text-align: center;\"><a href=\"http:\/\/www.wysokieobcasy.pl\/\" target=\"_blank\"><img decoding=\"async\" class=\"center alignleft\" src=\"http:\/\/www.reunion68.com\/Biuletyn\/img\/obcasy.jpg\" alt=\"\" \/><\/a><span style=\"text-decoration: underline; color: #000080;\"><span style=\"text-decoration: underline;\"><strong><a style=\"color: #000080; text-decoration: underline;\" href=\"http:\/\/www.wysokieobcasy.pl\/wysokie-obcasy\/1,127763,16953080,Moda_na_Zydow_.html\" target=\"_blank\">Moda na \u017byd\u00f3w?<\/a><\/strong><\/span><\/span><\/h4>\n<p style=\"text-align: center;\"><span style=\"color: #808080;\"><strong>Agnieszka Graff<\/strong><\/span><\/p>\n<hr style=\"height: 15px; background: #d0e6fa; width: 710px;\" \/>\n<div style=\"width: 360px\" class=\"wp-caption alignright\"><img decoding=\"async\" src=\"http:\/\/bi.gazeta.pl\/im\/e6\/aa\/f3\/z15968998Q,Agnieszka-Graff---wyklada-w-Osrodku-Studiow-Ameryk.jpg\" alt=\"\" width=\"350\" border=\"0\" \/><p class=\"wp-caption-text\"><span style=\"color: #000080;\"><em>Agnieszka Graff &#8211; wyk\u0142ada w O\u015brodku Studi\u00f3w Ameryka\u0144skich UW; cz\u0142onkini Rady Kongresu Kobiet i zespo\u0142u &#8220;Krytyki Politycznej&#8221;. W\u0142a\u015bnie ukaza\u0142a si\u0119 jej &#8220;Matka Feministka&#8221; (Fot. Albert Zawada \/ AG)<\/em><\/span><\/p><\/div>\n<p style=\"text-align: left;\"><strong><span style=\"color: #333333;\">Nieliczni wychowali si\u0119 w \u017cydowskich domach, wi\u0119kszo\u015b\u0107 to &#8220;odkrywcy&#8221;. Czy to znaczy, \u017ce ich to\u017csamo\u015b\u0107 jest modnym wymys\u0142em?<\/span><\/strong><\/p>\n<p style=\"text-align: left;\"><span style=\"color: #000080;\">Do nabycia tygodnika &#8220;Polityka&#8221; (22.10) zach\u0119ca wizerunek brodatego \u017byda w stroju modlitewnym i zajawka artyku\u0142u: &#8220;Powr\u00f3t \u017byd\u00f3w. Wsp\u00f3\u0142cze\u015bni Polacy odkrywaj\u0105 \u017cydowsko\u015b\u0107&#8221;. Kilka s\u0142\u00f3w, obrazek i wszystko jasne: prawdziwy \u017byd to siwy ortodoks, a wsp\u00f3\u0142cze\u015bni polscy &#8220;odkrywcy&#8221; to tandeta i lipa. W spisie tre\u015bci nie ma ju\u017c mowy o powrocie, tekst nazywa si\u0119 &#8220;Moda na \u017cydowsko\u015b\u0107&#8221;. Zbitka ta &#8211; pe\u0142na lekcewa\u017cenia i nadziei, \u017ce to d\u0142ugo nie potrwa &#8211; jest w polskich mediach wszechobecna i w\u0142a\u015bciwie nie powinna ju\u017c dziwi\u0107. A jednak troch\u0119 dziwi, gdy pojawia si\u0119 w &#8220;Polityce&#8221; kilka dni przed otwarciem Muzeum Historii \u017byd\u00f3w Polskich. Protekcjonalny tekst o &#8220;modzie na \u017byd\u00f3w&#8221; ma r\u00f3wnowa\u017cy\u0107 powa\u017cny i obszerny wywiad z Marianem Turskim, przewodnicz\u0105cym rady muzeum. Pokraczna to jednak r\u00f3wnowaga.<\/span><\/p>\n<p style=\"text-align: left;\"><span style=\"color: #000080;\">Autor materia\u0142u Marcin Ko\u0142odziejczyk opisuje w tonie ironiczno-kpi\u0105cym, jak to m\u0142odzi Polacy nieporadnie udaj\u0105 \u017byd\u00f3w. Jako przyk\u0142ad s\u0142u\u017cy bezimienny &#8220;uduchowiony&#8221; student szko\u0142y aktorskiej, kt\u00f3ry niby \u015bwi\u0119tuje Sukkot, ale nie bardzo wie, co to takiego. Do innych m\u0142odych \u017byd\u00f3w autor nie dotar\u0142 &#8211; zadzwoni\u0142 natomiast do rabina i rzecznika ambasady Izraela. Co my\u015bl\u0105 o modzie na \u017cydostwo? Jeden my\u015bli raczej dobrze, drugi raczej \u017ale. Ale m\u0142odych s\u0142ucha\u0107 nie warto. S\u0105 niedouczeni, egzaltowani i wkr\u00f3tce im si\u0119 \u017cydostwo znudzi. Tymczasem dobrze im si\u0119 \u017cyje, bo wok\u00f3\u0142 kwitnie wiadoma moda.<\/span><\/p>\n<p style=\"text-align: left;\"><span style=\"color: #000080;\">Z mod\u0105 kojarzy si\u0119 autorowi to, co si\u0119 o \u017cydowsko\u015b\u0107 otar\u0142o &#8211; wszystko jedno, z kt\u00f3rej strony. Ci, co szukaj\u0105 korzeni, i ci, kt\u00f3rych po prostu ciekawi historia czy kultura. Modni s\u0105 &#8220;S\u0105siedzi&#8221; Grossa i &#8220;\u017bydokomuna&#8221; \u015apiewaka, izraelskie wycieczki i polscy liceali\u015bci, kt\u00f3rzy odkrywaj\u0105 \u017cydowsk\u0105 przesz\u0142o\u015b\u0107 swoich miejscowo\u015bci, festiwale kultury \u017cydowskiej i restauracje z koszern\u0105 kuchni\u0105. S\u0142owo &#8220;moda&#8221; pozwala te zjawiska upchn\u0105\u0107 do jednego worka i potraktowa\u0107 z protekcjonalnym u\u015bmiechem. Na koniec Ko\u0142odziejczyk dorzuca \u017byda z pieni\u0105\u017ckiem. Ten jarmarczny wizerunek, przejaw ludowego antysemityzmu, wydaje mu si\u0119 bardzo zabawny. \u015amieszy go zwyczaj, by \u017bydka co pewien czas odwr\u00f3ci\u0107 (wtedy z kapoty wyleci kasa). \u017bydek jest g\u0142upkowaty i uroczy &#8211; podobnie jak student, kt\u00f3ry zbudowa\u0142 sobie na balkonie sza\u0142as.<\/span><\/p>\n<p style=\"text-align: left;\"><span style=\"color: #000080;\">Na wszelki wypadek powiem jasno: nie oskar\u017cam autora tekstu ani redakcji &#8220;Polityki&#8221; o antysemityzm. Zarzucam im arogancj\u0119, brak wyczucia i brak wiedzy o jednym z ciekawszych zjawisk kulturowych wsp\u00f3\u0142czesnej Polski &#8211; odrodzeniu \u017cydowskiej to\u017csamo\u015bci w\u015br\u00f3d potomk\u00f3w polskich \u017byd\u00f3w.<\/span><\/p>\n<p style=\"text-align: right;\"><span style=\"color: #000080;\">Czytaj dalej tu: <span style=\"text-decoration: underline;\"><strong><a style=\"color: #000080; text-decoration: underline;\" href=\"http:\/\/www.wysokieobcasy.pl\/wysokie-obcasy\/1,127763,16953080,Moda_na_Zydow_.html\" target=\"_blank\">Moda na \u017byd\u00f3w?<\/a><\/strong><\/span><\/span><\/p>\n<hr style=\"height: 15px; background: #d0e6fa; width: 710px;\" \/>\n<div id=\"content\" class=\"  content-alignment&lt;br \/&gt;&lt;br \/&gt; \">\n<div id=\"watch-description\" class=\"yt-uix-button-panel\">\n<div id=\"watch-description-text\">\n<p style=\"text-align: center;\"><span style=\"color: #808080;\"> twoje uwagi, linki, wlasne artykuly, lub wiadomosci przeslij do: <strong><span style=\"text-decoration: underline;\"><span style=\"color: #808080; text-decoration: underline;\"><a href=\"mailto:webmaster@reunion68.com\">webmaster@reunion68.com<\/a><\/span><\/span><\/strong><\/span><\/p>\n<\/div>\n<\/div>\n<\/div>\n<p>&nbsp;<\/p>\n<hr style=\"width: 710px;\" \/>\n","protected":false},"excerpt":{"rendered":"<p>Moda na \u017byd\u00f3w? Agnieszka Graff Nieliczni wychowali si\u0119 w \u017cydowskich domach, wi\u0119kszo\u015b\u0107 to &#8220;odkrywcy&#8221;. Czy to znaczy, \u017ce ich to\u017csamo\u015b\u0107 jest modnym wymys\u0142em? Do nabycia tygodnika &#8220;Polityka&#8221; (22.10) zach\u0119ca wizerunek brodatego \u017byda w stroju modlitewnym i zajawka artyku\u0142u: &#8220;Powr\u00f3t \u017byd\u00f3w. Wsp\u00f3\u0142cze\u015bni Polacy odkrywaj\u0105 \u017cydowsko\u015b\u0107&#8221;. Kilka s\u0142\u00f3w, obrazek i wszystko jasne: prawdziwy \u017byd to siwy ortodoks, [&hellip;]<\/p>\n","protected":false},"author":1,"featured_media":0,"comment_status":"closed","ping_status":"closed","sticky":false,"template":"","format":"standard","meta":[],"categories":[4],"tags":[24],"_links":{"self":[{"href":"https:\/\/www.reunion68.se\/index.php?rest_route=\/wp\/v2\/posts\/9061"}],"collection":[{"href":"https:\/\/www.reunion68.se\/index.php?rest_route=\/wp\/v2\/posts"}],"about":[{"href":"https:\/\/www.reunion68.se\/index.php?rest_route=\/wp\/v2\/types\/post"}],"author":[{"embeddable":true,"href":"https:\/\/www.reunion68.se\/index.php?rest_route=\/wp\/v2\/users\/1"}],"replies":[{"embeddable":true,"href":"https:\/\/www.reunion68.se\/index.php?rest_route=%2Fwp%2Fv2%2Fcomments&post=9061"}],"version-history":[{"count":15,"href":"https:\/\/www.reunion68.se\/index.php?rest_route=\/wp\/v2\/posts\/9061\/revisions"}],"predecessor-version":[{"id":9068,"href":"https:\/\/www.reunion68.se\/index.php?rest_route=\/wp\/v2\/posts\/9061\/revisions\/9068"}],"wp:attachment":[{"href":"https:\/\/www.reunion68.se\/index.php?rest_route=%2Fwp%2Fv2%2Fmedia&parent=9061"}],"wp:term":[{"taxonomy":"category","embeddable":true,"href":"https:\/\/www.reunion68.se\/index.php?rest_route=%2Fwp%2Fv2%2Fcategories&post=9061"},{"taxonomy":"post_tag","embeddable":true,"href":"https:\/\/www.reunion68.se\/index.php?rest_route=%2Fwp%2Fv2%2Ftags&post=9061"}],"curies":[{"name":"wp","href":"https:\/\/api.w.org\/{rel}","templated":true}]}}