{"id":90654,"date":"2021-11-09T17:09:16","date_gmt":"2021-11-09T15:09:16","guid":{"rendered":"http:\/\/www.reunion68.se\/?p=90654"},"modified":"2021-11-08T15:27:13","modified_gmt":"2021-11-08T13:27:13","slug":"09-09-57","status":"publish","type":"post","link":"https:\/\/www.reunion68.se\/?p=90654","title":{"rendered":"Czym by\u0142a \u201enoc kryszta\u0142owa\u201d?"},"content":{"rendered":"<p style=\"text-align: center;\"><img decoding=\"async\" class=\"aligncenter\" src=\"https:\/\/wjc-dev.imgix.net\/about-holocaust\/assets\/s6-k7keX\/760517-kristallnacht-e1542321810881.jpg?auto=format&amp;fit=crop&amp;fm=jpg&amp;h=480&amp;lossless=true&amp;q=60&amp;w=750\" width=\"100%\"><span style=\"color: #808080;\"><em>M\u0119\u017cczyzna sprawdzaj\u0105cy zniszczenia sklepu z galanteri\u0105 sk\u00f3rzan\u0105 po pogromie w trakcie nocy kryszta\u0142owej w Berlinie (10 listopada 1938 r.). Zdj\u0119cie: United States Holocaust Memorial Museum, dzi\u0119ki uprzejmo\u015bci National Archives and Records Administration, College Park<\/em><\/span><\/p>\n<hr>\n<h5 style=\"text-align: center;\"><a href=\"https:\/\/aboutholocaust.org\/\" target=\"_blank\" rel=\"noopener noreferrer\"><img decoding=\"async\" class=\"center alignleft\" src=\"https:\/\/d1sa58t3f9wj4i.cloudfront.net\/packs\/media\/application\/images\/wjc-blue-f03cf8d69d16a025a3f91ac6d7b88505.png\" alt=\"\" width=\"20%\"><\/a><span style=\"text-decoration: underline; color: #000080;\"><strong><a style=\"color: #000080; text-decoration: underline;\" href=\"https:\/\/aboutholocaust.org\/pl\/facts\/czym-byla-noc-krysztalowa\" target=\"_blank\" rel=\"noopener noreferrer\">Czym by\u0142a \u201enoc kryszta\u0142owa\u201d?<\/a><\/strong><\/span><\/h5>\n<p style=\"text-align: center;\"><span style=\"color: #000000;\"><strong>WJC<\/strong><\/span><\/p>\n<hr style=\"height: 15px; background: #d0e6fa; width: 100%;\">\n<p class=\"block paragraph-block\" style=\"text-align: left;\"><span style=\"text-decoration: underline;\"><strong><a href=\"https:\/\/encyclopedia.ushmm.org\/content\/en\/article\/kristallnacht\"><i><span style=\"color: #000080; text-decoration: underline;\">Kristallnacht<\/span><\/i><\/a><\/strong><\/span><span style=\"color: #000080;\">&nbsp;czyli noc kryszta\u0142owa, zwana r\u00f3wnie\u017c noc\u0105 t\u0142uczonego szk\u0142a, gdy\u017c ulice niemieckich miast zosta\u0142y zasypane od\u0142amkami szk\u0142a i kryszta\u0142\u00f3w ze zniszczonych \u017cydowskich mieszka\u0144 i sklep\u00f3w. Jest to termin ukuty przez nazist\u00f3w do okre\u015blania masowego pogromu \u017byd\u00f3w w Niemczech, Austrii i okupowanym przez Niemcy Kraju Sudet\u00f3w w Czechos\u0142owacji w dniach 9 i 10 listopada 1938&nbsp;r.<\/span><\/p>\n<p class=\"block paragraph-block\" style=\"text-align: left;\"><span style=\"color: #000080;\">8 listopada 1938 roku policja bezczynnie przygl\u0105da\u0142a si\u0119, jak cz\u0142onkowie [<b>SA<\/b>] i [<b>Hitlerjugend<\/b>] wylegli na ulice ca\u0142ej Rzeszy. Podczas akt\u00f3w przemocy spalono i zniszczono 267 synagog, \u017cydowskie firmy pad\u0142y ofiar\u0105 grabie\u017cy, wybijano okna, a \u017cydowskie szko\u0142y, domy i szpitale zosta\u0142y zbezczeszczone.<\/span><\/p>\n<p class=\"block paragraph-block\" style=\"text-align: left;\"><span style=\"color: #000080;\">Powodem podawanym przez propagand\u0119 nazistowsk\u0105 by\u0142 paryski zamach na ni\u017cszego rang\u0105 sekretarza przeprowadzony przez \u017cydowskiego nastolatka, kt\u00f3rego rodzin\u0119 deportowano z Niemiec, a rz\u0105dy Niemiec i Polski porzuci\u0142y ich w granicznym mie\u015bcie Zb\u0105szy\u0144.<\/span><\/p>\n<p class=\"block paragraph-block\" style=\"text-align: left;\"><span style=\"color: #000080;\">Po&nbsp;<i>Nocy kryszta\u0142owej<\/i>&nbsp;policja wy\u0142apa\u0142a 30&nbsp;tysi\u0119cy \u017byd\u00f3w, kt\u00f3rzy zostali zamkni\u0119ci w obozach koncentracyjnych. Po ich zwolnieniu zwi\u0119kszy\u0142a si\u0119 liczba wniosk\u00f3w o wyjazd z Niemiec, a mimo to zagraniczne wizy przyznawane by\u0142y tylko nielicznym.<\/span><\/p>\n<p class=\"block paragraph-block\" style=\"text-align: left;\"><span style=\"color: #000080;\">Zdarzenia te, powszechnie uwa\u017cane za punkt zwrotny prowadz\u0105cy do eskalacji nastroj\u00f3w i prac anty\u017cydowskich w nazistowskich Niemczech, nie spotka\u0142y si\u0119 z \u017cadnymi wyra\u017anymi dzia\u0142aniami ze strony rz\u0105d\u00f3w aliant\u00f3w ani nie zwi\u0119kszy\u0142y kwot uchod\u017ac\u00f3w \u017cydowskich przyjmowanych przez inne kraje. Latem 1939 roku uchod\u017acy na pok\u0142adzie [<b><i>MS St. Louis<\/i><\/b>] nie otrzymali zgody na zej\u015bcie na l\u0105d w Stanach Zjednoczonych, Kanadzie oraz Kubie.<\/span><\/p>\n<p class=\"block paragraph-block\" style=\"text-align: left;\"><span style=\"color: #000080;\"><i>[<b>MS St. Louis<\/b>: niemiecki statek wycieczkowy, kt\u00f3ry wyp\u0142yn\u0105\u0142 z Hamburga do Kuby w maju 1939 roku, wioz\u0105c 900 pasa\u017cer\u00f3w szukaj\u0105cych azylu przed prze\u015bladowaniami nazist\u00f3w. Statek nie otrzyma\u0142 zgody na wp\u0142yni\u0119cie do port\u00f3w na Kubie, w Stanach Zjednoczonych oraz Kanadzie i finalnie w czerwcu wr\u00f3ci\u0142 do Europy. Wi\u0119kszo\u015b\u0107 uchod\u017ac\u00f3w otrzyma\u0142a azyl we Francji, Belgii i Holandii: historycy szacuj\u0105, \u017ce wi\u0119kszo\u015b\u0107 z pasa\u017cer\u00f3w ostatecznie zgin\u0119\u0142a w Auschwitz po inwazji nazist\u00f3w na te kraje.]<\/i><\/span><\/p>\n<p class=\"block paragraph-block\" style=\"text-align: left;\"><span style=\"color: #000080;\"><i>[<b>SA<\/b>: niem. Sturmabteilung (oddzia\u0142y szturmowe). Paramilitarne skrzyd\u0142o NSDAP rekrutuj\u0105ce cz\u0142onk\u00f3w w\u015br\u00f3d klasy robotniczej i pozostaj\u0105cych bez pracy weteran\u00f3w. SA zyska\u0142o uzasadnion\u0105 reputacj\u0119 za przemoc i bandyctwo w latach 20. i 30. W latach 20. zapewniali bezpiecze\u0144stwo podczas spotka\u0144 i zjazd\u00f3w partii, a tak\u017ce \u201ezbierali\u201d datki na fundusz partyjny. Po przej\u0119ciu w\u0142adzy w 1933 dow\u00f3dztwo SA d\u0105\u017cy\u0142o do jeszcze agresywniejszej realizacji programu nazist\u00f3w, w szczeg\u00f3lno\u015bci wyra\u017caj\u0105c zamiary przej\u0119cia armii. Aby zyska\u0107 przychylno\u015b\u0107 armii, Hitler rozkaza\u0142 aresztowanie i egzekucj\u0119 lider\u00f3w SA w czerwcu i lipcu 1934 roku podczas tak zwanej nocy d\u0142ugich no\u017cy. Po tym wydarzeniu rola SA w pa\u0144stwie nazistowskim zosta\u0142a zdegradowana do minimum.]<\/i><\/span><\/p>\n<p class=\"block paragraph-block\" style=\"text-align: left;\"><span style=\"color: #000080;\"><i>[<b>Hitlerjugend<\/b>: niem. M\u0142odzie\u017c Hitlera. M\u0142odzie\u017cowa organizacja nastolatk\u00f3w Hitlerjugend oraz jej odpowiednik Zwi\u0105zek Niemieckich Dziewcz\u0105t sta\u0142y si\u0119 obowi\u0105zkowe dla m\u0142odzie\u017cy niemieckiej w 1936 roku. Opr\u00f3cz indoktrynacji ideologicznej dzia\u0142ania by\u0142y r\u00f3\u017cne w zale\u017cno\u015bci od p\u0142ci: ch\u0142opcy skupiali si\u0119 na umiej\u0119tno\u015bciach przydatnych w wojsku, a dziewczynki by\u0142y szkolone do bycia \u017conami i matkami. Historycy spieraj\u0105 si\u0119 co do stopnia, w jaki Hitlerjugend by\u0142a skuteczna w indoktrynowaniu niemieckiej m\u0142odzie\u017cy: mimo i\u017c niekt\u00f3rzy byli cz\u0142onkowie, tacy jak Melita Maschmann, pisali o du\u017cym stopniu ekspozycji na ideologi\u0119 nazistowsk\u0105 do samego ko\u0144ca, inne \u017ar\u00f3d\u0142a sugeruj\u0105, \u017ce wiele m\u0142odych os\u00f3b unika\u0142o obecno\u015bci na spotkaniach m\u0142odzie\u017c\u00f3wek.]<\/i><\/span><\/p>\n<hr style=\"height: 15px; background: #d0e6fa; width: 100%;\">\n<div id=\"content\" class=\"content-alignment\">\n<div id=\"watch-description\" class=\"yt-uix-button-panel\">\n<div id=\"watch-description-text\" style=\"text-align: center;\">\n<p><em>Zawarto\u015b\u0107 publikowanych artyku\u0142\u00f3w i materia\u0142\u00f3w nie reprezentuje pogl\u0105d\u00f3w ani opinii Reunion&#8217;68,<\/em><em><br \/>\nani te\u017c webmastera Blogu Reunion&#8217;68, chyba ze jest to wyra\u017anie zaznaczone.<br \/>\nTwoje uwagi, linki, w\u0142asne artyku\u0142y lub wiadomo\u015bci prze\u015blij na adres:<br \/>\n<\/em><span style=\"color: #000080;\"><strong><em><a style=\"color: #000080;\" href=\"mailto:webmaster@reunion68.com\"><span style=\"text-decoration: underline;\">webmaster@reunion68.com<\/span><\/a><\/em><\/strong><\/span><\/p>\n<\/div>\n<\/div>\n<\/div>\n<hr style=\"width: 100%;\">\n","protected":false},"excerpt":{"rendered":"<p>M\u0119\u017cczyzna sprawdzaj\u0105cy zniszczenia sklepu z galanteri\u0105 sk\u00f3rzan\u0105 po pogromie w trakcie nocy kryszta\u0142owej w Berlinie (10 listopada 1938 r.). Zdj\u0119cie: United States Holocaust Memorial Museum, dzi\u0119ki uprzejmo\u015bci National Archives and Records Administration, College Park Czym by\u0142a \u201enoc kryszta\u0142owa\u201d? WJC Kristallnacht&nbsp;czyli noc kryszta\u0142owa, zwana r\u00f3wnie\u017c noc\u0105 t\u0142uczonego szk\u0142a, gdy\u017c ulice niemieckich miast zosta\u0142y zasypane od\u0142amkami szk\u0142a [&hellip;]<\/p>\n","protected":false},"author":1,"featured_media":0,"comment_status":"closed","ping_status":"closed","sticky":false,"template":"","format":"standard","meta":[],"categories":[1],"tags":[26,24],"_links":{"self":[{"href":"https:\/\/www.reunion68.se\/index.php?rest_route=\/wp\/v2\/posts\/90654"}],"collection":[{"href":"https:\/\/www.reunion68.se\/index.php?rest_route=\/wp\/v2\/posts"}],"about":[{"href":"https:\/\/www.reunion68.se\/index.php?rest_route=\/wp\/v2\/types\/post"}],"author":[{"embeddable":true,"href":"https:\/\/www.reunion68.se\/index.php?rest_route=\/wp\/v2\/users\/1"}],"replies":[{"embeddable":true,"href":"https:\/\/www.reunion68.se\/index.php?rest_route=%2Fwp%2Fv2%2Fcomments&post=90654"}],"version-history":[{"count":8,"href":"https:\/\/www.reunion68.se\/index.php?rest_route=\/wp\/v2\/posts\/90654\/revisions"}],"predecessor-version":[{"id":90664,"href":"https:\/\/www.reunion68.se\/index.php?rest_route=\/wp\/v2\/posts\/90654\/revisions\/90664"}],"wp:attachment":[{"href":"https:\/\/www.reunion68.se\/index.php?rest_route=%2Fwp%2Fv2%2Fmedia&parent=90654"}],"wp:term":[{"taxonomy":"category","embeddable":true,"href":"https:\/\/www.reunion68.se\/index.php?rest_route=%2Fwp%2Fv2%2Fcategories&post=90654"},{"taxonomy":"post_tag","embeddable":true,"href":"https:\/\/www.reunion68.se\/index.php?rest_route=%2Fwp%2Fv2%2Ftags&post=90654"}],"curies":[{"name":"wp","href":"https:\/\/api.w.org\/{rel}","templated":true}]}}