{"id":90684,"date":"2021-11-14T17:09:48","date_gmt":"2021-11-14T15:09:48","guid":{"rendered":"http:\/\/www.reunion68.se\/?p=90684"},"modified":"2021-11-10T08:01:40","modified_gmt":"2021-11-10T06:01:40","slug":"14-09-62","status":"publish","type":"post","link":"https:\/\/www.reunion68.se\/?p=90684","title":{"rendered":"Jaros\u0142aw Kaczy\u0144ski i historia polskiego analfabetyzmu"},"content":{"rendered":"<p style=\"text-align: center;\"><img decoding=\"async\" class=\"aligncenter\" src=\"http:\/\/www.listyznaszegosadu.pl\/upload\/article\/bild\/3500\/904417\/_00ministry_s.png\" width=\"50%\" \/><span style=\"color: #808080;\"><em>Pisowscy ministrowie o\u015bwiaty (\u017br\u00f3d\u0142o: wikipedia)<\/em><\/span><\/p>\n<hr \/>\n<h5 style=\"text-align: center;\"><a href=\"https:\/\/studioopinii.pl\/\" target=\"_blank\" rel=\"noopener noreferrer\"><img decoding=\"async\" class=\"center alignleft\" src=\"http:\/\/www.reunion68.com\/Biuletyn\/img\/studio.png\" alt=\"\" width=\"35%\" \/><\/a><span style=\"text-decoration: underline; color: #000080;\"><strong><a style=\"color: #000080; text-decoration: underline;\" href=\"https:\/\/studioopinii.pl\/archiwa\/208877\" target=\"_blank\" rel=\"noopener noreferrer\">Jaros\u0142aw Kaczy\u0144ski i historia polskiego analfabetyzmu<\/a><\/strong><\/span><\/h5>\n<p style=\"text-align: center;\"><span style=\"color: #000000;\"><strong>Andrzej Koraszewski<\/strong><\/span><\/p>\n<hr style=\"height: 15px; background: #d0e6fa; width: 100%;\" \/>\n<h5 style=\"text-align: left;\"><strong>Czytam w\u00a0Internecie ciekaw\u0105 informacj\u0119: \u201eW Polsce\u00a0analfabetyzm\u00a0by\u0142 spu\u015bcizn\u0105 po\u00a0polityce zaborc\u00f3w, kt\u00f3rzy\u00a0d\u0105\u017cyli do\u00a0ograniczania szkolnictwa. W\u00a01914 na\u00a0ziemiach polskich by\u0142o: 57% analfabet\u00f3w w\u00a0zaborze\u00a0rosyjskim, 40% w\u00a0Galicji i\u00a05% w\u00a0zaborze\u00a0pruskim.\u201d Ciekaw jestem jak wielu czytelnik\u00f3w oburzy si\u0119 na\u00a0mnie za\u00a0inn\u0105 interpretacj\u0119 tego cytatu. Spo\u015br\u00f3d trzech zaborc\u00f3w tylko\u00a0Niemcy walczyli z\u00a0kultur\u0105 polskiego Ko\u015bcio\u0142a katolickiego i\u00a0polskiego ziemia\u0144stwa.<\/strong><\/h5>\n<p style=\"text-align: left;\"><span style=\"color: #000080;\">W\u00a01996 roku brytyjski historyk Norman Davies straszliwie narazi\u0142 si\u0119 polskim patriotom, proponuj\u0105c, by\u00a0do\u00a0Poznania wr\u00f3ci\u0142 pomnik Bismarcka. (By\u0142 w\u00a0Poznaniu pomnik niemieckiego kanclerza, ods\u0142oni\u0119to go w\u00a01903 roku i\u00a0zwalono z\u00a0coko\u0142u w\u00a01919, za\u015b w\u00a01930 przetopiono i\u00a0zu\u017cyto na\u00a0figur\u0119 Chrystusa w\u00a0podzi\u0119ce za\u00a0niepodleg\u0142o\u015b\u0107.) Norman Davies t\u0142umaczy\u0142, \u017ce\u00a0w\u00a0niemieckim zaborze nie\u00a0wszystko by\u0142o z\u0142e. Faktycznie, dzi\u015b by\u0142y zab\u00f3r pruski z\u00a0jakiego\u015b powodu bardziej stanowczo odmawia g\u0142osowania na\u00a0<span class=\"tooltipsall tooltipsincontent classtoolTips31\" data-hasqtip=\"0\">PiS<\/span>\u00a0ni\u017c mieszka\u0144cy pozosta\u0142ych zabor\u00f3w. Jaki\u015b rzecznik tej\u00a0partii mo\u017ce nam powiedzie\u0107, \u017ce\u00a0w\u00a0szko\u0142ach w\u00a0tym zaborze j\u0119zyk polski by\u0142 zwalczany intensywniej ni\u017c w\u00a0pozosta\u0142ych zaborach, wi\u0119c\u00a0pewnie do\u00a0dzi\u015b mieszka\u0144cy tego regionu to\u00a0patrioci gorszego sortu. W\u00a0moim dzieci\u0144stwie starsi nauczyciele czasem wtr\u0105cali niemieckie s\u0142owa, szczeg\u00f3lnie widoczne to\u00a0by\u0142o podczas podniecenia, kiedy na\u00a0przyk\u0142ad przy grze w\u00a0ping ponga, kolejny zdobyty punkt automatycznie wykrzykiwali po\u00a0niemiecku. (Mam do\u00a0dzi\u015b w\u00a0oczach tak\u0105 scen\u0119, obydwaj graj\u0105cy byli uczestnikami Powstania Wielkopolskiego.)<\/span><\/p>\n<p style=\"text-align: left;\"><span style=\"color: #000080;\">Patrz\u0105c na\u00a0te statystyki polskiego analfabetyzmu w\u00a01914 roku przypomina si\u0119 nie\u00a0tylko\u00a0\u015bmieszny lament Mickiewicza, kt\u00f3ry\u00a0chcia\u0142, \u017ceby\u00a0jego ksi\u0119gi trafi\u0142y pod\u00a0strzechy, ale\u00a0i\u00a0kilka innych rzeczy. W\u00a0danych za\u00a0rok 1911 Niemcy mia\u0142y 0,04 analfabet\u00f3w na\u00a0tysi\u0105c mieszka\u0144c\u00f3w, Szwecja i\u00a0Dania po\u00a0dw\u00f3ch, Holandia 8, Wielka Brytania 10.\u00a0<strong>Zdominowane przez\u00a0katolicyzm kraje Europy zachodniej wygl\u0105da\u0142y nieco gorzej:\u00a0<\/strong>Francja mia\u0142a w\u00a0tym czasie 30 analfabet\u00f3w na\u00a0tysi\u0105c mieszka\u0144c\u00f3w, Austria 165, W\u0142ochy 375, Hiszpania 647, Portugalia 786. Prawos\u0142awie: Rosja europejska 617, Serbia 830, Rumunia 884. W\u00a0Stanach Zjednoczonych by\u0142o w\u00a0tym czasie 77 analfabet\u00f3w na\u00a01000 mieszka\u0144c\u00f3w.<\/span><\/p>\n<p style=\"text-align: left;\"><span style=\"color: #000080;\">Thomas Sowell, jeden z\u00a0najlepszych wsp\u00f3\u0142czesnych ekonomist\u00f3w ameryka\u0144skich,\u00a0<a class=\"extlink https\" style=\"color: #000080;\" href=\"https:\/\/www.frontpagemag.com\/fpm\/2021\/10\/high-stakes-virginia-thomas-sowell\/\">napisa\u0142<\/a>\u00a0kilka dni temu artyku\u0142 o\u00a0szko\u0142ach, bie\u017c\u0105cej polityce i\u00a0zagro\u017ceniu ze\u00a0strony ludzi pod\u017cegaj\u0105cych do\u00a0nienawi\u015bci. Urodzi\u0142 si\u0119 w\u00a0getcie czarnych w\u00a01930 roku w\u00a0Karolinie P\u00f3\u0142nocnej, wychowywany bez\u00a0ojca, kt\u00f3ry\u00a0zmar\u0142 przed\u00a0jego narodzeniem, z\u00a0powodu tragicznej biedy zosta\u0142 zabrany przez\u00a0siostr\u0119 matki do\u00a0Harlemu, nie\u00a0mia\u0142 szans na\u00a0uko\u0144czenie szko\u0142y \u015bredniej, bo musia\u0142 pracowa\u0107, Zaci\u0105gn\u0105\u0142 si\u0119 do\u00a0marynarki wojennej, a\u00a0potem mimo braku \u015bredniego wykszta\u0142cenia dosta\u0142 si\u0119 na\u00a0wieczorowe studia na\u00a0Harwardzie. Punkt\u00f3w za\u00a0kolor sk\u00f3ry w\u00f3wczas nie\u00a0dawano, studia sko\u0144czy\u0142 z\u00a0najwy\u017cszym wyr\u00f3\u017cnieniem. Doktorat zrobi\u0142 w\u00a0Chicago, bo tam przeni\u00f3s\u0142 si\u0119 profesor, kt\u00f3rego\u00a0darzy\u0142 najwy\u017cszym szacunkiem. Sowell pocz\u0105tkowo by\u0142 marksist\u0105, ale\u00a0poniewa\u017c ekonomi\u0119 traktowa\u0142 z\u00a0najwy\u017csz\u0105 powag\u0105, do\u015b\u0107 szybko dotar\u0142 do\u00a0pogl\u0105d\u00f3w zgo\u0142a przeciwstawnych.<\/span><\/p>\n<p style=\"text-align: left;\"><span style=\"color: #000080;\">W\u00a0artykule z\u00a022 pa\u017adziernika 2021 Thomas Sowell pisze o\u00a0za\u017cartej walce o\u00a0stanowisko gubernatora stanu Wirginia. To\u00a0stan, w\u00a0kt\u00f3rym\u00a0od\u00a0lat demokraci maj\u0105 gwarantowane zwyci\u0119stwo. Zdaniem Sowella tym razem o\u00a0wyniku zadecydowa\u0107 mog\u0105 rodzice uczni\u00f3w tamtejszych szk\u00f3\u0142, gdzie (podobnie jak i\u00a0w\u00a0innych miejscach Stan\u00f3w Zjednoczonych), nauczyciele systematycznie podburzaj\u0105 do\u00a0nienawi\u015bci rasowej. Dotychczasowy gubernator z\u00a0ramienia demokrat\u00f3w stan\u0105\u0142 po\u00a0stronie zdemoralizowanego zwi\u0105zku nauczycieli i\u00a0biurokrat\u00f3w zajmuj\u0105cych si\u0119 edukacj\u0105. Ta bitwa, pisze Thomas Sowell, jest cz\u0119\u015bci\u0105 powa\u017cniejszej wojny o\u00a0przysz\u0142o\u015b\u0107 narodu.<\/span><\/p>\n<blockquote class=\"wp-block-quote\"><p><strong><span style=\"color: #000000;\">Kiedy szkolna propaganda uczy czarne dzieci nienawi\u015bci do bia\u0142ych, jest to zagro\u017cenie dla Amerykan\u00f3w wszystkich ras. Ka\u017cdy, kto zna histori\u0119 polityki to\u017csamo\u015bci rasowej czy religijnej w innych krajach, wie jak cz\u0119sto ko\u0144czy\u0142o si\u0119 to straszliwymi okrucie\u0144stwami, kt\u00f3re rozdziera\u0142y ca\u0142e spo\u0142ecze\u0144stwa.<\/span><\/strong><\/p><\/blockquote>\n<p style=\"text-align: left;\"><span style=\"color: #000080;\">U\u015bwiadamiaj\u0105c konsekwencje pod\u017cegania do\u00a0nienawi\u015bci Sowell przywo\u0142uje ludob\u00f3jstwo Ormian w\u00a0Turcji, tak\u00a0niedawne czystki po\u00a0rozpadzie Jugos\u0142awii, wojn\u0119 domow\u0105 na\u00a0Sri Lance. Ludzie mog\u0105 my\u015ble\u0107, \u017ce\u00a0nic takiego nie\u00a0mo\u017ce zdarzy\u0107 si\u0119 w\u00a0Ameryce. Bzdura, mo\u017ce zdarzy\u0107 si\u0119 wsz\u0119dzie. Ta sztuczka jest nies\u0142ychanie \u0142atwa. U\u017cywa si\u0119 jej najcz\u0119\u015bciej dla zdobycia w\u0142adzy, cz\u0119sto z\u00a0zamiarem wygaszenia sprawy po\u00a0wyborach. Ale\u00a0rozpalonej nienawi\u015bci nie\u00a0daje si\u0119 zgasi\u0107 tak, jak si\u0119 gasi \u017car\u00f3wk\u0119. Zostaje na\u00a0pokolenia.<\/span><\/p>\n<p style=\"text-align: left;\"><span style=\"color: #000080;\">Autor przypomina swoj\u0105 ksi\u0105\u017ck\u0119 z\u00a01993 roku o\u00a0ameryka\u0144skim szkolnictwie, w\u00a0kt\u00f3rej\u00a0jeden z\u00a0rozdzia\u0142\u00f3w traktowa\u0142 o\u00a0zast\u0119powaniu szkolnego nauczania praniem m\u00f3zg\u00f3w, o\u00a0tym jak nauczanie ojczystego j\u0119zyka, historii, matematyki przestaje by\u0107 wa\u017cne i\u00a0ust\u0119puje miejsca politycznej indoktrynacji.<\/span><\/p>\n<p style=\"text-align: left;\"><span style=\"color: #000080;\">Truj\u0105ca indoktrynacja w\u00a0szko\u0142ach nie\u00a0ustanie \u2013 pisze Sowell \u2013 p\u00f3ki nie\u00a0zostanie zatrzymana. Rodzice nie\u00a0zawsze s\u0105 \u015bwiadomi tego, co dzieje si\u0119 na\u00a0lekcjach ich dzieci. A\u00a0nawet kiedy widz\u0105, co si\u0119 dzieje, s\u0105 zazwyczaj bezradni, szczeg\u00f3lnie ci, kt\u00f3rzy\u00a0maj\u0105 niskie dochody i\u00a0nie\u00a0mog\u0105 przenie\u015b\u0107 swoich dzieci do\u00a0szk\u00f3\u0142 prywatnych.<\/span><\/p>\n<p style=\"text-align: left;\"><span style=\"color: #000080;\">Pewnym rozwi\u0105zaniem s\u0105 tu bony edukacyjne daj\u0105ce rodzicom mo\u017cliwo\u015b\u0107 wyboru plac\u00f3wki edukacyjnej, to\u00a0zmniejsza mo\u017cliwo\u015bci terroru ze\u00a0strony edukacyjnych misjonarzy.<\/span><\/p>\n<p style=\"text-align: left;\"><span style=\"color: #000080;\">Ameryka\u0144ski ekonomista proponuje, by\u00a0si\u0119gn\u0105\u0107 po\u00a0surowe dane Departamentu Edukacji stanu Nowy Jork, na\u00a0temat tego, ilu uczni\u00f3w szk\u00f3\u0142 publicznych zdaje egzamin z\u00a0matematyki i\u00a0angielskiego. W\u00a0dzielnicach zamieszka\u0142ych przez\u00a0ludzi z\u00a0niskimi dochodami ponad po\u0142owa uczni\u00f3w nie\u00a0zdaje tych egzamin\u00f3w. W\u00a0szko\u0142ach niepublicznych sytuacja jest radykalnie odmienna. W\u00a0innych stanach sytuacja jest podobna. (Autor przypomina, \u017ce\u00a0w\u00a02013 roku pi\u0105ta klasa szko\u0142y w\u00a0Harlemie, w\u00a0kt\u00f3rej\u00a0rodzice mogli korzysta\u0107 z\u00a0bon\u00f3w edukacyjnych, uzyska\u0142a w\u00a0testach z\u00a0matematyki najlepszy wynik w\u00a0ca\u0142ym stanie.)<\/span><\/p>\n<p style=\"text-align: left;\"><span style=\"color: #000080;\">Pisz\u0105c o\u00a0stanowych wyborach Thomas Sowell u\u015bwiadamia, \u017ce\u00a0wojna o\u00a0szko\u0142\u0119 bez\u00a0politycznej propagandy jest powa\u017cniejsz\u0105 spraw\u0105 ni\u017c wi\u0119kszo\u015b\u0107 ludzi zdaje sobie z\u00a0tego spraw\u0119.<\/span><\/p>\n<p style=\"text-align: left;\"><span style=\"color: #000080;\">W\u00a0Polsce minister Czarnek nie\u00a0pojawi\u0142 si\u0119 w\u00a0polityce przypadkowo, jest wa\u017cnym instrumentem d\u0142ugofalowej polityki Jaros\u0142awa Kaczy\u0144skiego, kt\u00f3ry\u00a0przed\u00a0laty nie\u00a0bez\u00a0powodu powierzy\u0142 klucze do\u00a0szk\u00f3\u0142 Romanowi Giertychowi, kiedy ten jeszcze kultywowa\u0142 endeckie idee nauczania dzieci. Po\u00a0ponownym doj\u015bciu do\u00a0w\u0142adzy nie\u00a0bez\u00a0powodu uzna\u0142 Ann\u0119 Zalewsk\u0105 za\u00a0najlepszy wyb\u00f3r na\u00a0stanowisko ministerki edukacji, by\u00a0zast\u0105pi\u0107 j\u0105 Dariuszem Piontkowskim, kiedy sprzeciwy rodzic\u00f3w zacz\u0119\u0142y by\u0107 zagro\u017ceniem dla PiS.<\/span><\/p>\n<p style=\"text-align: left;\"><span style=\"color: #000080;\">Od\u00a0czasu do\u00a0czasu pojawiaj\u0105 si\u0119 pog\u0142oski, \u017ce\u00a0minister Czarnek jest na\u00a0wylocie, \u017ce\u00a0wicepremier do\u00a0spraw bezpiecze\u0144stwa by\u0107 mo\u017ce rozwa\u017ca wymian\u0119 cz\u0142owieka, kt\u00f3ry\u00a0b\u0119dzie dalej prowadzi\u0142 dzie\u0142o analfabetyzacji dzieci i\u00a0m\u0142odzie\u017cy.<\/span><\/p>\n<div class=\"wp-block-image\">\n<figure class=\"alignleft size-full is-resized\"><img decoding=\"async\" loading=\"lazy\" class=\"wp-image-178942 alignleft\" src=\"https:\/\/studioopinii.pl\/wp-content\/uploads\/2017\/03\/referendum-szko%C5%82a.jpg\" sizes=\"(max-width: 166px) 100vw, 166px\" srcset=\"https:\/\/studioopinii.pl\/wp-content\/uploads\/2017\/03\/referendum-szko\u0142a.jpg 480w, https:\/\/studioopinii.pl\/wp-content\/uploads\/2017\/03\/referendum-szko\u0142a-150x150.jpg 150w, https:\/\/studioopinii.pl\/wp-content\/uploads\/2017\/03\/referendum-szko\u0142a-450x450.jpg 450w, https:\/\/studioopinii.pl\/wp-content\/uploads\/2017\/03\/referendum-szko\u0142a-115x115.jpg 115w\" alt=\"\" width=\"166\" height=\"166\" \/><\/figure>\n<\/div>\n<p><span style=\"color: #000080;\">Czy\u00a0sam Jaros\u0142aw Kaczy\u0144ski jest politycznym analfabet\u0105, czy\u00a0zgo\u0142a przeciwnie, mistrzem manipulacji i\u00a0wiernym uczniem katolickiej i\u00a0ziemia\u0144skiej tradycji niszczenia o\u015bwiaty i\u00a0zast\u0119powania jej pod\u017ceganiem do\u00a0nienawi\u015bci?<\/span><\/p>\n<p><span style=\"color: #000080;\">Nie, zaborcy nie\u00a0uniemo\u017cliwiali nam podejmowania wysi\u0142k\u00f3w uczenia naszych dzieci, znacznie bardziej barbarzy\u0144ska okupacja nazistowska nie\u00a0zdo\u0142a\u0142a powstrzyma\u0107 podziemnego nauczania.\u00a0<strong>Jak d\u0142ugo b\u0119dziemy mieli w\u0142adz\u0119 Kaczy\u0144skiego i\u00a0jego partii, przybywa\u0107 b\u0119dzie kurator\u00f3w takich jak Barbara Nowak, dyrektor\u00f3w szk\u00f3\u0142 dobieraj\u0105cych nauczycieli pos\u0142usznie realizuj\u0105cych wytyczne MEN i\u00a0pisowskich samorz\u0105dowc\u00f3w wspieraj\u0105cych systematyczne zast\u0119powanie nauczania wychowaniem w\u00a0duchu katolickiego \u201epatriotyzmu\u201d.\u00a0<\/strong><\/span><\/p>\n<hr \/>\n<div class=\"gb-profile-column gb-profile-avatar-wrap\">\n<div class=\"gb-profile-image-wrap\">\n<figure class=\"gb-profile-image-square\"><img decoding=\"async\" loading=\"lazy\" class=\"gb-profile-avatar wp-image-180999 alignleft\" src=\"https:\/\/studioopinii.pl\/wp-content\/uploads\/2017\/06\/Koraszewski.jpg\" alt=\"\" width=\"110\" height=\"112\" \/><\/figure>\n<\/div>\n<\/div>\n<div class=\"gb-profile-column gb-profile-content-wrap\">\n<p class=\"gb-profile-name\" style=\"text-align: left;\"><strong><span style=\"color: #808080;\"><em>Andrzej Koraszewski<\/em><\/span><\/strong><\/p>\n<p class=\"gb-profile-title\" style=\"text-align: left;\"><span style=\"color: #808080;\"><em>Publicysta i\u00a0pisarz ekonomiczno-spo\u0142eczny<\/em><\/span><\/p>\n<div class=\"gb-profile-text\">\n<p style=\"text-align: left;\"><span style=\"color: #808080;\"><em>Ur. 26 marca\u00a0<strong>1940\u00a0<\/strong>w\u00a0Szymbarku, by\u0142y dziennikarz\u00a0<a class=\"extlink https\" style=\"color: #808080;\" href=\"https:\/\/www.wikiwand.com\/pl\/BBC\">BBC<\/a>, wiceszef polskiej sekcji BBC, i\u00a0publicysta paryskiej \u201e<a class=\"extlink https\" style=\"color: #808080;\" href=\"https:\/\/www.wikiwand.com\/pl\/Kultura_(miesi%C4%99cznik)\">Kultury<\/a>\u201d. <a class=\"extlink https\" style=\"color: #808080;\" href=\"https:\/\/pl.wikipedia.org\/wiki\/Andrzej_Koraszewski\" target=\"_blank\" rel=\"noreferrer noopener\"><strong>Wi\u0119cej w\u00a0Wikipedii<\/strong><\/a><\/em><\/span><\/p>\n<\/div>\n<\/div>\n<hr style=\"height: 15px; background: #d0e6fa; width: 100%;\" \/>\n<div id=\"content\" class=\"content-alignment\">\n<div id=\"watch-description\" class=\"yt-uix-button-panel\">\n<div id=\"watch-description-text\" style=\"text-align: center;\">\n<p><em>Zawarto\u015b\u0107 publikowanych artyku\u0142\u00f3w i materia\u0142\u00f3w nie reprezentuje pogl\u0105d\u00f3w ani opinii Reunion&#8217;68,<\/em><em><br \/>\nani te\u017c webmastera Blogu Reunion&#8217;68, chyba ze jest to wyra\u017anie zaznaczone.<br \/>\nTwoje uwagi, linki, w\u0142asne artyku\u0142y lub wiadomo\u015bci prze\u015blij na adres:<br \/>\n<\/em><span style=\"color: #000080;\"><strong><em><a style=\"color: #000080;\" href=\"mailto:webmaster@reunion68.com\"><span style=\"text-decoration: underline;\">webmaster@reunion68.com<\/span><\/a><\/em><\/strong><\/span><\/p>\n<\/div>\n<\/div>\n<\/div>\n<hr style=\"width: 100%;\" \/>\n","protected":false},"excerpt":{"rendered":"<p>Pisowscy ministrowie o\u015bwiaty (\u017br\u00f3d\u0142o: wikipedia) Jaros\u0142aw Kaczy\u0144ski i historia polskiego analfabetyzmu Andrzej Koraszewski Czytam w\u00a0Internecie ciekaw\u0105 informacj\u0119: \u201eW Polsce\u00a0analfabetyzm\u00a0by\u0142 spu\u015bcizn\u0105 po\u00a0polityce zaborc\u00f3w, kt\u00f3rzy\u00a0d\u0105\u017cyli do\u00a0ograniczania szkolnictwa. W\u00a01914 na\u00a0ziemiach polskich by\u0142o: 57% analfabet\u00f3w w\u00a0zaborze\u00a0rosyjskim, 40% w\u00a0Galicji i\u00a05% w\u00a0zaborze\u00a0pruskim.\u201d Ciekaw jestem jak wielu czytelnik\u00f3w oburzy si\u0119 na\u00a0mnie za\u00a0inn\u0105 interpretacj\u0119 tego cytatu. Spo\u015br\u00f3d trzech zaborc\u00f3w tylko\u00a0Niemcy walczyli z\u00a0kultur\u0105 polskiego [&hellip;]<\/p>\n","protected":false},"author":1,"featured_media":0,"comment_status":"closed","ping_status":"closed","sticky":false,"template":"","format":"standard","meta":[],"categories":[6],"tags":[26,24],"_links":{"self":[{"href":"https:\/\/www.reunion68.se\/index.php?rest_route=\/wp\/v2\/posts\/90684"}],"collection":[{"href":"https:\/\/www.reunion68.se\/index.php?rest_route=\/wp\/v2\/posts"}],"about":[{"href":"https:\/\/www.reunion68.se\/index.php?rest_route=\/wp\/v2\/types\/post"}],"author":[{"embeddable":true,"href":"https:\/\/www.reunion68.se\/index.php?rest_route=\/wp\/v2\/users\/1"}],"replies":[{"embeddable":true,"href":"https:\/\/www.reunion68.se\/index.php?rest_route=%2Fwp%2Fv2%2Fcomments&post=90684"}],"version-history":[{"count":11,"href":"https:\/\/www.reunion68.se\/index.php?rest_route=\/wp\/v2\/posts\/90684\/revisions"}],"predecessor-version":[{"id":90700,"href":"https:\/\/www.reunion68.se\/index.php?rest_route=\/wp\/v2\/posts\/90684\/revisions\/90700"}],"wp:attachment":[{"href":"https:\/\/www.reunion68.se\/index.php?rest_route=%2Fwp%2Fv2%2Fmedia&parent=90684"}],"wp:term":[{"taxonomy":"category","embeddable":true,"href":"https:\/\/www.reunion68.se\/index.php?rest_route=%2Fwp%2Fv2%2Fcategories&post=90684"},{"taxonomy":"post_tag","embeddable":true,"href":"https:\/\/www.reunion68.se\/index.php?rest_route=%2Fwp%2Fv2%2Ftags&post=90684"}],"curies":[{"name":"wp","href":"https:\/\/api.w.org\/{rel}","templated":true}]}}