{"id":90713,"date":"2021-11-24T17:09:59","date_gmt":"2021-11-24T15:09:59","guid":{"rendered":"http:\/\/www.reunion68.se\/?p=90713"},"modified":"2021-11-20T09:16:44","modified_gmt":"2021-11-20T07:16:44","slug":"15-05-69","status":"publish","type":"post","link":"https:\/\/www.reunion68.se\/?p=90713","title":{"rendered":"NAS\u0141UCH: KO\u015aCI\u00d3\u0141, LEWICA, DIALOG"},"content":{"rendered":"<p style=\"text-align: left;\"><img decoding=\"async\" class=\"alignleft\" src=\"https:\/\/www.dwutygodnik.com\/public\/media\/authors\/image\/tomasz-cyz-portrait.png\" width=\"25%\"><em>TOMASZ CYZ<\/em><br \/>\n<em>Ur. 1977, re\u017cyser, eseista, redaktor naczelny dwutygodnik.com w latach 2009-2013, w latach 2013-2019 redaktor naczelny \u201eRuchu Muzycznego\u201d. Cz\u0142onek zespo\u0142u redakcyjnego \u201eZeszyt\u00f3w Literackich\u201d. Autor ksi\u0105\u017cek: \u201eArioso\u201d, \u201ePowroty Dionizosa\u201d, \u201ePasja 20, 21. Powroty Chrystusa\u201d. Jako T. napisa\u0142 libretto opery \u201eFedra\u201d Dobromi\u0142y Jaskot. Dramaturg Mariusza Treli\u0144skiego i Teatru Wielkiego-Opery Narodowej (2005-2006). Absolwent re\u017cyserii AT w Warszawie, autor przedstawie\u0144 operowych, dramatycznych, s\u0142uchowisk i spektakli dla dzieci.<\/em><\/p>\n<hr>\n<h5 style=\"text-align: center;\"><a href=\"https:\/\/www.dwutygodnik.com\/\" target=\"_blank\" rel=\"noopener noreferrer\"><img decoding=\"async\" class=\"center alignleft\" src=\"http:\/\/www.reunion68.com\/Biuletyn\/img\/dwutygodnik-1.png\" alt=\"\" width=\"35%\"><\/a><span style=\"text-decoration: underline; color: #000080;\"><span style=\"text-decoration: underline;\"><strong><a style=\"color: #000080; text-decoration: underline;\" href=\"https:\/\/www.dwutygodnik.com\/artykul\/4587-nasluch-kosciol-lewica-dialog.html\" target=\"_blank\" rel=\"noopener noreferrer\">NAS\u0141UCH:<br \/>\nKO\u015aCI\u00d3\u0141, LEWICA, DIALOG<\/a><\/strong><\/span><\/span><\/h5>\n<p style=\"text-align: center;\"><span style=\"color: #000000;\"><strong>TOMASZ CYZ<\/strong><\/span><\/p>\n<hr style=\"height: 15px; background: #d0e6fa; width: 100%;\">\n<p style=\"text-align: left;\"><span style=\"color: #000080;\">Najpierw fakty.&nbsp;<a style=\"color: #000080;\" href=\"http:\/\/www.dwutygodnik.com\/artykul\/2899-archiwa-performance-z-pamieci.html\" target=\"_blank\" rel=\"noopener noreferrer\"><span style=\"text-decoration: underline;\"><strong>O\u015brodek Brama Grodzka \u2013 Teatr NN w&nbsp;Lublini<\/strong><\/span>e<\/a>&nbsp;od nowego roku akademickiego planuje we wsp\u00f3\u0142pracy z&nbsp;Instytutem Filologii Polskiej KUL cykl zaj\u0119\u0107 pod has\u0142em \u201eteksty kultury i&nbsp;animacja sieci\u201d. Studenci mieliby si\u0119 uczy\u0107 o&nbsp;wykorzystaniu internetu w&nbsp;szeroko poj\u0119tej kulturze. Nauki nigdy do\u015b\u0107, nauki o&nbsp;wykorzystaniu internetu tym bardziej. Przypomnijmy, \u017ce Teatr NN rozpocz\u0105\u0142 swoj\u0105 dzia\u0142alno\u015b\u0107 na pocz\u0105tku lat 90. od upami\u0119tniania \u017cydowskiego dziedzictwa Lublina, a&nbsp;dzi\u015b realizuje wiele innych projekt\u00f3w kulturalnych, w&nbsp;tym tak\u017ce dotycz\u0105cych multimedialnych przewodnik\u00f3w po mie\u015bcie czy wirtualnych makiet Lublina (m.in. portal&nbsp;<span style=\"text-decoration: underline;\"><strong><a style=\"color: #000080; text-decoration: underline;\" href=\"http:\/\/teatrnn.pl\/leksykon\/\" target=\"_blank\" rel=\"noopener noreferrer\">Leksykon Lublin<\/a>&nbsp;czy&nbsp;<a style=\"color: #000080; text-decoration: underline;\" href=\"http:\/\/www.zydzi-zycie.net\/\" target=\"_blank\" rel=\"noopener noreferrer\">portal internetowy o&nbsp;historii \u017byd\u00f3w w&nbsp;Europie<\/a>)<\/strong><\/span>. To jedno z&nbsp;tych nielicznych w&nbsp;Polsce miejsc, kt\u00f3re ponad podzia\u0142ami, ideologiami i&nbsp;izmami stara si\u0119 budowa\u0107 mosty mi\u0119dzy przesz\u0142o\u015bci\u0105 i&nbsp;tera\u017aniejszo\u015bci\u0105, mi\u0119dzy kulturami, tradycjami i&nbsp;religiami \u2013 nawi\u0105zuj\u0105c do symbolicznego i&nbsp;historycznego znaczenia swojej siedziby, Bramy Grodzkiej, zwanej te\u017c Bram\u0105 \u017bydowsk\u0105 \u2013 miejsca przej\u015bcia mi\u0119dzy miastem chrze\u015bcija\u0144skim i&nbsp;\u017cydowskim.<\/span><\/p>\n<p><span style=\"color: #000080;\">Teraz fakty po faktach. Jaki\u015b miesi\u0105c temu portal Polonia Christiana wykry\u0142 w&nbsp;programie wspomnianych wy\u017cej studi\u00f3w wyk\u0142ad&nbsp;<em>gender: feminizm, queer studies, men&#8217;s studies<\/em>. \u201eGender&nbsp;\u2013 pisa\u0142 dziennikarz&nbsp;<a style=\"color: #000080;\" href=\"http:\/\/www.pch24.pl\/\" target=\"_blank\" rel=\"noopener noreferrer\">pch24.pl<\/a>&nbsp;\u2013 to przecie\u017c nowa, lewacka ideologia, kt\u00f3ra traktuje p\u0142e\u0107 jako role, cechy i&nbsp;zachowania, kt\u00f3re s\u0105 kszta\u0142towane przez spo\u0142ecze\u0144stwo i&nbsp;kultur\u0119, nie za\u015b przez biologi\u0119 i&nbsp;tradycj\u0119\u201d. Okej, lepiej dmucha\u0107 na zimne, albo lepiej nie dmucha\u0107, nie znamy (si\u0119), boimy si\u0119, nie by\u0142o o&nbsp;tym na (lekcjach) religii, a&nbsp;mo\u017ce wszystko naraz.<\/span><\/p>\n<p><span style=\"color: #000080;\">Ale to jeszcze nic. Jaki\u015b tydzie\u0144 temu ordynariusz w\u0142oc\u0142awski bp Wies\u0142aw Mering zwr\u00f3ci\u0142 si\u0119 z&nbsp;oficjalnym pytaniem do w\u0142adz uniwersyteckich o&nbsp;wyja\u015bnienie oferty wyk\u0142ad\u00f3w na temat&nbsp;<em>gender<\/em>&nbsp;na Katolickim Uniwersytecie Lubelskim: \u201eCzcigodny Ksi\u0119\u017ce Rektorze, w&nbsp;zwi\u0105zku z&nbsp;doniesieniami prasowymi o&nbsp;wprowadzeniu na Katolickim Uniwersytecie Lubelskim oferty wyk\u0142adu&nbsp;<em>GENDER: feminizm, queer studies, men\u2019s studies<\/em>, uprzejmie prosz\u0119 o&nbsp;pilne wyja\u015bnienie sprawy, a&nbsp;zw\u0142aszcza o&nbsp;odpowied\u017a, czy program zosta\u0142 przygotowany we wsp\u00f3\u0142pracy z&nbsp;o\u015brodkiem Brama Grodzka \u2013 Teatr NN, czyli \u015brodowiskiem bliskim \u00abKrytyce Politycznej\u00bb i&nbsp;skrajnej lewicy. B\u0119d\u0119 zobowi\u0105zany za do\u0142\u0105czenie programu planowanych wyk\u0142ad\u00f3w. Oczekuj\u0119 odpowiedzi, gdy\u017c chc\u0119 poruszy\u0107 problem na najbli\u017cszym zebraniu Konferencji Episkopatu Polski w&nbsp;Krakowie. \u0141\u0105cz\u0119 wyrazy szacunku&#8230;\u201d.<\/span><\/p>\n<p><span style=\"color: #000080;\">Na szcz\u0119\u015bcie do\u015b\u0107 szybko dyrektor Instytutu Filologii Polskiej KUL napisa\u0142 o\u015bwiadczenie, w&nbsp;kt\u00f3rym odpowiada bp. Wies\u0142awowi Meringowi na jego pytania odno\u015bnie wsp\u00f3\u0142pracy KUL z&nbsp;Bram\u0105 Grodzk\u0105 przy uruchamianiu serii wyk\u0142ad\u00f3w na temat&nbsp;<em>gender<\/em>. Czytamy tam m.in.: \u201eProjekt studi\u00f3w&nbsp;<em>Teksty kultury i&nbsp;animacja sieci<\/em>&nbsp;wyrasta z&nbsp;rozpoznania nieuchronnych i&nbsp;bardzo powa\u017cnych wyzwa\u0144 spo\u0142eczno-kulturowych, jakie staj\u0105 przed polsk\u0105 humanistyk\u0105, i&nbsp;roli, jak\u0105 w&nbsp;podj\u0119ciu tych wyzwa\u0144 powinien odegra\u0107 Katolicki Uniwersytet Jana Paw\u0142a II. [&#8230;] Pragniemy, by nasi absolwenci byli zdolni do przyj\u0119cia odpowiedzialno\u015bci za ludzki wymiar kultury XXI wieku, w&nbsp;tym tak\u017ce kultury cyfrowej, by \u2013 zadomowieni w&nbsp;niej \u2013 umieli j\u0105 przekszta\u0142ca\u0107, najdos\u0142owniej humanizowa\u0107, by wreszcie umieli pomna\u017ca\u0107 jej zasoby dla po\u017cytku \u00abma\u0142ych ojczyzn\u00bb i&nbsp;szeroko rozumianego dziedzictwa narodowego. [&#8230;] Chcemy wreszcie, by w&nbsp;tych poczynaniach byli lud\u017ami dialogu, by rozumieli \u017ar\u00f3d\u0142a do\u015bwiadczenia chaosu, kt\u00f3ry n\u0119ka wsp\u00f3\u0142czesn\u0105 kultur\u0119, i&nbsp;by w&nbsp;tym zrozumieniu umieli proponowa\u0107 \u2013 lecz nie narzuca\u0107 \u2013 warto\u015bci humanistyczne, tych za\u015b, o&nbsp;czym jeste\u015bmy przekonani, nie mo\u017cna oderwa\u0107 od chrze\u015bcija\u0144stwa. Cz\u0142owiek bowiem, jak uczy\u0142 Jan Pawe\u0142 II, jest drog\u0105 Ko\u015bcio\u0142a. A nie mo\u017cna cz\u0142owieka zrozumie\u0107 bez Chrystusa\u201d. Nic doda\u0107, nic.<\/span><\/p>\n<p><span style=\"color: #000080;\">Wszystko to nie przeszkadza jednak w&nbsp;powtarzaniu bredni zw\u0142aszcza o&nbsp;skrajnej lewicowo\u015bci O\u015brodka Brama Grodzka \u2013 Teatr NN. Do\u015b\u0107 przypomnie\u0107 wywiad, kt\u00f3rego \u201eDo Rzeczy\u201d udzieli\u0142 Piotr Semka. Zacytujmy jedno zdanie: \u201eMnie O\u015brodek Brama Grodzka kojarzy si\u0119 z&nbsp;tym nurtem, kt\u00f3ry wytycza&nbsp;\u00abKrytyka Polityczna\u00bb i&nbsp;uwa\u017cam go za skrajn\u0105 lewic\u0119\u201d.<\/span><br \/>\n<span style=\"color: #000080;\">Czytajmy dalej: \u201eKa\u017cdy kto kliknie na stron\u0119 \u00abKP\u00bb zobaczy, \u017ce OBG jest pod wieloma wzgl\u0119dami bardzo podobne do \u015brodowiska \u00abKP\u00bb. Wed\u0142ug wielu znanych mi opinii ludzie, kt\u00f3rzy gromadz\u0105 si\u0119 na spotkaniach \u00abKP\u00bb to jest mniej wi\u0119cej to samo \u015brodowisko, kt\u00f3re ju\u017c na terenie kultury bardzo cz\u0119sto uczestniczy w&nbsp;imprezach OBG. [&#8230;] Instytut Filologii Polskiej mo\u017ce twierdzi\u0107, \u017ce im si\u0119 nie kojarzy \u2013 r\u00f3\u017cnica opinii. Natomiast je\u017celi tego typu \u015brodowisko ma uczy\u0107 o&nbsp;ideologii \u00abgender\u00bb, to jestem tym zdumiony\u201d.<\/span><br \/>\n<span style=\"color: #000080;\">I jeszcze: \u201eDla mnie argument, \u017ce biskup \u017byci\u0144ski wsp\u00f3\u0142pracowa\u0142 z&nbsp;OBG jest \u017cadnym argumentem, poniewa\u017c projekty, o&nbsp;kt\u00f3rych wspomina o\u015bwiadczenie Instytutu Filologii Polskiej dotyczy\u0142y kwestii archeologii pami\u0119ci polsko-\u017cydowskiej i&nbsp;tutaj nie mam \u017cadnych zastrze\u017ce\u0144. [&#8230;] Za czas\u00f3w ks. abp \u017byci\u0144skiego, kt\u00f3remu bardzo zale\u017ca\u0142o na akceptacji salonu, takie formy wsp\u00f3\u0142pracy, kt\u00f3re mog\u0142y by\u0107 ryzykowne i&nbsp;w\u0105tpliwe mia\u0142y si\u0119 jak najlepiej. Ostatni okres pos\u0142ugi biskupa \u017byci\u0144skiego obfitowa\u0142 w&nbsp;bardzo, ale to bardzo w\u0105tpliwe zaproszenia, deklaracje i&nbsp;zwroty ideowe\u201d. (Szkoda \u017ce Piotr Semka nie pami\u0119ta s\u0142ynnej z&nbsp;ducha chrze\u015bcija\u0144skiej maksymy:&nbsp;<span class=\"st\">\u201eDe mortuis nihil nisi bonum\u201d<\/span>.)<\/span><br \/>\n<span style=\"color: #000080;\">Wreszcie: \u201eNie jestem jedynym absolwentem KUL, kt\u00f3ry zwr\u00f3ci\u0142 uwag\u0119 na t\u0119 spraw\u0119. Np. Marian&nbsp;Pi\u0142ka wyra\u017anie i&nbsp;publicznie na facebooku powiedzia\u0142, \u017ce je\u017celi tego typu eksperymenty wymkn\u0105 si\u0119 spod kontroli, to on nie zamierza uczestniczy\u0107 w&nbsp;zbi\u00f3rkach na KUL. A to jest cz\u0142owiek, kt\u00f3ry powinien by\u0107 dla tej uczelni wa\u017cnym punktem odniesienia\u201d.<\/span><\/p>\n<p><span style=\"color: #000080;\">Przepraszam za te cytaty, i&nbsp;ich ilo\u015b\u0107, ale metodologia zobowi\u0105zuje. Mo\u017ce jeszcze przypomnienie jednego fragmentu: \u201eMarian&nbsp;Pi\u0142ka wyra\u017anie i&nbsp;publicznie na facebooku powiedzia\u0142, \u017ce&#8230;\u201d. A mo\u017cna na facebooku niewyra\u017anie i&nbsp;niepublicznie? By\u0107 mo\u017ce w\u0142a\u015bnie ten fragment dowodzi konieczno\u015bci takiego kierunku na KUL&nbsp;\u2013 w\u015br\u00f3d niemal 2&nbsp;tysi\u0119cy godzin zaj\u0119\u0107 30-godzinny (!) wyk\u0142ad o&nbsp;<em>gender<\/em>&nbsp;stanowi tylko kropl\u0119 w&nbsp;morzu potrzeb. O co wi\u0119c kruszy\u0107 kopi\u0119?<\/span><\/p>\n<p><span style=\"color: #000080;\">Jeszcze kilka s\u0142\u00f3w wyja\u015bnienia. Marian Pi\u0142ka jest absolwentem Wydzia\u0142u Nauk Humanistycznych KUL. Poza tym by\u0142 pos\u0142em na Sejm I, III, IV i&nbsp;V kadencji, prezesem ZChN, wiceprzewodnicz\u0105cym AWS, wsp\u00f3\u0142tw\u00f3rc\u0105 Przymierza Prawicy, cz\u0142onkiem PIS, wiceprzewodnicz\u0105cym Komisji Spraw Zagranicznych oraz przewodnicz\u0105cym Polsko-Tajwa\u0144skiego Zespo\u0142u Parlamentarnego, cz\u0142onkiem Prawicy Rzeczypospolitej. Nic dziwnego, \u017ce \u201epowinien by\u0107 dla tej uczelni wa\u017cnym punktem odniesienia\u201d, zw\u0142aszcza \u017ce \u201enie zamierza uczestniczy\u0107 w&nbsp;zbi\u00f3rkach na KUL\u201d.<\/span><\/p>\n<p><span style=\"color: #000080;\">Strachy na lachy, ale wywiad z&nbsp;Piotrem Semk\u0105 \u2013 opublikowany tak\u017ce na portalu&nbsp;<span style=\"text-decoration: underline;\"><strong><a style=\"color: #000080; text-decoration: underline;\" href=\"http:\/\/www.fronda.pl\/\" target=\"_blank\" rel=\"noopener noreferrer\">fronda.pl<\/a><\/strong><\/span>&nbsp;\u2013 jest gro\u017any z&nbsp;innego powodu. Pokazuje bowiem prawd\u0119 tkwi\u0105c\u0105 w&nbsp;s\u0142ynnym powiedzeniu Josefa Goebbelsa: \u201e<span class=\"st\">K\u0142amstwo powt\u00f3rzone tysi\u0105c razy staje si\u0119 prawd\u0105<\/span>\u201d. Wystarczy bowiem, \u017ce powt\u00f3rzymy w&nbsp;r\u00f3\u017cnych miejscach i&nbsp;w r\u00f3\u017cnym czasie (jakby\u015bmy uko\u0144czyli jedno szkolenie z&nbsp;zakresie nowoczesnego pijaru&nbsp;<span class=\"st\">\u00e0 la<\/span>&nbsp;Piotr Tymochowicz), i\u017c O\u015brodek Brama Grodzka jest skrajn\u0105 lewic\u0105, por\u00f3wnywaln\u0105 z&nbsp;diab\u0142em w&nbsp;rogatej sk\u00f3rze \u201eKrytyki Politycznej\u201d, a&nbsp;uwierz\u0105 nam. I popr\u0105 nas w&nbsp;najbli\u017cszych wyborach do rady osiedla czy dzielnicy, do rady parafialnej, do kraju rad. I stanie si\u0119 to prawd\u0105, jak s\u0142owo sta\u0142o si\u0119 cia\u0142em.<\/span><\/p>\n<p><span style=\"color: #000080;\">Tylko \u017ce ci wszyscy ideolodzy w&nbsp;sutannie czy bez po jednym kursie PR nie byli nigdy w&nbsp;O\u015brodku Brama Grodzka \u2013 Teatrze NN w&nbsp;Lublinie. Bo gdybyli byli, wiedzieliby, \u017ce to szczeg\u00f3lny instytut pami\u0119ci narodowej. Szczeg\u00f3lny, bo po\u015bwi\u0119cony tylko pami\u0119ci. Pami\u0119ci o&nbsp;tym, co&nbsp;<em>zgin\u0119\u0142o i&nbsp;szuka imienia<\/em>. Po kt\u00f3rym mo\u017cna chodzi\u0107 tak po prawej, jak po lewej stronie schod\u00f3w. A nawet \u015brodkiem.<\/span><\/p>\n<hr>\n<div class=\"smaller\" align=\"justify\"><em>Tekst dost\u0119pny na licencji Creative Commons&nbsp;<a href=\"https:\/\/creativecommons.org\/licenses\/by-nc-nd\/3.0\/pl\/legalcode\" target=\"_blank\" rel=\"noopener noreferrer\">BY-NC-ND 3.0 PL<\/a>.<\/em><\/div>\n<hr style=\"height: 15px; background: #d0e6fa; width: 100%;\">\n<div id=\"content\" class=\"content-alignment\">\n<div id=\"watch-description\" class=\"yt-uix-button-panel\">\n<div id=\"watch-description-text\" style=\"text-align: center;\">\n<p><em>Zawarto\u015b\u0107 publikowanych artyku\u0142\u00f3w i materia\u0142\u00f3w nie reprezentuje pogl\u0105d\u00f3w ani opinii Reunion&#8217;68,<\/em><em><br \/>\nani te\u017c webmastera Blogu Reunion&#8217;68, chyba ze jest to wyra\u017anie zaznaczone.<br \/>\nTwoje uwagi, linki, w\u0142asne artyku\u0142y lub wiadomo\u015bci prze\u015blij na adres:<br \/>\n<\/em><span style=\"color: #000080;\"><strong><em><a style=\"color: #000080;\" href=\"mailto:webmaster@reunion68.com\"><span style=\"text-decoration: underline;\">webmaster@reunion68.com<\/span><\/a><\/em><\/strong><\/span><\/p>\n<\/div>\n<\/div>\n<\/div>\n<hr style=\"width: 100%;\">\n","protected":false},"excerpt":{"rendered":"<p>TOMASZ CYZ Ur. 1977, re\u017cyser, eseista, redaktor naczelny dwutygodnik.com w latach 2009-2013, w latach 2013-2019 redaktor naczelny \u201eRuchu Muzycznego\u201d. Cz\u0142onek zespo\u0142u redakcyjnego \u201eZeszyt\u00f3w Literackich\u201d. Autor ksi\u0105\u017cek: \u201eArioso\u201d, \u201ePowroty Dionizosa\u201d, \u201ePasja 20, 21. Powroty Chrystusa\u201d. Jako T. napisa\u0142 libretto opery \u201eFedra\u201d Dobromi\u0142y Jaskot. Dramaturg Mariusza Treli\u0144skiego i Teatru Wielkiego-Opery Narodowej (2005-2006). Absolwent re\u017cyserii AT w Warszawie, [&hellip;]<\/p>\n","protected":false},"author":1,"featured_media":0,"comment_status":"closed","ping_status":"closed","sticky":false,"template":"","format":"standard","meta":[],"categories":[6],"tags":[26,24],"_links":{"self":[{"href":"https:\/\/www.reunion68.se\/index.php?rest_route=\/wp\/v2\/posts\/90713"}],"collection":[{"href":"https:\/\/www.reunion68.se\/index.php?rest_route=\/wp\/v2\/posts"}],"about":[{"href":"https:\/\/www.reunion68.se\/index.php?rest_route=\/wp\/v2\/types\/post"}],"author":[{"embeddable":true,"href":"https:\/\/www.reunion68.se\/index.php?rest_route=\/wp\/v2\/users\/1"}],"replies":[{"embeddable":true,"href":"https:\/\/www.reunion68.se\/index.php?rest_route=%2Fwp%2Fv2%2Fcomments&post=90713"}],"version-history":[{"count":10,"href":"https:\/\/www.reunion68.se\/index.php?rest_route=\/wp\/v2\/posts\/90713\/revisions"}],"predecessor-version":[{"id":90735,"href":"https:\/\/www.reunion68.se\/index.php?rest_route=\/wp\/v2\/posts\/90713\/revisions\/90735"}],"wp:attachment":[{"href":"https:\/\/www.reunion68.se\/index.php?rest_route=%2Fwp%2Fv2%2Fmedia&parent=90713"}],"wp:term":[{"taxonomy":"category","embeddable":true,"href":"https:\/\/www.reunion68.se\/index.php?rest_route=%2Fwp%2Fv2%2Fcategories&post=90713"},{"taxonomy":"post_tag","embeddable":true,"href":"https:\/\/www.reunion68.se\/index.php?rest_route=%2Fwp%2Fv2%2Ftags&post=90713"}],"curies":[{"name":"wp","href":"https:\/\/api.w.org\/{rel}","templated":true}]}}