{"id":9077,"date":"2014-11-17T19:13:15","date_gmt":"2014-11-17T17:13:15","guid":{"rendered":"http:\/\/www.reunion68.se\/?p=9077"},"modified":"2014-11-17T19:13:45","modified_gmt":"2014-11-17T17:13:45","slug":"wiecej-o-filmie-w-poszukiwaniu-utraconego-krajobrazu","status":"publish","type":"post","link":"https:\/\/www.reunion68.se\/?p=9077","title":{"rendered":"Wiecej o filmie W poszukiwaniu utraconego krajobrazu"},"content":{"rendered":"<h4 style=\"text-align: center;\"><a href=\"http:\/\/www.camerimage.pl\/\" target=\"_blank\"><img decoding=\"async\" class=\"center alignleft\" src=\"http:\/\/www.reunion68.com\/Biuletyn\/kantor\/zaba.png\" alt=\"\" width=\"80\" \/><\/a><span style=\"text-decoration: underline; color: #000080;\"><span style=\"text-decoration: underline;\"><strong><a style=\"color: #000080; text-decoration: underline;\" href=\"http:\/\/www.camerimage.pl\/pl\/Pokazy-Specjalne-Filmow-Dokumentalnych-3-W-Poszukiwaniu-Utraconego-Krajobrazu.html\" target=\"_blank\">CAMERIMAGE 2014<\/a><\/strong><\/span><\/span><\/h4>\n<p style=\"text-align: center;\"><span style=\"color: #333333;\"><strong>W poszukiwaniu utraconego krajobrazu<\/strong><\/span><\/p>\n<hr style=\"height: 15px; background: #d0e6fa; width: 710px;\" \/>\n<p style=\"text-align: left;\"><span style=\"color: #000080;\"><strong>Opis<\/strong><\/span><br \/>\n<span style=\"color: #000080;\"><br \/>\nZrealizowany przez publicyst\u0119 Leo Kantora autobiograficzny dokument a zarazem unikatowa historia spo\u0142eczno\u015bci \u017cydowskiej w Breslau-Wroc\u0142awiu i na Dolnym \u015al\u0105sku. S\u0105 w tym filmie spotkania w rodzinnym Strzegomiu, gdzie po wojnie z rodzicami zamieszka\u0142 ma\u0142y Leo, s\u0105 te\u017c dzieje znanych i mniej znanych \u017byd\u00f3w, kluczowe wydarzenia i krajobrazy: ocala\u0142e i te, kt\u00f3re \u017cyj\u0105 ju\u017c tylko we wspomnieniach bohatera.<\/span><br \/>\n<span style=\"color: #000080;\"> Sekcja festiwalu<\/span><\/p>\n<p style=\"text-align: left;\"><span style=\"color: #000080;\"> Dokumentalny Pokaz Specjalny<\/span><br \/>\n<span style=\"color: #000080;\"> Data i miejsce projekcji<\/span><br \/>\n<span style=\"color: #000080;\"> 20-11-2014; 18:30<\/span><br \/>\n<span style=\"color: #000080;\"> Opera Nova &#8211; sala dokumentalna<\/span><\/p>\n<p style=\"text-align: left;\"><span style=\"color: #000080;\">Film jest jak gotycka katedra, kt\u00f3ra powstaje jako efekt wsp\u00f3\u0142pracy artyst\u00f3w\u00a0<\/span><span style=\"color: #000080;\">r\u00f3\u017cnych profesji kierowanych przez &#8216;magister operis&#8217;, a w filmie przez re\u017cysera.\u00a0<\/span><span style=\"color: #000080;\">To g\u0142\u00f3wnie re\u017cyserzy i aktorzy (kt\u00f3rzy s\u0105 jak rze\u017aby i obrazy zdobi\u0105ce katedr\u0119)\u00a0<\/span><span style=\"color: #000080;\">przyci\u0105gaj\u0105 uwag\u0119 podczas festiwali, konkurs\u00f3w i przegl\u0105d\u00f3w. Rola autor\u00f3w zdj\u0119\u0107\u00a0<\/span><span style=\"color: #000080;\">filmowych i ich znaczenie jako os\u00f3b maj\u0105cych wk\u0142ad w wizualny efekt ca\u0142o\u015bci &#8211; ostateczny\u00a0<\/span><span style=\"color: #000080;\">kszta\u0142t obrazu filmowego &#8211; jest zwykle niedoceniana. A jednak, tworzenie film\u00f3w przy\u00a0<\/span><span style=\"color: #000080;\">u\u017cyciu kamery si\u0119ga \u017ar\u00f3de\u0142 kinematografii oraz narracji filmowej i tak samo jak fabu\u0142a\u00a0<\/span><span style=\"color: #000080;\">kreuje znaczenie. Nie by\u0142oby to mo\u017cliwe bez wyj\u0105tkowej sztuki autor\u00f3w zdj\u0119\u0107 filmowych.\u00a0<\/span><span style=\"color: #000080;\">&#8211; Marek \u017bydowicz, Dyrektor Festiwalu<\/span><\/p>\n<p><img decoding=\"async\" class=\"center aligncenter\" src=\"http:\/\/www.reunion68.com\/Biuletyn\/img\/break.png\" alt=\"\" \/><\/p>\n<p style=\"text-align: center;\"><img decoding=\"async\" class=\"logo alignleft\" src=\"http:\/\/www.festiwalnurt.pl\/templates\/pixeldot\/images\/logo.png\" alt=\"\" border=\"0\" \/><br \/>\n<span style=\"text-decoration: underline;\"><strong><a style=\"color: #000080; text-decoration: underline;\" href=\"http:\/\/www.festiwalnurt.pl\/program\/383-program-xx-festiwalu-form-dokumentalnych-nurt-2014\" target=\"_blank\">Festiwal Form Dokumentalnych NURT 2014<\/a><\/strong><\/span><\/p>\n<p>&nbsp;<\/p>\n<p style=\"text-align: left;\"><span style=\"text-decoration: underline; color: #000080;\"><strong><a style=\"color: #000080; text-decoration: underline;\" href=\"http:\/\/www.festiwalnurt.pl\/program\/383-program-xx-festiwalu-form-dokumentalnych-nurt-2014\" target=\"_blank\">11. (54) &#8220;W POSZUKIWANIU UTRACONEGO KRAJOBRAZU&#8221; 40\u2019<\/a><\/strong><\/span><\/p>\n<p style=\"text-align: left;\"><span style=\"color: #000080;\">scen. i re\u017c.: Leo Leszek Kantor, zdj.: Jacek Knopp, Artur \u0141ukaszewicz, Grzegorz Hawa\u0142ej, mont.: Grzegorz Mazur, prod.: Kulturforum &amp; V-Film Andrzej Stachecki<\/span><\/p>\n<p style=\"text-align: left;\"><span style=\"color: #000080;\">Filmowa kreacja \u015bwiata m\u0142odo\u015bci autora wyrzuconego z kraju ojczystego w pami\u0119tnym roku 1968, a dzisiaj powracaj\u0105cego do Polski, by raz jeszcze zmierzy\u0107 si\u0119 z sentymentalnymi i tragicznymi jednocze\u015bnie obrazami niezawodnej pami\u0119ci dziecka.<\/span><\/p>\n<p style=\"text-align: left;\"><span style=\"color: #000080;\">Dyskusj\u0119 z autorami film\u00f3w po projekcji prowadzi Marian Curzyd\u0142o, cz\u0142onek Komisji Selekcyjnej NURT-u<\/span><\/p>\n<p><img decoding=\"async\" class=\"center aligncenter\" src=\"http:\/\/www.reunion68.com\/Biuletyn\/img\/break.png\" alt=\"\" \/><\/p>\n<p style=\"text-align: center;\"><span style=\"text-decoration: underline; color: #000080;\"><strong><a style=\"color: #000080; text-decoration: underline;\" href=\"http:\/\/www.reunion68.se\/?p=8156\" target=\"_blank\">Poprzednie informacje o Filmie L. Kantora ktore ukazaly sie na Blogu Reunion68.<\/a><\/strong><\/span><\/p>\n<p><img decoding=\"async\" class=\"center aligncenter\" src=\"http:\/\/www.reunion68.com\/Biuletyn\/img\/break.png\" alt=\"\" \/><\/p>\n<hr style=\"height: 15px; background: #d0e6fa; width: 710px;\" \/>\n<div id=\"content\" class=\"  content-alignment&lt;br \/&gt;&lt;br \/&gt; \">\n<div id=\"watch-description\" class=\"yt-uix-button-panel\">\n<div id=\"watch-description-text\">\n<p style=\"text-align: center;\"><span style=\"color: #808080;\"> twoje uwagi, linki, wlasne artykuly, lub wiadomosci przeslij do: <strong><span style=\"text-decoration: underline;\"><span style=\"color: #808080; text-decoration: underline;\"><a href=\"mailto:webmaster@reunion68.com\">webmaster@reunion68.com<\/a><\/span><\/span><\/strong><\/span><\/p>\n<\/div>\n<\/div>\n<\/div>\n<p>&nbsp;<\/p>\n<hr style=\"width: 710px;\" \/>\n","protected":false},"excerpt":{"rendered":"<p>CAMERIMAGE 2014 W poszukiwaniu utraconego krajobrazu Opis Zrealizowany przez publicyst\u0119 Leo Kantora autobiograficzny dokument a zarazem unikatowa historia spo\u0142eczno\u015bci \u017cydowskiej w Breslau-Wroc\u0142awiu i na Dolnym \u015al\u0105sku. S\u0105 w tym filmie spotkania w rodzinnym Strzegomiu, gdzie po wojnie z rodzicami zamieszka\u0142 ma\u0142y Leo, s\u0105 te\u017c dzieje znanych i mniej znanych \u017byd\u00f3w, kluczowe wydarzenia i krajobrazy: ocala\u0142e [&hellip;]<\/p>\n","protected":false},"author":1,"featured_media":0,"comment_status":"closed","ping_status":"closed","sticky":false,"template":"","format":"standard","meta":[],"categories":[6],"tags":[24],"_links":{"self":[{"href":"https:\/\/www.reunion68.se\/index.php?rest_route=\/wp\/v2\/posts\/9077"}],"collection":[{"href":"https:\/\/www.reunion68.se\/index.php?rest_route=\/wp\/v2\/posts"}],"about":[{"href":"https:\/\/www.reunion68.se\/index.php?rest_route=\/wp\/v2\/types\/post"}],"author":[{"embeddable":true,"href":"https:\/\/www.reunion68.se\/index.php?rest_route=\/wp\/v2\/users\/1"}],"replies":[{"embeddable":true,"href":"https:\/\/www.reunion68.se\/index.php?rest_route=%2Fwp%2Fv2%2Fcomments&post=9077"}],"version-history":[{"count":28,"href":"https:\/\/www.reunion68.se\/index.php?rest_route=\/wp\/v2\/posts\/9077\/revisions"}],"predecessor-version":[{"id":9106,"href":"https:\/\/www.reunion68.se\/index.php?rest_route=\/wp\/v2\/posts\/9077\/revisions\/9106"}],"wp:attachment":[{"href":"https:\/\/www.reunion68.se\/index.php?rest_route=%2Fwp%2Fv2%2Fmedia&parent=9077"}],"wp:term":[{"taxonomy":"category","embeddable":true,"href":"https:\/\/www.reunion68.se\/index.php?rest_route=%2Fwp%2Fv2%2Fcategories&post=9077"},{"taxonomy":"post_tag","embeddable":true,"href":"https:\/\/www.reunion68.se\/index.php?rest_route=%2Fwp%2Fv2%2Ftags&post=9077"}],"curies":[{"name":"wp","href":"https:\/\/api.w.org\/{rel}","templated":true}]}}