{"id":90923,"date":"2021-12-21T17:09:16","date_gmt":"2021-12-21T15:09:16","guid":{"rendered":"http:\/\/www.reunion68.se\/?p=90923"},"modified":"2021-12-15T12:15:11","modified_gmt":"2021-12-15T10:15:11","slug":"22-09-64","status":"publish","type":"post","link":"https:\/\/www.reunion68.se\/?p=90923","title":{"rendered":"Pi\u0142sudski: Spotykali\u015bmy w Polsce ludzi twierdz\u0105cych, \u017ce s\u0142u\u017cba dla Rosji jest r\u00f3wnoznaczna ze s\u0142u\u017cb\u0105 Ojczy\u017anie"},"content":{"rendered":"<p style=\"text-align: center;\"><img decoding=\"async\" class=\"aligncenter\" src=\"https:\/\/bi.im-g.pl\/im\/ab\/03\/19\/z26229419V,Jan-Jozef-Kasprzyk--szef-Urzedu-do-Spraw-Kombatant.jpg\" width=\"60%\"><span style=\"color: #808080;\"><em>Jan J\u00f3zef Kasprzyk, szef Urz\u0119du do Spraw Kombatant\u00f3w i Os\u00f3b Represjonowanych podczas otwarcia Cmentarza \u017bo\u0142nierzy Armii Ukrai\u0144skiej . (Fot. Patryk Ogorza\u0142ek \/ Agencja Gazeta)<\/em><\/span><\/p>\n<hr>\n<h5 style=\"text-align: center;\"><a href=\"https:\/\/wyborcza.pl\/\" target=\"_blank\" rel=\"noopener noreferrer\"><img decoding=\"async\" class=\"center alignleft\" src=\"http:\/\/www.reunion68.com\/Biuletyn\/img\/wyborcza-ale.png\" alt=\"\" width=\"35%\"><\/a><span style=\"text-decoration: underline; color: #000080;\"><strong><a style=\"color: #000080; text-decoration: underline;\" href=\"https:\/\/wyborcza.pl\/alehistoria\/7,162654,27801000,pilsudski-spotykalismy-w-polsce-ludzi-twierdzacych-ze-sluzba.html\" target=\"_blank\" rel=\"noopener noreferrer\">Pi\u0142sudski: Spotykali\u015bmy w Polsce ludzi twierdz\u0105cych, \u017ce s\u0142u\u017cba dla Rosji jest r\u00f3wnoznaczna ze s\u0142u\u017cb\u0105 Ojczy\u017anie<\/a><\/strong><\/span><\/h5>\n<p style=\"text-align: center;\"><span style=\"color: #000000;\"><strong>Pawe\u0142 Smole\u0144ski<\/strong><\/span><\/p>\n<hr style=\"height: 15px; background: #d0e6fa; width: 100%;\">\n<h4 style=\"text-align: center;\"><span style=\"color: #808080;\"><strong>Jak to mo\u017cliwe, by urz\u0119dnik podaj\u0105cy si\u0119 za pi\u0142sudczyka zadawa\u0142 si\u0119 z faszyzuj\u0105cymi byczkami? Odpowiedzi s\u0105, moim zdaniem, trzy.<\/strong><\/span><\/h4>\n<p>.<\/p>\n<p class=\"art_paragraph\" style=\"text-align: left;\"><span style=\"color: #000080;\">Jan J\u00f3zef Kasprzyk, m\u0119\u017cczyzna na poz\u00f3r powa\u017cny, gdy\u017c dobiegaj\u0105cy pi\u0119\u0107dziesi\u0105tki, urz\u0119dnik pa\u0144stwowy w randze ministra, bo szef urz\u0119du do spraw kombatant\u00f3w, dozna\u0142 wzmo\u017cenia i&nbsp;<span style=\"text-decoration: underline;\"><strong><a class=\"art_link\" style=\"color: #000080; text-decoration: underline;\" href=\"https:\/\/warszawa.wyborcza.pl\/warszawa\/7,54420,27783672,marsz-narodowcow-bedzie-mial-charatterlecki-oczywiscie-ze.html\" rel=\"dofollow\">uzna\u0142 listopadowy marsz nac-Polak\u00f3w i regularnych faszyst\u00f3w spod falangi i krzy\u017ca celtyckiego za imprez\u0119 rangi pa\u0144stwowej<\/a>.<\/strong><\/span> Nazwa\u0142 tych biedak\u00f3w \u201eskrzywdzonymi&#8221;, a tak\u017ce doceni\u0142 ich dorobek. W naszej posmutnia\u0142ej od kilku lat ojczy\u017anie takie postawy dziwi\u0105 coraz mniej, r\u00f3wnie\u017c dlatego, \u017ce za bycie skrajnym nacjonalist\u0105 mo\u017cna dosta\u0107 nie tylko pochwa\u0142\u0119 najwy\u017cszych w\u0142adz, ale nawet&nbsp;<span style=\"text-decoration: underline;\"><strong><a class=\"art_link\" style=\"color: #000080; text-decoration: underline;\" href=\"https:\/\/wyborcza.pl\/7,75398,27710136,poslowie-ko-sfalszowano-ocene-ekspertow-by-przyznac-pieniadze.html\" rel=\"dofollow\">trzy miliony z\u0142otych od wicepremiera Gli\u0144skiego, co sta\u0142o si\u0119 udzia\u0142em niejakiego B\u0105kiewicza<\/a>.<\/strong><\/span><\/span><\/p>\n<p class=\"art_paragraph\" style=\"text-align: left;\"><span style=\"color: #000080;\"><span style=\"text-decoration: underline;\"><strong>A mimo to \u00f3w\u017ce urz\u0119dnik w randze m<\/strong><\/span>inistra dziwi. W jego oficjalnym \u017cyciorysie,&nbsp;<span style=\"text-decoration: underline;\"><strong><a class=\"art_link\" style=\"color: #000080; text-decoration: underline;\" href=\"https:\/\/pl.wikipedia.org\/wiki\/Jan_J%C3%B3zef_Kasprzyk\" rel=\"nofollow\">jak r\u00f3wnie\u017c w Wikipedii<\/a>,<\/strong><\/span> widnieje, i\u017c Kasprzyk J.J. jest z przekona\u0144 zdeklarowanym pi\u0142sudczykiem. Bowiem kto inny, jak nie wyznawca Marsza\u0142ka, mo\u017ce by\u0107 prezesem Zwi\u0105zku Pi\u0142sudczyk\u00f3w, wiceprezesem Instytutu Pi\u0142sudskiego, a w przesz\u0142o\u015bci komendantowa\u0107 Marszowi Szlakiem I Kompanii Kadrowej i Zwi\u0105zkowi Strzeleckiemu \u201eStrzelec&#8221;. Chlubi si\u0119 r\u00f3wnie\u017c studiami historycznymi na poziomie magisterskim oraz doktoranckimi. Lubi, gdy o nim m\u00f3wi\u0105, \u017ce specjalizuje si\u0119 w historii II RP. \u017be przy okazji s\u0142u\u017cy w&nbsp;<a style=\"color: #000080;\" href=\"https:\/\/wyborcza.pl\/0,128956.html?tag=PiS#anchorLink\">PiS<\/a>, jest oczywiste, bo inaczej nie by\u0142by ministrem, nawet marginalnej rangi.<\/span><\/p>\n<h5 class=\"art_sub_title\" style=\"text-align: left;\"><strong>Naczelnik nie czu\u0142 \u017cadnej mi\u0119ty do podobnych ludk\u00f3w<\/strong><\/h5>\n<p class=\"art_paragraph\" style=\"text-align: left;\"><span style=\"color: #000080;\">Poniewa\u017c interesuj\u0119 si\u0119 histori\u0105 Polski, zda\u0142o mi si\u0119 dziwne, jak wyznawca Marsza\u0142ka mo\u017ce nobilitowa\u0107 faszyzuj\u0105cego B\u0105kiewicza i jego nacjonalistyczn\u0105 watah\u0119. Wszak, a wie to ka\u017cdy, kto cokolwiek o historii przeczyta\u0142, Naczelnik nie czu\u0142 \u017cadnej mi\u0119ty do podobnych ludk\u00f3w, a wr\u0119cz przeciwnie \u2013 czu\u0142 wobec nich pogard\u0119.<\/span><\/p>\n<p class=\"art_paragraph\" style=\"text-align: left;\"><span style=\"color: #000080;\">Jak wi\u0119c to mo\u017cliwe, by urz\u0119dnik podaj\u0105cy si\u0119 za pi\u0142sudczyka zadawa\u0142 si\u0119 z faszyzuj\u0105cymi byczkami? Odpowiedzi s\u0105, moim zdaniem, trzy.<\/span><\/p>\n<p class=\"art_paragraph\" style=\"text-align: left;\"><span style=\"color: #000080;\">Pierwsza: Kasprzyk dosta\u0142 rozkaz z g\u00f3ry i przerazi\u0142 si\u0119 nim tak bardzo, \u017ce wybra\u0142 oplucie dziedzictwa Marsza\u0142ka, byleby tylko by\u0107 us\u0142u\u017cnie pos\u0142usznym i tak zakomunikowa\u0107, \u017ce w\u0142adza powinna docenia\u0107 lizus\u00f3w. Co J\u00f3zef Pi\u0142sudski my\u015bla\u0142 o lizusach&nbsp;\u2013 te\u017c wiemy.<\/span><\/p>\n<blockquote class=\"art_blockquote\">\n<p style=\"text-align: left;\"><strong>Bywa\u0142o, i\u017c sam takich hodowa\u0142, lecz wola\u0142 nie przebywa\u0107 z nimi w jednym pokoju, bo \u2013 jak mawia\u0142o si\u0119 swego czasu w Litwie \u2013 waniaj\u0105.<\/strong><\/p>\n<\/blockquote>\n<p class=\"art_paragraph\" style=\"text-align: left;\"><span style=\"color: #000080;\">Druga: Kasprzyk jest nacjonalistyczn\u0105 agencin\u0105 w szeregach pi\u0142sudczyk\u00f3w i postanowi\u0142 tych pierwszych wspom\u00f3c w potrzebie. Zdanie J\u00f3zefa Pi\u0142sudskiego na temat agent\u00f3w jest r\u00f3wnie\u017c dobrze znane.<\/span><\/p>\n<p class=\"art_paragraph\" style=\"text-align: left;\"><span style=\"color: #000080;\">Trzecia: Kasprzyk m\u00f3g\u0142 niewiele zrozumie\u0107 z uniwersyteckich lektur, bo niekiedy bywaj\u0105 one trudne. Ciesz\u0119 si\u0119, \u017ce obroni doktorat. Niejacy P. Jaki,&nbsp;<span style=\"text-decoration: underline;\"><strong><a class=\"art_link\" style=\"color: #000080; text-decoration: underline;\" href=\"https:\/\/opole.wyborcza.pl\/opole\/7,35086,22333154,hatakumba-partyka-jakiego-wiceminister-sprawiedliwosci-rozbawil.html\" rel=\"dofollow\">doktor z hatakumby<\/a><\/strong><\/span>, Czarnecki R.,&nbsp;<span style=\"text-decoration: underline;\"><strong><a class=\"art_link\" style=\"color: #000080; text-decoration: underline;\" href=\"https:\/\/wiadomosci.gazeta.pl\/wiadomosci\/7,114884,27777504,ryszard-czarnecki-uhonorowany-w-uzbekistanie-zostal-doctor.html\" rel=\"dofollow\">doktor honoris z Uzbekistanu<\/a><\/strong><\/span>, i B\u0105kiewicz R., doktor in spe z&nbsp;<span style=\"text-decoration: underline;\"><strong><a class=\"art_link\" style=\"color: #000080; text-decoration: underline;\" href=\"https:\/\/warszawa.wyborcza.pl\/warszawa\/7,54420,27799023,demolki-nie-bylo-ale-przekaz-z-marszu-niepodleglosci-poszedl.html\" rel=\"dofollow\">kru\u017cgank\u00f3w o\u015bwiaty<\/a><\/strong><\/span>, nie b\u0119d\u0105 a\u017c tak osamotnieni.<\/span><\/p>\n<h5 class=\"art_sub_title\" style=\"text-align: left;\"><strong>Pi\u0142sudski:&nbsp;Gdy mnie ju\u017c nie b\u0119dzie, b\u0119d\u0119 mia\u0142 miliony zapalczywych wielbicieli<\/strong><\/h5>\n<p class=\"art_paragraph\" style=\"text-align: left;\"><span style=\"color: #000080;\">B\u00f3g nam \u0142askaw, gdy\u017c zachowa\u0142o si\u0119 kilka z\u0142otych my\u015bli Komendanta, kt\u00f3rymi mo\u017cna si\u0119 tu pos\u0142u\u017cy\u0107. Np. powszechnie znana o wspania\u0142ym narodzie i nieco mniej wspania\u0142ych ludziach.<\/span><\/p>\n<p class=\"art_paragraph\" style=\"text-align: left;\"><span style=\"color: #000080;\">Ale jest kilka sentencji mniej znanych, a mimo to wartych przypomnienia w kontek\u015bcie marszu z falang\u0119 w herbie, Kasprzyka J.J. i jego partyjnych pryncypa\u0142\u00f3w. Na przyk\u0142ad: \u201eNie ma lepszej po\u017cywki chorobotw\u00f3rczej dla bakteryj fa\u0142szu i legend, jak strach przed prawd\u0105 i brak woli&#8221;.<\/span><\/p>\n<p class=\"art_paragraph\" style=\"text-align: left;\"><span style=\"color: #000080;\">Albo: \u201e(\u2026) spotykali\u015bmy w Polsce ludzi twierdz\u0105cych, \u017ce s\u0142u\u017cba dla Rosji jest r\u00f3wnoznaczna ze s\u0142u\u017cb\u0105 Ojczy\u017anie&#8221;.<\/span><\/p>\n<p class=\"art_paragraph\" style=\"text-align: left;\"><span style=\"color: #000080;\">Albo: \u201eObc\u0105 jest nam wszelka nienawi\u015b\u0107 plemienna i narodowo\u015bciowa. Bojownicy wolno\u015bci wszystkich kraj\u00f3w i narod\u00f3w s\u0105 naszymi bra\u0107mi. Umiemy ho\u0142d odda\u0107 wszelkiej wielkiej my\u015bli, w jakimkolwiek j\u0119zyku si\u0119 zrodzi\u0142a, umiemy uczci\u0107 wszelkiego poet\u0119 i my\u015bliciela, jakikolwiek nar\u00f3d go wyda\u0142&#8221;.<\/span><\/p>\n<p class=\"art_paragraph\" style=\"text-align: left;\"><span style=\"color: #000080;\">Lub: \u201e(\u2026) niestety, spotkali\u015bmy Polsk\u0119 z kwasem \u015bledzinnik\u00f3w i burczeniem ludzi o chorych \u017co\u0142\u0105dkach&#8221;.<\/span><\/p>\n<p class=\"art_paragraph\" style=\"text-align: left;\"><span style=\"color: #000080;\">Lubi\u0119 te\u017c tak\u0105 my\u015bl Marsza\u0142ka: \u201ePowo\u0142ywa\u0107 si\u0119 na Ko\u015bciuszk\u0119, pos\u0142ugiwa\u0107 si\u0119 jego imieniem, zachwyca\u0107 si\u0119 nim i solidaryzowa\u0107 si\u0119 z jego idea\u0142ami mo\u017ce ka\u017cdy bezkarnie, bez konsekwencji i koszt\u00f3w. Bo Ko\u015bciuszko nie \u017cyje. Kto solidaryzuje si\u0119 ze mn\u0105, musi p\u0142aci\u0107 wysi\u0142kiem, m\u0119k\u0105, trudem, ofiar\u0105 z wolno\u015bci, z \u017cycia. Kiedy\u015b, gdy mnie ju\u017c nie b\u0119dzie, b\u0119d\u0119 mia\u0142 tak\u017ce miliony r\u00f3wnie zapalczywych i podobnie nieryzykuj\u0105cych wielbicieli&#8221;.<\/span><\/p>\n<p class=\"art_paragraph\" style=\"text-align: left;\"><span style=\"color: #000080;\">A kiedy (szcz\u0119\u015bliwie niecz\u0119sto) gdzie\u015b obok mnie zapuka patos, podobaj\u0105 mi si\u0119 te s\u0142owa Naczelnika: \u201ePanowie, ja widz\u0119 rzeczywisto\u015b\u0107 tak\u0105, jaka ona jest. W\u015br\u00f3d was kogo\u015b takiego nie ma. Je\u015bli taki kto\u015b nie znajdzie si\u0119, Polski za 10 lat mo\u017ce nie by\u0107&#8221;.<\/span><\/p>\n<hr style=\"height: 15px; background: #d0e6fa; width: 100%;\">\n<div id=\"content\" class=\"content-alignment\">\n<div id=\"watch-description\" class=\"yt-uix-button-panel\">\n<div id=\"watch-description-text\" style=\"text-align: center;\">\n<p><em>Zawarto\u015b\u0107 publikowanych artyku\u0142\u00f3w i materia\u0142\u00f3w nie reprezentuje pogl\u0105d\u00f3w ani opinii Reunion&#8217;68,<\/em><em><br \/>\nani te\u017c webmastera Blogu Reunion&#8217;68, chyba ze jest to wyra\u017anie zaznaczone.<br \/>\nTwoje uwagi, linki, w\u0142asne artyku\u0142y lub wiadomo\u015bci prze\u015blij na adres:<br \/>\n<\/em><span style=\"color: #000080;\"><strong><em><a style=\"color: #000080;\" href=\"mailto:webmaster@reunion68.com\"><span style=\"text-decoration: underline;\">webmaster@reunion68.com<\/span><\/a><\/em><\/strong><\/span><\/p>\n<\/div>\n<\/div>\n<\/div>\n<hr style=\"width: 100%;\">\n","protected":false},"excerpt":{"rendered":"<p>Jan J\u00f3zef Kasprzyk, szef Urz\u0119du do Spraw Kombatant\u00f3w i Os\u00f3b Represjonowanych podczas otwarcia Cmentarza \u017bo\u0142nierzy Armii Ukrai\u0144skiej . (Fot. Patryk Ogorza\u0142ek \/ Agencja Gazeta) Pi\u0142sudski: Spotykali\u015bmy w Polsce ludzi twierdz\u0105cych, \u017ce s\u0142u\u017cba dla Rosji jest r\u00f3wnoznaczna ze s\u0142u\u017cb\u0105 Ojczy\u017anie Pawe\u0142 Smole\u0144ski Jak to mo\u017cliwe, by urz\u0119dnik podaj\u0105cy si\u0119 za pi\u0142sudczyka zadawa\u0142 si\u0119 z faszyzuj\u0105cymi byczkami? [&hellip;]<\/p>\n","protected":false},"author":1,"featured_media":0,"comment_status":"closed","ping_status":"closed","sticky":false,"template":"","format":"standard","meta":[],"categories":[6],"tags":[26,24],"_links":{"self":[{"href":"https:\/\/www.reunion68.se\/index.php?rest_route=\/wp\/v2\/posts\/90923"}],"collection":[{"href":"https:\/\/www.reunion68.se\/index.php?rest_route=\/wp\/v2\/posts"}],"about":[{"href":"https:\/\/www.reunion68.se\/index.php?rest_route=\/wp\/v2\/types\/post"}],"author":[{"embeddable":true,"href":"https:\/\/www.reunion68.se\/index.php?rest_route=\/wp\/v2\/users\/1"}],"replies":[{"embeddable":true,"href":"https:\/\/www.reunion68.se\/index.php?rest_route=%2Fwp%2Fv2%2Fcomments&post=90923"}],"version-history":[{"count":8,"href":"https:\/\/www.reunion68.se\/index.php?rest_route=\/wp\/v2\/posts\/90923\/revisions"}],"predecessor-version":[{"id":91682,"href":"https:\/\/www.reunion68.se\/index.php?rest_route=\/wp\/v2\/posts\/90923\/revisions\/91682"}],"wp:attachment":[{"href":"https:\/\/www.reunion68.se\/index.php?rest_route=%2Fwp%2Fv2%2Fmedia&parent=90923"}],"wp:term":[{"taxonomy":"category","embeddable":true,"href":"https:\/\/www.reunion68.se\/index.php?rest_route=%2Fwp%2Fv2%2Fcategories&post=90923"},{"taxonomy":"post_tag","embeddable":true,"href":"https:\/\/www.reunion68.se\/index.php?rest_route=%2Fwp%2Fv2%2Ftags&post=90923"}],"curies":[{"name":"wp","href":"https:\/\/api.w.org\/{rel}","templated":true}]}}