{"id":91033,"date":"2021-11-22T17:05:58","date_gmt":"2021-11-22T15:05:58","guid":{"rendered":"http:\/\/www.reunion68.se\/?p=91033"},"modified":"2021-11-22T15:54:23","modified_gmt":"2021-11-22T13:54:23","slug":"26-05-65","status":"publish","type":"post","link":"https:\/\/www.reunion68.se\/?p=91033","title":{"rendered":"Europa przeciwko \u017bydom \u2013 podwykonawcy"},"content":{"rendered":"<p><img decoding=\"async\" src=\"https:\/\/studioopinii.pl\/wp-content\/uploads\/2021\/11\/186476.jpg\" width=\"100%\" \/><\/p>\n<h5 style=\"text-align: center;\"><a href=\"https:\/\/studioopinii.pl\/\" target=\"_blank\" rel=\"noopener noreferrer\"><img decoding=\"async\" class=\"center alignleft\" src=\"http:\/\/www.reunion68.com\/Biuletyn\/img\/studio.png\" alt=\"\" width=\"35%\" \/><\/a><span style=\"text-decoration: underline; color: #000080;\"><strong><a style=\"color: #000080; text-decoration: underline;\" href=\"https:\/\/studioopinii.pl\/archiwa\/209304\" target=\"_blank\" rel=\"noopener noreferrer\">Europa przeciwko \u017bydom \u2013 podwykonawcy<\/a><\/strong><\/span><\/h5>\n<p style=\"text-align: center;\"><span style=\"color: #000000;\"><strong>Andrzej Koraszewski<\/strong><\/span><\/p>\n<hr style=\"height: 15px; background: #d0e6fa; width: 100%;\" \/>\n<p style=\"text-align: center;\"><img decoding=\"async\" class=\"aligncenter\" src=\"http:\/\/www.listyznaszegosadu.pl\/upload\/article\/bild\/4270\/907417\/000_Par8313219-e1445949931884-640x400_s.jpg\" width=\"100%\" \/><span style=\"color: #808080;\"><em>Kieruj\u0105ca w\u00f3wczas polityk\u0105 zagraniczn\u0105 UE Federica Mogherini wita \u201cprezydenta\u201d Abbasa w Brukseli na spotkaniu po\u015bwi\u0119conym zewn\u0119trznym dzia\u0142aniom Unii Europejskiej 26 pa\u017adziernika 2015 (PHOTO \/ EMMANUEL DUNANT).<\/em><\/span><\/p>\n<h4 style=\"text-align: center;\"><span style=\"color: #808080;\"><strong>Dzi\u015b Europa (przynajmniej chwilowo) nie\u00a0brudzi sobie r\u0105k samodzielnym mordowaniem \u017byd\u00f3w, zatrudniaj\u0105c do\u00a0tego podwykonawc\u00f3w, kt\u00f3rzy\u00a0planuj\u0105c ostateczne rozwi\u0105zanie\u00a0 kwestii \u017cydowskiej, morduj\u0105 \u017byd\u00f3w, kiedy tylko\u00a0im si\u0119 to\u00a0udaje, dostarczaj\u0105c r\u00f3wnocze\u015bnie tak\u00a0istotnych dla Europy materia\u0142\u00f3w propagandowych podtrzymuj\u0105cych ducha europejskiej tradycji.<\/strong><\/span><\/h4>\n<p style=\"text-align: left;\"><span style=\"color: #000080;\">Brytyjski \u017co\u0142nierz i\u00a0pisarz, pu\u0142kownik Richard Kemp, zastanawia\u0142 si\u0119 niedawno, czy\u00a0brytyjscy studenci wiedz\u0105, o\u00a0co im chodzi, kiedy wrzeszcz\u0105 \u201eOd rzeki do\u00a0morza Palestyna b\u0119dzie wolna\u201d. Pisze, \u017ce\u00a0mog\u0105 nawet nie\u00a0wiedzie\u0107, o\u00a0kt\u00f3r\u0105 rzek\u0119 i\u00a0o\u00a0kt\u00f3re morze chodzi. Kemp wydaje si\u0119 przekonany, \u017ce\u00a0nie\u00a0s\u0105 \u015bwiadomi, i\u017c domagaj\u0105 si\u0119 ludob\u00f3jstwa, \u017ce\u00a0traktuj\u0105 to\u00a0jako rozrywk\u0119 w\u00a0przerwach od\u00a0nu\u017c\u0105cej nauki. Obawiam si\u0119, \u017ce\u00a0jest w\u00a0b\u0142\u0119dzie, mam wra\u017cenie, \u017ce\u00a0s\u0105 r\u00f3wnie w\u00a0pe\u0142ni \u015bwiadomi, jak politycy Szwecji, Wielkiej Brytanii, Irlandii, Francji, czy\u00a0jakiegokolwiek innego europejskiego kraju, kt\u00f3rzy\u00a0ochoczo przekazuj\u0105 pieni\u0105dze swoich podatnik\u00f3w na\u00a0zasilanie morderczego terroru przeciwko \u017bydom i\u00a0na\u00a0prezentowanie \u017byd\u00f3w jako zaka\u0142y tego \u015bwiata.\u00a0 \u00a0 \u00a0<\/span><\/p>\n<p style=\"text-align: left;\"><span style=\"color: #000080;\">24 tom \u201eResearch Forum\u201d\u00a0<span style=\"text-decoration: underline;\"><strong><a class=\"extlink https\" style=\"color: #000080; text-decoration: underline;\" href=\"https:\/\/strategicassessment.inss.org.il\/en\/articles\/european-funding-for-palestinian-ngos-as-political-subcontracting\/\">publikuje<\/a><\/strong><\/span>\u00a0raport profesora Geralda Steinberga o\u00a0funduszach europejskich dla palesty\u0144skich organizacji pozarz\u0105dowych. Czytaj\u0105c deklaracje towarzysz\u0105ce tym funduszom, naiwny czytelnik m\u00f3g\u0142by pomy\u015ble\u0107, \u017ce\u00a0nic bardziej nie\u00a0le\u017cy na\u00a0sercu Europy jak poprawa losu palesty\u0144skich braci. Czytamy w\u00a0tych deklaracjach o\u00a0rozwoju gospodarczym i\u00a0pokoju, o\u00a0prawach cz\u0142owieka i\u00a0spo\u0142ecze\u0144stwie obywatelskim. Rz\u0105dy europejskie przeznaczaj\u0105 rocznie ze\u00a0wsp\u00f3lnej puli oko\u0142o 35 milion\u00f3w euro na\u00a0ma\u0142\u0105 i\u00a0dobrze dobran\u0105 grup\u0119 palesty\u0144skich NGO. Poszczeg\u00f3lne rz\u0105dy kraj\u00f3w europejskich nie\u00a0tylko\u00a0dodatkowo wspieraj\u0105 pieni\u0119dzmi te organizacje, ale\u00a0u\u0142atwiaj\u0105 im dost\u0119p do\u00a0organizacji mi\u0119dzynarodowych i\u00a0medi\u00f3w, nag\u0142a\u015bniaj\u0105 r\u00f3wnie\u017c przekazywane przez\u00a0te organizacje informacje, nie\u00a0trudz\u0105c si\u0119 sprawdzaniem ich rzetelno\u015bci.<\/span><\/p>\n<p style=\"text-align: left;\"><span style=\"color: #000080;\">Czy\u00a0jest mo\u017cliwe, \u017ce\u00a0ta dzia\u0142alno\u015b\u0107 nie\u00a0tylko\u00a0szkodzi Izraelowi, ale\u00a0w\u00a0znacznie wi\u0119kszym stopniu szkodzi samym Palesty\u0144czykom, utrwalaj\u0105c nieko\u0144cz\u0105cy si\u0119 konflikt, umacniaj\u0105c dyktatur\u0119 w\u00a0Gazie i\u00a0w\u00a0Autonomii Palesty\u0144skiej, uniemo\u017cliwiaj\u0105c rozw\u00f3j gospodarczy i\u00a0jakiekolwiek szanse na\u00a0bardziej demokratyczne palesty\u0144skie rz\u0105dy? (Tak\u00a0<a class=\"extlink\" style=\"color: #000080;\" href=\"http:\/\/www.listyznaszegosadu.pl\/brunatna-fala\/odciac-finansowanie-ngo-powiazanych-z-terroryzmem\">twierdzi<\/a>\u00a0na przyk\u0142ad Bassem Eid, palesty\u0144ski dzia\u0142acz walcz\u0105cy z\u00a0\u0142amaniem praw Palesty\u0144czyk\u00f3w przez\u00a0Palesty\u0144czyk\u00f3w).\u00a0\u00a0\u00a0<\/span><\/p>\n<p style=\"text-align: left;\"><span style=\"color: #000080;\">Gerald Steinberg pisze, \u017ce\u00a0podczas gdy\u00a0finansowanie r\u00f3\u017cnego rodzaju organizacji pozarz\u0105dowych przez\u00a0Uni\u0119 Europejsk\u0105 podporz\u0105dkowane jest ustalonym procedurom rozpoczynaj\u0105cym si\u0119 od\u00a0publicznego zaproszenia do\u00a0sk\u0142adania wniosk\u00f3w, przyznawanie funduszy dla palesty\u0144skich NGO odbywa si\u0119 za\u00a0zamkni\u0119tymi drzwiami, z\u00a0pomini\u0119ciem przejrzystych procedur.<\/span><\/p>\n<blockquote class=\"wp-block-quote\">\n<p style=\"text-align: left;\"><strong>W\u00a0badaniu tej\u00a0wyj\u0105tkowo\u015bci na\u00a0przestrzeni ostatnich 20 lat wy\u0142ania si\u0119 wyra\u017any wz\u00f3r, zgodnie z\u00a0kt\u00f3rym\u00a0palesty\u0144skie organizacje pozarz\u0105dowe staj\u0105 si\u0119 sta\u0142ymi, \u201epodwykonawcami\u201d \u2013 podmiotami dzia\u0142aj\u0105cymi w\u00a0imieniu\u00a0<span class=\"tooltipsall tooltipsincontent classtoolTips34\" data-hasqtip=\"1\">UE<\/span>\u00a0i\u00a0poszczeg\u00f3lnych rz\u0105d\u00f3w donator\u00f3w.\u00a0Jak pokazuj\u0105 dane zebrane i\u00a0opublikowane przez\u00a0NGO Monitor (pozarz\u0105dowy instytut badawczy w\u00a0Jerozolimie, za\u0142o\u017cony i\u00a0kierowany przez\u00a0autora tego raportu), organizacje pozarz\u0105dowe, kt\u00f3re by\u0142y finansowane dziesi\u0119\u0107, a\u00a0w\u00a0niekt\u00f3rych przypadkach nawet dwadzie\u015bcia lat temu, by\u0142y finansowane nadal do\u00a0ko\u0144ca 2020 r., otrzymuj\u0105c dotacje z\u00a0tych samych europejskich \u017ar\u00f3de\u0142, pomimo zmieniaj\u0105cych si\u0119 wymog\u00f3w formalnych i\u00a0braku znacz\u0105cych wp\u0142yw\u00f3w na\u00a0realizacj\u0119 oficjalnie deklarowanych cel\u00f3w.<\/strong><\/p>\n<\/blockquote>\n<p style=\"text-align: left;\"><span style=\"color: #000080;\">Sama nazwa \u201eorganizacje pozarz\u0105dowe\u201d bywa myl\u0105ca i\u00a0badania pokazuj\u0105, \u017ce\u00a0wiele z\u00a0tych organizacji jest nie\u00a0tylko\u00a0uzale\u017cnionych od\u00a0rz\u0105dowego finansowania (niekt\u00f3rzy badacze nazywaj\u0105 je GONGO). Jest r\u00f3wnie\u017c inny gatunek NGO, finansowanych g\u0142\u00f3wnie przez\u00a0rz\u0105dy (instytucje lub indywidualnych darczy\u0144c\u00f3w) zagraniczne, te analitycy okre\u015blaj\u0105 dla odmiany jako FONGO. W\u00a0obydwu przypadkach niezale\u017cno\u015b\u0107 takich \u201eNGO\u201d jest wysoce problematyczna. (Rosja jest szczeg\u00f3lnie dobrze znana z\u00a0oddzia\u0142ywania za\u00a0pomoc\u0105 takich \u201eNGO\u201d).<\/span><\/p>\n<p style=\"text-align: left;\"><span style=\"color: #000080;\">Stosunki unijne z\u00a0wybranymi palesty\u0144skimi NGO charakteryzuj\u0105 si\u0119 szczeg\u00f3lnie blisk\u0105 wsp\u00f3\u0142prac\u0105 i\u00a0wyj\u0105tkowo wysokimi bud\u017cetami, a\u00a0ich uprzywilejowana pozycja znajduje odbicie w\u00a0licznych oficjalnych raportach.\u00a0\u00a0 \u00a0\u00a0\u00a0\u00a0\u00a0\u00a0<\/span><\/p>\n<p style=\"text-align: left;\"><span style=\"color: #000080;\">Na\u00a0przyk\u0142ad publikacja zatytu\u0142owana \u201eOcena wsp\u00f3\u0142pracy Unii Europejskiej z\u00a0okupowanym terytorium Palestyny i\u00a0wsparcie dla narodu palesty\u0144skiego: 2008-2013\u201d zawiera ponad 200 odniesie\u0144 do\u00a0spo\u0142ecze\u0144stwa obywatelskiego i\u00a0przytacza liczne spotkania z\u00a0przedstawicielami organizacji pozarz\u0105dowych (Komisja Europejska, 2014).\u00a0<\/span><\/p>\n<p style=\"text-align: left;\"><span style=\"color: #000080;\">Gerald Steinberg zwraca uwag\u0119 na\u00a0fakt, \u017ce\u00a0na\u00a0terytoriach rz\u0105dzonych przez\u00a0Autonomi\u0119 Palesty\u0144sk\u0105 i\u00a0Hamas swoboda zrzeszania si\u0119 i\u00a0wolno\u015b\u0107 s\u0142owa s\u0105 do\u015b\u0107 iluzoryczne i\u00a0wi\u0119kszo\u015b\u0107 \u201eorganizacji pozarz\u0105dowych\u201d to\u00a0organizacje \u015bci\u015ble kontrolowane przez\u00a0rz\u0105d, wiele z\u00a0nich kierowanych jest przez\u00a0cz\u0142onk\u00f3w rz\u0105dz\u0105cej partii, nierzadko przez\u00a0by\u0142ych polityk\u00f3w. Niekt\u00f3re powi\u0105zane s\u0105 z\u00a0Ludowym Frontem Wyzwolenia Palestyny (LFWP). Traktowanie tych organizacji, b\u0119d\u0105cych oczywistym przed\u0142u\u017ceniem dyktatury, jako instytucji niezale\u017cnych jest \u015bwiadomym nadu\u017cyciem.\u00a0\u00a0\u00a0<\/span><\/p>\n<p style=\"text-align: left;\"><span style=\"color: #000080;\">Analizuj\u0105c konkretne projekty, mo\u017cna powiedzie\u0107, \u017ce\u00a0Unia Europejska nie\u00a0tyle zainteresowana jest wsparciem spo\u0142ecze\u0144stwa obywatelskiego w\u00a0\u201epa\u0144stwie Palestyna\u201d, ile wykorzystaniem tych organizacji dla realizacji swoich wizji. Regularne, oparte na\u00a0umowach p\u0142atno\u015bci wskazuj\u0105 na\u00a0funkcjonowanie tych NGO w\u00a0roli podwykonawc\u00f3w.<\/span><\/p>\n<p style=\"text-align: left;\"><span style=\"color: #000080;\">Trudno o\u00a0w\u0105tpliwo\u015bci, \u017ce\u00a0celem jest wp\u0142ywanie na\u00a0relacje palesty\u0144sko-izraelskie i\u00a0rzekome d\u0105\u017cenie do\u00a0zako\u0144czenia konfliktu.\u00a0\u00a0<\/span><\/p>\n<p style=\"text-align: left;\"><span style=\"color: #000080;\">Podczas gdy\u00a0Stany Zjednoczone graj\u0105 pierwsze skrzypce w\u00a0zabiegach dyplomatycznych o\u00a0pok\u00f3j mi\u0119dzy terrorystycznym pa\u0144stwem Palestyna a\u00a0pa\u0144stwem \u017cydowskim, Unia Europejska prowadzi polityk\u0119 bardziej ukrytych nacisk\u00f3w. Ju\u017c w\u00a0latach 80. \u00f3wczesna EWG przyj\u0119\u0142a Deklaracj\u0119 Weneck\u0105, kt\u00f3ra\u00a0wezwa\u0142a do\u00a0utworzenia pa\u0144stwa Palestyna przez\u00a0(zajmuj\u0105c\u0105 si\u0119 porwaniami samolot\u00f3w i\u00a0innymi formami mi\u0119dzynarodowego terroryzmu) Organizacj\u0119 Wyzwolenia Palestyny, na\u00a0ca\u0142ym terytorium Judei i\u00a0Samarii oraz\u00a0Gazy, czyli oddzielonych od\u00a0Izraela przez\u00a0lini\u0119 zawieszenia broni w\u00a01949 roku. Od\u00a0tamtej\u00a0pory \u201erozwi\u0105zanie w\u00a0postaci dw\u00f3ch pa\u0144stw\u201d jest u\u015bwi\u0119conym celem Europy, do\u00a0kt\u00f3rego\u00a0realizacji na\u00a0warunkach OWP nale\u017cy zmusi\u0107 Izrael. Palesty\u0144skie organizacje \u201epozarz\u0105dowe\u201d stanowi\u0105 wa\u017cny wehiku\u0142, kt\u00f3ry\u00a0ma przybli\u017cy\u0107 realizacj\u0119 tego celu.\u00a0\u00a0\u00a0\u00a0 \u00a0<\/span><\/p>\n<p style=\"text-align: left;\"><span style=\"color: #000080;\">Urz\u0119dnicy europejscy unikaj\u0105 bezpo\u015bredniego wzywania do\u00a0bojkotu izraelskich instytucji kulturalnych, towar\u00f3w, uniwersytet\u00f3w, dru\u017cyn sportowych lub lobbowania w\u00a0MTK za\u00a0wszczynaniem \u015bledztw w\u00a0sprawie rzekomych zbrodni wojennych Izraela.\u00a0Robi\u0105 to\u00a0po\u00a0cichu, finansuj\u0105c\u00a0 palesty\u0144skie organizacje \u201epozarz\u0105dowe\u201d, twierdz\u0105c, \u017ce\u00a0te palesty\u0144skie organizacje \u201dpozarz\u0105dowe\u201d ustalaj\u0105 sw\u00f3j w\u0142asny program niezale\u017cnie od\u00a0palesty\u0144skiego rz\u0105du i\u00a0europejskich darczy\u0144c\u00f3w. \u00a0<\/span><\/p>\n<p style=\"text-align: left;\"><span style=\"color: #000080;\">Pe\u0142ni\u0105ca funkcje ambasady Delegacja Dyplomatyczna\u00a0<span class=\"tooltipsall tooltipsincontent classtoolTips34\" data-hasqtip=\"2\">UE<\/span>\u00a0w\u00a0Ramallah (EUREP) informuje o\u00a0swoich cz\u0119stych konsultacjach z\u00a0organizacjami pozarz\u0105dowymi, wsp\u00f3lnie decyduj\u0105 o\u00a0priorytetach i\u00a0alokacji \u015brodk\u00f3w (ze\u00a0szczeg\u00f3lnym uwzgl\u0119dnieniem wsp\u00f3lnych dzia\u0142a\u0144 w\u00a0obszarze C, (kt\u00f3ry\u00a0w\u00a0umowach z\u00a0Oslo okre\u015blony zosta\u0142 jako obszar sporny i\u00a0przekazany pod\u00a0wy\u0142\u0105czn\u0105 administracj\u0119 izraelsk\u0105).<\/span><\/p>\n<blockquote class=\"wp-block-quote\">\n<p style=\"text-align: left;\"><strong>Kr\u00f3tko po\u00a0tym, jak USA uzna\u0142y Jerozolim\u0119 za\u00a0stolic\u0119 Izraela w\u00a02017 r., a\u00a0nast\u0119pnie przenios\u0142y ambasad\u0119, unijne dotacje dla organizacji pozarz\u0105dowych zacz\u0119\u0142y okre\u015bla\u0107 projekty dotycz\u0105ce \u201epilnej potrzeby zachowania palesty\u0144skiej to\u017csamo\u015bci EJ (Wschodniej Jerozolimy)\u201d\u00a0oraz\u00a0\u201eochrony islamskich i\u00a0chrze\u015bcija\u0144skich d\u00f3br dziedzictwa religijnego i\u00a0kulturowego Waqf przed\u00a0naruszeniami i\u00a0gro\u017abami ze\u00a0strony Izraela\u201d.<\/strong><\/p>\n<\/blockquote>\n<p style=\"text-align: left;\"><span style=\"color: #000080;\">Badanie dokument\u00f3w pokazuj\u0105, \u017ce\u00a0te same organizacje odpowiedzialne s\u0105 za\u00a0dostarczanie motywacji do\u00a0bojkotu i\u00a0adres\u00f3w izraelskich firm, kt\u00f3re maj\u0105 by\u0107 bojkotowane i\u00a0za\u00a0wezwania do\u00a0etykietowania izraelskich towar\u00f3w. Rz\u0105dy kraj\u00f3w europejskich na\u00a0og\u00f3\u0142 sprzeciwiaj\u0105 si\u0119 bojkotowi Izraela, ale\u00a0op\u0142acaj\u0105 palesty\u0144skie NGO, kt\u00f3re wzywaj\u0105 do\u00a0takiego bojkotu.<\/span><\/p>\n<blockquote class=\"wp-block-quote\">\n<p style=\"text-align: left;\"><strong>Niemcy i\u00a0inne kraje oficjalnie sprzeciwi\u0142y si\u0119 decyzji prokuratora MTK o\u00a0wszcz\u0119ciu \u015bledztw w\u00a0sprawie \u201ezbrodni wojennych\u201d wobec Izraelczyk\u00f3w,\u00a0ale\u00a0s\u0105 jednymi z\u00a0g\u0142\u00f3wnych fundator\u00f3w palesty\u0144skich organizacji pozarz\u0105dowych najbardziej aktywnych na\u00a0arenie mi\u0119dzynarodowej we\u00a0wspieraniu tych wysi\u0142k\u00f3w.\u00a0<\/strong><\/p>\n<\/blockquote>\n<p style=\"text-align: left;\"><span style=\"color: #000080;\">Palesty\u0144skie stowarzyszenie organizacji pozarz\u0105dowych (PNGO) patronuje 135 palesty\u0144skim NGO, a\u00a0oko\u0142o tysi\u0105ca NGO jest zarejestrowanych przez\u00a0ministerstwo spraw wewn\u0119trznych pa\u0144stwa Palestyna. Unijna opieka finansowa ogranicza si\u0119 do\u00a020 palesty\u0144skich NGO. Ich finansowanie jest rozproszone i\u00a0p\u0142ynie z\u00a0r\u00f3\u017cnych unijnych \u017ar\u00f3de\u0142.<\/span><\/p>\n<blockquote class=\"wp-block-quote\">\n<p style=\"text-align: left;\"><strong>Pod\u00a0wp\u0142ywem holenderskich urz\u0119dnik\u00f3w, pod\u00a0koniec lat 90. rozpocz\u0119\u0142o si\u0119 systematyczne finansowanie przez\u00a0<span class=\"tooltipsall tooltipsincontent classtoolTips34\" data-hasqtip=\"3\">UE<\/span>\u00a0organizacji palesty\u0144skich.\u00a0 Konferencja Euro-\u015ar\u00f3dziemnomorska (Euro-Med) w\u00a01995 r. stworzy\u0142a ramy wspierania organizacji pozarz\u0105dowych o\u00a0podobnych pogl\u0105dach w\u00a0celu dalszego \u201ezbli\u017cenia mi\u0119dzy narodami\u201d poprzez \u201ewymiany mi\u0119dzy spo\u0142ecze\u0144stwami obywatelskimi\u201d (Unia na\u00a0rzecz Regionu Morza \u015ar\u00f3dziemnego, 2020).\u00a0Mechanizm Partnerstwa dla Pokoju (PdP) zapewnia\u0142 od\u00a05 do\u00a010 milion\u00f3w euro rocznie.\u00a0(W\u00a02016 r. PdP sta\u0142o si\u0119 projektem Europejskiego Instrumentu S\u0105siedztwa (ENI) i\u00a0zosta\u0142o przemianowane na\u00a0Inicjatyw\u0119 Budowania Pokoju\u00a0<span class=\"tooltipsall tooltipsincontent classtoolTips34\" data-hasqtip=\"4\">UE<\/span>). Palesty\u0144skie organizacje pozarz\u0105dowe sprzeciwiaj\u0105 si\u0119 jakiejkolwiek normalizacji stosunk\u00f3w z\u00a0Izraelczykami, a\u00a0<span class=\"tooltipsall tooltipsincontent classtoolTips34\" data-hasqtip=\"5\">UE<\/span>\u00a0w\u00a0du\u017cej mierze zaakceptowa\u0142a ten warunek (Quer, 2020).\u00a0Wewn\u0119trzny dokument\u00a0<span class=\"tooltipsall tooltipsincontent classtoolTips34\" data-hasqtip=\"6\">UE<\/span>\u00a0przyzna\u0142, \u017ce\u00a0wysi\u0142ki PdP by\u0142y utrudnione przez\u00a0\u201eruchy antynormalizacyjne i\u00a0brak akceptacji wsp\u00f3\u0142pracy z\u00a0Izraelem\u201d (Komisja Europejska, 2014).\u00a0Jednak w\u00a0tym, podobnie jak w\u00a0wielu innych przypadkach obejmuj\u0105cych wsparcie i\u00a0\u015bcis\u0142\u0105 wsp\u00f3\u0142prac\u0119 z\u00a0palesty\u0144skimi organizacjami pozarz\u0105dowymi, finansowanie kontynuowano bez\u00a0przerwy, co sugeruje, \u017ce\u00a0oficjalne cele nie\u00a0s\u0105 kluczowe dla tych relacji.<\/strong><\/p>\n<\/blockquote>\n<p style=\"text-align: left;\"><span style=\"color: #000080;\"><strong>Na\u00a0przestrzeni ostatnich dwudziestu lat pojawia\u0142o si\u0119 coraz wi\u0119cej dowod\u00f3w \u015bcis\u0142ej wsp\u00f3\u0142pracy organizacji otrzymuj\u0105cych najwi\u0119ksze dotacje z\u00a0Unii Europejskiej z\u00a0Ludowym Frontem Wyzwolenia Palestyny (LFWP).<\/strong>\u00a0Aczkolwiek te NGO nie\u00a0podkre\u015blaj\u0105 swoich powi\u0105za\u0144, s\u0105 one dobrze widoczne w\u00a0publicznie dost\u0119pnych materia\u0142ach. Jak ujawni\u0142 we\u00a0wrze\u015bniu 2021\u00a0 NGO Monitor jako aktywnych dzia\u0142aczy LFWP zidentyfikowano 74 urz\u0119dnik\u00f3w dziesi\u0119ciu organizacji pozarz\u0105dowych (w\u00a0tym kilka os\u00f3b, kt\u00f3re by\u0142y skazane przez\u00a0izraelskie s\u0105dy za\u00a0dzia\u0142alno\u015b\u0107 terrorystyczn\u0105). Przyk\u0142adowo:<\/span><\/p>\n<blockquote class=\"wp-block-quote\">\n<p style=\"text-align: left;\"><strong>Palesty\u0144skim Centrum Praw Cz\u0142owieka (PCHR) z\u00a0siedzib\u0105 w\u00a0Gazie kieruje Raji Sourani, skazany cz\u0142onek PFLP, kt\u00f3rego\u00a0aktywno\u015b\u0107 jest opiewana w\u00a0materia\u0142ach tej\u00a0organizacji, (s\u0105 m.in.\u00a0zdj\u0119cia z\u00a0ceremonii wr\u0119czenia nagr\u00f3d w\u00a0lutym 2014 r., w\u00a0kt\u00f3rej\u00a0uczestniczyli cz\u0142onkowie komitetu centralnego LFWP).\u00a0Te powi\u0105zania s\u0105 r\u00f3wnie\u017c udowadniane w\u00a0wielu innych \u017ar\u00f3d\u0142ach.\u00a0Zast\u0119pca dyrektora Zarz\u0105du PCHR D\u017caber Wiszah dowodzi\u0142 si\u0142ami wojskowymi LFWP w\u00a0Gazie.<\/strong><\/p>\n<\/blockquote>\n<p style=\"text-align: left;\"><span style=\"color: #000080;\">O\u00a0tych powi\u0105zaniach Unia Europejska by\u0142a wielokrotnie informowana. Reakcje zar\u00f3wno przedstawicieli w\u0142adz unijnych, jak i\u00a0przedstawicieli poszczeg\u00f3lnych kraj\u00f3w by\u0142y niezmienne:\u00a0 \u201eNie mamy dowod\u00f3w, nie\u00a0mieli\u015bmy takich informacji, sprawdzali\u015bmy u\u00a0innych darczy\u0144c\u00f3w takich jak ONZ i\u00a0nikt tego nie\u00a0potwierdza\u201d.\u00a0\u00a0<\/span><\/p>\n<p style=\"text-align: left;\"><span style=\"color: #000080;\">Rzeczywi\u015bcie brak dowod\u00f3w \u2013 Szawan D\u017cabrin, dyrektor palesty\u0144skiej NGO al-Haq by\u0142 w\u00a0latach 80. skazany za\u00a0prowadzenie szkole\u0144 dla terroryst\u00f3w, ponownie skazany w\u00a01994 roku, nie\u00a0ukrywa specjalnie swoich kontakt\u00f3w, ale\u00a0jest nie\u00a0tylko\u00a0dyrektorem NGO, ale\u00a0r\u00f3wnie\u017c cz\u0142onkiem Rady Doradczej HRW na\u00a0Bliski Wsch\u00f3d.\u00a0\u00a0\u00a0\u00a0\u00a0\u00a0<\/span><\/p>\n<p style=\"text-align: left;\"><span style=\"color: #000080;\">Tego rodzaju zawodowi (i\u00a0wysoko p\u0142atni) palesty\u0144scy dzia\u0142acze na\u00a0rzecz praw cz\u0142owieka maj\u0105 powi\u0105zania z\u00a0wp\u0142ywowymi urz\u0119dnikami instytucji unijnych. Sam LFWP ma swoj\u0105 kwater\u0119 w\u00a0budynku wsp\u00f3lnoty chrze\u015bcija\u0144skiej, a\u00a0ich europejskie kontakty zaczyna\u0142y si\u0119 przez\u00a0Pax Christi i\u00a0inne struktury ko\u015bcielne.<\/span><\/p>\n<p style=\"text-align: left;\"><span style=\"color: #000080;\">Dzisiejszy chrze\u015bcija\u0144ski pomost terroryst\u00f3w-marksist\u00f3w do\u00a0europejskich serc jest po\u00a0rozpadzie ZSRR konieczno\u015bci\u0105. Warto pami\u0119ta\u0107, \u017ce\u00a0nie\u00a0tylko\u00a0Mahmoud Abbas jest absolwentem Uniwersytetu im.\u00a0Patryka Lumumby w\u00a0Moskwie, w\u00a0Moskwie r\u00f3wnie\u017c wykuwa\u0142a si\u0119 taktyka dzia\u0142ania LFWP. Jednak Moskwa pocz\u0105tkowo budowa\u0142a przyja\u017a\u0144 i\u00a0braterstwo z\u00a0Palesty\u0144czykami chc\u0105cymi zabija\u0107 \u017byd\u00f3w pod\u00a0sztandarem walki narodowo-wyzwole\u0144czej, a\u00a0na\u00a0kolejnym etapie bardziej chwytliwe s\u0105 prawa cz\u0142owieka. Dzi\u015b, jak pisze Steinberg:<\/span><\/p>\n<blockquote class=\"wp-block-quote\">\n<p style=\"text-align: left;\"><strong>Palesty\u0144skie organizacje pozarz\u0105dowe wspierane przez\u00a0rz\u0105dy europejskie odgrywaj\u0105 kluczow\u0105 rol\u0119 w\u00a0promowaniu konfrontacji mi\u0119kkiej si\u0142y z\u00a0Izraelem w\u00a0kontek\u015bcie konfliktu, w\u00a0tym bojkot\u00f3w i\u00a0zarzut\u00f3w o\u00a0rzekome naruszenia w\u00a0sferze praw cz\u0142owieka i\u00a0prawa mi\u0119dzynarodowego.\u00a0Najcz\u0119\u015bciej obdarowywane organizacje, takie jak al-Haq, PCHR, Addameer, al-Dameer, DCIP i\u00a0ARIJ, s\u0105 szczeg\u00f3lnie aktywne w\u00a0tych programach na\u00a0wielu r\u00f3\u017cnych platformach.\u00a0<\/strong><\/p>\n<\/blockquote>\n<p style=\"text-align: left;\"><span style=\"color: #000080;\">Kilkakrotnie w\u00a0Parlamencie Europejskim pojawia\u0142y si\u0119 \u017c\u0105dania ukr\u00f3cenia tych praktyk. W\u00a02021 r. Komisja Bud\u017cetowa Parlamentu Europejskiego poleci\u0142a Komisji Europejskiej \u201edok\u0142adn\u0105 weryfikacj\u0119 wykorzystania funduszy unijnych przez\u00a0podmioty trzecie i\u00a0ich podmioty stowarzyszone, aby upewni\u0107 si\u0119, \u017ce\u00a0\u017cadne \u015brodki nie\u00a0s\u0105 przydzielane ani powi\u0105zane z\u00a0\u017cadn\u0105 form\u0105 terroryzmu lub radykalizacj\u0105 religijn\u0105, lub polityczn\u0105\u201d.<\/span><\/p>\n<p style=\"text-align: left;\"><span style=\"color: #000080;\">Pog\u0142oski, jakoby dziennikarze czo\u0142owych gazet europejskich codziennie dowiadywali si\u0119 o\u00a0post\u0119py w\u00a0tym dochodzeniu, mog\u0105 by\u0107 przesadzone. Podwykonawcy realizuj\u0105cy programy kontynuacji starej europejskiej tradycji mog\u0105 spa\u0107 spokojnie.\u00a0<\/span><\/p>\n<p style=\"text-align: left;\"><span style=\"color: #000080;\"><strong>P.S<\/strong>. Jak 17 listopada 2021 poinformowa\u0142 NGO Monitor, Unia Europejska przekaza\u0142a parasolowej organizacji PNGO (Palesty\u0144skie NGO) p\u00f3\u0142 miliona euro na\u00a0\u201ewzmocnienie narracji palesty\u0144skiej w\u00a0krajach\u00a0<span class=\"tooltipsall tooltipsincontent classtoolTips34\" data-hasqtip=\"7\">UE<\/span>\u201d. PNGO podobno odm\u00f3wi\u0142a wcze\u015bniej podpisania europejskiej klauzuli o\u00a0niewspieraniu terroryzmu.\u00a0 \u00a0<\/span><\/p>\n<p style=\"text-align: center;\"><img decoding=\"async\" loading=\"lazy\" class=\"aligncenter\" src=\"http:\/\/www.listyznaszegosadu.pl\/upload\/article\/bild\/5287\/907423\/Popular-Front-for-the-Liberation-of-Palestine-PFLP-Military-Show-880x495_s.jpg\" alt=\"Demonstracja Ludowego Frontu Wyzwolenia Palestyny\" width=\"417\" height=\"233\" data-hasqtip=\"10\" aria-describedby=\"qtip-10\" \/><span style=\"color: #808080;\"><em>Demonstracja Ludowego Frontu Wyzwolenia Palestyny<\/em><\/span><\/p>\n<hr \/>\n<p style=\"text-align: left;\"><img decoding=\"async\" class=\"alignleft\" src=\"https:\/\/studioopinii.pl\/wp-content\/uploads\/2017\/06\/Koraszewski.jpg\" width=\"20%\" \/><span style=\"color: #808080;\"><em><strong>Andrzej Koraszewski<\/strong> &#8211; Publicysta i pisarz ekonomiczno-spo\u0142eczny<\/em><\/span><\/p>\n<p style=\"text-align: left;\"><span style=\"color: #808080;\"><em>Ur. 26 marca 1940 w Szymbarku, by\u0142y dziennikarz BBC, wiceszef polskiej sekcji BBC, i publicysta paryskiej \u201eKultury\u201d.<\/em><\/span><\/p>\n<hr style=\"height: 15px; background: #d0e6fa; width: 100%;\" \/>\n<div id=\"content\" class=\"content-alignment\">\n<div id=\"watch-description\" class=\"yt-uix-button-panel\">\n<div id=\"watch-description-text\" style=\"text-align: center;\">\n<p><em>Zawarto\u015b\u0107 publikowanych artyku\u0142\u00f3w i materia\u0142\u00f3w nie reprezentuje pogl\u0105d\u00f3w ani opinii Reunion&#8217;68,<\/em><em><br \/>\nani te\u017c webmastera Blogu Reunion&#8217;68, chyba ze jest to wyra\u017anie zaznaczone.<br \/>\nTwoje uwagi, linki, w\u0142asne artyku\u0142y lub wiadomo\u015bci prze\u015blij na adres:<br \/>\n<\/em><span style=\"color: #000080;\"><strong><em><a style=\"color: #000080;\" href=\"mailto:webmaster@reunion68.com\"><span style=\"text-decoration: underline;\">webmaster@reunion68.com<\/span><\/a><\/em><\/strong><\/span><\/p>\n<\/div>\n<\/div>\n<\/div>\n<hr style=\"width: 100%;\" \/>\n","protected":false},"excerpt":{"rendered":"<p>Europa przeciwko \u017bydom \u2013 podwykonawcy Andrzej Koraszewski Kieruj\u0105ca w\u00f3wczas polityk\u0105 zagraniczn\u0105 UE Federica Mogherini wita \u201cprezydenta\u201d Abbasa w Brukseli na spotkaniu po\u015bwi\u0119conym zewn\u0119trznym dzia\u0142aniom Unii Europejskiej 26 pa\u017adziernika 2015 (PHOTO \/ EMMANUEL DUNANT). Dzi\u015b Europa (przynajmniej chwilowo) nie\u00a0brudzi sobie r\u0105k samodzielnym mordowaniem \u017byd\u00f3w, zatrudniaj\u0105c do\u00a0tego podwykonawc\u00f3w, kt\u00f3rzy\u00a0planuj\u0105c ostateczne rozwi\u0105zanie\u00a0 kwestii \u017cydowskiej, morduj\u0105 \u017byd\u00f3w, kiedy tylko\u00a0im [&hellip;]<\/p>\n","protected":false},"author":1,"featured_media":0,"comment_status":"closed","ping_status":"closed","sticky":false,"template":"","format":"standard","meta":[],"categories":[6],"tags":[26,24],"_links":{"self":[{"href":"https:\/\/www.reunion68.se\/index.php?rest_route=\/wp\/v2\/posts\/91033"}],"collection":[{"href":"https:\/\/www.reunion68.se\/index.php?rest_route=\/wp\/v2\/posts"}],"about":[{"href":"https:\/\/www.reunion68.se\/index.php?rest_route=\/wp\/v2\/types\/post"}],"author":[{"embeddable":true,"href":"https:\/\/www.reunion68.se\/index.php?rest_route=\/wp\/v2\/users\/1"}],"replies":[{"embeddable":true,"href":"https:\/\/www.reunion68.se\/index.php?rest_route=%2Fwp%2Fv2%2Fcomments&post=91033"}],"version-history":[{"count":11,"href":"https:\/\/www.reunion68.se\/index.php?rest_route=\/wp\/v2\/posts\/91033\/revisions"}],"predecessor-version":[{"id":91051,"href":"https:\/\/www.reunion68.se\/index.php?rest_route=\/wp\/v2\/posts\/91033\/revisions\/91051"}],"wp:attachment":[{"href":"https:\/\/www.reunion68.se\/index.php?rest_route=%2Fwp%2Fv2%2Fmedia&parent=91033"}],"wp:term":[{"taxonomy":"category","embeddable":true,"href":"https:\/\/www.reunion68.se\/index.php?rest_route=%2Fwp%2Fv2%2Fcategories&post=91033"},{"taxonomy":"post_tag","embeddable":true,"href":"https:\/\/www.reunion68.se\/index.php?rest_route=%2Fwp%2Fv2%2Ftags&post=91033"}],"curies":[{"name":"wp","href":"https:\/\/api.w.org\/{rel}","templated":true}]}}