{"id":91059,"date":"2021-11-29T17:09:35","date_gmt":"2021-11-29T15:09:35","guid":{"rendered":"http:\/\/www.reunion68.se\/?p=91059"},"modified":"2021-11-29T19:02:40","modified_gmt":"2021-11-29T17:02:40","slug":"27-09-68","status":"publish","type":"post","link":"https:\/\/www.reunion68.se\/?p=91059","title":{"rendered":"Spacer w piekle. Zdj\u0119cia Heinricha Josta z getta warszawskiego"},"content":{"rendered":"<h5 style=\"text-align: center;\"><a href=\"https:\/\/www.jhi.pl\/\" target=\"_blank\" rel=\"noopener noreferrer\"><img decoding=\"async\" class=\"center alignleft\" src=\"http:\/\/www.reunion68.com\/Biuletyn\/img\/zih-1.png\" alt=\"\" width=\"35%\"><\/a><span style=\"text-decoration: underline; color: #000080;\"><span style=\"text-decoration: underline;\"><strong><a style=\"color: #000080; text-decoration: underline;\" href=\"https:\/\/www.jhi.pl\/artykuly\/spacer-w-piekle-zdjecia-heinricha-josta-z-getta-warszawskiego,4105\" target=\"_blank\" rel=\"noopener noreferrer\">Spacer w piekle. Zdj\u0119cia Heinricha Josta z getta warszawskiego<\/a><\/strong><\/span><\/span><\/h5>\n<p style=\"text-align: center;\"><span style=\"color: #000000;\"><strong>Przemys\u0142aw Batorski<\/strong><\/span><\/p>\n<hr style=\"height: 15px; background: #d0e6fa; width: 100%;\">\n<h4 style=\"text-align: center;\"><b><\/b><span style=\"color: #808080;\"><strong>19 wrze\u015bnia 1941 r. sier\u017cant Wehrmachtu Heinrich J\u00f6st mia\u0142 urodziny. Chcia\u0142 zobaczy\u0107, jak wygl\u0105da \u017cycie w getcie warszawskim, oficjalnie nazywanym przez Niemc\u00f3w \u201e\u017cydowsk\u0105 dzielnic\u0105 mieszkaniow\u0105\u201d. Wzi\u0105\u0142 ze sob\u0105 aparat fotograficzny i wykona\u0142 140 zdj\u0119\u0107. Co zobaczy\u0142 J\u00f6st \u201epo tamtej stronie\u201d muru getta?<\/strong><\/span><\/h4>\n<div class=\"news-details__top-thumb\" style=\"text-align: center;\"><picture class=\"image no-zoom\"><source srcset=\"https:\/\/www.jhi.pl\/storage\/image\/core_files\/2021\/8\/18\/163d9f0c105bd5183f53f3c370c261e1\/jpg\/jhi\/normal_big\/jost_ruch_uliczny_1_DZIH%20F%204684_2.jpg\" media=\"(max-width: 600px)\"><source srcset=\"https:\/\/www.jhi.pl\/storage\/image\/core_files\/2021\/8\/18\/163d9f0c105bd5183f53f3c370c261e1\/jpg\/jhi\/normal_big\/jost_ruch_uliczny_1_DZIH%20F%204684_2.webp\" type=\"image\/webp\" media=\"(max-width: 600px)\"><source srcset=\"https:\/\/www.jhi.pl\/storage\/image\/core_files\/2021\/8\/18\/163d9f0c105bd5183f53f3c370c261e1\/jpg\/jhi\/normal_big\/jost_ruch_uliczny_1_DZIH%20F%204684_2.jpg\" media=\"(max-width: 1024px)\"><source srcset=\"https:\/\/www.jhi.pl\/storage\/image\/core_files\/2021\/8\/18\/163d9f0c105bd5183f53f3c370c261e1\/jpg\/jhi\/normal_big\/jost_ruch_uliczny_1_DZIH%20F%204684_2.webp\" type=\"image\/webp\" media=\"(max-width: 1024px)\"><source srcset=\"https:\/\/www.jhi.pl\/storage\/image\/core_files\/2021\/8\/18\/163d9f0c105bd5183f53f3c370c261e1\/jpg\/jhi\/normal_big\/jost_ruch_uliczny_1_DZIH%20F%204684_2.webp\" type=\"image\/webp\"><img decoding=\"async\" class=\"aligncenter\" src=\"https:\/\/www.jhi.pl\/storage\/image\/core_files\/2021\/8\/18\/163d9f0c105bd5183f53f3c370c261e1\/jpg\/jhi\/normal_big\/jost_ruch_uliczny_1_DZIH%20F%204684_2.jpg\" alt=\"jost_ruch_uliczny_1_DZIH F 4684_2.jpg\" width=\"100%\" data-title=\"\"><\/picture><span style=\"color: #808080;\"><em>Getto warszawskie. Ruch pieszych na ul. Karmelickiej, widoczne budynki o numerach 11\u201313. Zdj\u0119cie Heinricha J\u00f6sta<\/em><\/span><\/div>\n<div style=\"text-align: left;\"><\/div>\n<div class=\"news-details__top-thumb\" style=\"text-align: center;\">\n<p style=\"text-align: left;\"><span style=\"color: #000080;\">Heinrich J\u00f6st by\u0142 w\u0142a\u015bcicielem hotelu w niemieckim miasteczku. Po wybuchu wojny zosta\u0142 powo\u0142any do armii niemieckiej, stacjonowa\u0142 w okolicach Warszawy. 19 wrze\u015bnia 1941 r. obchodzi\u0142 43. urodziny. Korzystaj\u0105c z wolnego czasu, uda\u0142 si\u0119 z aparatem fotograficznym do getta warszawskiego. Chcia\u0142 zobaczy\u0107, dlaczego z \u201edzielnicy zamkni\u0119tej\u201d, do kt\u00f3rej Polacy i Niemcy, z wyj\u0105tkiem specjalnych przepustek, nie mieli wst\u0119pu, wynosi si\u0119 sterty zw\u0142ok.<\/span><\/p>\n<p style=\"text-align: left;\"><span style=\"color: #000080;\">Na zdj\u0119ciach wida\u0107 dzieci \u017cebrz\u0105ce w getcie, ulicznych straganiarzy, \u017byd\u00f3w jad\u0105cych ryksz\u0105, kobiet\u0119 z dzbankiem w r\u0119ku. Wida\u0107 kamienic\u0119 przy ul. Ch\u0142odnej 25, kt\u00f3ra stoi do dzi\u015b i przy kt\u00f3rej znajdowa\u0142a si\u0119 brama do getta, a tak\u017ce \u2013 od stycznia do sierpnia 1942 r. \u2013&nbsp;<span style=\"text-decoration: underline;\"><strong><a style=\"color: #000080; text-decoration: underline;\" href=\"https:\/\/www.jhi.pl\/artykuly\/26-stycznia-1942-most-nad-chlodna,2289\">k\u0142adka, kt\u00f3r\u0105 \u017bydzi przechodzili nad ul. Ch\u0142odn\u0105 mi\u0119dzy \u201ema\u0142ym\u201d a \u201edu\u017cym\u201d gettem<\/a><\/strong><\/span>. Wida\u0107 starego \u017byda, kt\u00f3ry zdejmuje czapk\u0119 przed Niemcem; za niewykonanie tego obowi\u0105zku grozi\u0142o pobicie, a nawet zastrzelenie.<\/span><\/p>\n<p style=\"text-align: left;\"><span style=\"color: #000080;\">Heinrich J\u00f6st prze\u017cy\u0142 wojn\u0119. Przez dziesi\u0119ciolecia nikomu nie m\u00f3wi\u0142 o swojej kolekcji zdj\u0119\u0107 z getta warszawskiego. Dopiero w 1982 r. pokaza\u0142 je dziennikarzowi G\u00fcntherowi Schwarbergowi z magazynu \u201eStern\u201d. Cz\u0119\u015b\u0107 zosta\u0142a opublikowana.<\/span><\/p>\n<p style=\"text-align: left;\"><span style=\"color: #000080;\">Zachowa\u0142o si\u0119 stosunkowo niewiele fotografii z getta warszawskiego. Do najcenniejszych nale\u017c\u0105 te zrobione przez innego niemieckiego \u017co\u0142nierza, Joego J. Heydeckera, zdj\u0119cia przechowane w Archiwum Ringelbluma i kolekcja Heinricha J\u00f6sta.<\/span><\/p>\n<p style=\"text-align: left;\"><span style=\"color: #000080;\">Poni\u017cej przedstawiamy wybrane zdj\u0119cia Heinricha J\u00f6sta.&nbsp;<\/span><br \/>\n<span style=\"color: #000080;\"><a style=\"color: #000080;\" href=\"https:\/\/delet.jhi.pl\/pl\/users-collections\/doc-list\/181\" target=\"_blank\" rel=\"noopener noreferrer\"><span style=\"text-decoration: underline;\"><strong>Ca\u0142y zbi\u00f3r 80 zdj\u0119\u0107 nale\u017c\u0105cy do zbior\u00f3w \u017bIH mo\u017cna obejrze\u0107 na portalu&nbsp;<\/strong><\/span><\/a><\/span><\/p>\n<div class=\"images left horizontal large\">\n<div class=\"row\">\n<div class=\"column item\"><a class=\"image \" title=\"\" href=\"https:\/\/www.jhi.pl\/storage\/image\/core_files\/2021\/8\/31\/25f91bad21be57270083bd41b79c4b23\/jpg\/jhi\/preview\/jost%20(7).jpg\" target=\"\" rel=\"lightbox noopener noreferrer\"><img decoding=\"async\" class=\"aligncenter\" src=\"https:\/\/www.jhi.pl\/storage\/image\/core_files\/2021\/8\/31\/25f91bad21be57270083bd41b79c4b23\/jpg\/jhi\/large\/jost%20(7).jpg\" alt=\"Warszawa. Sprzedawczyni opasek na ulicy getta\" data-title=\"\">*<\/a><\/div>\n<div class=\"column item\"><a class=\"image \" title=\"\" href=\"https:\/\/www.jhi.pl\/storage\/image\/core_files\/2021\/8\/31\/43a015c14adf34ce0d7ba7fe486cc379\/jpg\/jhi\/preview\/jost%20(4).jpg\" target=\"\" rel=\"lightbox noopener noreferrer\"><img decoding=\"async\" class=\"aligncenter\" src=\"https:\/\/www.jhi.pl\/storage\/image\/core_files\/2021\/8\/31\/43a015c14adf34ce0d7ba7fe486cc379\/jpg\/jhi\/large\/jost%20(4).jpg\" alt=\"Getto warszawskie. Ruch uliczny na ul. Ch\u0142odnej\" data-title=\"\">*<\/a><\/div>\n<div class=\"column item\"><a class=\"image \" title=\"\" href=\"https:\/\/www.jhi.pl\/storage\/image\/core_files\/2021\/8\/31\/6f10fdbfb1fb9a29f0bb8aa8bd592e8e\/jpg\/jhi\/preview\/jost%20(6).jpg\" target=\"\" rel=\"lightbox noopener noreferrer\"><img decoding=\"async\" class=\"aligncenter\" src=\"https:\/\/www.jhi.pl\/storage\/image\/core_files\/2021\/8\/31\/6f10fdbfb1fb9a29f0bb8aa8bd592e8e\/jpg\/jhi\/large\/jost%20(6).jpg\" alt=\"Getto warszawskie. Dw\u00f3ch \u017byd\u00f3w w rikszy jad\u0105cej ul. G\u0119si\u0105\" data-title=\"\">*<\/a><\/div>\n<div class=\"column item\"><a class=\"image \" title=\"\" href=\"https:\/\/www.jhi.pl\/storage\/image\/core_files\/2021\/8\/31\/b2ab1a56ac8ce1d2004750cbcdcb4d8b\/jpg\/jhi\/preview\/jost%20(8).jpg\" target=\"\" rel=\"lightbox noopener noreferrer\"><img decoding=\"async\" class=\"aligncenter\" src=\"https:\/\/www.jhi.pl\/storage\/image\/core_files\/2021\/8\/31\/b2ab1a56ac8ce1d2004750cbcdcb4d8b\/jpg\/jhi\/large\/jost%20(8).jpg\" alt=\"Getto warszawskie. Uliczny sprzedawca przy swoim straganie\" data-title=\"\">*<\/a><\/div>\n<div class=\"column item\"><a class=\"image \" title=\"\" href=\"https:\/\/www.jhi.pl\/storage\/image\/core_files\/2021\/8\/31\/8edc6e2fa86419635d6c167924e15ede\/jpg\/jhi\/preview\/jost%20(3).jpg\" target=\"\" rel=\"lightbox noopener noreferrer\"><img decoding=\"async\" class=\"aligncenter\" src=\"https:\/\/www.jhi.pl\/storage\/image\/core_files\/2021\/8\/31\/8edc6e2fa86419635d6c167924e15ede\/jpg\/jhi\/large\/jost%20(3).jpg\" alt=\"Getto warszawskie. Grupa dzieci na ulicy\" data-title=\"\">*<\/a><\/div>\n<div class=\"column item\"><a class=\"image \" title=\"\" href=\"https:\/\/www.jhi.pl\/storage\/image\/core_files\/2021\/8\/31\/4dec6d97f15f3f191ca8eafe9c3f262e\/jpg\/jhi\/preview\/jost%20(5).jpg\" target=\"\" rel=\"lightbox noopener noreferrer\"><img decoding=\"async\" class=\"aligncenter\" src=\"https:\/\/www.jhi.pl\/storage\/image\/core_files\/2021\/8\/31\/4dec6d97f15f3f191ca8eafe9c3f262e\/jpg\/jhi\/large\/jost%20(5).jpg\" alt=\"Getto warszawskie. Ruch uliczny i pieszy na ul. Mi\u0142ej\" data-title=\"\">*<\/a><\/div>\n<div class=\"column item\"><a class=\"image \" title=\"\" href=\"https:\/\/www.jhi.pl\/storage\/image\/core_files\/2021\/8\/31\/19ea1681a94373f1e53bbba689644542\/jpg\/jhi\/preview\/jost%20(1).jpg\" target=\"\" rel=\"lightbox noopener noreferrer\"><img decoding=\"async\" class=\"aligncenter\" src=\"https:\/\/www.jhi.pl\/storage\/image\/core_files\/2021\/8\/31\/19ea1681a94373f1e53bbba689644542\/jpg\/jhi\/large\/jost%20(1).jpg\" alt=\"Getto warszawskie. \u017bebrz\u0105cy ch\u0142opiec\" data-title=\"\">*<\/a><\/div>\n<div class=\"column item\"><a class=\"image \" title=\"\" href=\"https:\/\/www.jhi.pl\/storage\/image\/core_files\/2021\/8\/31\/c00dd2e81761eb922d17f0f19c84b8a5\/jpg\/jhi\/preview\/jost%20(10).jpg\" target=\"\" rel=\"lightbox noopener noreferrer\"><img decoding=\"async\" class=\"aligncenter\" src=\"https:\/\/www.jhi.pl\/storage\/image\/core_files\/2021\/8\/31\/c00dd2e81761eb922d17f0f19c84b8a5\/jpg\/jhi\/large\/jost%20(10).jpg\" alt=\"Getto warszawskie. Ruch pieszych na ul. Karmelickiej, widoczne budynki o numerach 11\u201313.\" data-title=\"\">*<\/a><\/div>\n<div class=\"column item\"><a class=\"image \" title=\"\" href=\"https:\/\/www.jhi.pl\/storage\/image\/core_files\/2021\/8\/31\/3f2abf05b1afef9aaf83f2d1276d3b16\/jpg\/jhi\/preview\/jost%20(9).jpg\" target=\"\" rel=\"lightbox noopener noreferrer\"><img decoding=\"async\" class=\"aligncenter\" src=\"https:\/\/www.jhi.pl\/storage\/image\/core_files\/2021\/8\/31\/3f2abf05b1afef9aaf83f2d1276d3b16\/jpg\/jhi\/large\/jost%20(9).jpg\" alt=\"\u017byd k\u0142ania si\u0119 Jostowi, kt\u00f3ry go fotografuje\" data-title=\"\"><\/a><\/div>\n<\/div>\n<\/div>\n<p style=\"text-align: center;\"><strong><em>Opisy zdj\u0119\u0107 napisane przez Heinricha J\u00f6sta:<\/em><\/strong><\/p>\n<p style=\"text-align: left;\"><em>1. Kobieta z zamkni\u0119tymi oczami stan\u0119\u0142a przed \u015bcian\u0105, na podartych plakatach koncert symfoniczny Szymona Pullmana w sali koncertowej na Rymarskiej 12 i zawiadomienie o wydarzeniu w Cafe Ogr\u00f3d na ul. Nowolipie 36. Sprzedawa\u0142a wykrochmalone opaski z gwiazd\u0105 Dawida i wygl\u0105da\u0142a, jakby w nast\u0119pnej chwili mia\u0142a pa\u015b\u0107 martwa.<\/em><\/p>\n<p style=\"text-align: left;\"><em>2. Teraz wiedzia\u0142em, na co czekali ludzie i dlaczego wszyscy patrzyli w jednym kierunku: przyszed\u0142 niemiecki \u017co\u0142nierz ze stalowym he\u0142mem na g\u0142owie i karabinem na ramieniu.<\/em><\/p>\n<p style=\"text-align: left;\"><em>3. Nigdy wcze\u015bniej nie widzia\u0142em ludzi u\u017cywanych jako \u015brodek transportu. My\u015bla\u0142em, \u017ce co\u015b takiego istnieje tylko w Indiach.<\/em><\/p>\n<p style=\"text-align: left;\"><em>4. Ten cz\u0142owiek co\u015b sprzedawa\u0142. Nie wiem, co to by\u0142o, mo\u017ce papierosy? Zn\u00f3w zauwa\u017cy\u0142em ma\u0142ego bosego ch\u0142opca we wrze\u015bniowy dzie\u0144.<\/em><\/p>\n<p style=\"text-align: left;\"><em>5. G\u0142\u00f3d i cierpienie wi\u0119kszo\u015bci dzieci nie objawia\u0142o si\u0119 na ich twarzach, a bardziej w ubraniach.<\/em><\/p>\n<p style=\"text-align: left;\"><em>6. My\u015bl\u0119, \u017ce to by\u0142a Krochmalna. M\u0119\u017cczyzna z akt\u00f3wk\u0105 przeszed\u0142 po\u015bpiesznie ulic\u0105, jakby szed\u0142 do biura. Mo\u017ce naprawd\u0119 szed\u0142. Zauwa\u017cy\u0142em nie tylko wielu ludzi, ale tak\u017ce wiele otwartych okien. Ludzie prawdopodobnie mieszkali tak blisko siebie, \u017ce ca\u0142y czas potrzebowali powietrza.<\/em><\/p>\n<p style=\"text-align: left;\"><em>7. Wiem, \u017ce to by\u0142a \u00abdobra\u00bb ulica w centrum, z wieloma pieszymi. Ch\u0142opiec mia\u0142 ran\u0119 na nosie, poza tym nadal wygl\u0105da\u0142 na zdrowego. Ale by\u0142 boso, jak prawie wszyscy, a ch\u0142opak obok niego z cienkimi paskowymi butami, kt\u00f3ry nie \u017cebra\u0142, by\u0142 wyj\u0105tkiem.<\/em><\/p>\n<p style=\"text-align: left;\"><em>8. Zrobi\u0142em to zdj\u0119cie, poniewa\u017c wydawa\u0142o mi si\u0119 to takie normalne. Gdyby na pierwszym planie nie by\u0142o dw\u00f3ch obdartych kobiet, to takie zdj\u0119cie mog\u0142oby zosta\u0107 zrobione w ka\u017cdym innym mie\u015bcie, nawet w Niemczech.<\/em><\/p>\n<p style=\"text-align: left;\"><em>9. Zdj\u0119cie bez opisu; \u017byd k\u0142ania si\u0119 Jostowi, kt\u00f3ry go fotografuje<\/em><\/p>\n<\/div>\n<hr style=\"height: 15px; background: #d0e6fa; width: 100%;\">\n<div id=\"content\" class=\"content-alignment\">\n<div id=\"watch-description\" class=\"yt-uix-button-panel\">\n<div id=\"watch-description-text\" style=\"text-align: center;\">\n<p><em>Zawarto\u015b\u0107 publikowanych artyku\u0142\u00f3w i materia\u0142\u00f3w nie reprezentuje pogl\u0105d\u00f3w ani opinii Reunion&#8217;68,<\/em><em><br \/>\nani te\u017c webmastera Blogu Reunion&#8217;68, chyba ze jest to wyra\u017anie zaznaczone.<br \/>\nTwoje uwagi, linki, w\u0142asne artyku\u0142y lub wiadomo\u015bci prze\u015blij na adres:<br \/>\n<\/em><span style=\"color: #000080;\"><strong><em><a style=\"color: #000080;\" href=\"mailto:webmaster@reunion68.com\"><span style=\"text-decoration: underline;\">webmaster@reunion68.com<\/span><\/a><\/em><\/strong><\/span><\/p>\n<\/div>\n<\/div>\n<\/div>\n<hr style=\"width: 100%;\">\n","protected":false},"excerpt":{"rendered":"<p>Spacer w piekle. Zdj\u0119cia Heinricha Josta z getta warszawskiego Przemys\u0142aw Batorski 19 wrze\u015bnia 1941 r. sier\u017cant Wehrmachtu Heinrich J\u00f6st mia\u0142 urodziny. Chcia\u0142 zobaczy\u0107, jak wygl\u0105da \u017cycie w getcie warszawskim, oficjalnie nazywanym przez Niemc\u00f3w \u201e\u017cydowsk\u0105 dzielnic\u0105 mieszkaniow\u0105\u201d. Wzi\u0105\u0142 ze sob\u0105 aparat fotograficzny i wykona\u0142 140 zdj\u0119\u0107. Co zobaczy\u0142 J\u00f6st \u201epo tamtej stronie\u201d muru getta? Getto warszawskie. [&hellip;]<\/p>\n","protected":false},"author":1,"featured_media":0,"comment_status":"closed","ping_status":"closed","sticky":false,"template":"","format":"standard","meta":[],"categories":[6],"tags":[26,24],"_links":{"self":[{"href":"https:\/\/www.reunion68.se\/index.php?rest_route=\/wp\/v2\/posts\/91059"}],"collection":[{"href":"https:\/\/www.reunion68.se\/index.php?rest_route=\/wp\/v2\/posts"}],"about":[{"href":"https:\/\/www.reunion68.se\/index.php?rest_route=\/wp\/v2\/types\/post"}],"author":[{"embeddable":true,"href":"https:\/\/www.reunion68.se\/index.php?rest_route=\/wp\/v2\/users\/1"}],"replies":[{"embeddable":true,"href":"https:\/\/www.reunion68.se\/index.php?rest_route=%2Fwp%2Fv2%2Fcomments&post=91059"}],"version-history":[{"count":15,"href":"https:\/\/www.reunion68.se\/index.php?rest_route=\/wp\/v2\/posts\/91059\/revisions"}],"predecessor-version":[{"id":91236,"href":"https:\/\/www.reunion68.se\/index.php?rest_route=\/wp\/v2\/posts\/91059\/revisions\/91236"}],"wp:attachment":[{"href":"https:\/\/www.reunion68.se\/index.php?rest_route=%2Fwp%2Fv2%2Fmedia&parent=91059"}],"wp:term":[{"taxonomy":"category","embeddable":true,"href":"https:\/\/www.reunion68.se\/index.php?rest_route=%2Fwp%2Fv2%2Fcategories&post=91059"},{"taxonomy":"post_tag","embeddable":true,"href":"https:\/\/www.reunion68.se\/index.php?rest_route=%2Fwp%2Fv2%2Ftags&post=91059"}],"curies":[{"name":"wp","href":"https:\/\/api.w.org\/{rel}","templated":true}]}}