{"id":91229,"date":"2021-11-30T17:09:06","date_gmt":"2021-11-30T15:09:06","guid":{"rendered":"http:\/\/www.reunion68.se\/?p=91229"},"modified":"2021-11-30T16:06:55","modified_gmt":"2021-11-30T14:06:55","slug":"04-09-66","status":"publish","type":"post","link":"https:\/\/www.reunion68.se\/?p=91229","title":{"rendered":"Szwedzki dziennik odm\u00f3wi\u0142 publikacji polemiki do artyku\u0142u Grabowskiego; interweniowa\u0142a ambasador RP; sprawa jest u Rzecznika ds. medi\u00f3w"},"content":{"rendered":"<h5 style=\"text-align: center;\"><a href=\"https:\/\/dzieje.pl\/\" target=\"_blank\" rel=\"noopener noreferrer\"><img decoding=\"async\" class=\"center alignleft\" src=\"http:\/\/www.reunion68.com\/Biuletyn\/img\/dzieje_logo.png\" alt=\"\" width=\"35%\" \/><\/a><span style=\"text-decoration: underline; color: #000080;\"><span style=\"text-decoration: underline;\"><strong><a style=\"color: #000080; text-decoration: underline;\" href=\"https:\/\/dzieje.pl\/wiadomosci\/szwedzki-dziennik-odmowil-publikacji-polemiki-do-artykulu-grabowskiego-interweniowala\" target=\"_blank\" rel=\"noopener noreferrer\">Szwedzki dziennik odm\u00f3wi\u0142 publikacji polemiki do artyku\u0142u Grabowskiego; interweniowa\u0142a ambasador RP; sprawa jest u Rzecznika ds. medi\u00f3w<\/a><\/strong><\/span><\/span><\/h5>\n<p style=\"text-align: center;\"><span style=\"color: #000000;\"><strong>Grzegorz Bruszewski<\/strong><\/span><\/p>\n<hr style=\"height: 15px; background: #d0e6fa; width: 100%;\" \/>\n<p style=\"text-align: center;\"><img decoding=\"async\" class=\"aligncenter\" src=\"https:\/\/dzieje.pl\/sites\/default\/files\/202111\/arkadiusz_mularczyk.jpg\" width=\"100%\" \/><span style=\"color: #808080;\"><em>Arkadiusz Mularczyk. Fot. PAP\/R. Guz<\/em><\/span><\/p>\n<h4 style=\"text-align: left;\"><span style=\"color: #808080;\"><strong>Powstanie Instytutu Strat Wojennych to podniesienie sprawy reparacji nierozwi\u0105zanej od 80 lat na bardzo wysoki poziom polityczny &#8211; m\u00f3wi PAP pose\u0142 PiS, by\u0142y szef sejmowego zespo\u0142u ds. reparacji Arkadiusz Mularczyk.<\/strong><\/span><\/h4>\n<p>.<\/p>\n<div class=\"field field--name-body field--type-text-with-summary field--label-hidden field__item\">\n<p style=\"text-align: left;\"><span style=\"color: #000080;\">W wywiadzie dla niemieckiej agencji prasowej dpa premier Mateusz Morawiecki zosta\u0142 zapytany, czy kwestia reparacji za szkody wyrz\u0105dzone przez Niemcy w Polsce podczas II wojny \u015bwiatowej jest poza dyskusj\u0105. &#8220;Nie, ta sprawa nie jest poza dyskusj\u0105, poniewa\u017c Polska zosta\u0142a bardzo \u017ale potraktowana, nie otrzymuj\u0105c reparacji&#8221; &#8211; powiedzia\u0142 premier i przypomnia\u0142 o tworzeniu Instytutu Strat Wojennych imienia Jana Karskiego.<\/span><\/p>\n<p style=\"text-align: left;\"><span style=\"color: #000080;\">Mularczyk, kt\u00f3ry szefowa\u0142 sejmowemu zespo\u0142owi ds. reparacji powiedzia\u0142 PAP, \u017ce &#8220;baz\u0105 prac Instytutu b\u0119d\u0105 kwestie dotycz\u0105ce pog\u0142\u0119bionych bada\u0144 nad stratami&#8221;. &#8220;Oczywi\u015bcie w oparciu o wypracowany przez zesp\u00f3\u0142 parlamentarny materia\u0142y i publikacje&#8221; &#8211; zaznaczy\u0142. &#8220;Da nam to pewnego rodzaju formu\u0142\u0119 zintytucjonalizowanych dzia\u0142a\u0144. My\u015bl\u0119, \u017ce w du\u017cej mierze to u\u0142atwi prowadzenie dalszych prac, bada\u0144, publikacje, r\u00f3\u017cnego rodzaju formu\u0142y rozm\u00f3w, spotka\u0144 i prowadzenia w spos\u00f3b zinstytucjonalizowany tej problematyki&#8221; &#8211; doda\u0142.<\/span><\/p>\n<p style=\"text-align: left;\"><span style=\"color: #000080;\">Doda\u0142, \u017ce b\u0119dzie Instytutowi s\u0142u\u017cy\u0142 pomoc\u0105, wsparciem i kontaktami.<\/span><\/p>\n<p style=\"text-align: left;\"><span style=\"color: #000080;\">Premier m\u00f3wi\u0142 w wywiadzie dla agencji dpa, \u017ce sejmowy zesp\u00f3\u0142 ds. reparacji zosta\u0142 poproszony o uzupe\u0142nienie swego raportu o dodatkowe informacje, raport ma by\u0107 gotowy do lutego i przedstawiony opinii publicznej w p\u00f3\u017aniejszym terminie. &#8220;Decyzja o tym, co, kiedy i jak zrobi\u0107 z tym raportem, nie zosta\u0142a jeszcze podj\u0119ta. Ale przygotowujemy wszystko, co jest potrzebne do zaprezentowania tego raportu \u015bwiatu&#8221; &#8211; m\u00f3wi\u0142 szef polskiego rz\u0105du.<\/span><\/p>\n<p style=\"text-align: left;\"><span style=\"color: #000080;\">Mularczyk powiedzia\u0142 PAP, \u017ce zesp\u00f3\u0142 jest w trakcie finalizacji prac nad raportem. &#8220;Z uwagi na r\u00f3\u017cne okoliczno\u015bci to si\u0119 przed\u0142u\u017ca\u0142o&#8221; &#8211; doda\u0142. &#8220;Raport poddany by\u0142 wewn\u0119trznym konsultacjom politycznym, merytorycznym i powinien by\u0107 uzupe\u0142niony o niewielkie ju\u017c elementy, jest uzupe\u0142niany i mamy nadziej\u0119, \u017ce uda si\u0119 to zako\u0144czy\u0107 na pocz\u0105tku przysz\u0142ego roku&#8221; &#8211; powiedzia\u0142 pose\u0142.<\/span><\/p>\n<blockquote>\n<p style=\"text-align: left;\"><strong>Premier m\u00f3wi\u0142 w wywiadzie dla agencji dpa, \u017ce sejmowy zesp\u00f3\u0142 ds. reparacji zosta\u0142 poproszony o uzupe\u0142nienie swego raportu o dodatkowe informacje, raport ma by\u0107 gotowy do lutego i przedstawiony opinii publicznej w p\u00f3\u017aniejszym terminie. &#8220;Decyzja o tym, co, kiedy i jak zrobi\u0107 z tym raportem, nie zosta\u0142a jeszcze podj\u0119ta. Ale przygotowujemy wszystko, co jest potrzebne do zaprezentowania tego raportu \u015bwiatu&#8221; &#8211; m\u00f3wi\u0142 szef polskiego rz\u0105du.<\/strong><\/p>\n<\/blockquote>\n<p style=\"text-align: left;\"><span style=\"color: #000080;\">Doda\u0142, \u017ce &#8220;kwestia publikacji jest decyzj\u0105 o charakterze politycznym i to s\u0105 decyzje, kt\u00f3re s\u0105 w r\u0119kach prezesa PiS Jaros\u0142awa Kaczy\u0144skiego i premiera Mateusza Morawieckiego, a tak\u017ce w\u0142adz pa\u0144stwowych&#8221;.<\/span><\/p>\n<p style=\"text-align: left;\"><span style=\"color: #000080;\">Mularczyk przyzna\u0142, \u017ce postrzega inicjatyw\u0119 stworzenia Instytutu dwutorowo. &#8220;Pierwsza to u\u0142atwienie w sensie proceduralnym prowadzenia prac, dzia\u0142a\u0144, r\u00f3wnie\u017c zwi\u0105zanych z reparacjami, ale te\u017c usystematyzowanie, ujednolicenie i stworzenie podstawy prawnej do pog\u0142\u0119bionych bada\u0144&#8221; &#8211; powiedzia\u0142.<\/span><\/p>\n<p><strong>Powstanie Instytutu Strat Wojennych to podniesienie sprawy reparacji nierozwi\u0105zanej od 80 lat na bardzo wysoki poziom polityczny &#8211; m\u00f3wi PAP pose\u0142 PiS, by\u0142y szef sejmowego zespo\u0142u ds. reparacji Arkadiusz Mularczyk.<\/strong><\/p>\n<div class=\"field field--name-body field--type-text-with-summary field--label-hidden field__item\">\n<p style=\"text-align: left;\"><span style=\"color: #000080;\">W wywiadzie dla niemieckiej agencji prasowej dpa premier Mateusz Morawiecki zosta\u0142 zapytany, czy kwestia reparacji za szkody wyrz\u0105dzone przez Niemcy w Polsce podczas II wojny \u015bwiatowej jest poza dyskusj\u0105. &#8220;Nie, ta sprawa nie jest poza dyskusj\u0105, poniewa\u017c Polska zosta\u0142a bardzo \u017ale potraktowana, nie otrzymuj\u0105c reparacji&#8221; &#8211; powiedzia\u0142 premier i przypomnia\u0142 o tworzeniu Instytutu Strat Wojennych imienia Jana Karskiego.<\/span><\/p>\n<p style=\"text-align: left;\"><span style=\"color: #000080;\">Mularczyk, kt\u00f3ry szefowa\u0142 sejmowemu zespo\u0142owi ds. reparacji powiedzia\u0142 PAP, \u017ce &#8220;baz\u0105 prac Instytutu b\u0119d\u0105 kwestie dotycz\u0105ce pog\u0142\u0119bionych bada\u0144 nad stratami&#8221;. &#8220;Oczywi\u015bcie w oparciu o wypracowany przez zesp\u00f3\u0142 parlamentarny materia\u0142y i publikacje&#8221; &#8211; zaznaczy\u0142. &#8220;Da nam to pewnego rodzaju formu\u0142\u0119 zintytucjonalizowanych dzia\u0142a\u0144. My\u015bl\u0119, \u017ce w du\u017cej mierze to u\u0142atwi prowadzenie dalszych prac, bada\u0144, publikacje, r\u00f3\u017cnego rodzaju formu\u0142y rozm\u00f3w, spotka\u0144 i prowadzenia w spos\u00f3b zinstytucjonalizowany tej problematyki&#8221; &#8211; doda\u0142.<\/span><\/p>\n<p style=\"text-align: left;\"><span style=\"color: #000080;\">Doda\u0142, \u017ce b\u0119dzie Instytutowi s\u0142u\u017cy\u0142 pomoc\u0105, wsparciem i kontaktami.<\/span><\/p>\n<p style=\"text-align: left;\"><span style=\"color: #000080;\">Premier m\u00f3wi\u0142 w wywiadzie dla agencji dpa, \u017ce sejmowy zesp\u00f3\u0142 ds. reparacji zosta\u0142 poproszony o uzupe\u0142nienie swego raportu o dodatkowe informacje, raport ma by\u0107 gotowy do lutego i przedstawiony opinii publicznej w p\u00f3\u017aniejszym terminie. &#8220;Decyzja o tym, co, kiedy i jak zrobi\u0107 z tym raportem, nie zosta\u0142a jeszcze podj\u0119ta. Ale przygotowujemy wszystko, co jest potrzebne do zaprezentowania tego raportu \u015bwiatu&#8221; &#8211; m\u00f3wi\u0142 szef polskiego rz\u0105du.<\/span><\/p>\n<p style=\"text-align: left;\"><span style=\"color: #000080;\">Mularczyk powiedzia\u0142 PAP, \u017ce zesp\u00f3\u0142 jest w trakcie finalizacji prac nad raportem. &#8220;Z uwagi na r\u00f3\u017cne okoliczno\u015bci to si\u0119 przed\u0142u\u017ca\u0142o&#8221; &#8211; doda\u0142. &#8220;Raport poddany by\u0142 wewn\u0119trznym konsultacjom politycznym, merytorycznym i powinien by\u0107 uzupe\u0142niony o niewielkie ju\u017c elementy, jest uzupe\u0142niany i mamy nadziej\u0119, \u017ce uda si\u0119 to zako\u0144czy\u0107 na pocz\u0105tku przysz\u0142ego roku&#8221; &#8211; powiedzia\u0142 pose\u0142.<\/span><\/p>\n<blockquote>\n<p style=\"text-align: left;\"><strong>Premier m\u00f3wi\u0142 w wywiadzie dla agencji dpa, \u017ce sejmowy zesp\u00f3\u0142 ds. reparacji zosta\u0142 poproszony o uzupe\u0142nienie swego raportu o dodatkowe informacje, raport ma by\u0107 gotowy do lutego i przedstawiony opinii publicznej w p\u00f3\u017aniejszym terminie. &#8220;Decyzja o tym, co, kiedy i jak zrobi\u0107 z tym raportem, nie zosta\u0142a jeszcze podj\u0119ta. Ale przygotowujemy wszystko, co jest potrzebne do zaprezentowania tego raportu \u015bwiatu&#8221; &#8211; m\u00f3wi\u0142 szef polskiego rz\u0105du.<\/strong><\/p>\n<\/blockquote>\n<p style=\"text-align: left;\"><span style=\"color: #000080;\">Doda\u0142, \u017ce &#8220;kwestia publikacji jest decyzj\u0105 o charakterze politycznym i to s\u0105 decyzje, kt\u00f3re s\u0105 w r\u0119kach prezesa PiS Jaros\u0142awa Kaczy\u0144skiego i premiera Mateusza Morawieckiego, a tak\u017ce w\u0142adz pa\u0144stwowych&#8221;.<\/span><\/p>\n<p style=\"text-align: left;\"><span style=\"color: #000080;\">Mularczyk przyzna\u0142, \u017ce postrzega inicjatyw\u0119 stworzenia Instytutu dwutorowo. &#8220;Pierwsza to u\u0142atwienie w sensie proceduralnym prowadzenia prac, dzia\u0142a\u0144, r\u00f3wnie\u017c zwi\u0105zanych z reparacjami, ale te\u017c usystematyzowanie, ujednolicenie i stworzenie podstawy prawnej do pog\u0142\u0119bionych bada\u0144&#8221; &#8211; powiedzia\u0142.<\/span><\/p>\n<\/div>\n<\/div>\n<hr style=\"height: 15px; background: #d0e6fa; width: 100%;\" \/>\n<div id=\"content\" class=\"content-alignment\">\n<div id=\"watch-description\" class=\"yt-uix-button-panel\">\n<div id=\"watch-description-text\" style=\"text-align: center;\">\n<p><em>Zawarto\u015b\u0107 publikowanych artyku\u0142\u00f3w i materia\u0142\u00f3w nie reprezentuje pogl\u0105d\u00f3w ani opinii Reunion&#8217;68,<\/em><em><br \/>\nani te\u017c webmastera Blogu Reunion&#8217;68, chyba ze jest to wyra\u017anie zaznaczone.<br \/>\nTwoje uwagi, linki, w\u0142asne artyku\u0142y lub wiadomo\u015bci prze\u015blij na adres:<br \/>\n<\/em><span style=\"color: #000080;\"><strong><em><a style=\"color: #000080;\" href=\"mailto:webmaster@reunion68.com\"><span style=\"text-decoration: underline;\">webmaster@reunion68.com<\/span><\/a><\/em><\/strong><\/span><\/p>\n<\/div>\n<\/div>\n<\/div>\n<hr style=\"width: 100%;\" \/>\n","protected":false},"excerpt":{"rendered":"<p>Szwedzki dziennik odm\u00f3wi\u0142 publikacji polemiki do artyku\u0142u Grabowskiego; interweniowa\u0142a ambasador RP; sprawa jest u Rzecznika ds. medi\u00f3w Grzegorz Bruszewski Arkadiusz Mularczyk. Fot. PAP\/R. Guz Powstanie Instytutu Strat Wojennych to podniesienie sprawy reparacji nierozwi\u0105zanej od 80 lat na bardzo wysoki poziom polityczny &#8211; m\u00f3wi PAP pose\u0142 PiS, by\u0142y szef sejmowego zespo\u0142u ds. reparacji Arkadiusz Mularczyk. . [&hellip;]<\/p>\n","protected":false},"author":1,"featured_media":0,"comment_status":"closed","ping_status":"closed","sticky":false,"template":"","format":"standard","meta":[],"categories":[6],"tags":[26,24],"_links":{"self":[{"href":"https:\/\/www.reunion68.se\/index.php?rest_route=\/wp\/v2\/posts\/91229"}],"collection":[{"href":"https:\/\/www.reunion68.se\/index.php?rest_route=\/wp\/v2\/posts"}],"about":[{"href":"https:\/\/www.reunion68.se\/index.php?rest_route=\/wp\/v2\/types\/post"}],"author":[{"embeddable":true,"href":"https:\/\/www.reunion68.se\/index.php?rest_route=\/wp\/v2\/users\/1"}],"replies":[{"embeddable":true,"href":"https:\/\/www.reunion68.se\/index.php?rest_route=%2Fwp%2Fv2%2Fcomments&post=91229"}],"version-history":[{"count":7,"href":"https:\/\/www.reunion68.se\/index.php?rest_route=\/wp\/v2\/posts\/91229\/revisions"}],"predecessor-version":[{"id":91242,"href":"https:\/\/www.reunion68.se\/index.php?rest_route=\/wp\/v2\/posts\/91229\/revisions\/91242"}],"wp:attachment":[{"href":"https:\/\/www.reunion68.se\/index.php?rest_route=%2Fwp%2Fv2%2Fmedia&parent=91229"}],"wp:term":[{"taxonomy":"category","embeddable":true,"href":"https:\/\/www.reunion68.se\/index.php?rest_route=%2Fwp%2Fv2%2Fcategories&post=91229"},{"taxonomy":"post_tag","embeddable":true,"href":"https:\/\/www.reunion68.se\/index.php?rest_route=%2Fwp%2Fv2%2Ftags&post=91229"}],"curies":[{"name":"wp","href":"https:\/\/api.w.org\/{rel}","templated":true}]}}