{"id":91252,"date":"2021-12-01T17:05:03","date_gmt":"2021-12-01T15:05:03","guid":{"rendered":"http:\/\/www.reunion68.se\/?p=91252"},"modified":"2021-12-01T14:42:01","modified_gmt":"2021-12-01T12:42:01","slug":"05-05-71","status":"publish","type":"post","link":"https:\/\/www.reunion68.se\/?p=91252","title":{"rendered":"Omikron w Europie na razie nie taki straszny. Zaka\u017cenia \u0142agodne lub bezobjawowe"},"content":{"rendered":"<h5 style=\"text-align: center;\"><a href=\"https:\/\/wyborcza.pl\/\" target=\"_blank\" rel=\"noopener noreferrer\"><img decoding=\"async\" class=\"center alignleft\" src=\"http:\/\/www.reunion68.com\/Biuletyn\/img\/wyborcza.png\" alt=\"\" width=\"35%\" \/><\/a><span style=\"text-decoration: underline; color: #000080;\"><strong><a style=\"color: #000080; text-decoration: underline;\" href=\"https:\/\/wyborcza.pl\/7,75400,27861599,zakazenia-wariantem-omikron-w-europie-na-razie-lagodne-lub-bezobjawowe.html\" target=\"_blank\" rel=\"noopener noreferrer\">Omikron w Europie na razie nie taki straszny. Zaka\u017cenia \u0142agodne lub bezobjawowe<\/a><\/strong><\/span><\/h5>\n<p style=\"text-align: center;\"><span style=\"color: #000000;\"><strong>Piotr Cie\u015bli\u0144ski<\/strong><\/span><\/p>\n<hr style=\"height: 15px; background: #d0e6fa; width: 100%;\" \/>\n<p style=\"text-align: center;\"><img decoding=\"async\" class=\"aligncenter\" src=\"https:\/\/bi.im-g.pl\/im\/05\/91\/1a\/z27859205V,Omikron.jpg\" width=\"100%\" \/><span style=\"color: #808080;\"><em>Omikron (Fot. Shutterstock\/angellodeco)<\/em><\/span><\/p>\n<h4 style=\"text-align: center;\"><span style=\"color: #808080;\"><strong>Dzisiejszy komunikat Europejskiego Centrum ds. Zapobiegania i Kontroli Chor\u00f3b (ECDC) na temat nowego i potencjalnie gro\u017anego wariantu omikron przynosi dwie wie\u015bci: dobr\u0105 i z\u0142\u0105.<\/strong><\/span><\/h4>\n<p class=\"art_paragraph\" style=\"text-align: left;\"><span style=\"color: #000080;\">Zacznijmy od tej z\u0142ej. Mimo bardzo szybkiego\u00a0<span style=\"text-decoration: underline;\"><strong><a class=\"art_link\" style=\"color: #000080; text-decoration: underline;\" href=\"https:\/\/wyborcza.pl\/7,75400,27851842,swiat-w-strachu-przed-wariantem-omikron-koronawirusa-wykryto.html\" rel=\"dofollow\">wstrzymania lot\u00f3w z po\u0142udnia Afryki do Europy<\/a><\/strong><\/span>\u00a0wariantu omikron nie uda\u0142o si\u0119 zatrzyma\u0107.<\/span><\/p>\n<blockquote class=\"art_blockquote\"><p><strong>ECDC informuje dzisiaj, \u017ce do tej pory potwierdzono w Europie ju\u017c 44 zaka\u017cenia omikronem w 11 krajach &#8211; Austrii, Belgii, Czechach, Danii, Francji (wyspa Reunion), Hiszpanii, Holandii, Niemczech, Portugalii, Szwecji i W\u0142oszech.<\/strong><\/p><\/blockquote>\n<p class=\"art_paragraph\" style=\"text-align: left;\"><span style=\"color: #000080;\">Ponadto zg\u0142oszono co najmniej sze\u015b\u0107 kolejnych podejrzanych zaka\u017ce\u0144, kt\u00f3re s\u0105 obecnie sprawdzane. Wi\u0119kszo\u015b\u0107 dotyczy os\u00f3b, kt\u00f3re niedawno przylecia\u0142y z Afryki.<\/span><\/p>\n<div class=\"paywall\" style=\"text-align: left;\">\n<p class=\"art_paragraph\" style=\"text-align: left;\"><span style=\"color: #000080;\"><a class=\"art_link\" style=\"color: #000080;\" href=\"https:\/\/www.ecdc.europa.eu\/en\/news-events\/epidemiological-update-omicron-data-30-november-2021\" rel=\"nofollow\"><span style=\"text-decoration: underline;\"><strong>Dobr\u0105 wie\u015bci\u0105 jest to<\/strong><\/span><\/a>, \u017ce wszystkie dotychczas ujawnione zaka\u017cenia omikronem by\u0142y bezobjawowe albo dawa\u0142y objawy \u0142agodne.<\/span><\/p>\n<blockquote class=\"art_blockquote\"><p><strong>Jak dot\u0105d nie zg\u0142oszono \u017cadnych powa\u017cnych zachorowa\u0144 ani zgon\u00f3w w\u015br\u00f3d zaka\u017conych omikronem i zdiagnozowanych w Europie.<\/strong><\/p><\/blockquote>\n<p class=\"art_paragraph\"><span style=\"color: #000080;\">To daje nadziej\u0119 na to, \u017ce nie jest to wariant bardziej zjadliwy od innych.<\/span><\/p>\n<p class=\"art_paragraph\"><span style=\"color: #000080;\">Szefowa ECDC Andrea Ammon m\u00f3wi\u0142a na konferencji prasowej, \u017ce osoby, kt\u00f3re przesz\u0142y zaka\u017cenie omikronem, s\u0105 w tej chwili poddawane dodatkowym testom medycznym, aby oceni\u0107, jak ten wariant zachowuje si\u0119 u zaszczepionych.<\/span><\/p>\n<p class=\"art_paragraph\"><span style=\"color: #000080;\">Wi\u0119cej informacji na ten temat naukowcy b\u0119d\u0105 mieli w ci\u0105gu kilku tygodni<\/span>.<\/p>\n<h5 class=\"art_sub_title\"><strong>Omikron ju\u017c tu by\u0142<\/strong><\/h5>\n<p class=\"art_paragraph\"><span style=\"color: #000080;\">Co ciekawe,\u00a0z informacji, jakie podali we wtorek holenderscy urz\u0119dnicy ds. zdrowia, wynika, \u017ce wszelkie dzia\u0142ania maj\u0105ce na celu powstrzymanie omikronu na granicach Unii Europejskiej by\u0142y z g\u00f3ry skazane na pora\u017ck\u0119.<\/span><\/p>\n<blockquote class=\"art_blockquote\"><p><strong>W Holandii znaleziono omikron w dw\u00f3ch wymazach, kt\u00f3re pobrano ju\u017c 19 i 23 listopada w publicznych punktach testowania.<\/strong><\/p><\/blockquote>\n<p class=\"art_paragraph\"><span style=\"color: #000080;\">Tymczasem RPA zg\u0142osi\u0142a wykrycie nowego wariantu do WHO p\u00f3\u017aniej &#8211; 24 listopada, a WHO og\u0142osi\u0142o go wariantem niepokoj\u0105cym 26 listopada. To oznacza, \u017ce omikron by\u0142 w Holandii, zanim RPA i WHO zaalarmowa\u0142y \u015bwiat. W dodatku nie jest jeszcze jasne, czy testowani w Holandii odwiedzili wcze\u015bniej po\u0142udniow\u0105 Afryk\u0119.<\/span><\/p>\n<p class=\"art_paragraph\"><span style=\"color: #000080;\">Z tego tak\u017ce wynika, \u017ce omikron wcale nie musi pochodzi\u0107 z po\u0142udniowej Afryki, cho\u0107 na razie najwcze\u015bniejsze pr\u00f3bki, w jakich go znaleziono, s\u0105 w\u0142a\u015bnie stamt\u0105d. Pierwsze znane zaka\u017cenie omikronem wykryto w wymazie, kt\u00f3ry pobrano 9 listopada w RPA. Kilka dni p\u00f3\u017aniej przypadki infekcji wykryto w Botswanie u dyplomat\u00f3w, kt\u00f3rzy testowali si\u0119 przed podr\u00f3\u017c\u0105.<\/span><\/p>\n<p class=\"art_paragraph\"><span style=\"color: #000080;\">ECDC zaleca unikanie podr\u00f3\u017cy do rejon\u00f3w, gdzie stwierdzono obecno\u015b\u0107 wariantu omikron, a tak\u017ce zwi\u0119kszenie liczby test\u00f3w (z sekwencjonowaniem potwierdzonych przypadk\u00f3w) oraz \u015bledzenie kontakt\u00f3w zaka\u017conych.<\/span><\/p>\n<blockquote class=\"art_blockquote\"><p><strong>ECDC wzywa r\u00f3wnie\u017c kraje Europy do tego, aby przyspieszy\u0142y akcj\u0119 szczepie\u0144 &#8211; tak by zosta\u0142 zaszczepiony jak najwi\u0119kszy odsetek ludno\u015bci, zw\u0142aszcza os\u00f3b starszych i najbardziej nara\u017conych na ci\u0119\u017cki przebieg COVID-19.<\/strong><\/p><\/blockquote>\n<p class=\"art_paragraph\"><span style=\"color: #000080;\">Na ten apel wczoraj odpowiedzia\u0142a Grecja: szczepienia na COVID b\u0119d\u0105 tam obowi\u0105zkowe dla ludzi w wieku 60 lat i wi\u0119cej. Kto si\u0119 nie zaszczepi do 16 stycznia, musi liczy\u0107 si\u0119 z grzywn\u0105 (100 euro za ka\u017cdy miesi\u0105c zw\u0142oki &#8211; pieni\u0105dze maj\u0105 i\u015b\u0107 na s\u0142u\u017cb\u0119 zdrowia i walk\u0119 z pandemi\u0105). Tak\u017ce\u00a0<span style=\"text-decoration: underline;\"><strong><a class=\"art_link\" style=\"color: #000080; text-decoration: underline;\" href=\"https:\/\/wyborcza.pl\/7,75399,27858866,cztery-tygodnie-wiezienia-za-odmowe-szczepienia-tak-ma-wygladac.html\" rel=\"dofollow\">Austria wprowadza od lutego obowi\u0105zkowe szczepienia na COVID<\/a>\u00a0<\/strong><\/span>&#8211; dla wszystkich od 12 roku \u017cycia.\u00a0<\/span><\/p>\n<\/div>\n<hr style=\"height: 15px; background: #d0e6fa; width: 100%;\" \/>\n<div id=\"content\" class=\"content-alignment\">\n<div id=\"watch-description\" class=\"yt-uix-button-panel\">\n<div id=\"watch-description-text\" style=\"text-align: center;\">\n<p><em>Zawarto\u015b\u0107 publikowanych artyku\u0142\u00f3w i materia\u0142\u00f3w nie reprezentuje pogl\u0105d\u00f3w ani opinii Reunion&#8217;68,<\/em><em><br \/>\nani te\u017c webmastera Blogu Reunion&#8217;68, chyba ze jest to wyra\u017anie zaznaczone.<br \/>\nTwoje uwagi, linki, w\u0142asne artyku\u0142y lub wiadomo\u015bci prze\u015blij na adres:<br \/>\n<\/em><span style=\"color: #000080;\"><strong><em><a style=\"color: #000080;\" href=\"mailto:webmaster@reunion68.com\"><span style=\"text-decoration: underline;\">webmaster@reunion68.com<\/span><\/a><\/em><\/strong><\/span><\/p>\n<\/div>\n<\/div>\n<\/div>\n<hr style=\"width: 100%;\" \/>\n","protected":false},"excerpt":{"rendered":"<p>Omikron w Europie na razie nie taki straszny. Zaka\u017cenia \u0142agodne lub bezobjawowe Piotr Cie\u015bli\u0144ski Omikron (Fot. Shutterstock\/angellodeco) Dzisiejszy komunikat Europejskiego Centrum ds. Zapobiegania i Kontroli Chor\u00f3b (ECDC) na temat nowego i potencjalnie gro\u017anego wariantu omikron przynosi dwie wie\u015bci: dobr\u0105 i z\u0142\u0105. Zacznijmy od tej z\u0142ej. Mimo bardzo szybkiego\u00a0wstrzymania lot\u00f3w z po\u0142udnia Afryki do Europy\u00a0wariantu omikron [&hellip;]<\/p>\n","protected":false},"author":1,"featured_media":0,"comment_status":"closed","ping_status":"closed","sticky":false,"template":"","format":"standard","meta":[],"categories":[6],"tags":[26,24],"_links":{"self":[{"href":"https:\/\/www.reunion68.se\/index.php?rest_route=\/wp\/v2\/posts\/91252"}],"collection":[{"href":"https:\/\/www.reunion68.se\/index.php?rest_route=\/wp\/v2\/posts"}],"about":[{"href":"https:\/\/www.reunion68.se\/index.php?rest_route=\/wp\/v2\/types\/post"}],"author":[{"embeddable":true,"href":"https:\/\/www.reunion68.se\/index.php?rest_route=\/wp\/v2\/users\/1"}],"replies":[{"embeddable":true,"href":"https:\/\/www.reunion68.se\/index.php?rest_route=%2Fwp%2Fv2%2Fcomments&post=91252"}],"version-history":[{"count":4,"href":"https:\/\/www.reunion68.se\/index.php?rest_route=\/wp\/v2\/posts\/91252\/revisions"}],"predecessor-version":[{"id":91269,"href":"https:\/\/www.reunion68.se\/index.php?rest_route=\/wp\/v2\/posts\/91252\/revisions\/91269"}],"wp:attachment":[{"href":"https:\/\/www.reunion68.se\/index.php?rest_route=%2Fwp%2Fv2%2Fmedia&parent=91252"}],"wp:term":[{"taxonomy":"category","embeddable":true,"href":"https:\/\/www.reunion68.se\/index.php?rest_route=%2Fwp%2Fv2%2Fcategories&post=91252"},{"taxonomy":"post_tag","embeddable":true,"href":"https:\/\/www.reunion68.se\/index.php?rest_route=%2Fwp%2Fv2%2Ftags&post=91252"}],"curies":[{"name":"wp","href":"https:\/\/api.w.org\/{rel}","templated":true}]}}