{"id":91335,"date":"2021-12-05T17:09:54","date_gmt":"2021-12-05T15:09:54","guid":{"rendered":"http:\/\/www.reunion68.se\/?p=91335"},"modified":"2021-12-04T18:22:29","modified_gmt":"2021-12-04T16:22:29","slug":"08-09-63","status":"publish","type":"post","link":"https:\/\/www.reunion68.se\/?p=91335","title":{"rendered":"Fa\u0142szywe dzieci Holocaustu zbija\u0142y fortuny na fantazjach o swych krzywdach"},"content":{"rendered":"<h5 style=\"text-align: center;\"><a href=\"https:\/\/wyborcza.pl\" target=\"_blank\" rel=\"noopener noreferrer\"><img decoding=\"async\" class=\"center alignleft\" src=\"http:\/\/www.reunion68.com\/Biuletyn\/img\/wyborcza-ale.png\" alt=\"\" width=\"35%\"><\/a><span style=\"text-decoration: underline; color: #000080;\"><span style=\"text-decoration: underline;\"><strong><a style=\"color: #000080; text-decoration: underline;\" href=\"https:\/\/wyborcza.pl\/alehistoria\/7,121681,27874766,falszywe-dzieci-holocaustu-ktore-zbijaly-fortuny-na-fantazjach.html\" target=\"_blank\" rel=\"noopener noreferrer\">Fa\u0142szywe dzieci Holocaustu zbija\u0142y fortuny na fantazjach o swych krzywdach<\/a><\/strong><\/span><\/span><\/h5>\n<p style=\"text-align: center;\"><span style=\"color: #000000;\"><strong>Piotr G\u0142uchowski<\/strong><\/span><\/p>\n<hr style=\"height: 15px; background: #d0e6fa; width: 100%;\">\n<p style=\"text-align: center;\"><img decoding=\"async\" class=\"aligncenter\" src=\"https:\/\/bi.im-g.pl\/im\/91\/95\/1a\/z27874961V,-Misha-i-wilki---Netflix--Misha-Defonseca--z-lewej.jpg\" width=\"100%\"><span style=\"color: #808080;\"><em>&#8216;Misha i wilki&#8217;, Netflix. Misha Defonseca (z lewej) i pisarka Vera Lee, kt\u00f3ra pomog\u0142a jej pisa\u0107 rzekom\u0105 autobiografi\u0119. Misha Defonseca twierdzi\u0142a, \u017ce jako siedmiolatka ocalona z Holocaustu przesz\u0142a p\u00f3\u0142 Europy jedynie z kompasem, chlebem i no\u017cem w kieszeni. (Fot. John Blanding \/ AP Photo)<\/em><\/span><\/p>\n<h4 style=\"text-align: center;\"><span style=\"color: #808080;\"><strong>Misha Defonseca twierdzi\u0142a, \u017ce jako siedmiolatka ocalona z Holocaustu przesz\u0142a p\u00f3\u0142 Europy jedynie z kompasem, chlebem i no\u017cem w kieszeni. A w g\u0119stych lasach przewodzi\u0142a watasze wilk\u00f3w. Na swej historii nie\u017ale zarobi\u0142a. Tyle \u017ce wszystko zmy\u015bli\u0142a. &#8220;Misha i wilki&#8221;, Netflix.<\/strong><\/span><\/h4>\n<p>.<\/p>\n<section class=\"article-lead\">\n<div class=\"socialBar visible\"><\/div>\n<\/section>\n<section class=\"article-text\">\n<div id=\"mcBan_2\" class=\"mcBan is-initialized\" data-dm=\"true\"><span style=\"color: #000080;\">Przed ni\u0105 by\u0142o wiele fa\u0142szywych dzieci Holocaustu, kt\u00f3re zbija\u0142y fortuny na fantazjach o swych krzywdach.<\/span><\/p>\n<p class=\"art_paragraph\" style=\"text-align: left;\"><span style=\"color: #000080;\">Najbardziej znanym z mistyfikator\u00f3w by\u0142 Bruno D\u00f6ssekker, czyli fa\u0142szywy Binjamin Wilkomirski. Urodzi\u0142 si\u0119 w 1941 r. w niemieckoj\u0119zycznej cz\u0119\u015bci Szwajcarii, w Biel. Nie by\u0142 \u017bydem, ale rodowitym Szwajcarem, nie\u015blubnym dzieckiem Yvone Grosjean, kt\u00f3ra odda\u0142a go do sieroci\u0144ca. W 1957 r. ch\u0142opca przygarn\u0119\u0142a rodzina adopcyjna z Zurychu \u2013 pa\u0144stwo D\u00f6ssekker. Po technikum Bruno zaj\u0105\u0142 si\u0119 muzykowaniem i produkcj\u0105 instrument\u00f3w \u2013 g\u0142\u00f3wnie klarnet\u00f3w. \u015awiat us\u0142ysza\u0142 o nim w 1995 r., gdy jako Wilkomirski opublikowa\u0142 swe rzekome prze\u017cycia pod tytu\u0142em \u201eFragmenty. Wspomnienia o wojennym dzieci\u0144stwie&#8221;. Ksi\u0105\u017ck\u0119 wyda\u0142a frankfurcka oficyna Suhrkamp. W ci\u0105gu kolejnych trzech lat praca zosta\u0142a przet\u0142umaczona na 13 j\u0119zyk\u00f3w i sprzedana w p\u00f3\u0142milionowym nak\u0142adzie \u2013 od USA, przez Wielk\u0105 Brytani\u0119, po Australi\u0119.<\/span><\/p>\n<p class=\"art_paragraph\" style=\"text-align: left;\"><span style=\"color: #000080;\">W autobiografii narrator jest \u017cydowskim dzieckiem mieszkaj\u0105cym z rodzicami na \u0141otwie. W 1942 r. ojciec ginie na jego oczach, a kilkuletniego synka wraz z matk\u0105 i bratem hitlerowcy wywo\u017c\u0105 do Majdanka, potem do Auschwitz-Birkenau. Tam eksperymenty na ch\u0142opcu przeprowadza sam doktor Mengele.<\/span><\/p>\n<p class=\"art_paragraph\" style=\"text-align: left;\"><span style=\"color: #000080;\">Po wojnie Binjamin m\u0119czy si\u0119 w krakowskim sieroci\u0144cu i cudem prze\u017cywa napad \u201epolskich szowinist\u00f3w&#8221;. Polacy s\u0105 w ksi\u0105\u017cce wy\u0142\u0105cznie antysemitami, bandytami albo jednym i drugim. W kolejnych latach bohater b\u0142\u0105ka si\u0119 po Europie, usi\u0142uje opowiedzie\u0107 o swoich losach, ale nikt go nie s\u0142ucha, dlatego pisze autobiografi\u0119.<\/span><\/p>\n<p class=\"art_paragraph\" style=\"text-align: left;\"><span style=\"color: #000080;\">Gdy \u201eFragmenty&#8221; otrzyma\u0142y superpresti\u017cow\u0105 Jewish Book Award oraz brytyjsk\u0105 Jewish Quarterly Literary Prize \u2013 a zatem i stempel autentyzmu \u2013 D\u00f6ssekker\/Wilkomirski sta\u0142 si\u0119 globaln\u0105 gwiazd\u0105. Kr\u0119cono o nim dokumenty, brylowa\u0142 na debatach i seminariach o Holocau\u015bcie w Europie, USA i Japonii. Amerykanin Daniel Goldhagen, badacz Zag\u0142ady, uzna\u0142 jego memuary za \u201earcydzie\u0142o&#8221;. \u201eFragmenty&#8221; promowano \u2013 z udzia\u0142em autora \u2013 w waszyngto\u0144skim Holocaust Memorial Museum. Oszust wyst\u0105pi\u0142 w talk-show Oprah Winfrey, gdzie inna autorka ksi\u0105\u017cek o Zag\u0142adzie, Laura Grabowski, \u201eprzypomnia\u0142a sobie&#8221;, jak \u201ewidzia\u0142a&#8221; ma\u0142ego Binjamina w Auschwitz.<\/span><\/p>\n<p class=\"art_paragraph\" style=\"text-align: left;\"><span style=\"color: #000080;\">W sierpniu 1998 r. D\u00f6ssekkera\/Wilkomirskiego odwiedzi\u0142 dziennikarz Daniel Ganzfried z zuryskiego \u201eWeltwoche&#8221; \u2013 \u017byd, syn wi\u0119\u017ania Auschwitz, znawca niemieckiej okupacji Europy Wschodniej. Szybko si\u0119 zorientowa\u0142, \u017ce \u2013 jak to uj\u0105\u0142 na \u0142amach tygodnika \u2013 \u201eWilkomirski widzia\u0142 obozy koncentracyjne tylko jako turysta&#8221;. Jeszcze w tym samym roku na rynek wesz\u0142a demaskatorska ksi\u0105\u017cka Ganzfrieda \u201eAlias Wilkomirski. Die Holocaust-Travestie&#8221; (\u201e\u2026Parodia Holocaustu&#8221;). Nie osi\u0105gn\u0119\u0142a nawet jednej dziesi\u0105tej nak\u0142adu, w jakim sprzeda\u0142y si\u0119 \u201eFragmenty&#8221;.<\/span><\/p>\n<h5 class=\"art_sub_title\" style=\"text-align: left;\"><strong>Z \u0141odzi do wieczno\u015bci<\/strong><\/h5>\n<p class=\"art_paragraph\" style=\"text-align: left;\"><span style=\"color: #000080;\">Polski odpowiednik Wilkomirskiego to oczywi\u015bcie Jerzy Kosi\u0144ski, autor \u201eMalowanego ptaka&#8221;. Urodzony w \u0142\u00f3dzkiej rodzinie \u017cydowskiej Lewinkopf\u00f3w okupacj\u0119 sp\u0119dzi\u0142 z rodzicami u Polak\u00f3w ze wsi D\u0105browa Rzeczycka na Podkarpaciu. Po wojnie by\u0142 m.in. instruktorem narciarskim i asystentem w Instytucie Historii PAN. W 1957 r. wyemigrowa\u0142 do USA, gdzie osiem lat p\u00f3\u017aniej wyda\u0142 rzekom\u0105 autobiografi\u0119 \u2013 zapis potwornych krzywd, jakie spotka\u0142y go, gdy tu\u0142a\u0142 si\u0119 bez rodzic\u00f3w po okupowanej Polsce.<\/span><\/p>\n<\/div>\n<p class=\"art_paragraph\" style=\"text-align: left;\"><span style=\"color: #000080;\">Janusz Rudnicki w tek\u015bcie&nbsp;<a class=\"art_link\" style=\"color: #000080;\" href=\"https:\/\/wyborcza.pl\/7,75517,25297778,fuck-you-dzerzi.html\" rel=\"dofollow\">\u201e<span style=\"text-decoration: underline;\"><strong>Najwi\u0119ksze oszustwo w historii literatury&#8221;<\/strong><\/span><\/a>&nbsp;(\u201eWyborcza&#8221;, 11.10.2019 r.) pisze, \u017ce laureat pokojowego Nobla Elie Wiesel \u201emia\u0142 ju\u017c gotow\u0105 [krytyczn\u0105] recenzj\u0119 ksi\u0105\u017cki do \u00bbNew York Timesa\u00ab, bo my\u015bla\u0142, \u017ce to fikcja, ale potarga\u0142 j\u0105 i napisa\u0142 pean, [gdy] mu ten oszust wcisn\u0105\u0142 kit&#8221;, \u017ce to jednak biografia. \u201eMalowany ptak&#8221; sta\u0142 si\u0119 z miejsca i arcydzie\u0142em, i bestsellerem. Nak\u0142ad (w kilkunastu j\u0119zykach) przekroczy\u0142 2 mln, autor otrzyma\u0142 stypendia Guggenheima, Forda i American Academy. W 1973 r. zosta\u0142 prezesem ameryka\u0144skiego PEN Clubu.<\/span><\/p>\n<p class=\"art_paragraph\" style=\"text-align: left;\"><span style=\"color: #000080;\">Inna jego ksi\u0105\u017cka \u2013 \u201eWystarczy by\u0107&#8221; \u2013 zosta\u0142a kupiona i sfilmowana przez Hollywood. Jeden z aktor\u00f3w dosta\u0142 za film Oscara. W 1982 r. Kosi\u0144ski \u2013 jako megagwiazda \u2013 sam wr\u0119cza\u0142 statuetk\u0119 w kategorii najlepszy scenariusz. Gra\u0142 w filmach Warrena Beatty i Johna Schlesingera. Go\u015bci\u0142 w \u201eLate Night Show&#8221; Davida Lettermana i u Johnny\u2019ego Carsona w \u201eThe Tonight Show&#8221;. S\u0142ynna fotografka Annie Leibovitz wykona\u0142a mu artystyczne zdj\u0119cia do \u201eNew York Timesa&#8221;, przez co stan\u0105\u0142 w jednym rz\u0119dzie z Marilyn Monroe, Andy Warholem i Kurtem Vonnegutem.<\/span><\/p>\n<p class=\"art_paragraph\" style=\"text-align: left;\"><span style=\"color: #000080;\">Reporter \u201eThe Village Voice&#8221; udowodni\u0142 jednak, \u017ce \u201eWystarczy by\u0107&#8221; jest kopi\u0105 nieznanej zachodniemu czytelnikowi \u201eKariery Nikodema Dyzmy&#8221;, a \u201eMalowanego ptaka&#8221; napisali ghostwritterzy. Jeden z nich, George Reavey, przyzna\u0142 si\u0119 do autorstwa wi\u0119kszej cz\u0119\u015bci ksi\u0105\u017cki.<\/span><\/p>\n<p class=\"art_paragraph\" style=\"text-align: center;\"><span class=\"imageUOM parent-box-label-related\"><img decoding=\"async\" class=\"aligncenter\" src=\"https:\/\/bi.im-g.pl\/im\/90\/95\/1a\/z27874960IH,Jerzy-Kosinski--z-prawej--na-ceremonii-oscarowej-w.jpg\" alt=\"Jerzy Kosi\u0144ski (z prawej) na ceremonii oscarowej w 1982 r. wr\u0119cza statuetk\u0119 Colinowi Wellandowi za najlepszy scenariusz przyznan\u0105 mu za film 'Rydwany ognia'\" width=\"100%\"><span style=\"color: #808080;\"><em><span class=\"photoAuthor\"><span class=\"photoTitle\">Jerzy Kosi\u0144ski (z prawej) na ceremonii oscarowej w 1982 r. wr\u0119cza statuetk\u0119 Colinowi Wellandowi za najlepszy scenariusz przyznan\u0105 mu za film &#8216;Rydwany ognia&#8217;<\/span>&nbsp;Fot. ASSOCIATED PRESS \/ AP Photo<\/span><\/em><\/span><\/span><\/p>\n<p class=\"art_paragraph\" style=\"text-align: left;\"><span style=\"color: #000080;\">W 1989 r. zagro\u017cony ju\u017c w USA totaln\u0105 demaskacj\u0105 Kosi\u0144ski przyjecha\u0142 do Polski. Na wieczorze autorskim w Warszawie w kolejce po autograf stan\u0119li leciwi mieszka\u0144cy D\u0105browy, kt\u00f3rzy chowali u siebie Lewinkopf\u00f3w. Na ich widok pisarz przerwa\u0142 spotkanie i wyszed\u0142. Dwa lata p\u00f3\u017aniej zgin\u0105\u0142 \u015bmierci\u0105 samob\u00f3jcz\u0105 w Nowym Jorku. Zostawi\u0142 po\u017cegnaln\u0105 notatk\u0119: \u201eK\u0142ad\u0119 si\u0119 teraz do snu, na troch\u0119 d\u0142u\u017cej ni\u017c zwykle. Nazwijmy to wieczno\u015bci\u0105&#8221;.<\/span><\/p>\n<p class=\"art_paragraph\" style=\"text-align: left;\"><span style=\"color: #000080;\">Ostatecznie \u201eMalowany ptak&#8221; obroni\u0142 si\u0119 r\u00f3wnie\u017c jako fikcja. Po \u015bmierci Kosi\u0144skiego powie\u015b\u0107 wznowiono kilka razy, a w 2019 r. czeski re\u017cyser V\u00e1clav Marhoul nakr\u0119ci\u0142 na jej podstawie film, kt\u00f3ry z powodu ekstremalnego okrucie\u0144stwa nie wszed\u0142 do dystrybucji w kinach.<\/span><\/p>\n<h5 class=\"art_sub_title\" style=\"text-align: left;\"><strong>Zatrute jab\u0142ka Hermana<\/strong><\/h5>\n<p class=\"art_paragraph\" style=\"text-align: left;\">Herman Rosenblat urodzi\u0142 si\u0119 ok. 1930 r. w Piotrkowie Trybunalskim. <span style=\"color: #000080;\">Ojciec zmar\u0142 na tyfus w tamtejszym getcie, mam\u0119 wywieziono do Treblinki. Syn wyl\u0105dowa\u0142 w obozie pracy w Schlieben (podob\u00f3z Buchenwaldu). Po wojnie wyemigrowa\u0142 do USA, by otworzy\u0107 na Brooklynie zak\u0142ad naprawy telewizor\u00f3w. W 1957 r. o\u017ceni\u0142 si\u0119 z Rom\u0105 Radzicky.<\/span><\/p>\n<p class=\"art_paragraph\" style=\"text-align: left;\"><span style=\"color: #000080;\">W 1992 r. oboje padli ofiar\u0105 napadu, w wyniku kt\u00f3rego ich syn zosta\u0142 inwalid\u0105, a Herman (r\u00f3wnie\u017c ranny) wymaga\u0142 kosztownej i d\u0142ugiej rehabilitacji. Jego zak\u0142ad upad\u0142, lecz rekonwalescent \u2013 powa\u017cnie zad\u0142u\u017cony \u2013 wymy\u015bli\u0142 inny spos\u00f3b zarobienia kasy. Napisa\u0142 ksi\u0105\u017ck\u0119 \u201eAngel at the Fence: The True Story of a Love That Survived&#8221; (\u201eAnio\u0142 przy ogrodzeniu: Prawdziwa historia o mi\u0142o\u015bci, kt\u00f3ra ocala\u0142a&#8221;). Wedle opowie\u015bci Roma Radzicky ukrywa\u0142a si\u0119 jako chrze\u015bcija\u0144skie dziecko u bauera w Schlieben i ca\u0142\u0105 zim\u0119 1944-45 przerzuca\u0142a przez ogrodzenie obozu jab\u0142ka, kt\u00f3rymi \u017cywi\u0142 si\u0119 ma\u0142y Herman. Po latach spotkali si\u0119 na Coney Island i dalej ju\u017c zgodnie z prawd\u0105.<\/span><\/p>\n<blockquote class=\"art_blockquote\">\n<p style=\"text-align: left;\"><strong>Na prawa do ekranizacji prze\u0142o\u017conej na wiele j\u0119zyk\u00f3w ksi\u0105\u017cki wytw\u00f3rnia Atlantic Overseas Pictures wy\u0142o\u017cy\u0142a 25 mln dol. A Oprah Winfrey w 1996 r. oceni\u0142a \u201eAnio\u0142a\u2026&#8221; jako \u201enajwa\u017cniejsz\u0105 opowie\u015b\u0107 mi\u0142osn\u0105 w 22-letniej historii jej programu&#8221;.<\/strong><\/p>\n<\/blockquote>\n<p class=\"art_paragraph\" style=\"text-align: left;\"><span style=\"color: #000080;\">Demaskatorem okaza\u0142 si\u0119 Dany Bloom, ameryka\u0144ski \u017byd i bloger, kt\u00f3ry podzieli\u0142 si\u0119 w\u0105tpliwo\u015bciami z historykiem Holocaustu Kennethem Waltzerem. Ten ustali\u0142, \u017ce wi\u0119\u017aniom Schlieben \u2013 podobnie jak osobom z zewn\u0105trz \u2013 nie wolno by\u0142o zbli\u017ca\u0107 si\u0119 do elektrycznego ogrodzenia obozu. Ka\u017cdy, kto \u0142ama\u0142 zakaz, by\u0142 zabijany. A Roma jako dziewczynka nie pracowa\u0142a w gospodarstwie rolnym obok tego obozu, ale pod Wroc\u0142awiem.<\/span><\/p>\n<p class=\"art_paragraph\" style=\"text-align: left;\"><span style=\"color: #000080;\">Wydawcy ksi\u0105\u017cki i producenci planowanego filmu kilka lat pr\u00f3bowali procesowa\u0107 si\u0119 z Bloomem i Waltzerem, ale z\u0142o\u017cyli bro\u0144, kiedy demaskacj\u0119 potwierdzi\u0142a s\u0142ynna badaczka Zag\u0142ady, prof. Deborah Esther Lipstadt, obecnie doradczyni prezydenta Bidena ds. zwalczania antysemityzmu. W 2008 r. Rosenblat przyzna\u0142 si\u0119 do zmy\u015ble\u0144.<\/span><\/p>\n<h5 class=\"art_sub_title\" style=\"text-align: left;\"><strong>Parada oszust\u00f3w<\/strong><\/h5>\n<p class=\"art_paragraph\"><span style=\"color: #000080;\">Zapotrzebowanie na prawdziwe historie z czas\u00f3w Zag\u0142ady spowodowa\u0142o wysyp oszustw podobnych do mistyfikacji Wilkomirskiego, Kosi\u0144skiego i Rosenblata.<\/span><\/p>\n<p class=\"art_paragraph\"><span style=\"color: #000080;\">* Pochodz\u0105cy z Warszawy \u017byd, Mieczys\u0142aw Grajewski, pisa\u0142 holocaustowe memuary-bestsellery pod pseudonimem \u201eMartin Gray&#8221;. W okupowanej Polsce mia\u0142 rozbija\u0107 wraz z cichociemnymi niemieckie wi\u0119zienia, potem rzekomo uciek\u0142 z Treblinki. Wszystko okaza\u0142o si\u0119 fikcj\u0105.<\/span><\/p>\n<p class=\"art_paragraph\"><span style=\"color: #000080;\">* Historyczka z Niemiec Marie Sophie Hingst latami pisywa\u0142a do gazet i go\u015bci\u0142a w radiowo-telewizyjnych audycjach o Holocau\u015bcie, dziel\u0105c si\u0119 wymy\u015blon\u0105 histori\u0105 swojej rodziny, kt\u00f3ra mia\u0142a zosta\u0107 zamordowana w Auschwitz-Birkenau.<\/span><\/p>\n<p class=\"art_paragraph\"><span style=\"color: #000080;\">* Niejaki Enrico Marco, wyst\u0119puj\u0105c w hiszpa\u0144skiej telewizji, dzieli\u0142 si\u0119 zmy\u015blonymi prze\u017cyciami z lagru Flossenb\u00fcrg, podrobi\u0142 nawet obozowy tatua\u017c.<\/span><\/p>\n<p class=\"art_paragraph\"><span style=\"color: #000080;\">Znale\u017ali si\u0119 i tacy, kt\u00f3rzy masowo fa\u0142szowali \u015bwiadectwa Ocalonych dla kasy.<\/span><\/p>\n<blockquote class=\"art_blockquote\">\n<p style=\"text-align: left;\"><strong>Claims Conference, \u017cydowska organizacja zajmuj\u0105ca si\u0119 pozyskiwaniem niemieckich odszkodowa\u0144 dla ofiar Holocaustu, wy\u0142udzi\u0142a 42,5 mln dolar\u00f3w dzi\u0119ki sfabrykowaniu ponad 5 tys. los\u00f3w rzekomych wi\u0119\u017ani\u00f3w oboz\u00f3w.<\/strong><\/p>\n<\/blockquote>\n<p class=\"art_paragraph\" style=\"text-align: left;\"><span style=\"color: #000080;\">Wszystkie wymys\u0142y CC i wymienionych wcze\u015bniej hochsztapler\u00f3w przebi\u0142a jednak fantazj\u0105 Misha Defonseca, autorka wydanych w 1997 r. wspomnie\u0144 \u201eMisha: A Memoire of the Holocaust Years&#8221;, kt\u00f3re zosta\u0142y przet\u0142umaczone na ponad 20 j\u0119zyk\u00f3w i sfilmowane przez Francuz\u00f3w pod tytu\u0142em \u201ePrze\u017cy\u0107 z wilkami&#8221;. Film wszed\u0142 na ekrany w 2007 r.,&nbsp;<span style=\"text-decoration: underline;\"><strong><a class=\"art_link\" style=\"color: #000080; text-decoration: underline;\" href=\"https:\/\/www.imdb.com\/title\/tt0962782\/\" rel=\"nofollow\">jego rating w Internet Movie Database to 6,7 na 10<\/a><\/strong><\/span>. Teraz&nbsp;<a style=\"color: #000080;\" href=\"https:\/\/wyborcza.pl\/0,128956.html?tag=netflix#anchorLink\">Netflix<\/a>&nbsp;oferuje t\u0119 sam\u0105 histori\u0119 \u2013 tyle \u017ce ju\u017c prawdziw\u0105. Tytu\u0142: \u201eMisha i wilki&#8221;.<\/span><\/p>\n<div id=\"content\" class=\"content-alignment\">\n<div id=\"watch-description\" class=\"yt-uix-button-panel\">\n<div id=\"watch-description-text\" style=\"text-align: center;\">\n<p><iframe loading=\"lazy\" title=\"YouTube video player\" src=\"https:\/\/www.youtube.com\/embed\/Z0Wbv2EYtSI\" width=\"680\" height=\"400\" frameborder=\"0\" allowfullscreen=\"allowfullscreen\"><\/iframe><\/p>\n<p>\u201eMisha i wilki&#8221; &#8211; zwiastun<\/p>\n<\/div>\n<\/div>\n<\/div>\n<p>.<\/p>\n<h5 class=\"art_sub_title\" style=\"text-align: left;\"><strong>Ta\u0144cz\u0105ca z wilkami<\/strong><\/h5>\n<p class=\"art_paragraph\" style=\"text-align: left;\"><span style=\"color: #000080;\">Pochodz\u0105ca z Belgii Defonseca mieszka\u0142a w latach 80. XX w. w Mills w stanie Massachusetts. Mia\u0142a kilkana\u015bcie kot\u00f3w i ps\u00f3w, uchodzi\u0142a za dziwaczk\u0119. Sw\u0105 holocaustow\u0105 histori\u0119 pierwszy raz opowiedzia\u0142a s\u0105siadce, potem powt\u00f3rzy\u0142a j\u0105 w lokalnej synagodze, a wreszcie w stanowym Radio Magic. Jej \u017cydowscy rodzice \u2013 Gerusza i Reuwen \u2013 na pocz\u0105tku lat 40. mieli zosta\u0107 wywiezieni do obozu w Generalnej Guberni, ona sama oddana na wychowanie Belgom \u2013 katolikom nazwiskiem de Wael, kt\u00f3rzy dali jej imi\u0119 Monika. Czuj\u0105c si\u0119 \u201eniekochan\u0105 i bezwarto\u015bciow\u0105&#8221;, uciek\u0142a od opiekun\u00f3w, by odnale\u017a\u0107 tat\u0119 i mam\u0119 na okupowanym przez hitlerowc\u00f3w Wschodzie. Jako siedmiolatka przesz\u0142a ponad 1000 km. Mia\u0142a ze sob\u0105 kompas, chleb i n\u00f3\u017c do obrony.<\/span><\/p>\n<p class=\"art_paragraph\" style=\"text-align: left;\"><span style=\"color: #000080;\">\u2013 Po drodze widzia\u0142am zniszczenia i zabijanych ludzi \u2013 opowiada\u0142a w radiu. \u2013 Sama te\u017c jednego zabi\u0142am.<\/span><\/p>\n<p class=\"art_paragraph\" style=\"text-align: left;\"><span style=\"color: #000080;\">Rodzic\u00f3w nie znalaz\u0142a, ale w lasach zaprzyja\u017ani\u0142a si\u0119 z wilkami, kt\u00f3re \u201e\u017cy\u0142y w zgodzie z natur\u0105 i nie zabija\u0142y wi\u0119cej, ni\u017c musia\u0142y&#8221;.<\/span><\/p>\n<blockquote class=\"art_blockquote\">\n<p style=\"text-align: left;\"><strong>Zosta\u0142a przyw\u00f3dczyni\u0105 watahy. Wilki zdobywa\u0142y dla niej jedzenie i broni\u0142y w trudnych sytuacjach.<\/strong><\/p>\n<\/blockquote>\n<p class=\"art_paragraph\" style=\"text-align: left;\"><span style=\"color: #000080;\">Doczekawszy w lesie wyzwolenia, porzuci\u0142a to\u017csamo\u015b\u0107 Moniki de Wael i wr\u00f3ci\u0142a do \u017cydostwa jako Misha Defonseca.<\/span><\/p>\n<h5 class=\"art_sub_title\" style=\"text-align: left;\"><strong>22,5 miliona dolar\u00f3w<\/strong><\/h5>\n<p class=\"art_paragraph\" style=\"text-align: left;\"><span style=\"color: #000080;\">W po\u0142owie lat 90. histori\u0105 Mishy zainteresowa\u0142a si\u0119 ameryka\u0144ska wydawczyni Jane Daniel. Ksi\u0105\u017cka powsta\u0142a w ci\u0105gu kilkunastu miesi\u0119cy i od razu zosta\u0142a zakontraktowana przez wydawc\u00f3w w USA, Kanadzie, Europie, Australii i Japonii. Prawa autorskie chcia\u0142 kupi\u0107 Disney. W ramach przygotowa\u0144 do wyst\u0119pu u Oprah Winfrey producenci talk-show wpu\u015bcili Mish\u0119 do zagrody z dzikimi wilkami pod Bostonem. Defonseca da\u0142a sobie rad\u0119, co uwiarygodni\u0142o jej opowie\u015b\u0107. Akcja rozwija\u0142a si\u0119 doskonale, p\u00f3ki obie panie \u2013 wydawczyni i autorka \u2013 nie pok\u0142\u00f3ci\u0142y si\u0119 o przysz\u0142e zyski.<\/span><\/p>\n<p class=\"art_paragraph\" style=\"text-align: left;\"><span style=\"color: #000080;\">Misha odm\u00f3wi\u0142a podr\u00f3\u017cy do Nowego Jorku i wej\u015bcia do studia z Oprah, poniewa\u017c rzekomo nie mog\u0142a zostawi\u0107 swoich zwierz\u0105t nawet na jeden dzie\u0144. Bez promocji Winfrey ksi\u0105\u017cka \u201eMisha: A Memoire\u2026&#8221; sprzeda\u0142a si\u0119 poni\u017cej oczekiwa\u0144 \u2013 w Stanach Zjednoczonych jedynie pi\u0119\u0107 tysi\u0119cy, w pozosta\u0142ych krajach \u2013 jeszcze mniej. Konflikt mi\u0119dzy pisark\u0105 i edytork\u0105 narasta\u0142, a\u017c wreszcie Misha naj\u0119\u0142a prawniczk\u0119, a ta z\u0142o\u017cy\u0142a przeciw wydawczyni pozew o zwrot praw autorskich i wyp\u0142at\u0119 obiecanych zysk\u00f3w.<\/span><\/p>\n<p class=\"art_paragraph\" style=\"text-align: left;\"><span style=\"color: #000080;\">Mecenas Ramona Hamblin argumentowa\u0142a w pozwie, \u017ce Jane Daniel uczyni\u0142a z Ocalonej \u017ar\u00f3d\u0142o pieni\u0119dzy, kt\u00f3rymi nie podzieli\u0142a si\u0119 jak nale\u017cy. W 2001 r. wzruszony wojenn\u0105 opowie\u015bci\u0105 s\u0105d w Middlesex uzna\u0142, \u017ce edytorka ukry\u0142a cz\u0119\u015b\u0107 wp\u0142yw\u00f3w z ksi\u0105\u017cki i winna zap\u0142aci\u0107 Defonsece 22,5 mln dolar\u00f3w.<\/span><\/p>\n<h5 class=\"art_sub_title\" style=\"text-align: left;\"><strong>Ani \u015bladu Mishy w ksi\u0119gach<\/strong><\/h5>\n<p class=\"art_paragraph\" style=\"text-align: left;\"><span style=\"color: #000080;\">Ameryka\u0144ska wydawczyni podejrzewa\u0142a ju\u017c w tym czasie, \u017ce opowie\u015b\u0107 Mishy nie jest ca\u0142kiem prawdziwa. Jeszcze w 1996 r. wys\u0142a\u0142a tekst uznanej \u017cydowskiej historyczce Holocaustu Deb\u00f3rah Dwork. Ta poradzi\u0142a, aby nie wydawa\u0107 ksi\u0105\u017cki, poniewa\u017c ta opowie\u015b\u0107 nie mog\u0142a si\u0119 wydarzy\u0107. Za\u015blepiona przysz\u0142ymi zyskami Daniel zlekcewa\u017cy\u0142a jednak ostrze\u017cenie. Dopiero po wyroku w Middlesex chwyci\u0142a si\u0119 opinii Dwork. Ustali\u0142a w ameryka\u0144skim urz\u0119dzie imigracyjnym, \u017ce Defonseca urodzi\u0142a si\u0119 5 grudnia 1937 r. w Etterbeek w Belgii, a jej biologiczna matka nazywa\u0142a si\u0119 Donville albo Donvil. Nast\u0119pnie skontaktowa\u0142a si\u0119 z belgijsk\u0105 genealo\u017ck\u0105, autentyczn\u0105 Ocalon\u0105, Evelyne Haendel, kt\u00f3ra przejrza\u0142a listy deportowanych \u017byd\u00f3w.<\/span><\/p>\n<p class=\"art_paragraph\" style=\"text-align: left;\"><span style=\"color: #000080;\">Holocaust w Belgii zosta\u0142 przeprowadzony precyzyjnie \u2013 25 tys. nazwisk \u017byd\u00f3w zakwalifikowanych do Auschwitz i innych fabryk \u015bmierci spisano w kilku ksi\u0119gach, kt\u00f3re znalaz\u0142y si\u0119 w zbiorach archiwum Biblioteki Kr\u00f3lewskiej. W \u017cadnej z nich nie figurowali ma\u0142\u017conkowie Gerusza i Reuwen Donville\/Donvil ani dziecko imieniem Misha.<\/span><\/p>\n<h5 class=\"art_sub_title\" style=\"text-align: left;\"><strong>Wilki widzia\u0142a w kinie i w zoo<\/strong><\/h5>\n<p class=\"art_paragraph\" style=\"text-align: left;\"><span style=\"color: #000080;\">W 2003 r. Defonseca sprzeda\u0142a prawa do ksi\u0105\u017cki francuskiemu wydawcy, kt\u00f3ry wypu\u015bci\u0142 j\u0105 na europejskie rynki w 18 j\u0119zykach. 70 tys. egzemplarzy \u201ePrze\u017cy\u0107 z wilkami&#8221; zesz\u0142o w samych W\u0142oszech i&nbsp;<a style=\"color: #000080;\" href=\"https:\/\/wyborcza.pl\/0,128956.html?tag=francja#anchorLink\">Francji<\/a>. Misha rozpocz\u0119\u0142a triumfalne tourn\u00e9e po Europie. Odczyty w szko\u0142ach i na uczelniach, konferencje naukowe z innymi Ocalonymi, spotkania z czytelnikami, wywiady w telewizjach itd.<\/span><\/p>\n<p class=\"art_paragraph\" style=\"text-align: left;\"><span style=\"color: #000080;\">Tymczasem Evelyne Haendel, kt\u00f3ra nie znalaz\u0142a niczego w \u017ar\u00f3d\u0142ach nazistowskich i \u017cydowskich, zabra\u0142a si\u0119 do wertowania katolickich.&nbsp;W ksi\u0119dze parafialnej z Etterbeek (obecnie dzielnica Brukseli) odnalaz\u0142a urodzon\u0105 w 1937 r. Monik\u0119 Ernestyn\u0119 de Wael, c\u00f3rk\u0119 Roberta de Waela i J\u00f3zefiny z domu Donvil. Co oznacza\u0142o, \u017ce Misha nie by\u0142a adoptowanym, tylko naturalnym (i ochrzczonym) dzieckiem dwojga katolik\u00f3w. Ostatecznym dowodem okaza\u0142a si\u0119 ksi\u0119ga uczni\u00f3w z przedwojennej podstaw\u00f3wki (Eccole Communale). W latach, kiedy Misha, c\u00f3rka Geruszy i Reuwena Donvil\u00f3w, mia\u0142a si\u0119 b\u0142\u0105ka\u0107 po lasach III Rzeszy i Generalnej Guberni, Monika, c\u00f3rka Roberta i J\u00f3zefiny de Wael, chodzi\u0142a do belgijskiej szko\u0142y, a wilki mog\u0142a widzie\u0107 jedynie w brukselskim zoo.<\/span><\/p>\n<p class=\"art_paragraph\" style=\"text-align: left;\"><span style=\"color: #000080;\">W 2007 r., gdy edytorka Daniel i genealo\u017cka Haendel mia\u0142y dowody w r\u0119kach, na ekrany francuskich kin wszed\u0142 film Very\u2019ego Belmonta \u201ePrze\u017cy\u0107 z wilkami&#8221; (\u201eSurvivre avec les loups&#8221;). Nie warto go ogl\u0105da\u0107: jest sztampowy, naiwny, tam gdzie ma wzrusza\u0107 \u2013 \u015bmieszy.<\/span><\/p>\n<blockquote class=\"art_blockquote\">\n<p style=\"text-align: left;\"><strong>Dziewi\u0119cioletnia aktorka graj\u0105ca Mish\u0119 \u2013 Mathilde Goffart \u2013 biega po \u015bniegu w stroju z bajki Andersena, ucieka przed z\u0142ymi, ale fajt\u0142apowatymi Niemcami, sypia w jaskiniach i zabija no\u017cem marudera, kt\u00f3ry gwa\u0142ci w lesie inne dziecko.<\/strong><\/p>\n<\/blockquote>\n<p class=\"art_paragraph\" style=\"text-align: left;\"><span style=\"color: #000080;\">Oswaja gro\u017ane wadery, kt\u00f3re przynosz\u0105 jej upolowane przez siebie \u0142asice. Matkuje ma\u0142ym wilczkom. W promuj\u0105cym film programie obwieszona bi\u017cuteri\u0105 rzekoma Misha, czyli Monika de Wael, wyst\u0105pi\u0142a z wizerunkiem wilka na piersi u boku ma\u0142ej aktorki, m\u00f3wi\u0105c o swoim wzruszeniu po obejrzeniu premiery i o tym, \u017ce Matylda \u015bwietnie odda\u0142a realia jej wojennej w\u0119dr\u00f3wki na Wsch\u00f3d.<\/span><\/p>\n<div id=\"content\" class=\"content-alignment\">\n<div id=\"watch-description\" class=\"yt-uix-button-panel\">\n<div id=\"watch-description-text\" style=\"text-align: center;\">\n<p><iframe loading=\"lazy\" title=\"YouTube video player\" src=\"https:\/\/www.youtube.com\/embed\/CzGlJZTRAMU\" width=\"680\" height=\"400\" frameborder=\"0\" allowfullscreen=\"allowfullscreen\"><\/iframe><\/p>\n<p>\u201ePrze\u017cy\u0107 z wilkami&#8221; (\u201eSurvivre avec les loups&#8221;) &#8211; zwiastun<\/p>\n<\/div>\n<\/div>\n<\/div>\n<p>.<\/p>\n<p style=\"text-align: left;\"><span style=\"color: #000080;\">W tym samym czasie Daniel i Haendel opublikowa\u0142y w sieci wyniki swego dochodzenia. We Francji i w Belgii wybuch\u0142 skandal, kt\u00f3ry sta\u0142 si\u0119 inspiracj\u0105 dla kolejnego \u015bledztwa, tym razem dziennikarskiego.<\/span><\/p>\n<h5 class=\"art_sub_title\" style=\"text-align: left;\"><strong>Prosz\u0119 o wybaczenie<\/strong><\/h5>\n<p class=\"art_paragraph\" style=\"text-align: left;\"><span style=\"color: #000080;\">Belgijski reporter Marc Metdepenningen (ws\u0142awiony rozszyfrowaniem afery pedofila Marca Dutroux) zada\u0142 proste pytanie: skoro biografia fa\u0142szywej Mishy Defonseki to wymys\u0142, jaka jest prawdziwa biografia Moniki de Wael? Okaza\u0142o si\u0119, \u017ce nie mniej ciekawa.<\/span><\/p>\n<p class=\"art_paragraph\" style=\"text-align: left;\"><span style=\"color: #000080;\">Metdepenningen odnalaz\u0142 Emm\u0119 de Wael, ciotk\u0119 Moniki, a ta zdradzi\u0142a, \u017ce po wojnie dziewczynk\u0119 wychowywali dziadkowie, poniewa\u017c jej rodzice rzeczywi\u015bcie zostali wywiezieni do Generalnej Guberni. Nie dlatego jednak, \u017ce byli \u017bydami.<\/span><\/p>\n<p class=\"art_paragraph\" style=\"text-align: left;\"><span style=\"color: #000080;\">Ojciec Moniki, zawodowy wojskowy Robert de Wael, po niemieckim naje\u017adzie wsp\u00f3\u0142organizowa\u0142 ruch oporu. Zosta\u0142 wykryty przez Gestapo i zabrany do aresztu przy wi\u0119zieniu Brauweiler w Kolonii. Tam, prawdopodobnie po torturach, wyda\u0142 konspiracyjnych towarzyszy w zamian za ocalenie dziecka. Hitlerowcy dotrzymali s\u0142owa: pozostawili Monik\u0119 przy \u017cyciu, ale jej rodzic\u00f3w, Roberta i J\u00f3zefin\u0119, wys\u0142ali do Auschwitz. Dziewczynka musia\u0142a si\u0119 odt\u0105d chowa\u0107 z pi\u0119tnem c\u00f3rki zdrajcy.<\/span><\/p>\n<p class=\"art_paragraph\" style=\"text-align: left;\"><span style=\"color: #000080;\">Artyku\u0142 Metdepenningena ukaza\u0142 si\u0119 w lutym 2008 na pierwszej stronie \u201eLe Soir&#8221;. Przedrukowa\u0142y go wszystkie francuskie i belgijskie dzienniki, a telewizje po\u015bwi\u0119ci\u0142y tematowi programy publicystyczne. Fa\u0142szywa Misha odpowiedzia\u0142a o\u015bwiadczeniem: \u201eNazywano mnie c\u00f3rk\u0105 zdrajcy, bo podejrzewano, \u017ce m\u00f3j ojciec za\u0142ama\u0142 si\u0119 w czasie tortur. \u00bbPrze\u017cy\u0107 z wilkami\u00ab to moja ksi\u0105\u017cka i moja historia. Nie jest prawdziwa, ale dla mnie taka by\u0142a. Dzi\u0119ki niej przetrwa\u0142am. Prosz\u0119 o wybaczenie&#8221;.<\/span><\/p>\n<p class=\"art_paragraph\" style=\"text-align: left;\"><span style=\"color: #000080;\">W 2014 r. s\u0105d stanowy Massachusetts nakaza\u0142 Defonsece de Wael zwr\u00f3ci\u0107 zas\u0105dzone wcze\u015bniej 22,5 min dol. na konto wydawczyni.<\/span><\/p>\n<hr style=\"height: 15px; background: #d0e6fa; width: 100%;\">\n<div id=\"content\" class=\"content-alignment\">\n<div id=\"watch-description\" class=\"yt-uix-button-panel\">\n<div id=\"watch-description-text\" style=\"text-align: center;\">\n<p><em>Zawarto\u015b\u0107 publikowanych artyku\u0142\u00f3w i materia\u0142\u00f3w nie reprezentuje pogl\u0105d\u00f3w ani opinii Reunion&#8217;68,<\/em><em><br \/>\nani te\u017c webmastera Blogu Reunion&#8217;68, chyba ze jest to wyra\u017anie zaznaczone.<br \/>\nTwoje uwagi, linki, w\u0142asne artyku\u0142y lub wiadomo\u015bci prze\u015blij na adres:<br \/>\n<\/em><span style=\"color: #000080;\"><strong><em><a style=\"color: #000080;\" href=\"mailto:webmaster@reunion68.com\"><span style=\"text-decoration: underline;\">webmaster@reunion68.com<\/span><\/a><\/em><\/strong><\/span><\/p>\n<\/div>\n<\/div>\n<\/div>\n<\/section>\n","protected":false},"excerpt":{"rendered":"<p>Fa\u0142szywe dzieci Holocaustu zbija\u0142y fortuny na fantazjach o swych krzywdach Piotr G\u0142uchowski &#8216;Misha i wilki&#8217;, Netflix. Misha Defonseca (z lewej) i pisarka Vera Lee, kt\u00f3ra pomog\u0142a jej pisa\u0107 rzekom\u0105 autobiografi\u0119. Misha Defonseca twierdzi\u0142a, \u017ce jako siedmiolatka ocalona z Holocaustu przesz\u0142a p\u00f3\u0142 Europy jedynie z kompasem, chlebem i no\u017cem w kieszeni. (Fot. John Blanding \/ AP [&hellip;]<\/p>\n","protected":false},"author":1,"featured_media":0,"comment_status":"closed","ping_status":"closed","sticky":false,"template":"","format":"standard","meta":[],"categories":[6],"tags":[26,24],"_links":{"self":[{"href":"https:\/\/www.reunion68.se\/index.php?rest_route=\/wp\/v2\/posts\/91335"}],"collection":[{"href":"https:\/\/www.reunion68.se\/index.php?rest_route=\/wp\/v2\/posts"}],"about":[{"href":"https:\/\/www.reunion68.se\/index.php?rest_route=\/wp\/v2\/types\/post"}],"author":[{"embeddable":true,"href":"https:\/\/www.reunion68.se\/index.php?rest_route=\/wp\/v2\/users\/1"}],"replies":[{"embeddable":true,"href":"https:\/\/www.reunion68.se\/index.php?rest_route=%2Fwp%2Fv2%2Fcomments&post=91335"}],"version-history":[{"count":13,"href":"https:\/\/www.reunion68.se\/index.php?rest_route=\/wp\/v2\/posts\/91335\/revisions"}],"predecessor-version":[{"id":91354,"href":"https:\/\/www.reunion68.se\/index.php?rest_route=\/wp\/v2\/posts\/91335\/revisions\/91354"}],"wp:attachment":[{"href":"https:\/\/www.reunion68.se\/index.php?rest_route=%2Fwp%2Fv2%2Fmedia&parent=91335"}],"wp:term":[{"taxonomy":"category","embeddable":true,"href":"https:\/\/www.reunion68.se\/index.php?rest_route=%2Fwp%2Fv2%2Fcategories&post=91335"},{"taxonomy":"post_tag","embeddable":true,"href":"https:\/\/www.reunion68.se\/index.php?rest_route=%2Fwp%2Fv2%2Ftags&post=91335"}],"curies":[{"name":"wp","href":"https:\/\/api.w.org\/{rel}","templated":true}]}}