{"id":9135,"date":"2014-11-18T11:00:16","date_gmt":"2014-11-18T09:00:16","guid":{"rendered":"http:\/\/www.reunion68.se\/?p=9135"},"modified":"2014-11-18T11:00:16","modified_gmt":"2014-11-18T09:00:16","slug":"atak-na-synagoge-w-jerozolimie-sa-ofiary-smiertelne","status":"publish","type":"post","link":"https:\/\/www.reunion68.se\/?p=9135","title":{"rendered":"Atak na synagog\u0119 w Jerozolimie. S\u0105 ofiary \u015bmiertelne"},"content":{"rendered":"<h4 style=\"text-align: center;\"><a href=\"http:\/\/www.polskieradio.pl\/\" target=\"_blank\"><img decoding=\"async\" class=\"center alignleft\" src=\"http:\/\/www.reunion68.com\/Biuletyn\/img\/p-radio.png\" alt=\"\" \/><\/a><span style=\"text-decoration: underline; color: #000080;\"><span style=\"text-decoration: underline;\"><strong><a style=\"color: #000080; text-decoration: underline;\" href=\"http:\/\/www.polskieradio.pl\/5\/3\/Artykul\/1291306,Atak-na-synagoge-w-Jerozolimie-Co-najmniej-piec-osob-nie-zyje\" target=\"_blank\">Atak na synagog\u0119 w Jerozolimie. S\u0105 ofiary \u015bmiertelne<\/a><\/strong><\/span><\/span><\/h4>\n<hr style=\"height: 15px; background: #d0e6fa; width: 710px;\" \/>\n<div style=\"width: 360px\" class=\"wp-caption alignright\"><img decoding=\"async\" src=\"http:\/\/static.polskieradio.pl\/images\/90b09693-6e08-447b-bcc7-879817a7f039.jpg\" alt=\"Policja w Jerozolimie\" width=\"350\" \/><p class=\"wp-caption-text\"><span style=\"color: #000080;\"><em>Policja w Jerozolimie , foto: E. Iwanicka\/PR <\/em><\/span><\/p><\/div>\n<p style=\"text-align: left;\"><span style=\"color: #000080;\">Zamach na synagog\u0119 w Jerozolimie najpewniej przeprowadzi\u0142 Hamas. W ataku zgin\u0119\u0142o czterech cywil\u00f3w i dw\u00f3ch napastnik\u00f3w.<\/span><\/p>\n<p style=\"text-align: left;\"><span style=\"color: #000080;\">Wed\u0142ug izraelskiego radia publicznego, przedstawiciel Hamasu w Katarze przekaza\u0142 mediom, \u017ce atak by\u0142 odpowiedzi\u0105 na \u015bmier\u0107 palesty\u0144skiego kierowcy autobusu w Jerozolimie. Jego cia\u0142o znaleziono w poniedzia\u0142ek. Wed\u0142ug izraelskiej policji, pope\u0142ni\u0142 samob\u00f3jstwo, ale jego rodzina twierdzi, \u017ce zosta\u0142 zabity przez Izraelczyk\u00f3w.<\/span><\/p>\n<p style=\"text-align: left;\"><span style=\"color: #000080;\">Wed\u0142ug izraelskiej policji zamachu dokonali Palesty\u0144czycy uzbrojeni w siekiery i no\u017ce. Obaj zostali zastrzeleni przez funkcjonariuszy.<\/span><\/p>\n<p style=\"text-align: left;\"><span style=\"color: #000080;\">Co najmniej osiem os\u00f3b zosta\u0142o rannych. Cztery z nich s\u0105 w stanie ci\u0119\u017ckim, dwie w \u015brednim, a dwie odnios\u0142y lekkie obra\u017cenia.<\/span><\/p>\n<p style=\"text-align: left;\"><span style=\"color: #000080;\">Do ataku dosz\u0142o w czasie podwy\u017cszonych napi\u0119\u0107 mi\u0119dzy ludno\u015bci\u0105 palesty\u0144sk\u0105 i \u017cydowsk\u0105 w Izraelu, na Zachodnim Brzegu Jordanu i w Jerozolimie, gdzie od pewnego czasu niemal codziennie dochodzi do star\u0107 mi\u0119dzy izraelsk\u0105 policj\u0105 a palesty\u0144skimi demonstrantami we wschodniej cz\u0119\u015bci miasta, zamieszkanej g\u0142\u00f3wnie przez Arab\u00f3w.<\/span><br \/>\n<span style=\"color: #000080;\"> Przez ostatni miesi\u0105c sze\u015b\u0107 os\u00f3b &#8211; pi\u0119ciu Izraelczyk\u00f3w i jeden zagraniczny turysta &#8211; zgin\u0119\u0142o w palesty\u0144skich atakach. \u015amier\u0107 ponios\u0142o te\u017c kilkunastu Palesty\u0144czyk\u00f3w, w tym osoby podejrzane o antyizraelskie zamachy.<\/span><\/p>\n<p style=\"text-align: left;\"><span style=\"color: #000080;\">Jerusalem Post, Reuters, IAR, PAP, bk<\/span><\/p>\n<hr style=\"height: 15px; background: #d0e6fa; width: 710px;\" \/>\n<div id=\"content\" class=\"  content-alignment&lt;br \/&gt;&lt;br \/&gt; \">\n<div id=\"watch-description\" class=\"yt-uix-button-panel\">\n<div id=\"watch-description-text\"><center><br \/>\n<iframe loading=\"lazy\" src=\"\/\/www.youtube.com\/embed\/s_TYad_VGqU?feature=player_detailpage\" width=\"640\" height=\"360\" frameborder=\"0\" allowfullscreen=\"allowfullscreen\"><\/iframe><\/center><\/div>\n<\/div>\n<\/div>\n<p>&nbsp;<\/p>\n<hr style=\"height: 15px; background: #d0e6fa; width: 710px;\" \/>\n<div id=\"content\" class=\"  content-alignment&lt;br \/&gt;&lt;br \/&gt; \">\n<div id=\"watch-description\" class=\"yt-uix-button-panel\">\n<div id=\"watch-description-text\">\n<p style=\"text-align: center;\"><span style=\"color: #808080;\"> twoje uwagi, linki, wlasne artykuly, lub wiadomosci przeslij do: <strong><span style=\"text-decoration: underline;\"><span style=\"color: #808080; text-decoration: underline;\"><a href=\"mailto:webmaster@reunion68.com\">webmaster@reunion68.com<\/a><\/span><\/span><\/strong><\/span><\/p>\n<\/div>\n<\/div>\n<\/div>\n<p>&nbsp;<\/p>\n<hr style=\"width: 710px;\" \/>\n","protected":false},"excerpt":{"rendered":"<p>Atak na synagog\u0119 w Jerozolimie. S\u0105 ofiary \u015bmiertelne Zamach na synagog\u0119 w Jerozolimie najpewniej przeprowadzi\u0142 Hamas. W ataku zgin\u0119\u0142o czterech cywil\u00f3w i dw\u00f3ch napastnik\u00f3w. Wed\u0142ug izraelskiego radia publicznego, przedstawiciel Hamasu w Katarze przekaza\u0142 mediom, \u017ce atak by\u0142 odpowiedzi\u0105 na \u015bmier\u0107 palesty\u0144skiego kierowcy autobusu w Jerozolimie. Jego cia\u0142o znaleziono w poniedzia\u0142ek. Wed\u0142ug izraelskiej policji, pope\u0142ni\u0142 samob\u00f3jstwo, [&hellip;]<\/p>\n","protected":false},"author":1,"featured_media":0,"comment_status":"closed","ping_status":"closed","sticky":false,"template":"","format":"standard","meta":[],"categories":[3],"tags":[24],"_links":{"self":[{"href":"https:\/\/www.reunion68.se\/index.php?rest_route=\/wp\/v2\/posts\/9135"}],"collection":[{"href":"https:\/\/www.reunion68.se\/index.php?rest_route=\/wp\/v2\/posts"}],"about":[{"href":"https:\/\/www.reunion68.se\/index.php?rest_route=\/wp\/v2\/types\/post"}],"author":[{"embeddable":true,"href":"https:\/\/www.reunion68.se\/index.php?rest_route=\/wp\/v2\/users\/1"}],"replies":[{"embeddable":true,"href":"https:\/\/www.reunion68.se\/index.php?rest_route=%2Fwp%2Fv2%2Fcomments&post=9135"}],"version-history":[{"count":9,"href":"https:\/\/www.reunion68.se\/index.php?rest_route=\/wp\/v2\/posts\/9135\/revisions"}],"predecessor-version":[{"id":9144,"href":"https:\/\/www.reunion68.se\/index.php?rest_route=\/wp\/v2\/posts\/9135\/revisions\/9144"}],"wp:attachment":[{"href":"https:\/\/www.reunion68.se\/index.php?rest_route=%2Fwp%2Fv2%2Fmedia&parent=9135"}],"wp:term":[{"taxonomy":"category","embeddable":true,"href":"https:\/\/www.reunion68.se\/index.php?rest_route=%2Fwp%2Fv2%2Fcategories&post=9135"},{"taxonomy":"post_tag","embeddable":true,"href":"https:\/\/www.reunion68.se\/index.php?rest_route=%2Fwp%2Fv2%2Ftags&post=9135"}],"curies":[{"name":"wp","href":"https:\/\/api.w.org\/{rel}","templated":true}]}}