{"id":91390,"date":"2021-12-07T17:09:11","date_gmt":"2021-12-07T15:09:11","guid":{"rendered":"http:\/\/www.reunion68.se\/?p=91390"},"modified":"2021-12-07T09:10:16","modified_gmt":"2021-12-07T07:10:16","slug":"10-09-65","status":"publish","type":"post","link":"https:\/\/www.reunion68.se\/?p=91390","title":{"rendered":"Poni\u017canie przez prawd\u0119. Antysemicki skandal w Treblince"},"content":{"rendered":"<h5 style=\"text-align: center;\"><a href=\"https:\/\/www.polityka.pl\/\" target=\"_blank\" rel=\"noopener noreferrer\"><img decoding=\"async\" class=\"center alignleft\" src=\"http:\/\/www.reunion68.com\/Biuletyn\/img\/polityka.png\" alt=\"\" width=\"35%\" \/><\/a><span style=\"text-decoration: underline; color: #000080;\"><span style=\"text-decoration: underline;\"><strong><a style=\"color: #000080; text-decoration: underline;\" href=\"https:\/\/www.polityka.pl\/tygodnikpolityka\/spoleczenstwo\/2145468,1,ponizanie-przez-prawde-antysemicki-skandal-w-treblince.read\" target=\"_blank\" rel=\"noopener noreferrer\">Poni\u017canie przez prawd\u0119. Antysemicki skandal w Treblince<\/a><\/strong><\/span><\/span><\/h5>\n<p style=\"text-align: center;\"><span style=\"color: #000000;\"><strong>Jan Hartman<\/strong><\/span><\/p>\n<hr style=\"height: 15px; background: #d0e6fa; width: 100%;\" \/>\n<p style=\"text-align: center;\"><img decoding=\"async\" class=\"aligncenter\" src=\"https:\/\/static.polityka.pl\/_resource\/res\/path\/ad\/d0\/add055fc-5b64-4853-9e5f-7f2514535924_f1400x900\" width=\"100%\" \/><span style=\"color: #808080;\"><em>Albert Zawada \/ Agencja Gazeta<\/em><\/span><\/p>\n<h4 class=\"cg_article_lead\" style=\"text-align: center;\"><span style=\"color: #808080;\"><strong>Upami\u0119tnienie Jana Maletki na stacji w Treblince, bez podania kontekstu, oznacza manipulacj\u0119 w jej najprymitywniejszej formie. Wprowadzanie ludzi w b\u0142\u0105d poprzez ujawnianie tylko jakiej\u015b cz\u0119\u015bci prawdy.<\/strong><\/span><\/h4>\n<div class=\"cg_article_meat\">\n<p style=\"text-align: left;\" data-wtg-lazy=\"0\"><span style=\"color: #000080;\">Po wstrz\u0105saj\u0105cych ekscesach antysemickich w\u00a0Polsce i\u00a0<span style=\"text-decoration: underline;\"><strong><a style=\"color: #000080; text-decoration: underline;\" href=\"https:\/\/www.polityka.pl\/tygodnikpolityka\/kraj\/2103329,1,bulwersujacy-wyrok-ws-autorow-ksiazki-dalej-jest-noc.read\" target=\"_self\" rel=\"noopener noreferrer\">pr\u00f3bach kneblowania ust badaczom<\/a><\/strong><\/span>\u00a0opisuj\u0105cym stosunki polsko-\u017cydowskie mamy kolejny skandal, kt\u00f3ry poruszy\u0142 \u017cydowsk\u0105 opini\u0119 publiczn\u0105 (r\u00f3wnie\u017c za granic\u0105). Tym razem jest to skandal, kt\u00f3rego sens bardzo trudno wyja\u015bni\u0107 przeci\u0119tnemu Polakowi, bo ten, je\u015bli nawet nie dowierza propagandzie m\u00f3wi\u0105cej o\u00a0masowym pomaganiu \u017bydom przez ich katolickich wsp\u00f3\u0142obywateli, to mimo wszystko jest przekonany, \u017ce ratowania by\u0142o wi\u0119cej ni\u017c krzywdzenia.<\/span><\/p>\n<h2>Jan Maletka. Kim naprawd\u0119 by\u0142?<\/h2>\n<p style=\"text-align: left;\" data-wtg-lazy=\"1\"><span style=\"color: #000080;\">Dlatego w\u00a0bezsilnej z\u0142o\u015bci patrzymy na wystawiony przez pisowski\u00a0<span style=\"text-decoration: underline;\"><strong><a style=\"color: #000080; text-decoration: underline;\" href=\"https:\/\/www.polityka.pl\/tygodnikpolityka\/historia\/1542659,1,ipn-podwaza-legende-rotmistrza-pileckiego.read\" target=\"_blank\" rel=\"noopener noreferrer\">Instytut Pileckiego<\/a><\/strong><\/span>\u00a0pomnik (kamie\u0144 i\u00a0tablic\u0119) Jana Maletki, m\u0142odego kolejarza zastrzelonego w\u00a0sierpniu 1942 r. przez Niemc\u00f3w za dostarczanie wody umieraj\u0105cym z\u00a0pragnienia wi\u0119\u017aniom, st\u0142oczonym w\u00a0wagonach. Upami\u0119tnienie sta\u0142o si\u0119 cz\u0119\u015bci\u0105 aran\u017cacji stworzonej w\u00a0miejscu dawnej stacji kolejowej Treblinka, dok\u0105d zwo\u017cono \u017byd\u00f3w, aby zamordowa\u0107 ich w\u00a0pobliskim obozie zag\u0142ady.<\/span><\/p>\n<p style=\"text-align: left;\" data-wtg-lazy=\"2\"><span style=\"color: #000080;\">Zak\u0142adam, \u017ce sprawa m\u0142odego Jana Maletki jest dobrze udokumentowana i\u00a0ni\u00f3s\u0142 on, wraz z\u00a0koleg\u0105, wod\u0119, aby j\u0105 ofiarowa\u0107, a\u00a0nie sprzeda\u0107 spragnionym za z\u0142ote pier\u015bcionki. Je\u015bli tak, to jest bohaterem i\u00a0zas\u0142uguje na nasz\u0105 pami\u0119\u0107 jako Sprawiedliwy. I\u00a0doprawdy nikt nie mo\u017ce si\u0119 r\u00f3wna\u0107 z\u00a0nami, \u017bydami, w\u00a0czci i\u00a0pami\u0119ci dla takich os\u00f3b, a\u00a0ci\u0105g\u0142e insynuacje, jakoby\u015bmy ich lekcewa\u017cyli, przypominaj\u0105c o\u00a0zbrodniach dokonywanych na \u017bydach przez polskich wsp\u00f3\u0142obywateli, nale\u017c\u0105 do najbardziej przewrotnych objaw\u00f3w antysemityzmu, podobnie zreszt\u0105 jak wykorzystywanie Sprawiedliwych do umniejszania b\u0105d\u017a nawet negowania zbrodni pope\u0142nianych przez Polak\u00f3w. Wprawdzie badacze Holokaustu doskonale wiedz\u0105, jak cudownie mno\u017c\u0105 si\u0119 lokalne legendy o\u00a0rodzicach i\u00a0dziadkach, kt\u00f3rzy \u201erzucali cebule\u201d w\u00a0zakratowane okienka wagon\u00f3w, za to dziwna amnezja przes\u0142ania grabie\u017ce i\u00a0mordy, to jednak przyjmuj\u0119, \u017ce \u015bwiadectwo o\u00a0Maletce jest wiarygodne.<\/span><\/p>\n<p style=\"text-align: left;\" data-wtg-lazy=\"3\"><span style=\"color: #000080;\">Janowi Maletce nale\u017cy si\u0119 upami\u0119tnienie, i\u00a0to mo\u017ce pi\u0119kniejsze\u00a0<a style=\"color: #000080;\" href=\"https:\/\/www.polityka.pl\/tygodnikpolityka\/historia\/1513096,1,powojenna-prasa-o-zlotych-zniwach-w-treblince.read\" target=\"_blank\" rel=\"noopener noreferrer\">ni\u017c to w\u00a0Treblince<\/a>. Ale nie tam, nie w\u00a0miejscu, w\u00a0kt\u00f3rym \u2013 uwaga! \u2013 Polacy sprzedawali \u017bydom wod\u0119 za z\u0142oto, cz\u0119sto p\u0142ac\u0105c za sw\u0105 chciwo\u015b\u0107 \u017cyciem, zabijani przez niemieckich i\u00a0ukrai\u0144skich stra\u017cnik\u00f3w. Nie trzeba o\u00a0tym pisa\u0107 na tablicy, lecz informacja o\u00a0Janie Maletce b\u0119dzie dla odwiedzaj\u0105cych to miejsce jasn\u0105 a\u00a0k\u0142amliw\u0105 (\u015bwiadomie k\u0142amliw\u0105) sugesti\u0105: tu r\u00f3wnie\u017c Polacy raczej pomagali \u017bydom, ni\u017c ich krzywdzili. A\u00a0to nieprawda! W\u0142a\u015bnie dlatego tacy jak Maletka byli bohaterami, \u017ce dzia\u0142ali we wrogim \u017bydom \u015brodowisku i\u00a0nara\u017cali si\u0119 nie tylko na \u015bmier\u0107 z\u00a0r\u0105k niemieckich, lecz w\u00a0pierwszym rz\u0119dzie na przemoc ze strony Polak\u00f3w i\u00a0wydanie w\u00a0r\u0119ce Niemc\u00f3w.<\/span><\/p>\n<p style=\"text-align: left;\" data-wtg-lazy=\"5\"><span style=\"color: #000080;\">W sprawie wydali o\u015bwiadczenie przedstawiciele lo\u017cy \u017cydowskiej B\u2032nai B\u2032rith. Andrzej Friedman i\u00a0Sergiusz Kowalski pisz\u0105: \u201ePolska polityka historyczna si\u0119gn\u0119\u0142a granic obrzydliwo\u015bci. Tym razem w\u00a0wykonaniu wiceministry kultury Magdaleny Gawin, kt\u00f3ra ods\u0142oni\u0142a w\u00a0Treblince \u2013 uwaga, w\u00a0Treblince! \u2013 pomnik Polak\u00f3w ratuj\u0105cych \u017byd\u00f3w. Magdalenie Gawin, jej szefowi Piotrowi Gli\u0144skiemu oraz nadszefowi obojga pragniemy przypomnie\u0107, \u017ce w\u00a0obozie zag\u0142ady w\u00a0Treblince zagazowano nas ok. 900 tys., a\u00a0udzia\u0142 Polak\u00f3w na rampie polega\u0142 g\u0142\u00f3wnie na sprzedawaniu wody za dolary, z\u0142oto i\u00a0brylanty\u201d. I\u00a0dodaj\u0105: \u201eZanim Polska zacznie stawia\u0107 pomniki dla Polak\u00f3w na cmentarzach \u017cydowskich, musi sobie przypomnie\u0107 o\u00a0\u017bydach zamordowanych przy udziale Polak\u00f3w. Byli, oczywi\u015bcie, Polacy sprawiedliwi w\u015br\u00f3d narod\u00f3w, kt\u00f3rzy zap\u0142acili \u017cyciem za pomoc \u017bydom. Zas\u0142uguj\u0105 na wieczn\u0105 pami\u0119\u0107 i\u00a0uznanie za odwag\u0119 i\u00a0pi\u0119kny czyn \u2013 ale nie na tamtej rampie! (&#8230;) Jak nisko upad\u0142y polskie w\u0142adze w\u00a0swej n\u0119dznej pr\u00f3bie zaspokojenia apetyt\u00f3w wyborc\u00f3w pragn\u0105cych uwierzy\u0107 w\u00a0t\u0119 heroiczn\u0105 fantazj\u0119. Cz\u0119\u015b\u0107 naszych przyjaci\u00f3\u0142 i\u00a0krewnych prze\u017cy\u0142a\u00a0<a style=\"color: #000080;\" href=\"https:\/\/www.polityka.pl\/tematy\/auschwitz-birkenau\" target=\"_self\" rel=\"noopener noreferrer\">Auschwitz<\/a>. Nikt nie prze\u017cy\u0142 Treblinki\u201d.<\/span><\/p>\n<h2>Instytut Pileckiego to nie \u201epolskie Yad Vashem\u201d<\/h2>\n<p style=\"text-align: left;\" data-wtg-lazy=\"6\"><span style=\"color: #000080;\">Upami\u0119tnienie Maletki na stacji w\u00a0Treblince, bez podania kontekstu, czyli pe\u0142niejszej informacji o\u00a0tym, co tam si\u0119 dzia\u0142o, oznacza manipulacj\u0119 w\u00a0jej najprymitywniejszej formie: wprowadzanie ludzi w\u00a0b\u0142\u0105d poprzez ujawnianie tylko jakiej\u015b cz\u0119\u015bci prawdy. Taka prawda cz\u0105stkowa, przes\u0142aniaj\u0105ca inne cz\u0119\u015bci rzeczywisto\u015bci, jest jedn\u0105 z\u00a0form k\u0142amstwa. Maletka i\u00a0tysi\u0105ce takich jak on bezinteresownie pomagaj\u0105cych to nie byli typowi Polacy \u2013 byli nader nietypowi! Znacznie wi\u0119cej by\u0142o takich, kt\u00f3rzy pomagali za pieni\u0105dze (w czym nie ma nic z\u0142ego), dla pieni\u0119dzy (to ju\u017c gorzej) lub obrabowuj\u0105c ich przy tym ze wszystkiego, co mieli.<\/span><\/p>\n<p style=\"text-align: left;\" data-wtg-lazy=\"6\"><span style=\"color: #808080;\"><em>art. rekomendowa\u0142\u00a0:<strong> Leon Rozenbaum<br \/>\n<img decoding=\"async\" class=\"alignleft\" src=\"http:\/\/www.reunion68.com\/Biuletyn\/ico\/leon-r.jpg\" \/><\/strong><\/em><\/span><\/p>\n<p style=\"text-align: left;\" data-wtg-lazy=\"7\"><span style=\"color: #000080;\">Jeszcze wi\u0119cej by\u0142o takich, kt\u00f3rzy\u00a0<span style=\"text-decoration: underline;\"><strong><a style=\"color: #000080; text-decoration: underline;\" href=\"https:\/\/hartman.blog.polityka.pl\/2014\/01\/22\/do-przyjaciol-zydow\/\" target=\"_blank\" rel=\"noopener noreferrer\">\u017byd\u00f3w wy\u0142\u0105cznie krzywdzili<\/a><\/strong><\/span>\u00a0(zabijali, gwa\u0142cili, wydawali, rabowali, szanta\u017cowali) b\u0105d\u017a tylko im z\u0142orzeczyli i\u00a0ich przep\u0119dzali. Jednak wi\u0119kszo\u015b\u0107 stanowili ci, kt\u00f3rych los \u017byd\u00f3w po prostu nie interesowa\u0142, bo mieli swoje zmartwienia (o co nie mia\u0142bym do nikogo pretensji). Je\u015bli Instytut Pileckiego nie jest w\u00a0stanie unie\u015b\u0107 tych prostych prawd, za to chce je ukrywa\u0107 b\u0105d\u017a negowa\u0107, to jest tylko instytucj\u0105 zakamuflowanej antysemickiej propagandy, a\u00a0nie \u017cadnym \u201epolskim Yad Vashem\u201d.<\/span><\/p>\n<p style=\"text-align: left;\" data-wtg-lazy=\"9\"><span style=\"color: #000080;\">W nieszcz\u0119snej uroczysto\u015bci ku czci Jana Maletki, kt\u00f3ra mia\u0142a miejsce w\u00a0Treblince 25 listopada, brali udzia\u0142 ksi\u0105dz i\u00a0pastor. Temu si\u0119 nie dziwi\u0119. Jednak by\u0142 tam r\u00f3wnie\u017c rabin. Nie wiem nic o\u00a0nim. Mam nadziej\u0119, \u017ce umie znale\u017a\u0107 Polsk\u0119 na mapie i\u00a0wie, na jakim \u015bwiecie \u017cyje. Nie pierwszy to raz, gdy nie\u015bwiadomi, a\u00a0jednocze\u015bnie mo\u017ce zbyt dumni, aby zapyta\u0107 o\u00a0rad\u0119, rabini bior\u0105 udzia\u0142 w\u00a0bardzo dwuznacznych uroczysto\u015bciach. Rabina widziano nawet u\u00a0Tadeusza Rydzyka w\u00a0Toruniu. To bardzo smutne, \u017ce w\u00a0wielu przypadkach polscy \u017bydzi doznaj\u0105 zawodu ze strony swoich ziomk\u00f3w z\u00a0innych kraj\u00f3w. Jedni wdzi\u0119cz\u0105 si\u0119 do antysemit\u00f3w (\u017ceby ich jako\u015b ob\u0142askawi\u0107?), a\u00a0inni obra\u017caj\u0105 si\u0119 na nas, polskich \u017byd\u00f3w, gdy pr\u00f3bujemy t\u0142umaczy\u0107, \u017ce Polska nie jest \u201ekrajem antysemit\u00f3w\u201d. Nie\u0142atwo by\u0107 \u017bydem, a\u00a0w Polsce chyba nieco trudniej ni\u017c na Zachodzie.<\/span><\/p>\n<h2>Treblinka. Ile to Katyni\u00f3w?<\/h2>\n<p style=\"text-align: left;\" data-wtg-lazy=\"11\"><span style=\"color: #000080;\">Ilu Polak\u00f3w wie, gdzie znajduje si\u0119 gr\u00f3b najwi\u0119kszej liczby ich wsp\u00f3\u0142obywateli? Pewnie wi\u0119kszo\u015b\u0107 wska\u017ce Auschwitz, a\u00a0mo\u017ce Katy\u0144\u2026 Pomyl\u0105 si\u0119. To miejsce to w\u0142a\u015bnie Treblinka. W\u00a0obozach\u00a0<span style=\"text-decoration: underline;\"><strong><a style=\"color: #000080; text-decoration: underline;\" href=\"https:\/\/www.polityka.pl\/tematy\/auschwitz-birkenau\" target=\"_blank\" rel=\"noopener noreferrer\">Auschwitz-Birkenau<\/a>\u00a0<\/strong><\/span>zgin\u0119\u0142o wi\u0119cej os\u00f3b ni\u017c w\u00a0obozie zag\u0142ady w\u00a0zagubionej gdzie\u015b w\u00a0po\u0142owie drogi mi\u0119dzy Warszaw\u0105 i\u00a0Bia\u0142ymstokiem Treblince, lecz w\u00a0przypadku \u015bl\u0105skiego obozu, znanego w\u00a0ca\u0142ym \u015bwiecie, byli to g\u0142\u00f3wnie cudzoziemcy. W\u00a0Treblince umierali swoi. Swoi? W\u00a0komorach gazowych tego\u00a0<em>anus mundi<\/em>\u00a0zako\u0144czy\u0142o \u017cycie ok. 850 tys. ludzi, w\u00a0tym ok. 800 tys. obywateli polskich, a\u00a0m.in. \u0107wier\u0107 miliona mieszka\u0144c\u00f3w Warszawy. Czy to \u201eswoi\u201d? Ile to Katyni\u00f3w? Jak\u017ce nieproporcjonalna jest pami\u0119\u0107.<\/span><\/p>\n<p style=\"text-align: left;\" data-wtg-lazy=\"12\"><span style=\"color: #000080;\">Teren obozu w\u00a0Treblince jest dzi\u015b przepi\u0119knie zagospodarowany, cho\u0107 najcz\u0119\u015bciej jest tam pusto \u2013 nie znajduje si\u0119 na szlakach polskiej martyrologii, nie przywozi si\u0119 tam masowo m\u0142odzie\u017cy, cho\u0107by z\u00a0warszawskich szk\u00f3\u0142. Miejsce \u2013 dzi\u015b straszne i\u00a0pi\u0119kne \u2013 pozostaje ciche i\u00a0ustronne. Nie ma tam nawet muzeum z\u00a0prawdziwego zdarzenia, a\u00a0jedynie skromna izba pami\u0119ci. Pow\u00f3d jest jeden \u2013 dla wsp\u00f3\u0142czesnych Polak\u00f3w ofiarami Treblinki nie byli Polacy, a\u00a0w ka\u017cdym razie nie Polacy pe\u0142noprawni, lecz obcy \u2013 \u017bydzi w\u00a0Polsce zamieszkuj\u0105cy. To zasadnicza r\u00f3\u017cnica.<\/span><\/p>\n<h2>Antysemicka s\u0142oma wy\u0142azi z but\u00f3w<\/h2>\n<p style=\"text-align: left;\" data-wtg-lazy=\"13\"><span style=\"color: #000080;\">Z polskiego punktu widzenia Holokaust to swego rodzaju \u201ekonkurencja\u201d, m\u0119cze\u0144stwo nie swoje, nie polskie, za to przes\u0142aniaj\u0105ce w\u00a0oczach \u015bwiata to, czego do\u015bwiadczyli etniczni Polacy. D\u0142ugo by m\u00f3wi\u0107, dlaczego nie jest to tylko ma\u0142ostkowe i\u00a0podszyte resentymentem my\u015blenie, lecz r\u00f3wnie\u017c my\u015blenie ca\u0142kowicie niezgodne z\u00a0prawd\u0105. Pami\u0119\u0107 Holokaustu pomaga, a\u00a0nie przeszkadza, krzewi\u0107 wiedz\u0119 o\u00a0okupowanej Polsce. No chyba, \u017ce ta Polska za wszelk\u0105 cen\u0119 chce si\u0119 wybiela\u0107 \u2013 wtedy, rzecz jasna, faktycznie mo\u017ce przeszkadza\u0107.<\/span><\/p>\n<p style=\"text-align: left;\" data-wtg-lazy=\"14\"><span style=\"color: #000080;\">Nieszcz\u0119\u015bcie antysemit\u00f3w polega na tym, \u017ce czym bardziej zapewniaj\u0105, \u017ce nie s\u0105 antysemitami, tym bardziej grz\u0119zn\u0105 w\u00a0antysemickim dyskursie, kt\u00f3ry zawsze zaczyna si\u0119 od \u201eale\u201d: ale \u017bydzi sami s\u0105 winni temu, \u017ce nikt ich nie lubi; ale \u017bydzi chc\u0105, \u017ceby pami\u0119tano tylko o\u00a0nich; ale \u017bydzi wsz\u0119dzie widz\u0105 antysemityzm. Takie instytucje jak Instytut Pileckiego s\u0105 typowym przyk\u0142adem tego kompleksu. Czym bardziej s\u0105 \u201ewcale nie antysemickie\u201d, tym bardziej antysemicka s\u0142oma wy\u0142azi im z\u00a0but\u00f3w.<\/span><\/p>\n<\/div>\n<hr \/>\n<p style=\"text-align: left;\" data-wtg-lazy=\"14\"><img decoding=\"async\" class=\"cg_article_author_img alignleft\" src=\"https:\/\/static.polityka.pl\/_resource\/res\/path\/e4\/f7\/e4f72856-160f-43a6-9517-0f3dee2f0efe_f178x178\" alt=\"Jan Hartman\" \/><span style=\"color: #808080;\"><em><span style=\"font-size: 1.4em; font-weight: 600;\">Jan Hartman &#8211; <\/span>Filozof i\u00a0publicysta, ur. w\u00a01967 r., profesor Uniwersytetu Jagiello\u0144skiego. Pochodzi z\u00a0Wroc\u0142awia, studiowa\u0142 na KUL, od 1990 do 2018 r. mieszka\u0142 w\u00a0Krakowie, obecnie w\u00a0Warszawie. Napisa\u0142 kilkana\u015bcie ksi\u0105\u017cek z\u00a0r\u00f3\u017cnych dziedzin filozofii, esej\u00f3w i\u00a0podr\u0119cznik\u00f3w. Prowadzi blog Loose Blues.<\/em><\/span><\/p>\n<hr style=\"height: 15px; background: #d0e6fa; width: 100%;\" \/>\n<div id=\"content\" class=\"content-alignment\">\n<div id=\"watch-description\" class=\"yt-uix-button-panel\">\n<div id=\"watch-description-text\" style=\"text-align: center;\">\n<p><em>Zawarto\u015b\u0107 publikowanych artyku\u0142\u00f3w i materia\u0142\u00f3w nie reprezentuje pogl\u0105d\u00f3w ani opinii Reunion&#8217;68,<\/em><em><br \/>\nani te\u017c webmastera Blogu Reunion&#8217;68, chyba ze jest to wyra\u017anie zaznaczone.<br \/>\nTwoje uwagi, linki, w\u0142asne artyku\u0142y lub wiadomo\u015bci prze\u015blij na adres:<br \/>\n<\/em><span style=\"color: #000080;\"><strong><em><a style=\"color: #000080;\" href=\"mailto:webmaster@reunion68.com\"><span style=\"text-decoration: underline;\">webmaster@reunion68.com<\/span><\/a><\/em><\/strong><\/span><\/p>\n<\/div>\n<\/div>\n<\/div>\n<hr style=\"width: 100%;\" \/>\n","protected":false},"excerpt":{"rendered":"<p>Poni\u017canie przez prawd\u0119. Antysemicki skandal w Treblince Jan Hartman Albert Zawada \/ Agencja Gazeta Upami\u0119tnienie Jana Maletki na stacji w Treblince, bez podania kontekstu, oznacza manipulacj\u0119 w jej najprymitywniejszej formie. Wprowadzanie ludzi w b\u0142\u0105d poprzez ujawnianie tylko jakiej\u015b cz\u0119\u015bci prawdy. Po wstrz\u0105saj\u0105cych ekscesach antysemickich w\u00a0Polsce i\u00a0pr\u00f3bach kneblowania ust badaczom\u00a0opisuj\u0105cym stosunki polsko-\u017cydowskie mamy kolejny skandal, kt\u00f3ry [&hellip;]<\/p>\n","protected":false},"author":1,"featured_media":0,"comment_status":"closed","ping_status":"closed","sticky":false,"template":"","format":"standard","meta":[],"categories":[6],"tags":[26,24],"_links":{"self":[{"href":"https:\/\/www.reunion68.se\/index.php?rest_route=\/wp\/v2\/posts\/91390"}],"collection":[{"href":"https:\/\/www.reunion68.se\/index.php?rest_route=\/wp\/v2\/posts"}],"about":[{"href":"https:\/\/www.reunion68.se\/index.php?rest_route=\/wp\/v2\/types\/post"}],"author":[{"embeddable":true,"href":"https:\/\/www.reunion68.se\/index.php?rest_route=\/wp\/v2\/users\/1"}],"replies":[{"embeddable":true,"href":"https:\/\/www.reunion68.se\/index.php?rest_route=%2Fwp%2Fv2%2Fcomments&post=91390"}],"version-history":[{"count":13,"href":"https:\/\/www.reunion68.se\/index.php?rest_route=\/wp\/v2\/posts\/91390\/revisions"}],"predecessor-version":[{"id":91442,"href":"https:\/\/www.reunion68.se\/index.php?rest_route=\/wp\/v2\/posts\/91390\/revisions\/91442"}],"wp:attachment":[{"href":"https:\/\/www.reunion68.se\/index.php?rest_route=%2Fwp%2Fv2%2Fmedia&parent=91390"}],"wp:term":[{"taxonomy":"category","embeddable":true,"href":"https:\/\/www.reunion68.se\/index.php?rest_route=%2Fwp%2Fv2%2Fcategories&post=91390"},{"taxonomy":"post_tag","embeddable":true,"href":"https:\/\/www.reunion68.se\/index.php?rest_route=%2Fwp%2Fv2%2Ftags&post=91390"}],"curies":[{"name":"wp","href":"https:\/\/api.w.org\/{rel}","templated":true}]}}