{"id":91505,"date":"2021-12-10T17:09:03","date_gmt":"2021-12-10T15:09:03","guid":{"rendered":"http:\/\/www.reunion68.se\/?p=91505"},"modified":"2021-12-10T21:55:53","modified_gmt":"2021-12-10T19:55:53","slug":"14-09-63","status":"publish","type":"post","link":"https:\/\/www.reunion68.se\/?p=91505","title":{"rendered":"J. Sellin o rozmowie Michnika z Jaruzelskim: my\u015bl\u0119, \u017ce nieco wi\u0119cej rozumiemy nt. korzeni III RP"},"content":{"rendered":"<h5 style=\"text-align: center;\"><a href=\"https:\/\/dzieje.pl\/\" target=\"_blank\" rel=\"noopener noreferrer\"><img decoding=\"async\" class=\"center alignleft\" src=\"http:\/\/www.reunion68.com\/Biuletyn\/img\/dzieje_logo.png\" alt=\"\" width=\"35%\"><\/a><span style=\"text-decoration: underline; color: #000080;\"><span style=\"text-decoration: underline;\"><strong><a style=\"color: #000080; text-decoration: underline;\" href=\"https:\/\/dzieje.pl\/wiadomosci\/mija-rocznica-poczatku-deportacji-polakow-z-zamojszczyzny-do-auschwitz-0\" target=\"_blank\" rel=\"noopener noreferrer\">J. Sellin o rozmowie Michnika z Jaruzelskim: my\u015bl\u0119, \u017ce nieco wi\u0119cej rozumiemy nt. korzeni III RP<\/a><\/strong><\/span><\/span><\/h5>\n<p style=\"text-align: center;\"><span style=\"color: #000000;\"><strong>dap\/ dki\/<\/strong><\/span><\/p>\n<hr style=\"height: 15px; background: #d0e6fa; width: 100%;\">\n<p style=\"text-align: center;\"><img decoding=\"async\" class=\"aligncenter\" src=\"https:\/\/dzieje.pl\/sites\/default\/files\/styles\/open_article_750x0_\/public\/202112\/sellin_0.jpg?itok=b4IrV8SA\" width=\"100%\"><span style=\"color: #808080;\"><em>Jaros\u0142aw Sellin. Fot. PAP\/M. Gadomski<\/em><\/span><\/p>\n<p><strong>Je\u017celi Adam Michnik wypowiada\u0142 takie s\u0142owa wobec Wojciecha Jaruzelskiego, to my\u015bl\u0119, \u017ce nieco wi\u0119cej rozumiemy na temat tego, jakie s\u0105 korzenie III RP &#8211; m\u00f3wi\u0142 w pi\u0105tek wiceminister kultury i dziedzictwa narodowego Jaros\u0142aw Sellin, komentuj\u0105c nagranie ze spotkania Michnika i Jaruzelskiego sprzed 20 lat.<\/strong><\/p>\n<div class=\"field field--name-body field--type-text-with-summary field--label-hidden field__item\">\n<p style=\"text-align: left;\"><span style=\"color: #000080;\">Sellin, kt\u00f3ry by\u0142 go\u015bciem Programu I Polskiego Radia, skomentowa\u0142 nagranie ze spotkania Adama Michnika i gen. Wojciecha Jaruzelskiego, wyemitowane w czwartek w TVP1 w &#8220;Magazynie \u015bledczym Anity Gargas&#8221;. Jak podaje portal Wirtualne Media, &#8220;na filmie (pochodz\u0105cym z nocy 12 na 13 grudnia 2001 roku) wida\u0107 Michnika, kt\u00f3ry m\u00f3wi do Jaruzelskiego: +Bez ciebie nic by nie by\u0142o, Wojtku. Nic, nic, nic, nic+&#8221;. &#8220;Autorzy pokazali te\u017c nagrania, na kt\u00f3rych wida\u0107, jak Michnik trzyma Jaruzelskiego za r\u0119k\u0119, obejmuje go deklaruj\u0105c mi\u0142o\u015b\u0107 (+Ja go kocham, kocham+) i zapewniaj\u0105c, \u017ce +genera\u0142 jest polskim patriot\u0105 i zawsze nim by\u0142+&#8221; &#8211; czytamy.<\/span><\/p>\n<p style=\"text-align: left;\"><span style=\"color: #000080;\">Wiceszef MKiDN zwr\u00f3ci\u0142 uwag\u0119, \u017ce &#8220;jeste\u015bmy w przeddzie\u0144 40. rocznicy wybuchu stanu wojennego, a Adam Michnik odwiedzi\u0142 Wojciecha Jaruzelskiego w 20. rocznic\u0119, kiedy ludzie na zewn\u0105trz protestowali przeciwko nierozliczeniu zbrodniarzy komunistycznych m.in. za t\u0119 zbrodni\u0119&#8221;. &#8220;My\u015bl\u0119, \u017ce dla wielu to nie jest zaskoczeniem, bo wiadomo, jak\u0105 lini\u0119 prezentowa\u0142 Adam Michnik ju\u017c po 1989 r. Ale nie do\u015b\u0107 przypomina\u0107, \u017ce odwiedzi\u0142 cz\u0142owieka, kt\u00f3ry rozprawia\u0142 si\u0119 w latach 40. z partyzantk\u0105 antykomunistyczn\u0105 niepodleg\u0142o\u015bciow\u0105, kt\u00f3ry \u2013 i to ciekawe, zw\u0142aszcza je\u017celi chodzi o wizyt\u0119 Adama Michnika u Jaruzelskiego \u2013 dokonywa\u0142 przez kilka lat bardzo gorliwie czystek antysemickich w komunistycznym ludowym wojsku polskim, kt\u00f3ry wyprowadzi\u0142 wojsko na ulice, \u017ceby strzela\u0107 do robotnik\u00f3w w grudniu 1970 r. i w ko\u0144cu wypowiedzia\u0142 wojn\u0119 ca\u0142emu narodowi 13 grudnia 1981 r.&#8221; &#8211; zaznaczy\u0142.<\/span><\/p>\n<p style=\"text-align: left;\"><span style=\"color: #000080;\">Sellin doda\u0142, \u017ce &#8220;je\u017celi takie s\u0142owa Adam Michnik &#8211; w latach 70., 80. legenda opozycji antykomunistycznej a potem wsp\u00f3\u0142konstruktor III RP z ca\u0142ym jej duchowym baga\u017cem &#8211; wypowiada\u0142 wobec Wojciecha Jaruzelskiego, to (&#8230;)nieco wi\u0119cej rozumiemy na temat tego, jakie s\u0105 korzenie III RP, komu zale\u017ca\u0142o na tym, \u017ceby j\u0105 zaw\u0142aszczy\u0107 w ramach porozumienia pewnej cz\u0119\u015bci elit solidarno\u015bciowych o lewicowym charakterze z postkomunistami i kt\u00f3rzy konsekwentnie ten plan realizowali, \u017ceby w Polsce nie by\u0142o demokracji&#8221;.<\/span><\/p>\n<blockquote>\n<p style=\"text-align: left;\"><strong>Sellin doda\u0142, \u017ce &#8220;je\u017celi takie s\u0142owa Adam Michnik &#8211; w latach 70., 80. legenda opozycji antykomunistycznej a potem wsp\u00f3\u0142konstruktor III RP z ca\u0142ym jej duchowym baga\u017cem &#8211; wypowiada\u0142 wobec Wojciecha Jaruzelskiego, to (&#8230;)nieco wi\u0119cej rozumiemy na temat tego, jakie s\u0105 korzenie III RP, komu zale\u017ca\u0142o na tym, \u017ceby j\u0105 zaw\u0142aszczy\u0107 w ramach porozumienia pewnej cz\u0119\u015bci elit solidarno\u015bciowych o lewicowym charakterze z postkomunistami i kt\u00f3rzy konsekwentnie ten plan realizowali, \u017ceby w Polsce nie by\u0142o demokracji&#8221;.<\/strong><\/p>\n<\/blockquote>\n<p style=\"text-align: left;\"><span style=\"color: #000080;\">Wed\u0142ug wiceministra kultury, &#8220;taki by\u0142 plan, coraz wyra\u017aniej ujawniany po 1989 r., \u017ce podzia\u0142 polityczny w Polsce mia\u0142 polega\u0107 na tym, \u017ce z jednej strony s\u0105 ci, kt\u00f3rzy sami siebie okre\u015blali jako nast\u0119pcy post\u0119powych, lewicowych tradycji polskiej inteligencji we wsp\u00f3\u0142pracy z polskimi komunistami czy postkomunistami, a po drugiej stronie mia\u0142 by\u0107 ob\u00f3z niepodleg\u0142o\u015bciowy, patriotyczny, prawicowy i Ko\u015bci\u00f3\u0142 rzymskokatolicki i te si\u0142y nale\u017cy zwalcza\u0107&#8221;. &#8220;Taka by\u0142a linia programowa i jest do dzisiaj +Gazety Wyborczej+ (&#8230;). Ci drudzy nigdy nie mieli by\u0107 dopuszczeni do w\u0142adzy, bo w\u0142adza nale\u017cy si\u0119 nam. Ju\u017c przy Okr\u0105g\u0142ym Stole to by\u0142o wida\u0107 i potem w czasie konstruowania rz\u0105du Mazowieckiego, jakie propozycje pada\u0142y ze \u015brodowisk z okolicy Adama Michnika, Jacka Kuronia czy Bronis\u0142awa Geremka. Oni przecie\u017c chcieli ju\u017c wtedy nawet Aleksandra Kwa\u015bniewskiego zrobi\u0107 premierem i w og\u00f3le stworzy\u0107 koalicj\u0119 z tzw. reformatorskim skrzyd\u0142em PZPR. A patronem tego wszystkiego by\u0142 Wojciech Jaruzelski. St\u0105d ta mi\u0142o\u015b\u0107 i estyma&#8221; &#8211; stwierdzi\u0142. (PAP)<\/span><\/p>\n<\/div>\n<div id=\"content\" class=\"content-alignment\">\n<div id=\"watch-description\" class=\"yt-uix-button-panel\">\n<div id=\"watch-description-text\" style=\"text-align: center;\">\n<iframe loading=\"lazy\" width=\"680\" height=\"400\" src=\"https:\/\/www.youtube.com\/embed\/FtvRrLxrjJU\" title=\"YouTube video player\" frameborder=\"0\" allow=\"accelerometer; autoplay; clipboard-write; encrypted-media; gyroscope; picture-in-picture\" allowfullscreen=\"\"><\/iframe><\/div>\n<\/div>\n<\/div>\n<hr style=\"height: 15px; background: #d0e6fa; width: 100%;\">\n<div id=\"content\" class=\"content-alignment\">\n<div id=\"watch-description\" class=\"yt-uix-button-panel\">\n<div id=\"watch-description-text\" style=\"text-align: center;\">\n<p><em>Zawarto\u015b\u0107 publikowanych artyku\u0142\u00f3w i materia\u0142\u00f3w nie reprezentuje pogl\u0105d\u00f3w ani opinii Reunion&#8217;68,<\/em><em><br \/>\nani te\u017c webmastera Blogu Reunion&#8217;68, chyba ze jest to wyra\u017anie zaznaczone.<br \/>\nTwoje uwagi, linki, w\u0142asne artyku\u0142y lub wiadomo\u015bci prze\u015blij na adres:<br \/>\n<\/em><span style=\"color: #000080;\"><strong><em><a style=\"color: #000080;\" href=\"mailto:webmaster@reunion68.com\"><span style=\"text-decoration: underline;\">webmaster@reunion68.com<\/span><\/a><\/em><\/strong><\/span><\/p>\n<\/div>\n<\/div>\n<\/div>\n<hr style=\"width: 100%;\">\n","protected":false},"excerpt":{"rendered":"<p>J. Sellin o rozmowie Michnika z Jaruzelskim: my\u015bl\u0119, \u017ce nieco wi\u0119cej rozumiemy nt. korzeni III RP dap\/ dki\/ Jaros\u0142aw Sellin. Fot. PAP\/M. Gadomski Je\u017celi Adam Michnik wypowiada\u0142 takie s\u0142owa wobec Wojciecha Jaruzelskiego, to my\u015bl\u0119, \u017ce nieco wi\u0119cej rozumiemy na temat tego, jakie s\u0105 korzenie III RP &#8211; m\u00f3wi\u0142 w pi\u0105tek wiceminister kultury i dziedzictwa narodowego [&hellip;]<\/p>\n","protected":false},"author":1,"featured_media":0,"comment_status":"closed","ping_status":"closed","sticky":false,"template":"","format":"standard","meta":[],"categories":[6],"tags":[26,24],"_links":{"self":[{"href":"https:\/\/www.reunion68.se\/index.php?rest_route=\/wp\/v2\/posts\/91505"}],"collection":[{"href":"https:\/\/www.reunion68.se\/index.php?rest_route=\/wp\/v2\/posts"}],"about":[{"href":"https:\/\/www.reunion68.se\/index.php?rest_route=\/wp\/v2\/types\/post"}],"author":[{"embeddable":true,"href":"https:\/\/www.reunion68.se\/index.php?rest_route=\/wp\/v2\/users\/1"}],"replies":[{"embeddable":true,"href":"https:\/\/www.reunion68.se\/index.php?rest_route=%2Fwp%2Fv2%2Fcomments&post=91505"}],"version-history":[{"count":6,"href":"https:\/\/www.reunion68.se\/index.php?rest_route=\/wp\/v2\/posts\/91505\/revisions"}],"predecessor-version":[{"id":91538,"href":"https:\/\/www.reunion68.se\/index.php?rest_route=\/wp\/v2\/posts\/91505\/revisions\/91538"}],"wp:attachment":[{"href":"https:\/\/www.reunion68.se\/index.php?rest_route=%2Fwp%2Fv2%2Fmedia&parent=91505"}],"wp:term":[{"taxonomy":"category","embeddable":true,"href":"https:\/\/www.reunion68.se\/index.php?rest_route=%2Fwp%2Fv2%2Fcategories&post=91505"},{"taxonomy":"post_tag","embeddable":true,"href":"https:\/\/www.reunion68.se\/index.php?rest_route=%2Fwp%2Fv2%2Ftags&post=91505"}],"curies":[{"name":"wp","href":"https:\/\/api.w.org\/{rel}","templated":true}]}}