{"id":91569,"date":"2021-12-17T17:00:55","date_gmt":"2021-12-17T15:00:55","guid":{"rendered":"http:\/\/www.reunion68.se\/?p=91569"},"modified":"2021-12-11T11:21:47","modified_gmt":"2021-12-11T09:21:47","slug":"17-00-63","status":"publish","type":"post","link":"https:\/\/www.reunion68.se\/?p=91569","title":{"rendered":"Time for a New Chapter in German-Israeli Relations"},"content":{"rendered":"<h5 style=\"text-align: center;\"><a href=\"https:\/\/www.algemeiner.com\/\" target=\"_blank\" rel=\"noopener noreferrer\"><img decoding=\"async\" class=\"center alignleft\" src=\"http:\/\/www.reunion68.com\/Biuletyn\/img\/algem.png\" alt=\"\" width=\"35%\" \/><\/a><span style=\"text-decoration: underline; color: #000080;\"><span><strong><a style=\"color: #000080; text-decoration: underline;\" href=\"https:\/\/www.algemeiner.com\/2021\/12\/10\/time-for-a-new-chapter-in-german-israeli-relations\/\" target=\"_blank\" rel=\"noopener noreferrer\">Time for a New Chapter in German-Israeli Relations<\/a><\/strong><\/span><\/span><\/h5>\n<p style=\"text-align: center;\"><span style=\"color: #000000;\"><strong>Eric Fusfield<\/strong><\/span><\/p>\n<hr style=\"height: 15px; background: #d0e6fa; width: 100%;\" \/>\n<p style=\"text-align: center;\"><img decoding=\"async\" class=\"aligncenter\" src=\"https:\/\/www.algemeiner.com\/wp-content\/uploads\/2021\/12\/2021-12-08T112924Z_1_LYNXMPEHB70IG_RTROPTP_4_GERMANY-POLITICS-CHANCELLOR-1.jpg\" width=\"100%\" \/><em><span style=\"color: #808080;\">Newly elected German Chancellor Olaf Scholz is sworn-in by Parliament President Baerbel Bas during a session of the German lower house of parliament Bundestag, in Berlin, Germany, December 8, 2021. REUTERS\/Fabrizio Bensch<\/span><\/em><\/p>\n<p style=\"text-align: left;\"><span style=\"color: #000080;\">German Chancellor Olaf Scholz has taken office, becoming the first Social Democrat born after the end of World War II to head the federal government.<\/span><\/p>\n<p style=\"text-align: left;\"><span style=\"color: #000080;\">His rise to power comes during a year when thousands of protesters, many of them on the political left, demonstrated against Israel\u2019s defensive operations in Gaza.\u00a0 Cities across Germany erupted in violence, as rioters burned Israeli flags, while flying Hamas banners.<\/span><\/p>\n<p style=\"text-align: left;\"><span style=\"color: #000080;\">Last year, Jusos, the Social Democratic Party\u2019s youth wing, passed a resolution declaring its PLO-Fatah counterpart, which has called for Israel\u2019s destruction, its \u201csister organization.\u201d<\/span><\/p>\n<p style=\"text-align: left;\"><span style=\"color: #000080;\">Germany\u2019s outgoing Chancellor, Christian Democrat Angela Merkel, repeatedly spoke about the crucial nature of Israel\u2019s existence. But her statements were belied by Germany\u2019s frequent votes in favor of one-sided anti-Israel resolutions at the United Nations. In 2019, German UN Ambassador Christoph Heusgen equated Hamas rockets with Israeli bulldozers at a time when Hamas was firing projectiles at Israeli civilians.<\/span><\/p>\n<p style=\"text-align: left;\"><span style=\"color: #000080;\">The growing normalization of anti-Israel activity in Germany tends to confirm the fears of Jews, who have long worried that the generational shift taking place in Germany works against the long-term German-Israeli relationship. With new leaders in power who neither lived through World War II nor its immediate aftermath, the lessons of the Holocaust might fade more easily \u2014 their resonance with a younger generation diminished or lost altogether.<\/span><\/p>\n<p style=\"text-align: left;\"><span style=\"color: #000080;\">The false perception of Israel as a colonial occupier in the Middle East, nurtured on the European left since the 1967 Six-Day War, has made German support for the Palestinian cause, and even open hostility toward Israel, increasingly palatable. Gone for some is the once bedrock assumption in German politics that Germany owned a special responsibility for maintaining Israel\u2019s security.<\/span><\/p>\n<p style=\"text-align: left;\"><span style=\"color: #000080;\">The rise in Muslim immigration to Germany has helped shape this dynamic. Refugees and migrants from the Middle East often bring with them a viewpoint that is decidedly anti-Israel. They consequently resist the sense that they are integrating into a country with a historic responsibility to protect Israel.<\/span><\/p>\n<p style=\"text-align: left;\"><span style=\"color: #000080;\">Chancellor Scholz has said some encouraging things about the German-Israeli relationship. At an Israel solidarity rally near the Berlin Holocaust memorial in May, he affirmed Merkel\u2019s famous pledge that Israel\u2019s security is Germany\u2019s \u201creason of state.\u201d<\/span><\/p>\n<p style=\"text-align: left;\"><span style=\"color: #000080;\">But a look at the coalition agreement the Social Democrats have formed with their governing partners, the Free Democrats and the Greens, reveals some disturbing departures from former pacts. Israel is not referred to as a Jewish state in the document, while language critical of settlements and calling for a return to 1967 borders suggests the West Bank will be a sticking point in bilateral relations. Also, the agreement insists on negotiations with Iran, but does not decry the Iranian nuclear program.<\/span><\/p>\n<p style=\"text-align: left;\"><span style=\"color: #000080;\">The passage of time and the increasingly casual embrace of anti-Israel public attitudes in the country that gave rise to the Holocaust has hastened the need for the new left-of-center government to reassert Germany\u2019s position as Israel\u2019s leading defender in Europe. The German government should vote against anti-Israel resolutions at the UN, and persuade other European Union countries to follow suit. In a country that refuses nuclear weapons of its own, the government should insist that Iran be barred from acquiring nukes. And Germany should focus its attention on terror, incitement, and the Palestinian Authority\u2019s consistent refusal to negotiate as the biggest obstacles to peace \u2014 not Israeli settlements.<\/span><\/p>\n<p style=\"text-align: left;\"><span style=\"color: #000080;\">Germany\u2019s \u201creason of state\u201d ethos demands that it take these proactive measures and embrace its historic role as Israel\u2019s principal ally in Europe. With anti-Israel sentiment increasingly morphing into antisemitism, the urgency in rebuking anti-Israel activity \u2014 at the UN, within the EU, and among the German public \u2014 is greater than ever. Germany\u2019s new government should infuse the German-Israeli relationship with new purpose and vitality. Seventy-six years after the Holocaust, history, and the future, demand it.<\/span><\/p>\n<hr \/>\n<p style=\"text-align: left;\"><span style=\"color: #808080;\"><em>The author is <strong>B\u2019nai B\u2019rith International\u2019s director of legislative affairs<\/strong>, and deputy director of the B\u2019nai B\u2019rith International Center for Human Rights and Public Policy<\/em><\/span><\/p>\n<hr style=\"height: 15px; background: #d0e6fa; width: 100%;\" \/>\n<div id=\"content\" class=\"content-alignment\">\n<div id=\"watch-description\" class=\"yt-uix-button-panel\">\n<div id=\"watch-description-text\" style=\"text-align: center;\">\n<p><em>Zawarto\u015b\u0107 publikowanych artyku\u0142\u00f3w i materia\u0142\u00f3w nie reprezentuje pogl\u0105d\u00f3w ani opinii Reunion&#8217;68,<\/em><em><br \/>\nani te\u017c webmastera Blogu Reunion&#8217;68, chyba ze jest to wyra\u017anie zaznaczone.<br \/>\nTwoje uwagi, linki, w\u0142asne artyku\u0142y lub wiadomo\u015bci prze\u015blij na adres:<br \/>\n<\/em><span style=\"color: #000080;\"><strong><em><a style=\"color: #000080;\" href=\"mailto:webmaster@reunion68.com\"><span style=\"text-decoration: underline;\">webmaster@reunion68.com<\/span><\/a><\/em><\/strong><\/span><\/p>\n<\/div>\n<\/div>\n<\/div>\n<hr style=\"width: 100%;\" \/>\n","protected":false},"excerpt":{"rendered":"<p>Time for a New Chapter in German-Israeli Relations Eric Fusfield Newly elected German Chancellor Olaf Scholz is sworn-in by Parliament President Baerbel Bas during a session of the German lower house of parliament Bundestag, in Berlin, Germany, December 8, 2021. REUTERS\/Fabrizio Bensch German Chancellor Olaf Scholz has taken office, becoming the first Social Democrat born [&hellip;]<\/p>\n","protected":false},"author":1,"featured_media":0,"comment_status":"closed","ping_status":"closed","sticky":false,"template":"","format":"standard","meta":[],"categories":[3],"tags":[26,24],"_links":{"self":[{"href":"https:\/\/www.reunion68.se\/index.php?rest_route=\/wp\/v2\/posts\/91569"}],"collection":[{"href":"https:\/\/www.reunion68.se\/index.php?rest_route=\/wp\/v2\/posts"}],"about":[{"href":"https:\/\/www.reunion68.se\/index.php?rest_route=\/wp\/v2\/types\/post"}],"author":[{"embeddable":true,"href":"https:\/\/www.reunion68.se\/index.php?rest_route=\/wp\/v2\/users\/1"}],"replies":[{"embeddable":true,"href":"https:\/\/www.reunion68.se\/index.php?rest_route=%2Fwp%2Fv2%2Fcomments&post=91569"}],"version-history":[{"count":4,"href":"https:\/\/www.reunion68.se\/index.php?rest_route=\/wp\/v2\/posts\/91569\/revisions"}],"predecessor-version":[{"id":91594,"href":"https:\/\/www.reunion68.se\/index.php?rest_route=\/wp\/v2\/posts\/91569\/revisions\/91594"}],"wp:attachment":[{"href":"https:\/\/www.reunion68.se\/index.php?rest_route=%2Fwp%2Fv2%2Fmedia&parent=91569"}],"wp:term":[{"taxonomy":"category","embeddable":true,"href":"https:\/\/www.reunion68.se\/index.php?rest_route=%2Fwp%2Fv2%2Fcategories&post=91569"},{"taxonomy":"post_tag","embeddable":true,"href":"https:\/\/www.reunion68.se\/index.php?rest_route=%2Fwp%2Fv2%2Ftags&post=91569"}],"curies":[{"name":"wp","href":"https:\/\/api.w.org\/{rel}","templated":true}]}}