{"id":91571,"date":"2022-01-07T17:05:38","date_gmt":"2022-01-07T15:05:38","guid":{"rendered":"http:\/\/www.reunion68.se\/?p=91571"},"modified":"2021-12-30T14:30:37","modified_gmt":"2021-12-30T12:30:37","slug":"18-09-61","status":"publish","type":"post","link":"https:\/\/www.reunion68.se\/?p=91571","title":{"rendered":"\u201eIroniczna sytuacja\u201d"},"content":{"rendered":"<h5 style=\"text-align: center;\"><a href=\"https:\/\/studioopinii.pl\/\" target=\"_blank\" rel=\"noopener noreferrer\"><img decoding=\"async\" class=\"center alignleft\" src=\"http:\/\/www.reunion68.com\/Biuletyn\/img\/studio.png\" alt=\"\" width=\"35%\"><\/a><span style=\"text-decoration: underline; color: #000080;\"><span><strong><a style=\"color: #000080; text-decoration: underline;\" href=\"https:\/\/studioopinii.pl\/archiwa\/209809\" target=\"_blank\" rel=\"noopener noreferrer\">\u201eIroniczna sytuacja\u201d<\/a><\/strong><\/span><\/span><\/h5>\n<p style=\"text-align: center;\"><span style=\"color: #000000;\"><strong>Eugeniusz Noworyta<\/strong><\/span><\/p>\n<hr style=\"height: 15px; background: #d0e6fa; width: 100%;\">\n<p><img decoding=\"async\" class=\"aligncenter\" src=\"https:\/\/studioopinii.pl\/wp-content\/uploads\/2021\/12\/trkdajgk2ye-650x432.jpg\" width=\"100%\"><\/p>\n<h4 style=\"text-align: center;\"><span style=\"color: #808080;\"><strong>W swej korespondencji z Waszyngtonu dla Studia Opinii Waldemar Piasecki odnotowa\u0142 pewien szczeg\u00f3\u0142 z senackiego wys\u0142uchania Marka Brzezi\u0144skiego, powo\u0142anego na ambasadora Stan\u00f3w Zjednoczonych w Polsce przez prezydenta Bidena. W tej procedurze prezydencki nominat staje przed Komisj\u0105 Spraw Zagranicznych Senatu USA, gdzie sk\u0142ada o\u015bwiadczenie i odpowiada na pytania senator\u00f3w, co poprzedza zatwierdzenie kandydata w g\u0142osowaniu ca\u0142ego sk\u0142adu Senatu.<\/strong><\/span><\/h4>\n<p style=\"text-align: left;\"><span style=\"color: #000080;\">Nim dosz\u0142o do&nbsp;wys\u0142uchania w&nbsp;Senacie, polska strona podj\u0119\u0142a \u017cenuj\u0105c\u0105 pr\u00f3b\u0119 zablokowania prezydenckiego kandydata do&nbsp;obj\u0119cia plac\u00f3wki w&nbsp;Warszawie, powo\u0142uj\u0105c si\u0119 na&nbsp;posiadanie przez&nbsp;niego polskiego opr\u00f3cz ameryka\u0144skiego obywatelstwa po&nbsp;ojcu, Zbigniewie Brzezi\u0144skim, by\u0142ym doradcy do&nbsp;spraw bezpiecze\u0144stwa narodowego prezydenta Jimmy Cartera\u2026 aby po&nbsp;kilku miesi\u0105cach ust\u0105pi\u0107 i&nbsp;wycofa\u0107 sprzeciw pod&nbsp;pretekstem, \u017ce&nbsp;Brzezi\u0144ski jest Czechem po&nbsp;matce. Przy odrobinie dobrej woli i&nbsp;rozs\u0105dku (bo&nbsp;kto nieskutecznie blokuje kandydata, od&nbsp;kt\u00f3rego&nbsp;opinii w&nbsp;du\u017cej mierze zale\u017ce\u0107 b\u0119dzie nastawienie jego rz\u0105du do&nbsp;kraju urz\u0119dowania) mo\u017cna by\u0142o skorzysta\u0107 ze&nbsp;wskaz\u00f3wki wynikaj\u0105cej z&nbsp;doktryny i&nbsp;praktyki rozwi\u0105zywania kontrowersyjnych sytuacji w&nbsp;licznych przypadkach podw\u00f3jnego i&nbsp;wielokrotnego obywatelstwa na&nbsp;rzecz rzeczywistego i&nbsp;efektywnego obywatelstwa opartego na&nbsp;\u015bci\u015blejszych zwi\u0105zkach osoby z&nbsp;jednym z&nbsp;pa\u0144stw, z&nbsp;uwzgl\u0119dnieniem takich okoliczno\u015bci, jak miejsce sta\u0142ego zamieszkania i&nbsp;dzia\u0142alno\u015bci zawodowej, zwi\u0105zk\u00f3w rodzinnych i&nbsp;uczestnictwa w&nbsp;\u017cyciu publicznym.&nbsp;<strong>Ju\u017c ten pocz\u0105tkowy epizod, pora\u017caj\u0105cy falstart, m\u00f3wi du\u017co o&nbsp;jako\u015bci praktykowanej obecnie u&nbsp;nas dyplomacji.<\/strong><\/span><\/p>\n<p style=\"text-align: left;\"><span style=\"color: #000080;\">Podczas senackiego wys\u0142uchania przysz\u0142y ambasador zapowiedzia\u0142 wspieranie fundamentalnych swob\u00f3d i&nbsp;praworz\u0105dno\u015bci, jako warto\u015bci niezb\u0119dnych dla demokracji i&nbsp;kluczowych dla stosunk\u00f3w Polski z&nbsp;USA, ze&nbsp;szczeg\u00f3lnym uwzgl\u0119dnieniem&nbsp;<strong>bezstronnego s\u0105downictwa, niezale\u017cno\u015bci medi\u00f3w i&nbsp;poszanowania praw mniejszo\u015bci.<\/strong>&nbsp;Nominat jednoznacznie da\u0142 do&nbsp;zrozumienia, \u017ce&nbsp;sojuszniczego polsko \u2013 ameryka\u0144skiego partnerstwa nie&nbsp;mo\u017cna sprowadza\u0107 tylko&nbsp;do&nbsp;wsp\u00f3\u0142pracy obronnej, lecz&nbsp;nale\u017cy pami\u0119ta\u0107, \u017ce&nbsp;obejmuje ono r\u00f3wnie\u017c zobowi\u0105zanie do&nbsp;stania na&nbsp;stra\u017cy warto\u015bci demokratycznych, \u201ea te&nbsp;wymagaj\u0105 odnowy\u201d. W\u0142a\u015bnie w&nbsp;tym kontek\u015bcie zauwa\u017cy\u0142, \u017ce&nbsp;sytuacja jest nieco \u201eironiczna, zwa\u017cywszy drog\u0119, jak\u0105 Polska przeby\u0142a od&nbsp;obalenia komunizmu oraz&nbsp;nadchodz\u0105ce przewodnictwo Polski w&nbsp;OBWE\u201d.<\/span><\/p>\n<p style=\"text-align: left;\"><span style=\"color: #000080;\">Pierwsza kwestia nie&nbsp;wymaga \u017cadnych wyja\u015bnie\u0144: podwa\u017canie demokratycznych zasad, zwalczanie niezawis\u0142o\u015bci s\u0105d\u00f3w i&nbsp;wolnych medi\u00f3w, zamach na&nbsp;samorz\u0105dy i&nbsp;organizacje pozarz\u0105dowe nale\u017c\u0105 do&nbsp;sta\u0142ego repertuaru rz\u0105dz\u0105cej w&nbsp;Polsce prawicy ukierunkowanej na&nbsp;ryzykowny dla narodowych interes\u00f3w konflikt z&nbsp;opart\u0105 na&nbsp;tych pryncypiach Uni\u0105 Europejsk\u0105.<\/span><\/p>\n<p style=\"text-align: left;\"><span style=\"color: #000080;\"><strong>Druga sprawa na&nbsp;pierwszy rzut oka nie&nbsp;jest taka oczywista<\/strong>. OBWE, czyli Organizacja Bezpiecze\u0144stwa i&nbsp;Wsp\u00f3\u0142pracy w&nbsp;Europie to&nbsp;pocz\u0105wszy od&nbsp;1995 roku dawna Konferencja Bezpiecze\u0144stwa i&nbsp;Wsp\u00f3\u0142pracy w&nbsp;Europie, powsta\u0142a w&nbsp;1973 roku z&nbsp;inicjatywy ministra spraw zagranicznych, Adama Rapackiego przedstawionej na&nbsp;forum Zgromadzenia Og\u00f3lnego ONZ w&nbsp;1964 roku. Do&nbsp;organizacji, kt\u00f3ra&nbsp;obecnie skupia 57 pa\u0144stw, od&nbsp;pocz\u0105tku przy\u0142\u0105czy\u0142y si\u0119 Stany Zjednoczone i&nbsp;Kanada jako pa\u0144stwa zaanga\u017cowane w&nbsp;sprawy europejskie.<\/span><\/p>\n<p style=\"text-align: left;\"><span style=\"color: #000080;\"><strong>W&nbsp;dzia\u0142alno\u015bci OBWE kluczowe s\u0105&nbsp;dwa wymiary:<\/strong>&nbsp;pierwszy, polityczno-wojskowy, do&nbsp;kt\u00f3rego&nbsp;nale\u017c\u0105 konsultacje i&nbsp;wsp\u00f3\u0142praca w&nbsp;dziedzinach zwi\u0105zanych z&nbsp;bezpiecze\u0144stwem oraz&nbsp;negocjowanie porozumie\u0144 o&nbsp;kontroli zbroje\u0144 i&nbsp;rozbrojeniu i&nbsp;drugi wymiar, kt\u00f3rym&nbsp;jest wymiar ludzki, obejmuj\u0105cy okazywanie pomocy w&nbsp;budowie instytucji demokratycznych, poszanowanie praw cz\u0142owieka, promocj\u0119 spo\u0142ecze\u0144stwa obywatelskiego i&nbsp;umacnianie wolno\u015bci medi\u00f3w. Do&nbsp;realizacji tych zada\u0144 ma&nbsp;s\u0142u\u017cy\u0107 zw\u0142aszcza Biuro Instytucji Demokratycznych i&nbsp;Praw Cz\u0142owieka, instytucja z&nbsp;siedzib\u0105 w&nbsp;Warszawie, a&nbsp;tak\u017ce \u015bcis\u0142a wsp\u00f3\u0142praca OBWE z&nbsp;innymi organizacjami mi\u0119dzynarodowymi, zw\u0142aszcza z&nbsp;ONZ, Rad\u0105 Europy i&nbsp;Uni\u0105 Europejsk\u0105.<\/span><\/p>\n<p style=\"text-align: left;\"><span style=\"color: #000080;\">W&nbsp;\u015bwietle powy\u017cszego nikogo nie&nbsp;mo\u017ce dziwi\u0107 spostrze\u017cenie Brzezi\u0144skiego, \u017ce&nbsp;sytuacja jest nieco ironiczna.&nbsp;<strong>Obejmuj\u0105c w&nbsp;nadchodz\u0105cym roku przewodnictwo OBWE, pa\u0144stwo&nbsp;<span class=\"tooltipsall tooltipsincontent classtoolTips32\" data-hasqtip=\"0\">PiS<\/span>&nbsp;ma&nbsp;promowa\u0107 na&nbsp;\u015bwiecie demokratyczne warto\u015bci i&nbsp;rozwija\u0107 wsp\u00f3\u0142prac\u0119 z&nbsp;ONZ znajduj\u0105c\u0105 si\u0119 na&nbsp;marginesie priorytet\u00f3w polityki zagranicznej obecnego rz\u0105du oraz&nbsp;europejskimi organizacjami, z&nbsp;kt\u00f3rymi jest on&nbsp;skonfliktowany i&nbsp;pozbawiony tam powa\u017cania.<\/strong>&nbsp;Do&nbsp;tego jeszcze dochodzi niedawne ostentacyjne pomijanie usytuowanego r\u00f3wnie\u017c w&nbsp;Warszawie unijnego Fronteksu przy (nie)radzeniu sobie z&nbsp;kryzysem migracyjnym na&nbsp;polsko-bia\u0142oruskiej granicy.<\/span><\/p>\n<p style=\"text-align: left;\"><span style=\"color: #000080;\">MSZ m\u00f3g\u0142by skorzysta\u0107 z&nbsp;do\u015bwiadcze\u0144 swych poprzednik\u00f3w, bo&nbsp;Polska przewodniczy\u0142a ju\u017c OBWE w&nbsp;1998 roku i&nbsp;robi\u0142a to&nbsp;z&nbsp;powodzeniem m.in.&nbsp;w&nbsp;zakresie promowania dialogu przy rozwi\u0105zywaniu konflikt\u00f3w i&nbsp;ochronie warto\u015bci demokratycznych we&nbsp;wsp\u00f3\u0142pracy ze&nbsp;wspomnianym wcze\u015bniej warszawskim biurem. Taka konsultacja to&nbsp;oczywisto\u015b\u0107\u2026 ale&nbsp;w&nbsp;normalnym kraju.<\/span><\/p>\n<p style=\"text-align: left;\"><span style=\"color: #000080;\">Nie&nbsp;ulega w\u0105tpliwo\u015bci, \u017ce&nbsp;ambasador Brzezi\u0144ski nie&nbsp;b\u0119dzie mia\u0142 \u0142atwego \u017cycia w&nbsp;Warszawie.<\/span><\/p>\n<hr style=\"height: 15px; background: #d0e6fa; width: 100%;\">\n<div id=\"content\" class=\"content-alignment\">\n<div id=\"watch-description\" class=\"yt-uix-button-panel\">\n<div id=\"watch-description-text\" style=\"text-align: center;\">\n<p><em>Zawarto\u015b\u0107 publikowanych artyku\u0142\u00f3w i materia\u0142\u00f3w nie reprezentuje pogl\u0105d\u00f3w ani opinii Reunion&#8217;68,<\/em><em><br \/>\nani te\u017c webmastera Blogu Reunion&#8217;68, chyba ze jest to wyra\u017anie zaznaczone.<br \/>\nTwoje uwagi, linki, w\u0142asne artyku\u0142y lub wiadomo\u015bci prze\u015blij na adres:<br \/>\n<\/em><span style=\"color: #000080;\"><strong><em><a style=\"color: #000080;\" href=\"mailto:webmaster@reunion68.com\"><span style=\"text-decoration: underline;\">webmaster@reunion68.com<\/span><\/a><\/em><\/strong><\/span><\/p>\n<\/div>\n<\/div>\n<\/div>\n<hr style=\"width: 100%;\">\n","protected":false},"excerpt":{"rendered":"<p>\u201eIroniczna sytuacja\u201d Eugeniusz Noworyta W swej korespondencji z Waszyngtonu dla Studia Opinii Waldemar Piasecki odnotowa\u0142 pewien szczeg\u00f3\u0142 z senackiego wys\u0142uchania Marka Brzezi\u0144skiego, powo\u0142anego na ambasadora Stan\u00f3w Zjednoczonych w Polsce przez prezydenta Bidena. W tej procedurze prezydencki nominat staje przed Komisj\u0105 Spraw Zagranicznych Senatu USA, gdzie sk\u0142ada o\u015bwiadczenie i odpowiada na pytania senator\u00f3w, co poprzedza zatwierdzenie [&hellip;]<\/p>\n","protected":false},"author":1,"featured_media":0,"comment_status":"closed","ping_status":"closed","sticky":false,"template":"","format":"standard","meta":[],"categories":[6],"tags":[26,24],"_links":{"self":[{"href":"https:\/\/www.reunion68.se\/index.php?rest_route=\/wp\/v2\/posts\/91571"}],"collection":[{"href":"https:\/\/www.reunion68.se\/index.php?rest_route=\/wp\/v2\/posts"}],"about":[{"href":"https:\/\/www.reunion68.se\/index.php?rest_route=\/wp\/v2\/types\/post"}],"author":[{"embeddable":true,"href":"https:\/\/www.reunion68.se\/index.php?rest_route=\/wp\/v2\/users\/1"}],"replies":[{"embeddable":true,"href":"https:\/\/www.reunion68.se\/index.php?rest_route=%2Fwp%2Fv2%2Fcomments&post=91571"}],"version-history":[{"count":5,"href":"https:\/\/www.reunion68.se\/index.php?rest_route=\/wp\/v2\/posts\/91571\/revisions"}],"predecessor-version":[{"id":91610,"href":"https:\/\/www.reunion68.se\/index.php?rest_route=\/wp\/v2\/posts\/91571\/revisions\/91610"}],"wp:attachment":[{"href":"https:\/\/www.reunion68.se\/index.php?rest_route=%2Fwp%2Fv2%2Fmedia&parent=91571"}],"wp:term":[{"taxonomy":"category","embeddable":true,"href":"https:\/\/www.reunion68.se\/index.php?rest_route=%2Fwp%2Fv2%2Fcategories&post=91571"},{"taxonomy":"post_tag","embeddable":true,"href":"https:\/\/www.reunion68.se\/index.php?rest_route=%2Fwp%2Fv2%2Ftags&post=91571"}],"curies":[{"name":"wp","href":"https:\/\/api.w.org\/{rel}","templated":true}]}}