{"id":91573,"date":"2021-12-18T17:09:02","date_gmt":"2021-12-18T15:09:02","guid":{"rendered":"http:\/\/www.reunion68.se\/?p=91573"},"modified":"2021-12-12T16:31:23","modified_gmt":"2021-12-12T14:31:23","slug":"18-05-66","status":"publish","type":"post","link":"https:\/\/www.reunion68.se\/?p=91573","title":{"rendered":"Sprawiedliwi ratuj\u0105cy \u017byd\u00f3w to nie jest portret narodu, nie dzia\u0142ali w imieniu wi\u0119kszo\u015bci"},"content":{"rendered":"<h5 style=\"text-align: center;\"><a href=\"https:\/\/wyborcza.pl\/\" target=\"_blank\" rel=\"noopener noreferrer\"><img decoding=\"async\" class=\"center alignleft\" src=\"http:\/\/www.reunion68.com\/Biuletyn\/img\/wyborcza-wolna.png\" alt=\"\" width=\"35%\" \/><\/a><span style=\"text-decoration: underline; color: #000080;\"><strong><a style=\"color: #000080; text-decoration: underline;\" href=\"https:\/\/wyborcza.pl\/magazyn\/7,124059,26828939,sprawiedliwi-ratujacy-zydow-to-nie-jest-portret-narodu-nie.html\" target=\"_blank\" rel=\"noopener noreferrer\">Sprawiedliwi ratuj\u0105cy \u017byd\u00f3w to nie jest portret narodu, nie dzia\u0142ali w imieniu wi\u0119kszo\u015bci<\/a><\/strong><\/span><\/h5>\n<p style=\"text-align: center;\"><span style=\"color: #000000;\"><strong>Dorota Wodecka<\/strong><\/span><\/p>\n<hr style=\"height: 15px; background: #d0e6fa; width: 100%;\" \/>\n<p style=\"text-align: center;\"><img decoding=\"async\" class=\"aligncenter\" src=\"https:\/\/bi.im-g.pl\/im\/aa\/96\/19\/z26828970V,Kadr-z-filmu--Naganiacz-.jpg\" width=\"100%\" \/><span style=\"color: #808080;\"><em>Kadr z filmu &#8216;Naganiacz&#8217; (Fot. Filmoteka Narodowa)<\/em><\/span><\/p>\n<h4 style=\"text-align: center;\"><span style=\"color: #808080;\"><strong>Pani chce, \u017cebym powiedzia\u0142, kto jest winien, kto by\u0142 konformist\u0105, a kto tch\u00f3rzem. Ale to nie takie proste. Rozmowa z Tomaszem \u017bukowskim, historykiem literatury<\/strong><\/span><\/h4>\n<h4 style=\"text-align: center;\"><span style=\"color: #808080;\"><strong>.<\/strong><\/span><\/h4>\n<h4 class=\"art_interview_question\">DOROTA WODECKA: Ksi\u0105\u017ck\u0119 \u201ePod presj\u0105\u201d czytam jako pana kontynuacj\u0119 \u201eWielkiego retuszu\u201d.<\/h4>\n<p class=\"art_paragraph\" style=\"text-align: left;\"><span style=\"color: #000080;\"><b>TOMASZ \u017bUKOWSKI:\u00a0<\/b>\u201eRetusz\u201d by\u0142 o tym, jak ukrywamy przed samymi sob\u0105, \u017ce Polacy zabijali \u017byd\u00f3w, a w \u201ePod presj\u0105\u201d pokazuj\u0119 mechanizmy i konsekwencje odbierania g\u0142osu ludziom, kt\u00f3rzy mogliby o tym opowiedzie\u0107. Ale ju\u017c nie mam si\u0142y pisa\u0107 o Zag\u0142adzie, odk\u0105d urodzi\u0142a mi si\u0119 c\u00f3rka. Jak czytam, co si\u0119 tutaj dzia\u0142o, to a\u017c brzuch boli. Chcia\u0142bym si\u0119 zaj\u0105\u0107 czym\u015b bardziej do \u017cycia.<\/span><\/p>\n<h5 class=\"art_interview_question\" style=\"text-align: left;\"><strong>Pana najnowsz\u0105 ksi\u0105\u017ck\u0119 szczeg\u00f3lnie uwa\u017cnie przeczytaj\u0105 prawnicy z Reduty Dobrego Imienia lub Instytutu do Walki z Antypolonizmem \u2013 Verba Veritatis.<\/strong><\/h5>\n<p class=\"art_paragraph\" style=\"text-align: left;\"><span style=\"color: #000080;\"><b>\u2013\u00a0<\/b>Dajmy spok\u00f3j. Je\u015bli Reduta Dobrego Imienia jest jakkolwiek interesuj\u0105ca, to nie jako bicz na naukowc\u00f3w, tylko jako symptom tego, \u017ce mamy powa\u017cny problem z histori\u0105 Zag\u0142ady. W wierszu \u201eBiedny chrze\u015bcijanin patrzy na getto\u201d Mi\u0142osz pisze o stra\u017cniku-krecie, kt\u00f3ry dr\u0105\u017cy tunel w pok\u0142adach martwych cia\u0142. \u201eBoj\u0119 si\u0119, tak si\u0119 boj\u0119 stra\u017cnika-kreta\u201d \u2013 m\u00f3wi \u201ebiedny chrze\u015bcijanin\u201d. \u2013 \u201eMoje rozbite cia\u0142o wyda mnie jego spojrzeniu\/ I policzy mnie mi\u0119dzy pomocnik\u00f3w \u015bmierci\/ Nieobrzezanych\u201d.<\/span><\/p>\n<p class=\"art_paragraph\" style=\"text-align: left;\"><span style=\"color: #000080;\">To w nas siedzi stra\u017cnik-kret, indywidualnie i w zbiorowo\u015bci. I kiedy widzimy, jak z szafy wypadaj\u0105 trupy, to zaraz podnosi si\u0119 krzyk, \u017ce ci straszni \u017bydzi oczerniaj\u0105 Polsk\u0119 albo naukowcy nie maj\u0105 poj\u0119cia o swojej pracy.<\/span><\/p>\n<h5 class=\"art_interview_question\" style=\"text-align: left;\"><strong>\u201eOczernianie Polski\u201d tradycj\u0119 ma bez ma\u0142a stuletni\u0105. W 1918 roku po fali pogrom\u00f3w na terenie Rzeczypospolitej protestowa\u0142y organizacje \u017cydowskie w Ameryce.<\/strong><\/h5>\n<p class=\"art_paragraph\" style=\"text-align: left;\"><span style=\"color: #000080;\">\u2013 I uznano, \u017ce wyci\u0105gaj\u0105 niedopuszczalne wnioski. Zakaz \u201epochopnego uog\u00f3lniania\u201d to leitmotiv polskich dyskusji o Zag\u0142adzie. Ju\u017c w czasie wojny uzupe\u0142niono go oskar\u017ceniem: Polacy cierpieli tak samo albo bardziej, pomagali \u017bydom, a ci niewdzi\u0119cznicy szkaluj\u0105 niewinny nar\u00f3d polski. My ich ratujemy, a oni \u2013 jak pisa\u0142a Zofia Kossak-Szczucka \u2013 \u201enienawidz\u0105 nas (\u2026) wi\u0119cej ni\u017c Niemc\u00f3w\u201d i \u201eczyni\u0105 nas odpowiedzialnymi za swoje nieszcz\u0119\u015bcie\u201d. \u201eW upartym milczeniu mi\u0119dzynarodowego \u017cydostwa, w zabiegach propagandy niemieckiej usi\u0142uj\u0105cej ju\u017c teraz zrzuci\u0107 odium za rze\u017a \u017byd\u00f3w na Litwin\u00f3w\u2026 i Polak\u00f3w, wyczuwamy planowanie wrogiej dla nas akcji\u201d. Dobrze to znamy, prawda? Nie ma zwi\u0105zku z rzeczywisto\u015bci\u0105, ale dzia\u0142a.<\/span><\/p>\n<p class=\"art_paragraph\" style=\"text-align: left;\"><span style=\"color: #000080;\">Tu\u017c po pogromie kieleckim w \u201eTygodniku Powszechnym\u201d ukaza\u0142 si\u0119 redakcyjny komentarz, w kt\u00f3rym pot\u0119piono przemoc, ale r\u00f3wnocze\u015bnie napisano tak: \u201eFakty nietolerancji i sporadyczne rozruchy by\u0142y w Polsce wyj\u0105tkami i nigdy nie ogarn\u0119\u0142y szerszych kr\u0119g\u00f3w spo\u0142ecze\u0144stwa, tradycja ta przetrwa\u0142a do dzi\u015b\u201d. I wniosek: \u201eNie wolno wobec tego dopuszcza\u0107 si\u0119 zbyt pochopnego i dowolnego generalizowania\u201d. Ta notatka dowodzi, \u017ce ju\u017c wtedy mieli\u015bmy ogromny problem ze zrozumieniem, co si\u0119 w\u0142a\u015bciwie dzieje na naszych oczach. Nie m\u00f3wi\u0105c o krzywdach wyrz\u0105dzonych \u017bydom w czasie wojny i o roli w tym Polak\u00f3w. Nieprzepracowanie tego odbi\u0142o si\u0119 czkawk\u0105 w 2018 roku, kiedy przy okazji nowelizacji ustawy o IPN okaza\u0142o si\u0119, \u017ce antysemickie argumenty zn\u00f3w pojawi\u0142y si\u0119 w przestrzeni publicznej.<\/span><\/p>\n<h5 class=\"art_interview_question\" style=\"text-align: left;\"><strong>Nowelizacja nak\u0142ada\u0142a kar\u0119 grzywny lub trzech lat wi\u0119zienia za przypisywanie \u201eNarodowi Polskiemu lub Pa\u0144stwu Polskiemu odpowiedzialno\u015bci lub wsp\u00f3\u0142odpowiedzialno\u015bci za pope\u0142nienie przez III Rzesz\u0119 Niemieck\u0105 zbrodnie nazistowskie\u201d.<\/strong><\/h5>\n<p class=\"art_paragraph\" style=\"text-align: left;\"><span style=\"color: #000080;\"><b>\u2013\u00a0<\/b>Pa\u0144stwo rozstrzygn\u0119\u0142o, jak ma wygl\u0105da\u0107 opowie\u015b\u0107 o wojnie, bez wzgl\u0119du na archiwa, dowody i \u015bwiadk\u00f3w polskiej agresji wobec \u017byd\u00f3w. Bo prawo stanowi, \u017ce m\u00f3wienie o \u201eodpowiedzialno\u015bci lub wsp\u00f3\u0142odpowiedzialno\u015bci\u201d przeczy faktom. Ta ustawa to konsekwencja praktyk z po\u0142owy lat 40.<\/span><\/p>\n<p class=\"art_paragraph\" style=\"text-align: left;\"><span style=\"color: #000080;\">Trzeba si\u0119 nie\u017ale napracowa\u0107, \u017ceby nie widzie\u0107 s\u0142onia w pokoju, bo przecie\u017c ta notatka z \u201eTygodnika\u201d w g\u0142owie si\u0119 nie mie\u015bci. A jednak: zakre\u015blili\u015bmy granice tego, co wolno powiedzie\u0107. Wymuszali\u015bmy milczenie, wywierali\u015bmy i wywieramy presj\u0119 na uczestnik\u00f3w kultury.<\/span><\/p>\n<h5 class=\"art_interview_question\" style=\"text-align: left;\"><strong>Stawia pan tez\u0119, \u017ce polska kultura przegl\u0105da si\u0119 w nieprawdziwym wizerunku, kt\u00f3ry sama wytwarza, a \u015bwiadkowie tylko s\u0142u\u017c\u0105 jego uwiarygodnieniu. Jakie wypracowali\u015bmy sposoby, by zak\u0142amywa\u0107 nasz\u0105 to\u017csamo\u015b\u0107?<\/strong><\/h5>\n<p class=\"art_paragraph\" style=\"text-align: left;\"><span style=\"color: #000080;\">\u2013 Jest ich wiele. Zacznijmy od presji wywieranej na tych, kt\u00f3rzy m\u00f3wi\u0105 o swoim do\u015bwiadczeniu Zag\u0142ady, i nie potrzeba do tego prokuratora. T\u0119 g\u0119st\u0105 atmosfer\u0119 i zwi\u0105zany z ni\u0105 terror doskonale pokaza\u0142 Tadeusz S\u0142obodzianek w \u201eNaszej klasie\u201d. Pami\u0119ta pani scen\u0119, kiedy lokalna spo\u0142eczno\u015b\u0107 przygotowuje uratowan\u0105 z pogromu Rachelk\u0119 do chrztu i do ma\u0142\u017ce\u0144stwa<\/span>?<\/p>\n<div id=\"content\" class=\"content-alignment\">\n<div id=\"watch-description\" class=\"yt-uix-button-panel\">\n<div id=\"watch-description-text\" style=\"text-align: center;\">\n<p><iframe loading=\"lazy\" title=\"YouTube video player\" src=\"https:\/\/www.youtube.com\/embed\/bK8vCNE4Ug8\" width=\"680\" height=\"400\" frameborder=\"0\" allowfullscreen=\"allowfullscreen\"><\/iframe><\/p>\n<\/div>\n<\/div>\n<\/div>\n<h5 class=\"art_interview_question\" style=\"text-align: left;\"><strong>.<\/strong><\/h5>\n<h5 class=\"art_interview_question\" style=\"text-align: left;\"><strong>Dziewczyna zostaje poddana rytua\u0142om, kt\u00f3re s\u0142u\u017c\u0105 przyj\u0119ciu jej do grupy.<\/strong><\/h5>\n<p class=\"art_paragraph\" style=\"text-align: left;\"><span style=\"color: #000080;\"><b>\u2013\u00a0<\/b>To poz\u00f3r. Trzeba by je raczej nazwa\u0107 rytua\u0142ami podporz\u0105dkowania. Otoczenie daje jej do zrozumienia, \u017ce obcy zawsze pozostanie obcym i nie wolno mu m\u00f3wi\u0107 o przemocy, kt\u00f3rej ci\u0105gle do\u015bwiadcza. W ka\u017cdej z pr\u00f3b musi udawa\u0107, \u017ce nic si\u0119 nie sta\u0142o, nie istnieje \u017cadna presja, a wi\u0119c musi wytwarza\u0107 i podsuwa\u0107 wi\u0119kszo\u015bci jej pochlebny i wyretuszowany obraz \u2013 taki, kt\u00f3ry usuwa z pola widzenia fakt dyskryminacji oraz faktyczne dzia\u0142ania grupy dominuj\u0105cej.<\/span><\/p>\n<div id=\"banC2\" style=\"text-align: left;\"><\/div>\n<p class=\"art_paragraph\" style=\"text-align: left;\"><span style=\"color: #000080;\">Zygmunt z \u201eNaszej klasy\u201d wypowiada t\u0119 zasad\u0119 niemal wprost, w formie zawoalowanej gro\u017aby: \u201eChod\u017acie teraz wszyscy, za\u015bpiewamy dla panny m\u0142odej, kt\u00f3ra, tak si\u0119 sk\u0142ada, jest sierot\u0105, nasz\u0105 pie\u015b\u0144 weseln\u0105 sieroc\u0105! \u017beby zawsze wiedzia\u0142a i pami\u0119ta\u0142a, \u017ce my wszystko pami\u0119tamy!\u201d. Ta kr\u00f3tka wypowied\u017a zawiera pi\u0119trowe aluzje.<\/span><\/p>\n<h5 class=\"art_interview_question\" style=\"text-align: left;\"><strong>Jakie?<\/strong><\/h5>\n<p class=\"art_paragraph\" style=\"text-align: left;\"><span style=\"color: #000080;\"><b>\u2013\u00a0<\/b>Rachelka ma pami\u0119ta\u0107, \u017ce jest sierot\u0105, czyli nie ma nikogo, kto m\u00f3g\u0142by jej broni\u0107, i zdana jest na \u0142ask\u0119 polskich s\u0105siad\u00f3w. Ma tak\u017ce pami\u0119ta\u0107, jak zgin\u0119li jej najbli\u017csi i kto ich zabi\u0142. Ma wiedzie\u0107, \u017ce dla otoczenia pozostanie \u017byd\u00f3wk\u0105 i \u2013 co najwa\u017cniejsze \u2013 ma zdawa\u0107 sobie spraw\u0119, \u017ce b\u0119dzie zawsze na cenzurowanym.<\/span><\/p>\n<p class=\"art_paragraph\" style=\"text-align: left;\"><span style=\"color: #000080;\">Najbardziej wyrazistym rytua\u0142em podporz\u0105dkowania jest wr\u0119czanie prezent\u00f3w weselnych. Rachelka dostaje rzeczy zrabowane z \u017cydowskich dom\u00f3w, ale nie wolno jej powiedzie\u0107, \u017ce pami\u0119ta, do kogo nale\u017ca\u0142y. Mo\u017ce tylko powtarza\u0107 \u201epi\u0119kny\u201d \u2013 nawet gdy przynosz\u0105 jej w\u0142asny obrus. Heniek (jeden z morderc\u00f3w): \u201eOde mnie taca. Srebrna\u201d. Dora (ju\u017c jako duch): \u201eCzyja?\u201d. Abram (te\u017c duch): \u201eMoja\u201d. Jakub Kac (zbity): \u201eBo\u017ce\u201d. Menachem (\u017cywy, obserwuje wesele z ukrycia): \u201eKurwa!\u201d. W\u0142adek (pan m\u0142ody): \u201eDzi\u0119ki\u201d. Marianna: \u201ePi\u0119kny\u201d. Nic doda\u0107, nic uj\u0105\u0107.<\/span><\/p>\n<p class=\"art_paragraph\" style=\"text-align: left;\"><span style=\"color: #000080;\">Po wojnie Rachelka, a w\u0142a\u015bciwie ju\u017c Marianna, \u015bwiadczy w s\u0105dzie w obronie morderc\u00f3w. S\u0142obodzianek jest wyj\u0105tkowo przenikliwy, chwyta istot\u0119 polskiej przemocy wobec \u017byd\u00f3w.<\/span><\/p>\n<h5 class=\"art_interview_question\" style=\"text-align: left;\"><strong>Kto\u015b powie, \u017ce to fikcja literacka.<\/strong><\/h5>\n<p class=\"art_paragraph\" style=\"text-align: left;\"><span style=\"color: #000080;\"><b>\u2013\u00a0<\/b>To opowiem histori\u0119 z realu. W marcu 1968 roku trudno by\u0142o by\u0107 w Polsce \u017bydem. Ze wzgl\u0119du na Moczara, ale przede wszystkim na tak zwan\u0105 milcz\u0105c\u0105 wi\u0119kszo\u015b\u0107. Polscy \u017bydzi pr\u00f3bowali si\u0119 jako\u015b ratowa\u0107 i zachowywali si\u0119 jak Rachelka-Marianna. Powstawa\u0142o wtedy wiele tekst\u00f3w, jak Polacy ratowali \u017byd\u00f3w. Szymon Datner napisa\u0142 \u201eLas Sprawiedliwych\u201d, a w \u201ePolityce\u201d drukowano artyku\u0142y \u00f3wczesnego dyrektora \u017bydowskiego Instytutu Historycznego, kt\u00f3ry najwyra\u017aniej pisa\u0142 o Sprawiedliwych, \u017ceby ratowa\u0107 \u017bIH.<\/span><\/p>\n<p class=\"art_paragraph\" style=\"text-align: left;\"><span style=\"color: #000080;\">Ukaza\u0142o si\u0119 te\u017c wspomnienie Hanny Krall \u201eGra o moje \u017cycie\u201d. Powiedzia\u0142bym, \u017ce jego w\u0142a\u015bciwym autorem jest Moczar do sp\u00f3\u0142ki z polskim spo\u0142ecze\u0144stwem i \u017ce pisarka mia\u0142a n\u00f3\u017c na gardle. Nie ma \u017cadnego znaczenia, czy fakty tam opisane s\u0105 prawdziwe, czy nie\u2026<\/span><\/p>\n<h5 class=\"art_interview_question\" style=\"text-align: left;\"><strong>Prawdziwe, bo reporterka kilkakrotnie wspomina\u0142a tych, kt\u00f3rzy uratowali j\u0105 i jej matk\u0119\u2026<\/strong><\/h5>\n<p class=\"art_paragraph\" style=\"text-align: left;\"><span style=\"color: #000080;\"><b>\u2013\u00a0<\/b>Dobrze, ale to historia wyretuszowana na potrzeby polskiego czytelnika. Nie wyp\u0142ywa z niej nic, co m\u0105ci dobre samopoczucie tym, kt\u00f3rzy organizowali najwi\u0119ksz\u0105 po Holocau\u015bcie akcj\u0119 prze\u015bladowcz\u0105 wymierzon\u0105 w \u017byd\u00f3w. W\u0142adys\u0142aw Bartoszewski umie\u015bci\u0142 ten tekst w drugim wydaniu \u201eTen jest z ojczyzny mojej\u201d z roku 1969, czyli w tomie do dzi\u015b uwa\u017canym za kanoniczny zbi\u00f3r \u017ar\u00f3de\u0142. Czytamy to i budujemy sobie obraz zachowa\u0144 Polak\u00f3w w czasie II wojny \u015bwiatowej. Tekst jest r\u00f3wnie\u017c w czwartym wydaniu z 2013 roku, jak gdyby nigdy nic, bez \u017cadnego komentarza.<\/span><\/p>\n<p class=\"art_paragraph\" style=\"text-align: left;\"><span style=\"color: #000080;\">Przegl\u0105damy si\u0119 w portrecie, kt\u00f3ry sami sobie namalowali\u015bmy, i ten wz\u00f3r si\u0119 powtarza w wielu wariantach. \u017bydzi s\u0142u\u017c\u0105 nam w nim do tego, by uwiarygodni\u0107 nasz autoportret, tak czy owak, wykreowany przez nas. Nie chcemy widzie\u0107 pa\u0142ki, kt\u00f3ra wisia\u0142a nad tymi, kt\u00f3rzy tego rodzaju teksty pisali, a pa\u0142ka jest warunkiem sine qua non ca\u0142ego procederu.<\/span><\/p>\n<h5 class=\"art_interview_question\" style=\"text-align: left;\"><strong>Pan chyba nie ma do nich pretensji?<\/strong><\/h5>\n<p class=\"art_paragraph\" style=\"text-align: left;\"><span style=\"color: #000080;\"><b>\u2013\u00a0<\/b>Pretensji?! Do Hanny Krall?! To my jeste\u015bmy tu problemem, a nie ona! Presja, z kt\u00f3r\u0105 maj\u0105 do czynienia polscy \u017bydzi, kiedy pr\u00f3buj\u0105 powiedzie\u0107, co ich spotka\u0142o, jest tak du\u017ca, \u017ce tylko jaki\u015b Herkules m\u00f3g\u0142by si\u0119 jej przeciwstawi\u0107.<\/span><\/p>\n<p class=\"art_paragraph\" style=\"text-align: left;\"><span style=\"color: #000080;\">Trzeba zrozumie\u0107, \u017ce scena wesela z \u201eNaszej klasy\u201d \u2013 powiedzmy w skr\u00f3cie \u2013 to gra, kt\u00f3r\u0105 prowadzimy sami ze sob\u0105 o w\u0142asny obraz. Musimy pilnowa\u0107 polskich \u017byd\u00f3w i siebie nawzajem, \u017ceby nikt nie wspomina\u0142 o s\u0142oniu w pokoju, bo inaczej autoportret nam si\u0119 rozleci. Tyle \u017ce pami\u0119\u0107 o przemocy jest w polskiej kulturze i w nas. Nie da si\u0119 jej usun\u0105\u0107. Stra\u017cnik-kret z wiersza Mi\u0142osza to jest to, co wiemy i czego jednocze\u015bnie nie chcemy o sobie wiedzie\u0107.<\/span><\/p>\n<h5 class=\"art_interview_question\" style=\"text-align: left;\"><strong>Jak jeszcze siebie zak\u0142amujemy?<\/strong><\/h5>\n<p class=\"art_paragraph\" style=\"text-align: left;\"><span style=\"color: #000080;\"><b>\u2013\u00a0<\/b>Stanis\u0142aw \u017bemi\u0144ski z \u0141ukowa wspomina\u0142: \u201eW Trzebieszowie w poniedzia\u0142ek jaka\u015b stra\u017c obywatelska, miejscowi ch\u0142opi wartuj\u0105cy w nocy przed napadami bandyckimi, dostali rozkaz wy\u0142apania wszystkich miejscowych \u017byd\u00f3w i odstawienia ich do \u0141ukowa. Otoczono ca\u0142\u0105 wie\u015b i rozpocz\u0119\u0142o si\u0119 polowanie. Wywlekano \u017byd\u00f3w, \u0142apano ich na polach, po \u0142\u0105kach. Jeszcze strza\u0142y grzmi\u0105, a ju\u017c nasze hieny czatuj\u0105, co ukra\u015b\u0107 si\u0119 da po \u017bydach\u201d. W czasie wojny i potem wielokrotnie nazywano ten proceder \u201epolowaniem na \u017byd\u00f3w\u201d. W pracach historycznych i wspomnieniach odnajdujemy ten sam wz\u00f3r w niesko\u0144czonych wariantach.<\/span><\/p>\n<p class=\"art_paragraph\" style=\"text-align: left;\"><span style=\"color: #000080;\">W 1963 roku Ewa i Czes\u0142aw Petelscy nakr\u0119cili \u201eNaganiacza\u201d, film, kt\u00f3ry pokazuje, co si\u0119 zapisa\u0142o w naszej nie\u015bwiadomo\u015bci. Micha\u0142, uczestnik powstania warszawskiego, ukrywa si\u0119 w maj\u0105tku ziemskim na prze\u0142omie lat 1944 i 1945. Spotyka przypadkiem grup\u0119 w\u0119gierskich \u017byd\u00f3w, kt\u00f3rzy po ucieczce z transportu pr\u00f3buj\u0105 dotrwa\u0107 do ko\u0144ca wojny. Chce im pom\u00f3c i umieszcza ich w stogach siana w pobli\u017cu zabudowa\u0144 dworskich. Przyje\u017cd\u017caj\u0105 tam na polowanie niemieccy oficerowie i dygnitarze. Le\u015bniczy prowadzi ich gdzie indziej, ale pierwszy zaj\u0105c wyskakuje z krzak\u00f3w tu\u017c przy stogach, w kt\u00f3rych ukrywaj\u0105 si\u0119 \u017bydzi. Naganiacze ruszaj\u0105. \u017bydzi my\u015bl\u0105, \u017ce to polowanie na nich, wyskakuj\u0105, nagonka ich zgarnia i gin\u0105. Po lekturze \u015bwiadectw trudno mie\u0107 w\u0105tpliwo\u015bci, na co patrzymy. Ale to film o nieudanej pr\u00f3bie pomocy, a nie o przemocy.<\/span><\/p>\n<h5 class=\"art_interview_question\" style=\"text-align: left;\"><strong>Nie rozumiem.<\/strong><\/h5>\n<p class=\"art_paragraph\" style=\"text-align: left;\"><span style=\"color: #000080;\"><b>\u2013\u00a0<\/b>Z masakry ratuje si\u0119 tylko jedna dziewczyna. Kiedy przyjechali Niemcy, by\u0142a u Micha\u0142a, kt\u00f3ry ukry\u0142 j\u0105 w piwniczce obok domu. Widzia\u0142a, jak rusza nagonka, i by\u0142a przekonana, \u017ce to Micha\u0142 wyda\u0142 jej towarzyszy. S\u0142owem \u2013 ona zobaczy\u0142a to, co si\u0119 rzeczywi\u015bcie dzia\u0142o.<\/span><\/p>\n<p class=\"art_paragraph\" style=\"text-align: left;\"><span style=\"color: #000080;\">Kiedy Micha\u0142 wraca, krzyczy po w\u0119giersku, \u017ce jest morderc\u0105, ale jej kwestie nie s\u0105 t\u0142umaczone, wi\u0119c nie rozumiemy, co m\u00f3wi. Przewraca j\u0105, przygniata i zatyka jej usta. To wygl\u0105da jak podporz\u0105dkowuj\u0105cy gwa\u0142t. Dziewczyna zapada si\u0119 w siebie, odmawia kontaktu, a on snuje plany na wsp\u00f3ln\u0105 przysz\u0142o\u015b\u0107 i prosi: \u201ePowiedz, chocia\u017c nie rozumiesz, powiedz, \u017ce to przecie\u017c nie ja! No powiedz, \u017ce wiesz, \u017ce to nie ja\u2026 No spojrzyj chocia\u017c\u2026\u201d.<\/span><\/p>\n<p class=\"art_paragraph\" style=\"text-align: left;\"><span style=\"color: #000080;\">Krytycy rozwodzili si\u0119 nad tym tragicznym nieporozumieniem. Ona go nies\u0142usznie oskar\u017ca, a on nie mo\u017ce jej wyt\u0142umaczy\u0107, \u017ce jest niewinny, bo nie m\u00f3wi po w\u0119giersku. Tylko \u017ce akcja rozgrywa si\u0119 pod W\u0119growem, ci \u017bydzi to W\u0119grzy z W\u0119growa, s\u0105siedzi. M\u00f3wi\u0105 do nas, ale my nie rozumiemy, bo nie chcemy rozumie\u0107. W og\u00f3le film Petelskich to seria freudowskich pomy\u0142ek. Najciekawsze jest to, \u017ce Micha\u0142 nie m\u00f3g\u0142 prowadzi\u0107 z uratowan\u0105 \u017byd\u00f3wk\u0105 \u017cadnych rozm\u00f3w. Na pocz\u0105tku dowiadujemy si\u0119, \u017ce by\u0142o 16 uciekinier\u00f3w, a po polowaniu niemiecki oficer oznajmia, \u017ce zabili 16. A wi\u0119c zgin\u0119li wszyscy. Rozmawiamy z postaciami, kt\u00f3re \u017cyj\u0105 tylko w naszej wyobra\u017ani? To jest robota stra\u017cnika-kreta!<\/span><\/p>\n<h5 class=\"art_interview_question\" style=\"text-align: left;\"><strong>Ale w filmie zabijaj\u0105 Niemcy.<\/strong><\/h5>\n<p class=\"art_paragraph\" style=\"text-align: left;\"><span style=\"color: #000080;\"><b>\u2013\u00a0<\/b>Tak, tylko \u017ce to jest opowie\u015b\u0107 o wsp\u00f3\u0142dzia\u0142aniu. W opowiadaniu Romana Bratnego, kt\u00f3re by\u0142o podstaw\u0105 scenariusza, pada stwierdzenie: \u201ePolowanie trwa\u0142o do wieczora. Strzelili\u015bmy przesz\u0142o siedemdziesi\u0105t zaj\u0119cy i jednego lisa. Strzelili\u015bmy , bo przecie\u017c stanowimy zesp\u00f3\u0142: naganiacze i my\u015bliwi\u201d. W filmie ten sam w\u0105tek pojawia si\u0119 w przem\u00f3wieniu niemieckiego oficera, ale co wa\u017cniejsze, Petelscy pokazali wsp\u00f3\u0142dzia\u0142anie nagonki i my\u015bliwych. Micha\u0142 patrzy i dzia\u0142a. Jest \u015bwiadkiem nie tylko \u015bmierci \u017byd\u00f3w, ale i w\u0142asnego dzia\u0142ania, tego \u017ce jest cz\u0119\u015bci\u0105 nagonki.<\/span><\/p>\n<h5 class=\"art_interview_question\" style=\"text-align: left;\"><strong>\u201eTo nie my, to Niemcy\u201d \u2013 jest prawdziwe i nieprawdziwe. Dlaczego nieprawdziwe?<\/strong><\/h5>\n<p class=\"art_paragraph\" style=\"text-align: left;\"><span style=\"color: #000080;\">\u2013 Calek Perechodnik \u2013 cz\u0142owiek, kt\u00f3ry jak ma\u0142o kto rozumia\u0142 polsk\u0105 kultur\u0119 \u2013 napisa\u0142 o tym bardzo brutalnie: \u201eWolno rabowa\u0107, kra\u015b\u0107, zabija\u0107 ludzi i to zupe\u0142nie bezkarnie. Wznosz\u0105 \u2013 mowa o Polakach \u2013 r\u0119ce ku niebu, dzi\u0119kuj\u0105c za t\u0119 \u0142ask\u0119, \u017ce do\u017cyli takich dobrych czas\u00f3w, i ka\u017cdy z has\u0142em na ustach teraz albo nigdy zabiera si\u0119 do roboty. W naiwno\u015bci ducha uwa\u017caj\u0105, \u017ce kara ich za to nigdy nie spotka, wszak jest, znajduje si\u0119 redaktor odpowiedzialny . Niemcy, w razie czego wszystko i tak p\u00f3jdzie na karb Niemc\u00f3w\u201d.<\/span><\/p>\n<p class=\"art_paragraph\" style=\"text-align: left;\"><span style=\"color: #000080;\">Tu nie chodzi o przyw\u0142aszczanie tego, co zosta\u0142o po zamordowanych, ale o sprawczo\u015b\u0107 \u2013 o dzia\u0142anie, kt\u00f3re mia\u0142o zasadniczy wp\u0142yw na los polskich \u017byd\u00f3w. Perechodnik widzia\u0142 to tak: \u201eW ka\u017cdym mie\u015bcie, kiedy odbywa\u0142a si\u0119 akcja, ca\u0142e getto bywa\u0142o otoczone przez mot\u0142och, kt\u00f3ry urz\u0105dza\u0142 formalne polowanie na \u017byd\u00f3w \u2013 wed\u0142ug wszelkich prawide\u0142 sztuki my\u015bliwskiej, z naganiaczami lub bez. Ilu \u017byd\u00f3w w ten spos\u00f3b zgin\u0119\u0142o? Niezliczona ilo\u015b\u0107, bo w najlepszym wypadku zabierali \u017bydom pieni\u0105dze i nie doprowadzali do \u017candarmerii, ale przecie\u017c to i tak by\u0142o r\u00f3wnoznaczne z wyrokiem \u015bmierci. Co ma zrobi\u0107 \u017byd bez pieni\u0119dzy? Co najwy\u017cej samemu doj\u015b\u0107 do \u017candarma i poprosi\u0107 o kul\u0119\u201d. Polskie otoczenie zamyka drogi ucieczki i nazi\u015bci mog\u0105 zrobi\u0107 swoje. Kiedy m\u00f3wimy \u201eto nie my, to Niemcy\u201d, zas\u0142aniamy ten proceder i stwarzamy sytuacj\u0119, w kt\u00f3rej nie mo\u017cemy go ani dostrzec, ani przemy\u015ble\u0107.<\/span><\/p>\n<h5 class=\"art_interview_question\" style=\"text-align: left;\"><strong>Dlaczego pan uwa\u017ca, \u017ce opowie\u015b\u0107 o polskich Sprawiedliwych jest r\u00f3wnie\u017c presj\u0105 i szanta\u017cem wobec ocala\u0142ych?<\/strong><\/h5>\n<p class=\"art_paragraph\" style=\"text-align: left;\"><span style=\"color: #000080;\"><b>\u2013\u00a0<\/b>Bo robi z polskich \u017byd\u00f3w, kt\u00f3rzy chcieliby powiedzie\u0107 o polskiej przemocy, niewdzi\u0119cznik\u00f3w szkaluj\u0105cych Polsk\u0119.<\/span><\/p>\n<p class=\"art_paragraph\" style=\"text-align: left;\"><span style=\"color: #000080;\">Wr\u00f3c\u0119 do \u201eTygodnika Powszechnego\u201d. Po pogromie kieleckim Stefania Skwarczy\u0144ska pisa\u0142a: \u201eS\u0142owo o prawdzie staje si\u0119 obowi\u0105zkiem. Ale czyim? My\u015bl\u0119, \u017ce nie tych, kt\u00f3rzy wtedy w ka\u017cdej sekundzie dawali swoje \u017cycie za brata swojego. Ale \u017ce jest to obowi\u0105zkiem tego brata. (\u2026) Powiedzcie sobie \u2013 chodzi o \u017byd\u00f3w \u2013 tak, jak my\u015bmy sobie niegdy\u015b powiedzieli wobec wam gro\u017c\u0105cego nieszcz\u0119\u015bcia: tak trzeba. Oddajcie nam w momencie odwagi cywilnej d\u0142ug zaci\u0105gni\u0119ty u naszej odwagi \u017co\u0142nierskiej niebacznej na ryzyko \u015bmierci\u201d. Prosz\u0119 zwr\u00f3ci\u0107 uwag\u0119: Sprawiedliwi pojawiaj\u0105 si\u0119, kiedy nasila si\u0119 antysemityzm i wybucha przemoc wobec \u017byd\u00f3w \u2013 po powojennych pogromach, w Marcu \u201968. I kiedy m\u00f3wi si\u0119 o Sprawiedliwych, nie chodzi o ofiary, ale o obraz narodu polskiego.<\/span><\/p>\n<p class=\"art_paragraph\" style=\"text-align: left;\"><span style=\"color: #000080;\">Po dw\u00f3ch tygodniach wydrukowano list Laury Kauffman, \u017byd\u00f3wki spod Kielc, kt\u00f3ra by\u0142a wstrz\u0105\u015bni\u0119ta zar\u00f3wno pogromem, jak i krzywd\u0105, kt\u00f3ra spotka\u0142a Polak\u00f3w, bo przecie\u017c nie wolno ich o nic oskar\u017ca\u0107. Prosz\u0119 popatrze\u0107, jak to dzia\u0142a: kiedy pojawiaj\u0105 si\u0119 Sprawiedliwi, polskich \u017byd\u00f3w wywo\u0142uje si\u0119 do tablicy. Maj\u0105 dzi\u0119kowa\u0107 i wyra\u017ca\u0107 \u017cal, \u017ce inni \u017bydzi szkaluj\u0105 Polsk\u0119. Skoro szkaluj\u0105, sami wy\u0142\u0105czaj\u0105 si\u0119 ze wsp\u00f3lnoty.<\/span><\/p>\n<p class=\"art_paragraph\" style=\"text-align: left;\"><span style=\"color: #000080;\">Ca\u0142y mechanizm sprawia, \u017ce \u017byd w Polsce czuje si\u0119, jakby zaci\u0105gn\u0105\u0142 d\u0142ug, kt\u00f3rego nie da si\u0119 sp\u0142aci\u0107. B\u0119dzie bez ko\u0144ca przeprasza\u0142 i dzi\u0119kowa\u0142, dzi\u0119kowa\u0142 i przeprasza\u0142. Opowie\u015b\u0107 o Sprawiedliwych jest rodzajem podw\u00f3jnego nelsona, zak\u0142adanego ka\u017cdemu, kto chcia\u0142by m\u00f3wi\u0107 rzeczy, kt\u00f3rych Reduta Dobrego Imienia nie chce s\u0142ucha\u0107.<\/span><\/p>\n<h5 class=\"art_interview_question\" style=\"text-align: left;\"><strong>No tak, tylko, \u017ce opowie\u015bci o nich s\u0105 niek\u0142amanym \u015bwiadectwem.<\/strong><\/h5>\n<p class=\"art_paragraph\" style=\"text-align: left;\"><span style=\"color: #000080;\"><b>\u2013\u00a0<\/b>Sprawiedliwych by\u0142o niewielu i dzia\u0142ali przeciw obowi\u0105zuj\u0105cym normom, przeciw w\u0142asnym wsp\u00f3lnotom lokalnym. To byli ludzie, kt\u00f3rzy powiedzieli \u201enie\u201d otoczeniu. Byli autonomiczni i tego mo\u017cna si\u0119 od nich uczy\u0107. Pomniki Sprawiedliwych i wydawnictwa im po\u015bwi\u0119cone to zbiorowe portrety \u2013 wmurowane w \u015bcian\u0119 tabliczki z nazwiskami w \u0141odzi, Kielcach i Toruniu, portrety z biografiami w albumie \u201ePolacy ratuj\u0105cy \u017byd\u00f3w w czasie Zag\u0142ady\u201d. Musimy zrozumie\u0107, \u017ce to nie jest portret narodu i \u017ce oni nie dzia\u0142ali w imieniu wi\u0119kszo\u015bci.<\/span><\/p>\n<h5 class=\"art_interview_question\" style=\"text-align: left;\"><strong>Co czuj\u0105 ci, kt\u00f3rzy s\u0105 zmuszani do milczenia albo do sk\u0142adania nieprawdziwych \u015bwiadectw?<\/strong><\/h5>\n<p class=\"art_paragraph\" style=\"text-align: left;\"><span style=\"color: #000080;\"><b>\u2013\u00a0<\/b>Warto zrobi\u0107 eksperyment my\u015blowy i zastanowi\u0107 si\u0119, co bym czu\u0142\/czu\u0142a na miejscu Laury Kauffman. I co ona mog\u0142a my\u015ble\u0107 o nas \u2013 polskim spo\u0142ecze\u0144stwie?<\/span><\/p>\n<p class=\"art_paragraph\" style=\"text-align: left;\"><span style=\"color: #000080;\">Nieprzyjemnie?<\/span><\/p>\n<h5 class=\"art_interview_question\" style=\"text-align: left;\"><strong>Co najmniej.<\/strong><\/h5>\n<p class=\"art_paragraph\" style=\"text-align: left;\"><span style=\"color: #000080;\"><b>\u2013\u00a0<\/b>Ale zdrowo. Zawsze dobrze spojrze\u0107 prawdzie w oczy. I nie po to, \u017ceby si\u0119 wstydzi\u0107, ale \u017ceby powiedzie\u0107: to jest nie w porz\u0105dku, trzeba to zmieni\u0107. Jak Franek Kalina z \u201ePok\u0142osia\u201d: \u201eDosy\u0107 \u015bwi\u0144stwa w naszej rodzinie do ko\u0144ca \u015bwiata. Amen!\u201d. Uwielbiam t\u0119 kwesti\u0119.<\/span><\/p>\n<h5 class=\"art_interview_question\" style=\"text-align: left;\"><strong>W swojej ksi\u0105\u017cce zajmuje si\u0119 pan \u017cyczeniowymi fantazjami na temat relacji polsko-\u017cydowskich<\/strong>.<\/h5>\n<p class=\"art_paragraph\" style=\"text-align: left;\"><span style=\"color: #000080;\"><b>\u2013\u00a0<\/b>Musz\u0119 tu przywo\u0142a\u0107 sk\u0105din\u0105d m\u0105drych i uczciwych ludzi. W tek\u015bcie \u201ePolak-katolik i katolik-Polak. Nakaz ewangeliczny, interes narodowy i solidarno\u015b\u0107 obywatelska wobec zag\u0142ady getta warszawskiego\u201d Jan B\u0142o\u0144ski przytacza wspomnienie pewnego pami\u0119tnikarza: \u201eAle gdy has\u0142o Bij \u017byda! przybra\u0142o formy niemal\u017ce pogrom\u00f3w (&#8230;), kler zobaczy\u0142, \u017ce ludno\u015b\u0107 przeholowa\u0142a w zapale. Kler zacz\u0105\u0142 mitygowa\u0107, ale ludzie nauczeni politykowania nie s\u0142uchaj\u0105 zakaz\u00f3w, bij\u0105, rozwydrzenie. Bij\u0105 starc\u00f3w i dzieci \u2013 ja, cho\u0107 jestem antysemit\u0105, to tego nie pochwalam\u201d.<\/span><\/p>\n<p class=\"art_paragraph\" style=\"text-align: left;\"><span style=\"color: #000080;\">Zaskakuj\u0105ce s\u0105 wnioski, kt\u00f3re B\u0142o\u0144ski wyci\u0105ga z powy\u017cszego fragmentu. Ot\u00f3\u017c \u201enie mo\u017cna mie\u0107 w\u0105tpliwo\u015bci, co ten antysemita b\u0119dzie my\u015ble\u0107 kilka lat p\u00f3\u017aniej, kiedy zobaczy przy robocie nazist\u00f3w\u2026 Dzia\u0142a\u0142o w nim to samo, co w przestraszonym klerze, to samo, co w ratuj\u0105cej wrog\u00f3w Kossak-Szczuckiej: nakaz ewangeliczny, tkwi\u0105cy w chrze\u015bcija\u0144skiej tradycji narodu\u201d. No dobrze, ale co robili w czasie okupacji ci, kt\u00f3rych pami\u0119tnikarz przed chwil\u0105 opisa\u0142? I czy oni nie nale\u017celi do \u201enarodu\u201d ani nie byli dziedzicami jego \u201echrze\u015bcija\u0144skiej tradycji\u201d? W ko\u0144cu sam pami\u0119tnikarz nie ruszy\u0142 nawet palcem, \u017ceby cokolwiek zmieni\u0107. Przemoc szala\u0142a w najlepsze, t\u0142um bi\u0142, a on zaledwie nie\u015bmia\u0142o zaznacza\u0142 sw\u00f3j dystans.<\/span><\/p>\n<p class=\"art_paragraph\" style=\"text-align: left;\"><span style=\"color: #000080;\">Sytuacja jak z wieszcza: \u201eRzeczywisto\u015b\u0107 si\u0119 poma\u0142u \/ W \u015bwiat przemienia idea\u0142u \/ W sen ze srebra i kryszta\u0142u \/ Daj mi teraz marzy\u0107, daj!\u201d. To si\u0119 dzieje na naszych oczach! B\u0142o\u0144ski zas\u0142ania przemoc czarnym papierem, a my po prostu odwracamy g\u0142ow\u0119 i dalej zajmujemy si\u0119 tylko tym, co nam odpowiada.<\/span><\/p>\n<h5 class=\"art_interview_question\" style=\"text-align: left;\"><strong>Pod koniec lat 80. B\u0142o\u0144ski opublikowa\u0142 g\u0142o\u015bny artyku\u0142 \u201eBiedni Polacy patrza na getto\u201d r\u00f3wnolegle z tekstem Grossa \u201eTen jest z ojczyzny mojej\u2026, ale go nie lubi\u0119\u201d. Tekst B\u0142o\u0144skiego sta\u0142 si\u0119 tekstem kanonicznym, za\u015b tekst Grossa znalaz\u0142 si\u0119 na marginesie. Dlaczego?<\/strong><\/h5>\n<p class=\"art_paragraph\" style=\"text-align: left;\"><span style=\"color: #000080;\"><b>\u2013\u00a0<\/b>Wielu historyk\u00f3w kultury twierdzi, \u017ce wtedy nie mogli\u015bmy inaczej widzie\u0107 tej sprawy, bo nie mieli\u015bmy dostatecznej wiedzy. Nieprawda \u2013 wszystko by\u0142o ju\u017c opisane. Czytali\u015bmy \u201eMedaliony\u201d Na\u0142kowskiej, \u201eWielki Tydzie\u0144\u201d Andrzejewskiego. Jest \u015bwietna, cho\u0107 ma\u0142o znana lewicowa publicystyka po pogromie kieleckim. Ale wybrali\u015bmy tekst B\u0142o\u0144skiego, bo dzi\u0119ki niemu mogli\u015bmy straci\u0107 dost\u0119p do wiedzy, po kt\u00f3r\u0105 sk\u0105din\u0105d wystarczy\u0142o tylko si\u0119gn\u0105\u0107. Czy to jasne?<\/span><\/p>\n<h5 class=\"art_interview_question\" style=\"text-align: left;\">Niestety.<\/h5>\n<p class=\"art_paragraph\" style=\"text-align: left;\"><span style=\"color: #000080;\"><b>\u2013\u00a0<\/b>Woleli\u015bmy okulary, przez kt\u00f3re nic nie wida\u0107, zamiast za\u0142o\u017cy\u0107 na nos takie, kt\u00f3re pozwol\u0105 co\u015b zobaczy\u0107.<\/span><\/p>\n<p class=\"art_paragraph\" style=\"text-align: left;\"><span style=\"color: #000080;\">Z Arantx\u0105 Calder\u00f3n Puert\u0105 analizowali\u015bmy te dwa teksty r\u00f3wnolegle. Gross analizowa\u0142 sytuacj\u0119 \u017byd\u00f3w w\u015br\u00f3d Polak\u00f3w za okupacji odwo\u0142uj\u0105c si\u0119 do konkretnych \u015bwiadectw, uwzgl\u0119dniaj\u0105c kontekst spo\u0142eczny i cenzur\u0119 opowie\u015bci. Natomiast B\u0142o\u0144ski pyta\u0142 o win\u0119 narodu i nie bardzo potrafi\u0142 wyj\u015b\u0107 poza mity. W efekcie doszed\u0142 do wniosku, \u017ce wina Polak\u00f3w polega\u0142a na \u201eoboj\u0119tno\u015bci\u201d, i zapewnia\u0142, \u017ce \u201eB\u00f3g t\u0119 r\u0119k\u0119 zatrzyma\u0142\u201d, co niestety nie jest prawd\u0105.<\/span><\/p>\n<p class=\"art_paragraph\" style=\"text-align: left;\"><span style=\"color: #000080;\">\u201eBiedni Polacy\u2026\u201d B\u0142o\u0144skiego wprowadzili do kultury koncepcj\u0119 \u201eoboj\u0119tnego \u015bwiadka\u201d, kt\u00f3ra co najmniej na dwadzie\u015bcia lat zdominowa\u0142a nasze spojrzenie na Zag\u0142ad\u0119. Wyobra\u017cali\u015bmy sobie, \u017ce polscy s\u0105siedzi patrzyli na eksterminacj\u0119 \u017byd\u00f3w, jak si\u0119 patrzy na wypadek zza bia\u0142o-czerwonej ta\u015bmy, kt\u00f3r\u0105 policja zagradza miejsce zdarzenia. Bez zwi\u0105zku z tym, co si\u0119 sta\u0142o, i bez wp\u0142ywu na sytuacj\u0119. Dzi\u0119ki temu znika\u0142a z pola widzenia przestrze\u0144, gdzie dochodzi\u0142o do spotka\u0144 i gdzie de facto wa\u017cy\u0142 si\u0119 los wielu polskich \u017byd\u00f3w. Tam w\u0142a\u015bnie odbywa\u0142o si\u0119 polowanie z nagonk\u0105.<\/span><\/p>\n<p class=\"art_paragraph\" style=\"text-align: left;\"><span style=\"color: #000080;\">Jan Borowicz, badacz kultury i psychoanalityk, w ksi\u0105\u017cce \u201ePami\u0119\u0107 perwersyjna\u201d twierdzi, \u017ce na przemoc nie spos\u00f3b patrzy\u0107 oboj\u0119tnie. Interesuje go przyjemno\u015b\u0107 ogl\u0105dania cudzego nieszcz\u0119\u015bcia, a tak\u017ce usytuowanie polskiego \u015bwiadka mi\u0119dzy silnym, sprawczym katem a ofiarami eksterminacji. Okazuje si\u0119, \u017ce k\u0142\u0119bi si\u0119 tu od niechcianych emocji, z kt\u00f3rymi nie umiemy sobie poradzi\u0107. Do przyjemno\u015bci nie spos\u00f3b si\u0119 przyzna\u0107, bo ca\u0142a kultura j\u0105 pot\u0119pia, trudno te\u017c zaakceptowa\u0107 fascynacj\u0119 zbrodniarzami. Do tego dochodzi zazdro\u015b\u0107 o pierwsze\u0144stwo w cierpieniu i oczywi\u015bcie wstyd.<\/span><\/p>\n<p class=\"art_paragraph\" style=\"text-align: left;\"><span style=\"color: #000080;\">Problem w tym, \u017ce wszystkie te emocje ci\u0105gle powracaj\u0105. Nie umiemy zobaczy\u0107 w \u017bydach ludzi takich jak my i ich op\u0142aka\u0107.<\/span><\/p>\n<h5 class=\"art_interview_question\" style=\"text-align: left;\"><strong>Dlaczego po 1989 roku nie wyp\u0142yn\u0105\u0142 temat win Polak\u00f3w wobec \u017cydowskich s\u0105siad\u00f3w?<\/strong><\/h5>\n<p class=\"art_paragraph\" style=\"text-align: left;\"><span style=\"color: #000080;\"><b>\u2013\u00a0<\/b>Kiedy Gross napisa\u0142 \u201eTen jest z ojczyzny mojej\u2026, ale go nie lubi\u0119\u201d, Aleksander Smolar poprosi\u0142 o opini\u0119 Jana J\u00f3zefa Lipskiego, Jacka Kuronia i W\u0142adys\u0142awa Bartoszewskiego. Nie zostawili na Grossie suchej nitki. Wydawa\u0142oby si\u0119, \u017ce najlepsi ludzie, jakich wtedy mo\u017cna by\u0142o zapyta\u0107 o zdanie, a zareagowali stereotypowo, bo mieli g\u0142owy wype\u0142nione tym, co si\u0119 wtedy m\u00f3wi\u0142o i my\u015bla\u0142o. Kiedy\u015b by\u0142y modne kawa\u0142y o blondynkach. Wszyscy si\u0119 \u015bmiali z blondynek i nie by\u0142o si\u0142y, \u017ceby ludzi przekona\u0107, \u017ce robi\u0105 co\u015b nie tak.<\/span><\/p>\n<div id=\"content\" class=\"content-alignment\">\n<div id=\"watch-description\" class=\"yt-uix-button-panel\">\n<div id=\"watch-description-text\" style=\"text-align: center;\">\n<p><iframe style=\"width: 680px; height: 400px; border: 0;\" src=\"https:\/\/wyborcza.pl\/WideoEmbed\/0,0.html?xx=23113331&amp;series=false\" allowfullscreen=\"allowfullscreen\"><\/iframe><\/p>\n<\/div>\n<\/div>\n<\/div>\n<p class=\"art_paragraph\" style=\"text-align: left;\"><span style=\"color: #000080;\">Od lat czterdziestych jako spo\u0142ecze\u0144stwo pracowali\u015bmy nad tym, \u017ceby nie wiedzie\u0107, co si\u0119 sta\u0142o z polskimi \u017bydami i jaki by\u0142 w tym nasz udzia\u0142. Bada\u0142em recepcj\u0119 \u201eMedalion\u00f3w\u201d Na\u0142kowskiej. Z dzisiejszej perspektywy to ksi\u0105\u017cka o Zag\u0142adzie, a\u017c w oczy k\u0142uje. Ale nikt albo prawie nikt si\u0119 o tym nie zaj\u0105kn\u0105\u0142, a tymi nielicznymi, co pr\u00f3bowali, zaj\u0119\u0142y si\u0119 myszy w bibliotekach.<\/span><\/p>\n<p class=\"art_paragraph\" style=\"text-align: left;\"><span style=\"color: #000080;\">By\u0142y momenty, kiedy wydawa\u0142o si\u0119, \u017ce co\u015b si\u0119 zmienia. W latach czterdziestych i \u2013 co wielu pewnie zaskoczy \u2013 tak\u017ce w pierwszej po\u0142owie lat pi\u0119\u0107dziesi\u0105tych ukaza\u0142o si\u0119 sporo tekst\u00f3w, kt\u00f3re czytane dzisiaj pozostaj\u0105 \u017cywe i trafione. Ale je zdyskwalifikowano, uznano za ideologiczne. Po roku 1956 wyretuszowany obraz tylko si\u0119 umacnia\u0142, a\u017c do B\u0142o\u0144skiego, kt\u00f3remu uda\u0142o si\u0119 wywo\u0142a\u0107 pierwsz\u0105 po latach \u2013 bardzo ograniczon\u0105 niestety \u2013 dyskusj\u0119. I pani si\u0119 dziwi, \u017ce nikt o tym nie pisa\u0142?<\/span><\/p>\n<h5 class=\"art_interview_question\" style=\"text-align: left;\"><strong>Tak, mimo wszystko si\u0119 dziwi\u0119. A pan jak to widzi?<\/strong><\/h5>\n<p class=\"art_paragraph\" style=\"text-align: left;\"><span style=\"color: #000080;\"><b>\u2013\u00a0<\/b>Pani chce, \u017cebym powiedzia\u0142, kto jest winien, kto by\u0142 konformist\u0105, a kto tch\u00f3rzem. Ale to nie takie proste. Trzydzie\u015bci lat temu czytali\u015bmy \u017ar\u00f3d\u0142a i co widzieli\u015bmy? Margines spo\u0142eczny, kt\u00f3ry, jak wiadomo, znajdzie si\u0119 w ka\u017cdym spo\u0142ecze\u0144stwie i ma zwyczaj \u017ale si\u0119 zachowywa\u0107, oraz zdrow\u0105 wi\u0119kszo\u015b\u0107 narodu, kt\u00f3ra zachowywa\u0142a si\u0119 poprawnie lub co najwy\u017cej by\u0142a oboj\u0119tna. Takie mieli\u015bmy narz\u0119dzia. Jakie\u015b dwadzie\u015bcia lat temu zajmowa\u0142em si\u0119 obrazem Zag\u0142ady u R\u00f3\u017cewicza. Wiedzia\u0142em, \u017ce jego matka ukrywa\u0142a si\u0119 w czasie wojny. I co? I nic. Nie potrafi\u0142em nic z t\u0105 informacj\u0105 zrobi\u0107. Dopiero niedawno uda\u0142o mi si\u0119 zrozumie\u0107, o co chodzi. Pisz\u0119 o tym w ostatnim rozdziale \u201ePod presj\u0105\u201d.<\/span><\/p>\n<p class=\"art_paragraph\" style=\"text-align: left;\"><span style=\"color: #000080;\">\u017beby zobaczy\u0107 co\u015b nowego, trzeba zmieni\u0107 narz\u0119dzia, a to do tego konieczna jest masa krytyczna. Ilu\u015b ludzi musi uzna\u0107, \u017ce warto zadawa\u0107 sobie pewnego rodzaju pytania. Dlatego tak wa\u017cne jest dla mnie, \u017ce teraz rozmawiamy i \u017ce wiele os\u00f3b przeczyta nasz\u0105 rozmow\u0119.<\/span><\/p>\n<p class=\"art_paragraph\" style=\"text-align: left;\"><span style=\"color: #000080;\">Zamiast pyta\u0107, dlaczego uczeni w latach osiemdziesi\u0105tych nie pisali o polskiej przemocy wobec \u017byd\u00f3w, zapytajmy lepiej, jak\u0105 prac\u0119 sami mamy do wykonania. Bo jest kilka temat\u00f3w, kt\u00f3re moim zdaniem koniecznie trzeba przegada\u0107, a mam wra\u017cenie, \u017ce to nawet w \u201eWyborczej\u201d nie przejdzie. Na przyk\u0142ad kwestia antysemityzmu naszych elit. Tych liberalnych.<\/span><\/p>\n<h5 class=\"art_interview_question\" style=\"text-align: left;\"><strong>Dlaczego polska kultura nie wypracowa\u0142a mechanizm\u00f3w budowania to\u017csamo\u015bci na krytycznym odniesieniu do tego, co si\u0119 sta\u0142o?<\/strong><\/h5>\n<p class=\"art_paragraph\" style=\"text-align: left;\"><span style=\"color: #000080;\"><b>\u2013\u00a0<\/b>Bo mamy pobo\u017cny stosunek do autorytet\u00f3w. Ludzie s\u0105 dziwnie zro\u015bni\u0119ci z ojcami, takimi przez wielkie O. Jak ju\u017c uznamy czyj\u0105\u015b wielko\u015b\u0107, to zaczynamy jej broni\u0107 w jaki\u015b kompulsywny, neurotyczny spos\u00f3b. Jakby nasz autorytet \u2013 opr\u00f3cz tego, co mu zawdzi\u0119czamy i co uznajemy za w\u0142asne \u2013 nie m\u00f3g\u0142 mie\u0107 \u017cadnych wad, myli\u0107 si\u0119 albo powiedzie\u0107 co\u015b g\u0142upiego. Ludzie nerwowo reaguj\u0105, gdy s\u0142ysz\u0105, \u017ce z ich przodkami by\u0142o co\u015b nie tak. Mo\u017ce pora si\u0119 oddzieli\u0107. W ko\u0144cu autorytety pozostaj\u0105 autorytetami tylko dlatego, \u017ce chcemy od nich co\u015b wzi\u0105\u0107.<\/span><\/p>\n<p class=\"art_paragraph\" style=\"text-align: left;\"><span style=\"color: #000080;\">Nie jeste\u015bmy odpowiedzialni za to, co robi\u0142y poprzednie pokolenia. Nasza odpowiedzialno\u015b\u0107 polega na tym, \u017ceby dowiedzie\u0107 si\u0119, co si\u0119 w Polsce dzia\u0142o oraz dzieje, zrozumie\u0107, oceni\u0107 i \u2013 je\u017celi trzeba \u2013 pr\u00f3bowa\u0107 zmieni\u0107 \u015bwiat, w kt\u00f3rym sami \u017cyjemy.<\/span><\/p>\n<p class=\"art_paragraph\" style=\"text-align: left;\"><span style=\"color: #000080;\">Wiele lat temu w Warszawie pojawi\u0142y si\u0119 plakaty z napisem: \u201eBatory pod Pskowem. B\u0105d\u017a dumny ze swego dziedzictwa\u201d. Razem z Zosi\u0105 W\u00f3ycick\u0105 je\u017adzili\u015bmy wtedy po mie\u015bcie i dopisywali\u015bmy: \u201ePani Walewska\u201d, a potem ju\u017c tylko \u201ew\u201d zamiast \u201edz\u201d i wychodzi\u0142o: \u201eB\u0105d\u017a dumny ze swego dziewictwa\u201d.<\/span><\/p>\n<p class=\"art_paragraph\" style=\"text-align: left;\"><span style=\"color: #000080;\">Duszno nam by\u0142o z tym Batorym. Mo\u017ce i innym zrobi si\u0119 duszno.<br \/>\n<\/span><\/p>\n<hr \/>\n<p class=\"art_paragraph\" style=\"text-align: center;\"><span class=\"imageUOM parent-box-label-related\"><img decoding=\"async\" class=\"aligncenter\" src=\"https:\/\/bi.im-g.pl\/im\/05\/96\/19\/z26829061IH,Dr-hab-Tomasz-Zukowski--historyk-literatury.jpg\" alt=\"Dr hab Tomasz \u017bukowski, historyk literatury\" width=\"100%\" \/><span style=\"color: #808080;\"><em><span class=\"photoAuthor\"><span class=\"photoTitle\">Dr hab Tomasz \u017bukowski, historyk literatury<\/span>\u00a0Fot. Adam St\u0119pie\u0144 \/ Agencja Gazeta<\/span><\/em><\/span><\/span><\/p>\n<p class=\"art_paragraph\"><i><b>Dr hab Tomasz \u017bukowski<\/b> &#8211; historyk literatury, pracuje w Instytucie Bada\u0144 Literackich PAN, zajmuje si\u0119 problemami dyskursu publicznego w Polsce, funkcjami obraz\u00f3w \u017byda i ich rol\u0105 w definiowaniu polskiej to\u017csamo\u015bci oraz narracjami o PRL-u i komunizmie po roku \u201989. Autor ksi\u0105\u017cki \u201eWielki retusz. Jak zapomnieli\u015bmy, \u017ce Polacy zabijali \u017byd\u00f3w\u201d\u00a0<\/i><\/p>\n<p class=\"art_paragraph\" style=\"text-align: center;\"><span class=\"imageUOM parent-box-label-related\"><img decoding=\"async\" class=\"aligncenter\" src=\"https:\/\/bi.im-g.pl\/im\/a9\/96\/19\/z26828969IH,-Pod-presja--Co-mowia-o-Zagladzie-ci--ktorym-odbie.jpg\" alt=\"'Pod presj\u0105. Co m\u00f3wi\u0105 o Zag\u0142adzie ci, kt\u00f3rym odbieramy g\u0142os', Tomasz \u017bukowski, Wielka Litera\" width=\"100%\" \/><\/span><i>Ksi\u0105\u017cka Tomasza \u017bukowskiego \u201ePod presj\u0105. Co m\u00f3wi\u0105 o Zag\u0142adzie ci, kt\u00f3rym odbieramy g\u0142os\u201d ukazuje si\u0119 nak\u0142adem wydawnictwa Wielka Litera<\/i><\/p>\n<hr style=\"height: 15px; background: #d0e6fa; width: 100%;\" \/>\n<div id=\"content\" class=\"content-alignment\">\n<div id=\"watch-description\" class=\"yt-uix-button-panel\">\n<div id=\"watch-description-text\" style=\"text-align: center;\">\n<p><em>Zawarto\u015b\u0107 publikowanych artyku\u0142\u00f3w i materia\u0142\u00f3w nie reprezentuje pogl\u0105d\u00f3w ani opinii Reunion&#8217;68,<\/em><em><br \/>\nani te\u017c webmastera Blogu Reunion&#8217;68, chyba ze jest to wyra\u017anie zaznaczone.<br \/>\nTwoje uwagi, linki, w\u0142asne artyku\u0142y lub wiadomo\u015bci prze\u015blij na adres:<br \/>\n<\/em><span style=\"color: #000080;\"><strong><em><a style=\"color: #000080;\" href=\"mailto:webmaster@reunion68.com\"><span style=\"text-decoration: underline;\">webmaster@reunion68.com<\/span><\/a><\/em><\/strong><\/span><\/p>\n<\/div>\n<\/div>\n<\/div>\n<hr style=\"width: 100%;\" \/>\n","protected":false},"excerpt":{"rendered":"<p>Sprawiedliwi ratuj\u0105cy \u017byd\u00f3w to nie jest portret narodu, nie dzia\u0142ali w imieniu wi\u0119kszo\u015bci Dorota Wodecka Kadr z filmu &#8216;Naganiacz&#8217; (Fot. Filmoteka Narodowa) Pani chce, \u017cebym powiedzia\u0142, kto jest winien, kto by\u0142 konformist\u0105, a kto tch\u00f3rzem. Ale to nie takie proste. Rozmowa z Tomaszem \u017bukowskim, historykiem literatury . DOROTA WODECKA: Ksi\u0105\u017ck\u0119 \u201ePod presj\u0105\u201d czytam jako pana [&hellip;]<\/p>\n","protected":false},"author":1,"featured_media":0,"comment_status":"closed","ping_status":"closed","sticky":false,"template":"","format":"standard","meta":[],"categories":[6],"tags":[26,24],"_links":{"self":[{"href":"https:\/\/www.reunion68.se\/index.php?rest_route=\/wp\/v2\/posts\/91573"}],"collection":[{"href":"https:\/\/www.reunion68.se\/index.php?rest_route=\/wp\/v2\/posts"}],"about":[{"href":"https:\/\/www.reunion68.se\/index.php?rest_route=\/wp\/v2\/types\/post"}],"author":[{"embeddable":true,"href":"https:\/\/www.reunion68.se\/index.php?rest_route=\/wp\/v2\/users\/1"}],"replies":[{"embeddable":true,"href":"https:\/\/www.reunion68.se\/index.php?rest_route=%2Fwp%2Fv2%2Fcomments&post=91573"}],"version-history":[{"count":16,"href":"https:\/\/www.reunion68.se\/index.php?rest_route=\/wp\/v2\/posts\/91573\/revisions"}],"predecessor-version":[{"id":91623,"href":"https:\/\/www.reunion68.se\/index.php?rest_route=\/wp\/v2\/posts\/91573\/revisions\/91623"}],"wp:attachment":[{"href":"https:\/\/www.reunion68.se\/index.php?rest_route=%2Fwp%2Fv2%2Fmedia&parent=91573"}],"wp:term":[{"taxonomy":"category","embeddable":true,"href":"https:\/\/www.reunion68.se\/index.php?rest_route=%2Fwp%2Fv2%2Fcategories&post=91573"},{"taxonomy":"post_tag","embeddable":true,"href":"https:\/\/www.reunion68.se\/index.php?rest_route=%2Fwp%2Fv2%2Ftags&post=91573"}],"curies":[{"name":"wp","href":"https:\/\/api.w.org\/{rel}","templated":true}]}}