{"id":91644,"date":"2021-12-27T17:05:26","date_gmt":"2021-12-27T15:05:26","guid":{"rendered":"http:\/\/www.reunion68.se\/?p=91644"},"modified":"2021-12-20T12:30:04","modified_gmt":"2021-12-20T10:30:04","slug":"20-05-75","status":"publish","type":"post","link":"https:\/\/www.reunion68.se\/?p=91644","title":{"rendered":"Rabbis exploited Holocaust to promote Tenth of Tevet &#8211; opinion"},"content":{"rendered":"<h5 style=\"text-align: center;\"><a href=\"https:\/\/www.jpost.com\/\" target=\"_blank\" rel=\"noopener noreferrer\"><img decoding=\"async\" class=\"center alignleft\" src=\"http:\/\/www.reunion68.com\/Biuletyn\/img\/jpost.png\" alt=\"\" width=\"35%\"><\/a><span style=\"text-decoration: underline; color: #000080;\"><strong><a style=\"color: #000080; text-decoration: underline;\" href=\"https:\/\/www.jpost.com\/opinion\/rabbis-exploited-holocaust-to-promote-tenth-of-tevet-opinion-688667\" target=\"_blank\" rel=\"noopener noreferrer\">Rabbis exploited Holocaust to promote Tenth of Tevet &#8211; opinion<\/a><\/strong><\/span><\/h5>\n<p style=\"text-align: center;\"><span style=\"color: #000000;\"><strong>ELI KAVON<\/strong><\/span><\/p>\n<hr style=\"height: 15px; background: #d0e6fa; width: 100%;\">\n<h5 style=\"text-align: center;\"><strong>The connection of the Holocaust to the destruction of Jerusalem exploits the murder of the six million to promote a fast day in the Jewish world.<\/strong><\/h5>\n<p style=\"text-align: center;\"><img decoding=\"async\" class=\"aligncenter\" src=\"https:\/\/images.jpost.com\/image\/upload\/f_auto,fl_lossy\/t_JD_ArticleMainImageFaceDetect\/490413\" width=\"100%\"><span style=\"color: #808080;\"><em>WORSHIPERS PRAY at a Babyn Yar synagogue in October. \/ (photo credit: ORI LEWIS)<\/em><\/span><\/p>\n<p style=\"text-align: left;\"><span style=\"color: #000080;\">On September 29-30, 1941 in Babyn Yar, a ravine northwest of Kyiv, some 33,000 Jews were murdered by automatic weapons fired by the German Einsatzgruppen, with the aid of Ukrainian collaborator policemen. It was a slaughter in the course of two days that Jews had never before experienced in such numbers and brutality.<\/span><\/p>\n<p style=\"text-align: left;\"><span style=\"color: #000080;\">Stripped of their clothes, their valuables, and their dignity, the Jews were shot, lined in a row, by the killers. The corpses fell into the ravine, only to be covered by the next row of the dead.<\/span><\/p>\n<p style=\"text-align: left;\"><span style=\"color: #000080;\">According to one eyewitness account, \u201cThe policemen took the children by the legs and threw them alive into the Yar.\u201d Later, as the Germans were sure to lose the war, they tried to cover up their heinous crimes, by having Jewish commandos burn the corpses. Babyn Yar eventually became central to oppressed Soviet Jews to gather and remember the Jewish dead, whose ethnicity was denied by the Soviets.<\/span><\/p>\n<p style=\"text-align: left;\"><span style=\"color: #000080;\">We move from recent history to ancient history. Judah\u2019s King Zedekiah ignored the warnings of the great prophet Jeremiah and rebelled against the Babylonian superpower in 586 BCE. The result was a disaster: Jerusalem was razed and the Temple of Solomon was destroyed. The suffering of the besieged Jews is chronicled in the Book of Lamentations, ascribed to Jeremiah. It is a story of great suffering and horror.<\/span><\/p>\n<p style=\"text-align: left;\"><span style=\"color: #000080;\">The rabbis commemorated different stages of the destruction with fast days, most prominently the Ninth of Av \u2013 the day the Temple was destroyed \u2013 but also declared minor fast days for the events surrounding the destruction. Today is the Tenth of Tevet, the day of mourning that remembers the beginning of the initial siege of Jerusalem that ended with the holy city\u2019s destruction.<\/span><\/p>\n<p style=\"text-align: center;\">\n<img decoding=\"async\" class=\"aligncenter\" src=\"https:\/\/images.jpost.com\/image\/upload\/f_auto,fl_lossy\/t_JD_ArticleMainImageFaceDetect\/486076\" width=\"100%\"><span style=\"color: #808080;\"><em>People attend the opening ceremony of a symbolic synagogue in the form of a collapsible wooden structure commemorating the victims of Babyn Yar (credit: GLEB GARANICH\/REUTERS)<\/em><\/span><\/p>\n<p style=\"text-align: left;\"><span style=\"color: #000080;\">NO DOUBT, Jews have suffered throughout history \u2013 although there were golden ages and success religiously, economically, and culturally \u2013 and Jews suffered in Babyn Yar in 1941 and Jerusalem in 586 BCE. But there is a disturbing aspect to all of this: The Chief Rabbinate chose the Tenth of Tevet as the day Jews would recite the Mourner\u2019s Kaddish for those Jews murdered in the Holocaust who had no surviving family to say the prayer in their memory. While this connection of Babyn Yar and Auschwitz to the destruction of Jerusalem is well-intentioned, it exploits the murder of the six million to promote a little-known fast day in the Jewish world.<\/span><\/p>\n<p style=\"text-align: left;\"><span style=\"color: #000080;\">Rabbi Irving \u201cYitz\u201d Greenberg is right on the mark in his The Jewish Way: Living the Holidays (1988): \u201cClearly, its selection reflects the idea of incorporating the newest tragedy into the chain of tradition without introducing any halachic innovation.\u201d Later, he continues, \u201cIn short, the choice of the Tenth of Tevet for a Holocaust commemoration day was designed to shore up the dwindling fortunes of the day.\u201d This choice of the Tenth of Tevet as a day of mourning for the Holocaust reeks of desperation and a lack of imagination.<\/span><\/p>\n<p style=\"text-align: left;\"><span style=\"color: #000080;\">We already have a day that commemorates the six million: Holocaust Remembrance Day. The cowardice of the Chief Rabbinate is the failure to formulate a theology that confronts the worst tragedy in Jewish history, advancing with a theology that truly faces the questions the Holocaust poses. Why not declare Holocaust Remembrance Day a fast day \u2013 although it was first a Knesset-mandated commemoration \u2013 and face the tough questions that the Chief Rabbinate will not recognize.<\/span><\/p>\n<p style=\"text-align: left;\"><span style=\"color: #000080;\">What does the mass murder of Babyn Yar have to do with the Babylonian siege of Jerusalem? This connection is an insult to the Jews slaughtered at Babyn Yar and Ponary, gassed at Auschwitz and Treblinka. And no matter what Jeremiah writes in the Book of Lamentations, the destruction of the two Temples in Jerusalem is not the genocide carried out by Nazi Germany.<\/span><\/p>\n<p style=\"text-align: left;\"><span style=\"color: #000080;\">But to acknowledge this means that the rabbinate has to deal with some earthshaking questions. Ancient Jerusalem was destroyed twice due to the sins of its inhabitants. Will anyone in his right mind believe Hitler was Nebuchadnezzar, a tool of God to punish millions? The most venerated Satmar Rabbi Yoel Teitelbaum believed that the Holocaust was punishment for the sin of Zionism. I wonder if he ever read the Book of Job.<\/span><\/p>\n<p style=\"text-align: left;\"><span style=\"color: #000080;\">I hope you have a meaningful fast. But leave Babyn Yar and Birkenau out of it.<\/span><\/p>\n<hr>\n<p style=\"text-align: left;\"><span style=\"color: #808080;\"><em>The writer is rabbi of Congregation <strong>Anshei Sholom<\/strong> in West Palm Beach, Florida.<\/em><\/span><\/p>\n<hr style=\"height: 15px; background: #d0e6fa; width: 100%;\">\n<div id=\"content\" class=\"content-alignment\">\n<div id=\"watch-description\" class=\"yt-uix-button-panel\">\n<div id=\"watch-description-text\" style=\"text-align: center;\">\n<p><em>Zawarto\u015b\u0107 publikowanych artyku\u0142\u00f3w i materia\u0142\u00f3w nie reprezentuje pogl\u0105d\u00f3w ani opinii Reunion&#8217;68,<\/em><em><br \/>\nani te\u017c webmastera Blogu Reunion&#8217;68, chyba ze jest to wyra\u017anie zaznaczone.<br \/>\nTwoje uwagi, linki, w\u0142asne artyku\u0142y lub wiadomo\u015bci prze\u015blij na adres:<br \/>\n<\/em><span style=\"color: #000080;\"><strong><em><a style=\"color: #000080;\" href=\"mailto:webmaster@reunion68.com\"><span style=\"text-decoration: underline;\">webmaster@reunion68.com<\/span><\/a><\/em><\/strong><\/span><\/p>\n<\/div>\n<\/div>\n<\/div>\n<hr style=\"width: 100%;\">\n","protected":false},"excerpt":{"rendered":"<p>Rabbis exploited Holocaust to promote Tenth of Tevet &#8211; opinion ELI KAVON The connection of the Holocaust to the destruction of Jerusalem exploits the murder of the six million to promote a fast day in the Jewish world. WORSHIPERS PRAY at a Babyn Yar synagogue in October. \/ (photo credit: ORI LEWIS) On September 29-30, [&hellip;]<\/p>\n","protected":false},"author":1,"featured_media":0,"comment_status":"closed","ping_status":"closed","sticky":false,"template":"","format":"standard","meta":[],"categories":[3,6],"tags":[26,24],"_links":{"self":[{"href":"https:\/\/www.reunion68.se\/index.php?rest_route=\/wp\/v2\/posts\/91644"}],"collection":[{"href":"https:\/\/www.reunion68.se\/index.php?rest_route=\/wp\/v2\/posts"}],"about":[{"href":"https:\/\/www.reunion68.se\/index.php?rest_route=\/wp\/v2\/types\/post"}],"author":[{"embeddable":true,"href":"https:\/\/www.reunion68.se\/index.php?rest_route=\/wp\/v2\/users\/1"}],"replies":[{"embeddable":true,"href":"https:\/\/www.reunion68.se\/index.php?rest_route=%2Fwp%2Fv2%2Fcomments&post=91644"}],"version-history":[{"count":5,"href":"https:\/\/www.reunion68.se\/index.php?rest_route=\/wp\/v2\/posts\/91644\/revisions"}],"predecessor-version":[{"id":91820,"href":"https:\/\/www.reunion68.se\/index.php?rest_route=\/wp\/v2\/posts\/91644\/revisions\/91820"}],"wp:attachment":[{"href":"https:\/\/www.reunion68.se\/index.php?rest_route=%2Fwp%2Fv2%2Fmedia&parent=91644"}],"wp:term":[{"taxonomy":"category","embeddable":true,"href":"https:\/\/www.reunion68.se\/index.php?rest_route=%2Fwp%2Fv2%2Fcategories&post=91644"},{"taxonomy":"post_tag","embeddable":true,"href":"https:\/\/www.reunion68.se\/index.php?rest_route=%2Fwp%2Fv2%2Ftags&post=91644"}],"curies":[{"name":"wp","href":"https:\/\/api.w.org\/{rel}","templated":true}]}}