{"id":91662,"date":"2021-12-21T17:05:09","date_gmt":"2021-12-21T15:05:09","guid":{"rendered":"http:\/\/www.reunion68.se\/?p=91662"},"modified":"2021-12-15T12:15:50","modified_gmt":"2021-12-15T10:15:50","slug":"21-09-70","status":"publish","type":"post","link":"https:\/\/www.reunion68.se\/?p=91662","title":{"rendered":"A. Gurjanow: likwidacja Memoria\u0142u b\u0119dzie ciosem dla szerzenia wiedzy o Katyniu"},"content":{"rendered":"<h5 style=\"text-align: center;\"><a href=\"https:\/\/dzieje.pl\/\" target=\"_blank\" rel=\"noopener noreferrer\"><img decoding=\"async\" class=\"center alignleft\" src=\"http:\/\/www.reunion68.com\/Biuletyn\/img\/dzieje_logo.png\" alt=\"\" width=\"35%\"><\/a><span style=\"text-decoration: underline; color: #000080;\"><span style=\"text-decoration: underline;\"><strong><a style=\"color: #000080; text-decoration: underline;\" href=\"https:\/\/dzieje.pl\/wiadomosci\/gurjanow-likwidacja-memorialu-bedzie-ciosem-dla-szerzenia-wiedzy-o-katyniu\" target=\"_blank\" rel=\"noopener noreferrer\">A. Gurjanow: likwidacja Memoria\u0142u b\u0119dzie ciosem dla szerzenia wiedzy o Katyniu<\/a><\/strong><\/span><\/span><\/h5>\n<p style=\"text-align: center;\"><span style=\"color: #000000;\"><strong>Z Moskwy Anna Wr\u00f3bel <\/strong><span style=\"color: #808080;\">(PAP)<\/span><\/span><\/p>\n<hr style=\"height: 15px; background: #d0e6fa; width: 100%;\">\n<p style=\"text-align: center;\"><img decoding=\"async\" class=\"aligncenter\" src=\"https:\/\/dzieje.pl\/sites\/default\/files\/202112\/aleksander_gurjanow.jpg\" width=\"100%\"><span style=\"color: #808080;\"><em>Aleksandr Gurjanow, szef sekcji polskiej Memoria\u0142u. Fot. PAP\/R. Guz<\/em><\/span><\/p>\n<h4 style=\"text-align: center;\"><span style=\"color: #808080;\"><strong>Likwidacja Stowarzyszenia Memoria\u0142, do kt\u00f3rej d\u0105\u017cy prokuratura generalna Rosji, by\u0142aby ciosem dla edukacji spo\u0142ecznej o zbrodniach okresu stalinowskiego, w tym o zbrodni katy\u0144skiej &#8211; m\u00f3wi PAP Aleksandr Gurjanow, szef sekcji polskiej Memoria\u0142u.<\/strong><\/span><\/h4>\n<div class=\"field field--name-body field--type-text-with-summary field--label-hidden field__item\">\n<p style=\"text-align: left;\"><span style=\"color: #000080;\">&#8220;Pami\u0119\u0107 o represjach, stosunek do tych zbrodni nie zniknie w spo\u0142ecze\u0144stwie&#8221;, je\u015bli zniknie Memoria\u0142 &#8211; ocenia Gurjanow. Przyznaje jednak, \u017ce likwidacja organizacji by\u0142aby ciosem dla prowadzonej od dekad przez Memoria\u0142 edukacji spo\u0142ecznej, polegaj\u0105cej na szerzeniu wiedzy o faktach historycznych. W przypadku zbrodni katy\u0144skiej, jak t\u0142umaczy Gurjanow, w spo\u0142ecze\u0144stwie rosyjskim &#8220;przede wszystkim dominuje aspekt niewiedzy&#8221; o faktach.<\/span><\/p>\n<p style=\"text-align: left;\"><span style=\"color: #000080;\">&#8220;Usi\u0142owali\u015bmy tak\u0105 wiedz\u0119 upowszechnia\u0107 &#8211; wiedz\u0119 o konkretnych faktach, z czego to si\u0119 sk\u0142ada\u0142o, z jakich wydarze\u0144&#8221; &#8211; wskazuje Gurjanow. Jako przyk\u0142ad tej pracy wymienia dwie publikacje Memoria\u0142u: &#8220;Zabici w Katyniu&#8221; i &#8220;Zabici w Kalininie, pochowani w Miednoje&#8221;. Obie publikacje, kt\u00f3re s\u0105 owocem wieloletniej pracy, zawieraj\u0105 biogramy i zdj\u0119cia ofiar zbrodni katy\u0144skiej, dokumenty dotycz\u0105ce ekshumacji i \u015bledztwa w sprawie zbrodni. Dzi\u0119ki Memoria\u0142owi wiele z tych materia\u0142\u00f3w ukaza\u0142o si\u0119 po raz pierwszy w j\u0119zyku rosyjskim.<\/span><\/p>\n<blockquote>\n<p style=\"text-align: left;\"><strong>&#8220;Pami\u0119\u0107 o represjach, stosunek do tych zbrodni nie zniknie w spo\u0142ecze\u0144stwie&#8221;, je\u015bli zniknie Memoria\u0142 &#8211; ocenia Gurjanow. Przyznaje jednak, \u017ce likwidacja organizacji by\u0142aby ciosem dla prowadzonej od dekad przez Memoria\u0142 edukacji spo\u0142ecznej, polegaj\u0105cej na szerzeniu wiedzy o faktach historycznych. W przypadku zbrodni katy\u0144skiej, jak t\u0142umaczy Gurjanow, w spo\u0142ecze\u0144stwie rosyjskim &#8220;przede wszystkim dominuje aspekt niewiedzy&#8221; o faktach.<\/strong><\/p>\n<\/blockquote>\n<p style=\"text-align: left;\"><span style=\"color: #000080;\">Pytany o zabiegi prokuratury o likwidacj\u0119 Memoria\u0142u, Gurjanow wskaza\u0142, \u017ce je\u017celi dojdzie do najbardziej negatywnego rezultatu, &#8220;to trzeba si\u0119 b\u0119dzie stara\u0107 jako\u015b to kontynuowa\u0107 r\u00f3\u017cnymi innymi sposobami&#8221;. Doda\u0142, \u017ce dzia\u0142acze b\u0119d\u0105 si\u0119 starali uratowa\u0107 zebrane przez wiele lat archiwa i wyniki swoich bada\u0144.<\/span><\/p>\n<p style=\"text-align: left;\"><span style=\"color: #000080;\">Sekcja polska Memoria\u0142u ju\u017c 30 lat zajmuje si\u0119 badaniem represji w ZSRR wobec obywateli polskich po 17 wrze\u015bnia 1939 roku. Najpierw, w latach 90. XX wieku Memoria\u0142 zajmowa\u0142 si\u0119 g\u0142\u00f3wnie Polakami deportowanymi z Kres\u00f3w Wschodnich II RP oraz osobami internowanymi i aresztowanymi w latach 1944-45. W roku 2005, gdy G\u0142\u00f3wna Prokuratura Wojskowa Rosji poinformowa\u0142a o umorzeniu \u015bledztwa w sprawie zbrodni katy\u0144skiej i utajni\u0142a uzasadnienie umorzenia, Memoria\u0142 zaanga\u017cowa\u0142 si\u0119 w walk\u0119 na drodze s\u0105dowej o odtajnienie decyzji prokuratury i o rehabilitacj\u0119 ofiar zbrodni katy\u0144skiej. Ta batalia zako\u0144czy\u0142a si\u0119 przegran\u0105.<\/span><\/p>\n<p style=\"text-align: left;\"><span style=\"color: #000080;\">Pytany o to, czemu Memoria\u0142 podj\u0105\u0142 si\u0119 tego zadania, Gurjanow odpowiada: &#8220;uwa\u017cali\u015bmy, \u017ce jest to nasz w\u0142asny interes i interes naszego kraju &#8211; \u017ceby zbrodnia katy\u0144ska zosta\u0142a rozliczona na p\u0142aszczy\u017anie prawnej, a nie na p\u0142aszczy\u017anie deklaracji. Uwa\u017camy, \u017ce w interesie naszego kraju, Rosji jest ostateczne rozliczenie zakwalifikowanie zbrodni katy\u0144skiej w terminach prawa rosyjskiego i mi\u0119dzynarodowego&#8221;.<\/span><\/p>\n<p style=\"text-align: left;\"><span style=\"color: #000080;\">Obecne dzia\u0142ania w\u0142adz Rosji wobec Memoria\u0142u s\u0105, zdaniem badacza, zwi\u0105zane z d\u0105\u017ceniem do spychania pami\u0119ci o represjach na dalszy plan. &#8220;Od dawna jest mowa o tym, \u017ce nasza obecna w\u0142adza pr\u00f3buje budowa\u0107 swoj\u0105 legitymacj\u0119, jednoczy\u0107 spo\u0142ecze\u0144stwo na podstawie tego, co si\u0119 w Polsce nazywa +mitem za\u0142o\u017cycielskim+. W Rosji z tym mitem za\u0142o\u017cycielskim jest dosy\u0107 trudno, ale oni (rz\u0105dz\u0105cy &#8211; PAP) wielki nacisk k\u0142ad\u0105 na znaczenie zwyci\u0119stwa nad faszyzmem w 1945 roku&#8221; &#8211; t\u0142umaczy. Jak dodaje, trwa &#8220;budowanie mitu tego zwyci\u0119stwa, odpychanie w niepami\u0119\u0107 wszystkich negatywnych moment\u00f3w historii i zbrodni dokonanych przez pa\u0144stwo i d\u0105\u017cenie, by histori\u0119 Zwi\u0105zku Radzieckiego przedstawi\u0107 jako pasmo zwyci\u0119stw i osi\u0105gni\u0119\u0107&#8221;.<\/span><\/p>\n<p style=\"text-align: left;\"><span style=\"color: #000080;\">&#8220;Badanie represji i zbrodni podwa\u017ca ten mit&#8221; &#8211; wskazuje Gurjanow.<\/span><\/p>\n<p style=\"text-align: left;\"><span style=\"color: #000080;\">Mo\u017ce te\u017c &#8211; jego zdaniem &#8211; chodzi\u0107 o szersze zjawisko. &#8220;Dla naszej obecnej w\u0142adzy w og\u00f3le wszelkie wzmianki o tym, \u017ce organy pa\u0144stwowe mog\u0105 dokonywa\u0107 zbrodni, mog\u0105 by\u0107 uznane za zbrodniarzy, jest nie do zniesienia. W\u0142adza w oczach zwyk\u0142ego obywatela, rzeszy obywateli, powinna by\u0107 nieomylna i nie powinna si\u0119 nawet zakrada\u0107 my\u015bl, \u017ce w\u0142adza mo\u017ce by\u0107 zbrodnicza&#8221; &#8211; podsumowuje szef sekcji polskiej Memoria\u0142u.<\/span><\/p>\n<\/div>\n<hr style=\"height: 15px; background: #d0e6fa; width: 100%;\">\n<div id=\"content\" class=\"content-alignment\">\n<div id=\"watch-description\" class=\"yt-uix-button-panel\">\n<div id=\"watch-description-text\" style=\"text-align: center;\">\n<p><em>Zawarto\u015b\u0107 publikowanych artyku\u0142\u00f3w i materia\u0142\u00f3w nie reprezentuje pogl\u0105d\u00f3w ani opinii Reunion&#8217;68,<\/em><em><br \/>\nani te\u017c webmastera Blogu Reunion&#8217;68, chyba ze jest to wyra\u017anie zaznaczone.<br \/>\nTwoje uwagi, linki, w\u0142asne artyku\u0142y lub wiadomo\u015bci prze\u015blij na adres:<br \/>\n<\/em><span style=\"color: #000080;\"><strong><em><a style=\"color: #000080;\" href=\"mailto:webmaster@reunion68.com\"><span style=\"text-decoration: underline;\">webmaster@reunion68.com<\/span><\/a><\/em><\/strong><\/span><\/p>\n<\/div>\n<\/div>\n<\/div>\n<hr style=\"width: 100%;\">\n","protected":false},"excerpt":{"rendered":"<p>A. Gurjanow: likwidacja Memoria\u0142u b\u0119dzie ciosem dla szerzenia wiedzy o Katyniu Z Moskwy Anna Wr\u00f3bel (PAP) Aleksandr Gurjanow, szef sekcji polskiej Memoria\u0142u. Fot. PAP\/R. Guz Likwidacja Stowarzyszenia Memoria\u0142, do kt\u00f3rej d\u0105\u017cy prokuratura generalna Rosji, by\u0142aby ciosem dla edukacji spo\u0142ecznej o zbrodniach okresu stalinowskiego, w tym o zbrodni katy\u0144skiej &#8211; m\u00f3wi PAP Aleksandr Gurjanow, szef sekcji [&hellip;]<\/p>\n","protected":false},"author":1,"featured_media":0,"comment_status":"closed","ping_status":"closed","sticky":false,"template":"","format":"standard","meta":[],"categories":[6],"tags":[26,24],"_links":{"self":[{"href":"https:\/\/www.reunion68.se\/index.php?rest_route=\/wp\/v2\/posts\/91662"}],"collection":[{"href":"https:\/\/www.reunion68.se\/index.php?rest_route=\/wp\/v2\/posts"}],"about":[{"href":"https:\/\/www.reunion68.se\/index.php?rest_route=\/wp\/v2\/types\/post"}],"author":[{"embeddable":true,"href":"https:\/\/www.reunion68.se\/index.php?rest_route=\/wp\/v2\/users\/1"}],"replies":[{"embeddable":true,"href":"https:\/\/www.reunion68.se\/index.php?rest_route=%2Fwp%2Fv2%2Fcomments&post=91662"}],"version-history":[{"count":7,"href":"https:\/\/www.reunion68.se\/index.php?rest_route=\/wp\/v2\/posts\/91662\/revisions"}],"predecessor-version":[{"id":91683,"href":"https:\/\/www.reunion68.se\/index.php?rest_route=\/wp\/v2\/posts\/91662\/revisions\/91683"}],"wp:attachment":[{"href":"https:\/\/www.reunion68.se\/index.php?rest_route=%2Fwp%2Fv2%2Fmedia&parent=91662"}],"wp:term":[{"taxonomy":"category","embeddable":true,"href":"https:\/\/www.reunion68.se\/index.php?rest_route=%2Fwp%2Fv2%2Fcategories&post=91662"},{"taxonomy":"post_tag","embeddable":true,"href":"https:\/\/www.reunion68.se\/index.php?rest_route=%2Fwp%2Fv2%2Ftags&post=91662"}],"curies":[{"name":"wp","href":"https:\/\/api.w.org\/{rel}","templated":true}]}}