{"id":91688,"date":"2021-12-22T17:09:59","date_gmt":"2021-12-22T15:09:59","guid":{"rendered":"http:\/\/www.reunion68.se\/?p=91688"},"modified":"2021-12-16T10:42:48","modified_gmt":"2021-12-16T08:42:48","slug":"22-09-65","status":"publish","type":"post","link":"https:\/\/www.reunion68.se\/?p=91688","title":{"rendered":"[Izrael\u2013Palestyna] Utrwalanie stereotyp\u00f3w"},"content":{"rendered":"<h5 style=\"text-align: center;\"><a href=\"https:\/\/kulturaliberalna.pl\/\" target=\"_blank\" rel=\"noopener noreferrer\"><img decoding=\"async\" class=\"center alignleft\" src=\"http:\/\/www.reunion68.com\/Biuletyn\/img\/k-liberalna.png\" alt=\"\" width=\"35%\" \/><\/a><span style=\"text-decoration: underline; color: #000080;\"><strong><a style=\"color: #000080; text-decoration: underline;\" href=\"https:\/\/kulturaliberalna.pl\/2015\/10\/08\/blacnicka-ciacek-palestyna-izrael-warszawski-stereotypy\/\" target=\"_blank\" rel=\"noopener noreferrer\">[Izrael\u2013Palestyna] Utrwalanie stereotyp\u00f3w<\/a><\/strong><\/span><\/h5>\n<p style=\"text-align: center;\"><span style=\"color: #000000;\"><strong>Dominika Blachnicka-Ciacek<\/strong><\/span><\/p>\n<hr style=\"height: 15px; background: #d0e6fa; width: 100%;\" \/>\n<p><img decoding=\"async\" class=\"alignleft\" src=\"https:\/\/0.academia-photos.com\/3420521\/1161502\/15857678\/s200_dominika.blachnicka.jpg\" \/><span style=\"color: #808080;\"><strong><em>Dominika Blachnicka-Ciacek<\/em><\/strong><\/span><\/p>\n<div class=\"lead-in-article\" style=\"text-align: left;\">\u201e<span style=\"color: #000080;\">To, \u017ce wojn\u0119 dostrzegamy tylko w\u00f3wczas, kiedy zabijani s\u0105 \u017bydzi, nie zmieni faktu, \u017ce to Palesty\u0144czycy s\u0105 zabijani przez ca\u0142y czas\u201d.<\/span><\/div>\n<p style=\"text-align: left;\"><span style=\"color: #000080;\">Te s\u0142owa Amiry Hass, izraelskiej dziennikarki magazynu \u201eHaaretz\u201d, kt\u00f3rymi podsumowa\u0142a reakcj\u0119 izraelskich medi\u00f3w na eskalacj\u0119 przemocy w Jerozolimie i na Zachodnim Brzegu, pasuj\u0105 jak ula\u0142 jako komentarz\u00a0<span style=\"text-decoration: underline;\"><strong><a style=\"color: #000080; text-decoration: underline;\" href=\"http:\/\/wyborcza.pl\/1,75968,18981487,zydzi-palestynczycy-i-sumienie-swiata.html\" target=\"_blank\" rel=\"noopener noreferrer\">do ostatniego tekstu Dawida Warszawskiego w \u201eGazecie Wyborczej\u201d.<\/a><\/strong><\/span><\/span><\/p>\n<p style=\"text-align: left;\"><span style=\"color: #000080;\">Pisz\u0105c o napi\u0119tej sytuacji w Jerozolimie, Warszawski rozpoczyna i ko\u0144czy sw\u00f3j tekst na w\u0105tku niedawnej \u015bmierci dw\u00f3ch Izraelczyk\u00f3w na ulicach Starego Miasta z r\u0105k palesty\u0144skich zamachowc\u00f3w. Autor nie wspomina nawet o kontek\u015bcie tych wydarze\u0144 \u2013 i o podobnych wydarzeniach z ostatnich dni, tyle \u017ce po stronie palesty\u0144skiej. Zamiast tego czytamy w prze\u015bmiewczym tonie, \u017ce zamiast napi\u0119tnowa\u0107 t\u0119 zbrodni\u0119, prezydent Mahmud Abbas wyst\u0105pi\u0142 do ONZ o pot\u0119pienie nasilaj\u0105cych si\u0119 ostatnio \u201eizraelskich prowokacji\u201d. Jakie prowokacje palesty\u0144ski przyw\u00f3dca m\u00f3g\u0142 mie\u0107 na my\u015bli? Tego w tek\u015bcie nie wyczytamy \u2013 Palesty\u0144czycy g\u0142osu nie maj\u0105.<\/span><\/p>\n<p style=\"text-align: left;\"><span style=\"color: #000080;\">Z tekstu redaktora \u201eGW\u201d nie dowiemy si\u0119 wi\u0119c, \u017ce w ostatnich dniach Palesty\u0144czycy protestuj\u0105 przeciwko \u2013 b\u0119d\u0105cej konsekwencj\u0105 polityki rz\u0105du \u2013 rozbudowie izraelskich osiedli na terenach przysz\u0142ego pa\u0144stwa palesty\u0144skiego. Nie dowiemy si\u0119 o masowych aresztowaniach, w tym aresztowaniach dzieci, i o brutalnych formach t\u0142umienia nawet najmniejszych demonstracji. Nie dowiemy si\u0119, \u017ce Abbas (nareszcie) uzna\u0142\u00a0<a style=\"color: #000080;\" href=\"https:\/\/pl.wikipedia.org\/wiki\/Porozumienia_z_Oslo\" target=\"_blank\" rel=\"noopener noreferrer\">porozumienia z Oslo<\/a>\u00a0za niewa\u017cne, po tym jak armia izraelska w ostatnim czasie wielokrotnie interweniowa\u0142a w Hebronie, Jeninie czy Ramalli, pl\u0105druj\u0105c i burz\u0105c domy \u201epodejrzanych o terroryzm\u201d (podejrzanym rzecz jasna mo\u017ce by\u0107 ka\u017cdy, bo wojsko izraelskie nie przedstawia dowod\u00f3w). Owszem, dowiemy si\u0119 z artyku\u0142u, \u017ce w przeciwie\u0144stwie do Abbasa prezydent Rivlin pot\u0119pi\u0142 izraelskich morderc\u00f3w, kt\u00f3rzy spalili prawie dwa miesi\u0105ce temu \u017cywcem palesty\u0144sk\u0105 rodzin\u0119 pod Nablusem. Szkoda tylko, \u017ce nie dodaje, i\u017c w\u0142adzom izraelskim nadal nie uda\u0142o si\u0119 ich z\u0142apa\u0107, nie m\u00f3wi\u0105c o skazaniu.<\/span><\/p>\n<p style=\"text-align: left;\"><span style=\"color: #000080;\">Nie chc\u0119 prowadzi\u0107 wyliczanek \u201ekto komu\u201d i pokazywa\u0107, ilu zgin\u0119\u0142o Palesty\u0144czyk\u00f3w, kiedy m\u00f3wimy tylko o zabitych Izraelczykach. Jestem pewna, \u017ce Warszawski wie, i\u017c w tym ponurym konkursie na przemoc i przelew krwi armia izraelska oraz osadnicy izraelscy wiod\u0105 prym. Martwi mnie jednak to, \u017ce kolejny raz zak\u0142ada symetryczno\u015b\u0107 przewin obu stron konfliktu tam, gdzie tej symetrii nie ma. I dlaczego druga strona tej fa\u0142szywej symetrii nigdy nie ma g\u0142osu i swojej podmiotowo\u015bci?<\/span><\/p>\n<p style=\"text-align: left;\"><span style=\"color: #000080;\">Przypominam, \u017ce to Izrael ma si\u0142y zbrojne i w \u015bwietle prawa mi\u0119dzynarodowego jest stron\u0105 okupuj\u0105c\u0105 terytoria palesty\u0144skie, dokonuj\u0105c jednocze\u015bnie nielegalnego transferu w\u0142asnej ludno\u015bci (osadnik\u00f3w) na terytoria okupowane i prowadz\u0105c polityk\u0119 wysiedlania Palesty\u0144czyk\u00f3w z ich ziemi. Palesty\u0144czycy w tym konflikcie s\u0105 stron\u0105 okupowan\u0105, nie maj\u0105 pa\u0144stwa ani armii i maj\u0105 prawo domaga\u0107 si\u0119 zako\u0144czenia okupacji.<\/span><\/p>\n<p style=\"text-align: left;\"><span style=\"color: #000080;\">Jestem daleka od usprawiedliwiania u\u017cycia przemocy przez stron\u0119 palesty\u0144sk\u0105. Ale do\u015bwiadczenia ucz\u0105 Palesty\u0144czyk\u00f3w, \u017ce kiedy protestuj\u0105 w pokoju \u2013 pr\u00f3buj\u0105c wytrwa\u0107 na swojej ziemi i egzystowa\u0107 pomimo codziennej opresji \u2013 \u015bwiat milczy. I patrzy bezradnie, jak osadnicy izraelscy przejmuj\u0105 teren, zabieraj\u0105 palesty\u0144skie domy, pl\u0105druj\u0105 uprawy, a ich przemoc pozostaje bezkarna.<\/span><\/p>\n<p style=\"text-align: left;\"><span style=\"color: #000080;\">Rzucaj\u0105cy kamieniami palesty\u0144scy m\u0142odzie\u0144cy, kt\u00f3rych widzimy w telewizji (za co grozi im wieloletnie wi\u0119zienie, nie m\u00f3wi\u0105c o ryzyku dostania w zamian pociskiem w g\u0142ow\u0119), to nie terrory\u015bci \u2013 to ludzie straszliwie zdesperowani brakiem przysz\u0142o\u015bci, ci\u0105g\u0142\u0105 przemoc\u0105, trwaj\u0105c\u0105 niesprawiedliwo\u015bci\u0105 \u2013 sp\u00f3jrzmy na nich tak\u017ce z tej perspektywy.<\/span><\/p>\n<p style=\"text-align: left;\"><span style=\"color: #000080;\">Przywo\u0142am jeszcze raz s\u0142owa Amiry Hass z ostatniego wydania \u201eHaarezta\u201d: \u201ePalesty\u0144czycy walcz\u0105 dzi\u015b o \u017cycie i przetrwanie na swojej ziemi. Izraelczycy walcz\u0105 o to, \u017ceby pozosta\u0107 ich panami\u201d. Nie ma symetrii w konflikcie izraelsko-palesty\u0144skim. Strony, wbrew powtarzanej opinii Warszawskiego, nie s\u0105 do siebie bli\u017aniaczo podobne. To relacja ca\u0142kowitej w\u0142adzy (wraz z aparatem przemocy fizycznej oraz symbolicznej) i ca\u0142kowitego podda\u0144stwa.<\/span><\/p>\n<p style=\"text-align: left;\"><span style=\"color: #000080;\">Przykro mi, \u017ce \u201eGazeta Wyborcza\u201d, kt\u00f3ra tak wnikliwie w ostatnich tygodniach opisuje problemy uchod\u017ac\u00f3w i martwi si\u0119 o negatywny stosunek Polak\u00f3w do Arab\u00f3w oraz muzu\u0142man\u00f3w, pozwala jednocze\u015bnie na tak jednostronne i niepe\u0142ne podej\u015bcie do relacjonowania konfliktu izraelsko-palesty\u0144skiego.<\/span><\/p>\n<p style=\"text-align: left;\"><span style=\"color: #000080;\">Je\u015bli Palesty\u0144czycy zas\u0142uguj\u0105 na bycie opisanymi tylko wtedy i tylko w takich kontekstach, kiedy mog\u0105 wyst\u0105pi\u0107 w roli morderc\u00f3w, fanatyk\u00f3w religijnych, bezkszta\u0142tnej dzikiej masy rzucaj\u0105cej kamieniami, bez racjonalnych motywacji i aspiracji, to jaki mamy mie\u0107 obraz uchod\u017ac\u00f3w z tamtych stron? Dlaczego o Palesty\u0144czykach i \u017cyciu pod okupacj\u0105 piszemy g\u0142\u00f3wnie wtedy, kiedy gin\u0105 izraelscy \u017bydzi? Jakiego j\u0119zyka u\u017cywamy, pisz\u0105c o przemocy osadnik\u00f3w, a jakiego, pisz\u0105c o przemocy Palesty\u0144czyk\u00f3w?<\/span><\/p>\n<p style=\"text-align: left;\"><span style=\"color: #000080;\">Rozumiem, \u017ce wsp\u00f3\u0142czesne media rz\u0105dz\u0105 si\u0119 prawem \u201enews\u00f3w\u201d i wydarze\u0144. Dlaczego jednak w takim razie nie widzieli\u015bmy tekstu o niewinnej kobiecie, kt\u00f3ra w tym samym czasie zosta\u0142a zastrzelona na checkpoincie w Hebronie tylko dlatego, \u017ce by\u0142a zakryta od st\u00f3p do g\u0142\u00f3w? Obawiam si\u0119, \u017ce \u201eGazeta Wyborcza\u201d, publikuj\u0105c tekst Warszawskiego, utrwala stereotypowy obraz nowego wroga \u2013 fanatyka, terrorysty\u2026 Araba.<\/span><\/p>\n<div class=\"kl-10lat kl-10lat-grey kl-10lat-box\">\n<p style=\"text-align: left;\"><span style=\"color: #000000;\"><strong>Skoro tu jeste\u015b&#8230;<\/strong><\/span><\/p>\n<p style=\"text-align: left;\"><span style=\"color: #000080;\">&#8230;mamy do Ciebie ma\u0142\u0105 pro\u015bb\u0119. \u017byjemy w dobie powa\u017cnych zagro\u017ce\u0144 dla pluralizmu polskich medi\u00f3w. W Kulturze Liberalnej jeste\u015bmy przekonani, \u017ce ka\u017cdy zas\u0142uguje na bezp\u0142atny dost\u0119p do najwy\u017cszej jako\u015bci dziennikarstwa<\/span><\/p>\n<p style=\"text-align: left;\"><span style=\"color: #000080;\">Ka\u017cdy i ka\u017cda z nas ma prawo do dobrych medi\u00f3w. Warto na nie wyda\u0107 nawet drobn\u0105 kwot\u0119. Nawet je\u015bli przeznaczysz na nasz\u0105 dzia\u0142alno\u015b\u0107 10 z\u0142otych miesi\u0119cznie, to je\u015bli podobnie zrobi\u0105 inni, wsp\u00f3lnie zapewnimy dzia\u0142anie portalowi, kt\u00f3ry broni wolno\u015bci, praworz\u0105dno\u015bci i r\u00f3\u017cnorodno\u015bci.<\/span><\/p>\n<p style=\"text-align: left;\"><span style=\"color: #000080;\">Prosimy Ci\u0119, aby\u015b tworzy\u0142 lub tworzy\u0142a Kultur\u0119 Liberaln\u0105 z nami. Do\u0142\u0105cz do grona naszych Darczy\u0144c\u00f3w!<\/span><\/p>\n<\/div>\n<hr style=\"height: 15px; background: #d0e6fa; width: 100%;\" \/>\n<div id=\"content\" class=\"content-alignment\">\n<div id=\"watch-description\" class=\"yt-uix-button-panel\">\n<div id=\"watch-description-text\" style=\"text-align: center;\">\n<p><em>Zawarto\u015b\u0107 publikowanych artyku\u0142\u00f3w i materia\u0142\u00f3w nie reprezentuje pogl\u0105d\u00f3w ani opinii Reunion&#8217;68,<\/em><em><br \/>\nani te\u017c webmastera Blogu Reunion&#8217;68, chyba ze jest to wyra\u017anie zaznaczone.<br \/>\nTwoje uwagi, linki, w\u0142asne artyku\u0142y lub wiadomo\u015bci prze\u015blij na adres:<br \/>\n<\/em><span style=\"color: #000080;\"><strong><em><a style=\"color: #000080;\" href=\"mailto:webmaster@reunion68.com\"><span style=\"text-decoration: underline;\">webmaster@reunion68.com<\/span><\/a><\/em><\/strong><\/span><\/p>\n<\/div>\n<\/div>\n<\/div>\n<hr style=\"width: 100%;\" \/>\n","protected":false},"excerpt":{"rendered":"<p>[Izrael\u2013Palestyna] Utrwalanie stereotyp\u00f3w Dominika Blachnicka-Ciacek Dominika Blachnicka-Ciacek \u201eTo, \u017ce wojn\u0119 dostrzegamy tylko w\u00f3wczas, kiedy zabijani s\u0105 \u017bydzi, nie zmieni faktu, \u017ce to Palesty\u0144czycy s\u0105 zabijani przez ca\u0142y czas\u201d. Te s\u0142owa Amiry Hass, izraelskiej dziennikarki magazynu \u201eHaaretz\u201d, kt\u00f3rymi podsumowa\u0142a reakcj\u0119 izraelskich medi\u00f3w na eskalacj\u0119 przemocy w Jerozolimie i na Zachodnim Brzegu, pasuj\u0105 jak ula\u0142 jako komentarz\u00a0do [&hellip;]<\/p>\n","protected":false},"author":1,"featured_media":0,"comment_status":"closed","ping_status":"closed","sticky":false,"template":"","format":"standard","meta":[],"categories":[6],"tags":[26,24],"_links":{"self":[{"href":"https:\/\/www.reunion68.se\/index.php?rest_route=\/wp\/v2\/posts\/91688"}],"collection":[{"href":"https:\/\/www.reunion68.se\/index.php?rest_route=\/wp\/v2\/posts"}],"about":[{"href":"https:\/\/www.reunion68.se\/index.php?rest_route=\/wp\/v2\/types\/post"}],"author":[{"embeddable":true,"href":"https:\/\/www.reunion68.se\/index.php?rest_route=\/wp\/v2\/users\/1"}],"replies":[{"embeddable":true,"href":"https:\/\/www.reunion68.se\/index.php?rest_route=%2Fwp%2Fv2%2Fcomments&post=91688"}],"version-history":[{"count":8,"href":"https:\/\/www.reunion68.se\/index.php?rest_route=\/wp\/v2\/posts\/91688\/revisions"}],"predecessor-version":[{"id":91696,"href":"https:\/\/www.reunion68.se\/index.php?rest_route=\/wp\/v2\/posts\/91688\/revisions\/91696"}],"wp:attachment":[{"href":"https:\/\/www.reunion68.se\/index.php?rest_route=%2Fwp%2Fv2%2Fmedia&parent=91688"}],"wp:term":[{"taxonomy":"category","embeddable":true,"href":"https:\/\/www.reunion68.se\/index.php?rest_route=%2Fwp%2Fv2%2Fcategories&post=91688"},{"taxonomy":"post_tag","embeddable":true,"href":"https:\/\/www.reunion68.se\/index.php?rest_route=%2Fwp%2Fv2%2Ftags&post=91688"}],"curies":[{"name":"wp","href":"https:\/\/api.w.org\/{rel}","templated":true}]}}