{"id":91807,"date":"2022-01-05T17:09:33","date_gmt":"2022-01-05T15:09:33","guid":{"rendered":"http:\/\/www.reunion68.se\/?p=91807"},"modified":"2021-12-27T09:06:51","modified_gmt":"2021-12-27T07:06:51","slug":"27-09-69","status":"publish","type":"post","link":"https:\/\/www.reunion68.se\/?p=91807","title":{"rendered":"\u017bydzi i katolicy o uchod\u017acach"},"content":{"rendered":"<h5 style=\"text-align: center;\"><a href=\"https:\/\/wiez.pl\/\" target=\"_blank\" rel=\"noopener noreferrer\"><img decoding=\"async\" class=\"center alignleft\" src=\"http:\/\/www.reunion68.com\/Biuletyn\/img\/wiez-1.png\" alt=\"\" width=\"35%\"><\/a><span style=\"text-decoration: underline; color: #000080;\"><strong><a style=\"color: #000080; text-decoration: underline;\" href=\"https:\/\/wiez.pl\/2016\/04\/28\/zydzi-i-katolicy-o-uchodzcach\/\" target=\"_blank\" rel=\"noopener noreferrer\">\u017bydzi i katolicy o uchod\u017acach<\/a><\/strong><\/span><\/h5>\n<p style=\"text-align: center;\"><span style=\"color: #000000;\"><strong>Stanis\u0142aw Krajewski<br \/>\n<span style=\"color: #808080;\">[ 28 kwietnia 2016 ]<\/span><\/strong><\/span><\/p>\n<hr style=\"height: 15px; background: #d0e6fa; width: 100%;\">\n<p style=\"text-align: center;\"><img decoding=\"async\" class=\"aligncenter\" src=\"https:\/\/wiez.pl\/wp-content\/uploads\/2016\/04\/inny-kep.jpg\" width=\"100%\"><span style=\"color: #808080;\"><em>Fot. Episkopat.pl<\/em><\/span><\/p>\n<h4 style=\"text-align: center;\"><span style=\"color: #808080;\"><strong>Wbrew trudnej historii Ko\u015bci\u00f3\u0142 katolicki jest obecnie jednym z najlepszych sojusznik\u00f3w dla \u017byd\u00f3w. I nie wydaje si\u0119 to koniunkturalne.<\/strong><\/span><\/h4>\n<p>.<\/p>\n<p style=\"text-align: left;\"><span style=\"color: #000080;\">W kwietniu odby\u0142o si\u0119 w Warszawie spotkanie katolicko-\u017cydowskie na najwy\u017cszym szczeblu: konferencja Katolicko-\u017bydowskiego Komitetu \u0141\u0105czno\u015bci (International Catholic-Jewish Liaison Committee, ILC) \u201e\u00abInny\u00bb w tradycji \u017cydowskiej i katolickiej: uchod\u017acy we wsp\u00f3\u0142czesnym \u015bwiecie\u201d.<\/span><\/p>\n<h5 style=\"text-align: left;\"><strong>Cud Watykanu: 11 organizacji \u017cydowskich wyst\u0119puje razem<\/strong><\/h5>\n<p style=\"text-align: left;\"><span style=\"color: #000080;\">W konferencji uczestniczyli przedstawiciele Watykanu, w tym przewodnicz\u0105cy Papieskiej Komisji do Religijnych Stosunk\u00f3w z \u017bydami kard. Kurt Koch oraz cz\u0142onkowie Mi\u0119dzynarodowego \u017bydowskiego Komitetu do Konsultacji Mi\u0119dzyreligijnych (International Jewish Committee for Interreligious Consultations, IJCIC), utworzonego przez takie organizacje jak&nbsp;American Jewish Committee (AJC), Anti-Defamation League (ADL), Izraelska Rada \u017bydowska ds. Stosunk\u00f3w Mi\u0119dzyreligijnych (Israel Jewish Council on Interrreligious Relations, IJCIR), \u015awiatowy Kongres \u017bydowski (World Jewish Congress, WJC), B\u2019nai B\u2019rith International, a nadto sze\u015b\u0107 organizacji rabinicznych \u2013 ortodoksyjnych, konserwatywnych, reformowanych (organizacje ultraortodoksyjne, w tym chasydzkie, w dialogu nie uczestnicz\u0105).<\/span><\/p>\n<p style=\"text-align: left;\"><span style=\"color: #000080;\">Wszystkie te nazwy brzmi\u0105 mo\u017ce nudno i odpychaj\u0105co dla polskiego czytelnika, ale, jak powiedzia\u0142 obecny przewodnicz\u0105cy IJCIC Martin Budd, sam fakt, \u017ce jedena\u015bcie organizacji \u017cydowskich utworzy\u0142o wsp\u00f3ln\u0105 reprezentacj\u0119, jest cudem \u2013 i to cudem zdzia\u0142anym przez Watykan. IJCIC ma te\u017c kontakty ze \u015awiatow\u0105 Rad\u0105 Ko\u015bcio\u0142\u00f3w, kt\u00f3ra reprezentuje pozosta\u0142e Ko\u015bcio\u0142y chrze\u015bcija\u0144skie, jednak relacje z Ko\u015bcio\u0142em katolickim s\u0105 dla niej najwa\u017cniejsze.<\/span><\/p>\n<p style=\"text-align: left;\"><span style=\"color: #000080;\">ILC powsta\u0142a w 1971 roku na fali zmian zapocz\u0105tkowanych przez II Sob\u00f3r Watyka\u0144ski. Konferencje odbywaj\u0105 si\u0119 co dwa lata. Ta by\u0142a 23. z kolei. Dla&nbsp; mnie \u2013 druga; poprzednio by\u0142em na podobnym spotkaniu w Budapeszcie kilka lat temu. Wi\u0119kszo\u015b\u0107 uczestnik\u00f3w to weterani takich spotka\u0144, ludzie starsi. Dla m\u0142odych obserwator\u00f3w oznacza to zapewne, \u017ce nie maj\u0105 dostatecznej \u0142\u0105czno\u015bci ze wsp\u00f3\u0142czesnym \u015bwiatem. Ja bym tak nie powiedzia\u0142 (nie jestem obiektywny, bo sam nale\u017c\u0119 do starszych, cho\u0107 nie najstarszych). Uczestnicy konferencji patrz\u0105 na problemy z perspektywy d\u0142ugoletnich do\u015bwiadcze\u0144. Mog\u0105 si\u0119 odwo\u0142ywa\u0107 do starej znajomo\u015bci, a nieraz przyja\u017ani, z partnerami reprezentuj\u0105cymi drug\u0105 religi\u0119. Fakt bliskich stosunk\u00f3w osobistych by\u0142 nieraz podkre\u015blany w trakcie obrad.<\/span><\/p>\n<p style=\"text-align: left;\"><span style=\"color: #000080;\">W\u015br\u00f3d ponad 50 uczestnik\u00f3w by\u0142o bardzo ma\u0142o kobiet. Po stronie katolickiej by\u0142o te\u017c zaledwie kilku \u015bwieckich. Po stronie \u017cydowskiej byli nie tylko rabini, a grupa polskich \u017byd\u00f3w by\u0142a do\u015b\u0107 zr\u00f3\u017cnicowana, o co zabiega\u0142em (wsp\u00f3\u0142pracowa\u0142em z sekretarzem IJCIC, rabinem Noamem Maransem, przy organizacji konferencji). Wszyscy \u017bydzi s\u0105 bowiem stron\u0105 Przymierza, niezale\u017cnie od stopnia religijno\u015bci. Dlatego zr\u00f3\u017cnicowanie po\u015br\u00f3d \u017byd\u00f3w powinno mie\u0107 odbicie w sk\u0142adzie ka\u017cdej \u017cydowskiej delegacji. Oczywi\u015bcie \u017bydzi antyreligijni, kt\u00f3rzy nie maj\u0105 \u017cadnego zrozumienia dla tradycji, nie s\u0105 dobrymi partnerami w dyskusji zahaczaj\u0105cej o teologi\u0119. Jednak ich obecno\u015b\u0107 podczas wielu innych debat jest jak najbardziej na miejscu. Zw\u0142aszcza gdy mowa o takich sprawach jak uchod\u017acy.<\/span><\/p>\n<h5 style=\"text-align: left;\"><span style=\"color: #000000;\"><strong>Migracje, antysemityzm, prze\u015bladowania chrze\u015bcijan<\/strong><\/span><\/h5>\n<p style=\"text-align: left;\"><span style=\"color: #000080;\">Referaty o biblijnych podstawach stosunku do innych, dyskusja, warsztaty sz\u0142y na og\u00f3\u0142 w kierunku podkre\u015blania moralnego obowi\u0105zku pomocy, cho\u0107 zarazem uwzgl\u0119dniania obaw przed przemianami spo\u0142ecznymi oraz kwestii bezpiecze\u0144stwa. Nikt nie reprezentowa\u0142 stanowiska bezwzgl\u0119dnego odrzucenia, kt\u00f3re tak mocno jest obecne w polskiej debacie publicznej. Konstanty Gebert w swoim wyk\u0142adzie wzywa\u0142 do pomagania uchod\u017acom, poniewa\u017c alternatyw\u0105 jest odgrodzenie si\u0119, kt\u00f3re wprowadzi\u0107 mo\u017ce tylko brutalny rz\u0105d \u2013 co w spos\u00f3b nieunikniony zagrozi wolno\u015bci obywateli. Ja podkre\u015bli\u0142em, \u017ce z perspektywy \u017cydowskiej pojawia si\u0119 ambiwalencja: wiemy, co to znaczy by\u0107 uchod\u017ac\u0105, wi\u0119c si\u0119 solidaryzujemy; zarazem wiemy, \u017ce wi\u0119kszo\u015b\u0107 obecnych migrant\u00f3w jest wychowana na antysemityzmie i mo\u017ce podj\u0105\u0107 dzia\u0142ania nim motywowane.<\/span><\/p>\n<p style=\"text-align: left;\"><span style=\"color: #000080;\">Antysemityzm by\u0142 nast\u0119pnym tematem obrad, a kolejnym \u2013 prze\u015bladowania chrze\u015bcijan na Bliskim Wschodzie i w p\u00f3\u0142nocnej Afryce. Z roku na rok jest pod tym wzgl\u0119dem gorzej. W Iraku i na niekt\u00f3rych innych terenach chrze\u015bcijan zosta\u0142a tylko garstka w por\u00f3wnaniu z liczb\u0105 sprzed jednej czy dw\u00f3ch dekad. Kilka os\u00f3b wyrazi\u0142o poczucie, \u017ce \u015bwiat, tak\u017ce chrze\u015bcija\u0144ski, nie przejmuje si\u0119 dostatecznie tym dramatem.<\/span><\/p>\n<p style=\"text-align: left;\"><span style=\"color: #000080;\">Zastanawia\u0142em si\u0119, czy wyra\u017ane \u017cydowskie zaanga\u017cowanie w tej sprawie \u2013 zreszt\u0105 i ja odczuwam tak\u0105 potrzeb\u0119 \u2013 ma poza solidarno\u015bci\u0105 z ofiarami r\u00f3wnie\u017c drugie dno. Je\u015bli tak, to nale\u017ca\u0142oby wskaza\u0107 na ch\u0119\u0107 odwdzi\u0119czenia si\u0119 za chrze\u015bcijanom za stanowcze przeciwstawienie si\u0119 antysemityzmowi oraz na poczucie, \u017ce zdawszy sobie spraw\u0119 z zagro\u017ce\u0144 dla chrze\u015bcijan w \u015bwiecie muzu\u0142ma\u0144skim, ludzie lepiej zrozumiej\u0105 gro\u017aby wisz\u0105ce nad Izraelem.<\/span><\/p>\n<p style=\"text-align: left;\"><span style=\"color: #000080;\">By\u0142a te\u017c sesja o Polsce. Abp Henryk Muszy\u0144ski wspomina\u0142 pocz\u0105tki Komitetu Episkopatu Polski ds. Dialogu z Judaizmem. Bp Mieczys\u0142aw Cis\u0142o uzupe\u0142ni\u0142 t\u0119 relacj\u0119 informacj\u0105 o obecnych dzia\u0142aniach tego cia\u0142a, kt\u00f3rym kieruje. Bardzo mocno podkre\u015bla\u0142 braterskie stosunki z naczelnym rabinem Polski Michaelem Schudrichem. Ks. Pawe\u0142 Rytel-Andrianik opowiada\u0142 o tym, \u017ce prawie wszyscy biskupi pomagali ukrywa\u0107 \u017byd\u00f3w. Mia\u0142em poczucie, \u017ce \u2013 mo\u017ce wbrew intencjom \u2013 upro\u015bci\u0142 on obraz \u00f3wczesnych wydarze\u0144. Potem ja opisa\u0142em trzy elementy obecnej sytuacji w Polsce: odrodzenie \u017cycia \u017cydowskiego, cho\u0107 w bardzo skromnych rozmiarach; zainteresowanie \u017bydami, widoczne i w Dniach Judaizmu, i w wielu wspania\u0142ych inicjatywach upami\u0119tniania dawniejszej \u017cydowskiej obecno\u015bci w Polsce; obecn\u0105 sytuacj\u0119 polityczn\u0105: zagro\u017cenia dla \u0142adu demokratycznego, sojusz Ko\u015bcio\u0142a instytucjonalnego z rz\u0105dz\u0105c\u0105 parti\u0105, a tak\u017ce rozpanoszon\u0105 mow\u0119 nienawi\u015bci, kt\u00f3ra niepokoi \u017byd\u00f3w (i oczywi\u015bcie nie tylko \u017byd\u00f3w).<\/span><\/p>\n<p style=\"text-align: left;\"><span style=\"color: #000080;\">Na koniec nieco ambarasuj\u0105ca obserwacja. W czasie dyskusji zwykle aktywniejsi i bardziej ch\u0119tni do uczestnictwa byli \u017bydzi. Z reakcji bywalc\u00f3w tych spotka\u0144 \u0142atwo by\u0142o wnioskowa\u0107, \u017ce nie by\u0142a to sytuacja wyj\u0105tkowa. Nie wiem, dlaczego tak jest. Mo\u017ce ma to p\u0142ytkie \u017ar\u00f3d\u0142a, na przyk\u0142ad wynika\u0142o z faktu, \u017ce wi\u0119kszo\u015b\u0107 rabin\u00f3w pochodzi\u0142a z Ameryki, a ksi\u0119\u017ca nie \u2013 a zatem w obradach prowadzonych po angielsku go\u015bciom by\u0142o \u0142atwiej.<\/span><\/p>\n<p style=\"text-align: left;\"><span style=\"color: #000080;\">Mo\u017ce jednak chodzi o co\u015b wi\u0119cej, o r\u00f3\u017cnice oczekiwa\u0144 wobec takich spotka\u0144. Gdyby ich mia\u0142o nie by\u0107, wsp\u00f3lnota \u017cydowska (nie ca\u0142a, ale jednak znaczna jej cz\u0119\u015b\u0107 tu reprezentowana) odczu\u0142aby to chyba dotkliwiej ni\u017c wsp\u00f3lnota katolicka. Je\u015bli w istocie tak jest, to by\u0142oby to ciekawe uzupe\u0142nienie, czy raczej odwr\u00f3cenie, tezy, \u017ce chrze\u015bcijanie potrzebuj\u0105 \u017byd\u00f3w do zrozumienia, kim s\u0105, a \u017bydzi nie potrzebuj\u0105 w tym celu chrze\u015bcijan.<\/span><\/p>\n<p style=\"text-align: left;\"><span style=\"color: #000080;\">Mo\u017ce nie potrzebujemy tych kontakt\u00f3w w celu okre\u015blenia siebie samych czy naszej teologii, ale przecie\u017c potrzebujemy sojusznik\u00f3w. Wbrew trudnej historii Ko\u015bci\u00f3\u0142 katolicki jest obecnie jednym z najlepszych sojusznik\u00f3w dla \u017byd\u00f3w. I nie wydaje si\u0119 to koniunkturalne. By\u0142o to widoczne w ka\u017cdym momencie warszawskiej konferencji.<\/span><\/p>\n<hr>\n<p style=\"text-align: left;\"><strong><img decoding=\"async\" class=\"alignleft\" src=\"https:\/\/wiez.pl\/wp-content\/uploads\/2020\/11\/stanislaw-krajewski-wiez-1-280x280.png\" width=\"20%\"><\/strong><span style=\"color: #808080;\"><em><strong>Stanis\u0142aw Krajewski<\/strong> &#8211; ur. 1950, profesor w Instytucie Filozofii Uniwersytetu Warszawskiego, \u017cydowski wsp\u00f3\u0142przewodnicz\u0105cy Polskiej Rady Chrze\u015bcijan i \u017byd\u00f3w od jej powstania w roku 1990. Autor m.in. ksi\u0105\u017cek \u201e\u017bydzi, judaizm, Polska\u201d; \u201e54 komentarze do Tory dla nawet najmniej religijnych spo\u015br\u00f3d nas\u201d; \u201ePoland and the Jews: Reflections of a Polish Polish Jew\u201d; \u201eTajemnica Izraela a tajemnica Ko\u015bcio\u0142a\u201d; \u201eNasza \u017cydowsko\u015b\u0107\u201d; \u201eCo zawdzi\u0119czam dialogowi mi\u0119dzyreligijnemu i chrze\u015bcija\u0144stwu\u201d.<\/em><\/span><\/p>\n<hr style=\"height: 15px; background: #d0e6fa; width: 100%;\">\n<div id=\"content\" class=\"content-alignment\">\n<div id=\"watch-description\" class=\"yt-uix-button-panel\">\n<div id=\"watch-description-text\" style=\"text-align: center;\">\n<p><em>Zawarto\u015b\u0107 publikowanych artyku\u0142\u00f3w i materia\u0142\u00f3w nie reprezentuje pogl\u0105d\u00f3w ani opinii Reunion&#8217;68,<\/em><em><br \/>\nani te\u017c webmastera Blogu Reunion&#8217;68, chyba ze jest to wyra\u017anie zaznaczone.<br \/>\nTwoje uwagi, linki, w\u0142asne artyku\u0142y lub wiadomo\u015bci prze\u015blij na adres:<br \/>\n<\/em><span style=\"color: #000080;\"><strong><em><a style=\"color: #000080;\" href=\"mailto:webmaster@reunion68.com\"><span style=\"text-decoration: underline;\">webmaster@reunion68.com<\/span><\/a><\/em><\/strong><\/span><\/p>\n<\/div>\n<\/div>\n<\/div>\n<hr style=\"width: 100%;\">\n","protected":false},"excerpt":{"rendered":"<p>\u017bydzi i katolicy o uchod\u017acach Stanis\u0142aw Krajewski [ 28 kwietnia 2016 ] Fot. Episkopat.pl Wbrew trudnej historii Ko\u015bci\u00f3\u0142 katolicki jest obecnie jednym z najlepszych sojusznik\u00f3w dla \u017byd\u00f3w. I nie wydaje si\u0119 to koniunkturalne. . W kwietniu odby\u0142o si\u0119 w Warszawie spotkanie katolicko-\u017cydowskie na najwy\u017cszym szczeblu: konferencja Katolicko-\u017bydowskiego Komitetu \u0141\u0105czno\u015bci (International Catholic-Jewish Liaison Committee, ILC) \u201e\u00abInny\u00bb [&hellip;]<\/p>\n","protected":false},"author":1,"featured_media":0,"comment_status":"closed","ping_status":"closed","sticky":false,"template":"","format":"standard","meta":[],"categories":[6],"tags":[26,24],"_links":{"self":[{"href":"https:\/\/www.reunion68.se\/index.php?rest_route=\/wp\/v2\/posts\/91807"}],"collection":[{"href":"https:\/\/www.reunion68.se\/index.php?rest_route=\/wp\/v2\/posts"}],"about":[{"href":"https:\/\/www.reunion68.se\/index.php?rest_route=\/wp\/v2\/types\/post"}],"author":[{"embeddable":true,"href":"https:\/\/www.reunion68.se\/index.php?rest_route=\/wp\/v2\/users\/1"}],"replies":[{"embeddable":true,"href":"https:\/\/www.reunion68.se\/index.php?rest_route=%2Fwp%2Fv2%2Fcomments&post=91807"}],"version-history":[{"count":9,"href":"https:\/\/www.reunion68.se\/index.php?rest_route=\/wp\/v2\/posts\/91807\/revisions"}],"predecessor-version":[{"id":91994,"href":"https:\/\/www.reunion68.se\/index.php?rest_route=\/wp\/v2\/posts\/91807\/revisions\/91994"}],"wp:attachment":[{"href":"https:\/\/www.reunion68.se\/index.php?rest_route=%2Fwp%2Fv2%2Fmedia&parent=91807"}],"wp:term":[{"taxonomy":"category","embeddable":true,"href":"https:\/\/www.reunion68.se\/index.php?rest_route=%2Fwp%2Fv2%2Fcategories&post=91807"},{"taxonomy":"post_tag","embeddable":true,"href":"https:\/\/www.reunion68.se\/index.php?rest_route=%2Fwp%2Fv2%2Ftags&post=91807"}],"curies":[{"name":"wp","href":"https:\/\/api.w.org\/{rel}","templated":true}]}}