{"id":91983,"date":"2021-12-27T17:09:20","date_gmt":"2021-12-27T15:09:20","guid":{"rendered":"http:\/\/www.reunion68.se\/?p=91983"},"modified":"2021-12-27T09:06:15","modified_gmt":"2021-12-27T07:06:15","slug":"05-09-68","status":"publish","type":"post","link":"https:\/\/www.reunion68.se\/?p=91983","title":{"rendered":"B\u00f3g si\u0119 rodzi i islmofobia w kafkowskim \u015bwiecie"},"content":{"rendered":"<h5 style=\"text-align: center;\"><a href=\"http:\/\/www.listyznaszegosadu.pl\/\" target=\"_blank\" rel=\"noopener noreferrer\"><img decoding=\"async\" class=\"center alignleft\" src=\"http:\/\/www.reunion68.com\/Biuletyn\/img\/z-naszego.jpg\" alt=\"\" width=\"50%\" \/><\/a><span style=\"text-decoration: underline; color: #000080;\"><strong><a style=\"color: #000080; text-decoration: underline;\" href=\"http:\/\/www.listyznaszegosadu.pl\/nowy-ateizm-i-krytyka-religii\/balg-sie-rodzi-i-islmofobia-w-kafkowskim-swiecie\" target=\"_blank\" rel=\"noopener noreferrer\">B\u00f3g si\u0119 rodzi i islmofobia w kafkowskim \u015bwiecie<\/a><\/strong><\/span><\/h5>\n<p style=\"text-align: center;\"><span style=\"color: #000000;\"><strong>Andrzej Koraszewski<\/strong><\/span><\/p>\n<hr style=\"height: 15px; background: #d0e6fa; width: 100%;\" \/>\n<p><img decoding=\"async\" class=\"aligncenter\" src=\"http:\/\/www.listyznaszegosadu.pl\/upload\/article\/bild\/8404\/912175\/000_8WG6G6-e1607441257143-640x400_s.jpg\" width=\"100%\" \/><span style=\"color: #808080;\"><em>Ksi\u0105dz ogl\u0105daj\u0105cy rozmiar szk\u00f3d, po tym jak nieznany sprawca 4 grudnia 2020r. rozla\u0142 i podpali\u0142 p\u0142yn \u0142atwopalny na pod\u0142odze w ko\u015bciele we wschodniej Jerozolimie (Zdj\u0119cie: ilustruj\u0105ce artyku\u0142 w \u201eTimes of Israel\u201d)<\/em><\/span><\/p>\n<div class=\"templateArticleIngress\" style=\"text-align: left;\"><span style=\"color: #000080;\">Ateizm jest cz\u0119\u015bci\u0105 humanizmu. Nie jest tak zawsze, ma swoje\u00a0 mroczne karty, bywa p\u0142ytki jak kacze bajoro, bezmy\u015blny i oboj\u0119tny na ludzkie cierpienie. \u015awi\u0119ta Bo\u017cego Narodzenia podobnie jak Wielkanoc, to dla pobo\u017cnych muzu\u0142man\u00f3w wspania\u0142a okazja do mordowania chrze\u015bcijan. Kto\u015b mo\u017ce powiedzie\u0107 wierz\u0105cy si\u0119 morduj\u0105, chrze\u015bcija\u0144stwo te\u017c ma swoj\u0105 histori\u0119 mordowania niewiernych, a i dzi\u015b, mimo, \u017ce os\u0142abione, jego instytucje s\u0105 cz\u0119\u015bciej amoralne ni\u017c moralne. Oboj\u0119tno\u015b\u0107 na cierpienie innych jest sta\u0142\u0105 cz\u0119\u015bci\u0105 \u0142ajdactwa. Jak\u017ce \u0142agodn\u0105, przecie\u017c tylko odwracam oczy, tylko nie chc\u0119 wiedzie\u0107. Przecie\u017c nie mog\u0119 przejmowa\u0107 si\u0119 wszystkim.<\/span><\/div>\n<p style=\"text-align: left;\">\n<div class=\"templateArticleBrodtext\">\n<p style=\"text-align: left;\"><span style=\"color: #000080;\">Ci, kt\u00f3rzy krzycz\u0105 dzi\u015b o islamofobii s\u0105 najwi\u0119kszymi islamofobami, w rzeczywisto\u015bci islam, czy te\u017c to, co niekt\u00f3rzy nazywaj\u0105 islamizmem, radykalnym lub politycznym islamem, zmienia muzu\u0142man\u00f3w w morderc\u00f3w, w maszyny do zabijania. Maj\u0105 zabija\u0107 \u017byd\u00f3w, chrze\u015bcijan, muzu\u0142man\u00f3w, kt\u00f3rzy odmawiaj\u0105 mordowania. Chrze\u015bcija\u0144skie \u015bwi\u0119ta s\u0105 okazj\u0105 do zabijania chrze\u015bcijan. Kiedy my (wierz\u0105cy i\u00a0 niewierz\u0105cy) siadamy do \u015bwi\u0105tecznego sto\u0142u, gdzie\u015b w ko\u015bcio\u0142ach wybuchaj\u0105 bomby.<\/span><\/p>\n<p style=\"text-align: left;\">\n<span style=\"color: #000080;\">Czy mo\u017ce by\u0107 chrze\u015bcija\u0144skie Bo\u017ce Narodzenie lub Wielkanoc bez chrze\u015bcija\u0144skich trup\u00f3w? W ostatnich latach to si\u0119 nie zdarza\u0142o.<\/span><\/p>\n<p style=\"text-align: left;\">\n<span style=\"color: #000080;\">Tu\u017c przed tymi \u015bwi\u0119tami, 19 grudnia, arcybiskup Canterbury Justin Welby, prymas Ko\u015bcio\u0142a Anglii i \u00a0przyw\u00f3dca \u015bwiatowej anglika\u0144skiej wsp\u00f3lnoty, wysma\u017cy\u0142 razem z anglika\u0144skim arcybiskupem Jerozolimy Hosamem Naoumem artyku\u0142, kt\u00f3ry\u00a0<a style=\"color: #000080;\" href=\"https:\/\/www.thetimes.co.uk\/article\/let-us-pray-for-the-christians-being-driven-from-the-holy-land-f27wwksdh\">opublikowali<\/a>\u00a0na \u0142amach londy\u0144skiego \u201eTimesa\u201d. \u00a0Artyku\u0142 nosi tytu\u0142: \u201eM\u00f3dlmy si\u0119 za chrze\u015bcijan wygnanych z Ziemi \u015awi\u0119tej\u201d. Podtytu\u0142 g\u0142osi: \u201eW miejscu narodzin Ko\u015bcio\u0142a liczba wiernych kurczy si\u0119 w obliczu n\u0119kania i dyskryminacji\u201d. Artyku\u0142 ilustruje zdj\u0119cie meczetu Al Aksa widzianego przez szyb\u0119 ko\u015bcio\u0142a z widocznym\u00a0 krzy\u017cem. R\u00f3wnie\u017c podpis pod zdj\u0119ciem m\u00f3g\u0142by wskazywa\u0107 na pe\u0142n\u0105 \u015bwiadomo\u015b\u0107 tego, kto w\u0142a\u015bciwie wygania chrze\u015bcijan z \u201eZiemi \u015awi\u0119tej\u201d: \u201eOg\u00f3lna liczba chrze\u015bcijan w Izraelu wzrasta, ale we wschodniej Jerozolimie systematycznie maleje.\u201d M\u00f3g\u0142by czytelnik doj\u015b\u0107 do wniosku, \u017ce maleje liczba chrze\u015bcijan mieszkaj\u0105cych w\u015br\u00f3d Arab\u00f3w, a wzrasta liczba chrze\u015bcijan mieszkaj\u0105cych w\u015br\u00f3d \u017byd\u00f3w. Nie tak to jednak przedstawia dw\u00f3ch anglika\u0144skich arcybiskup\u00f3w.\u00a0\u00a0<\/span><\/p>\n<p style=\"text-align: left;\">\n<span style=\"color: #000080;\">Prymas Anglii, podobnie jak prymas Polski, to porz\u0105dny cz\u0142owiek, kt\u00f3ry trzyma si\u0119 prawdy okrojonej do rozmiar\u00f3w karykatury. Jeden z autor\u00f3w tego artyku\u0142u jest Palesty\u0144czykiem, kt\u00f3ry ma powody, \u017ceby by\u0107 ostro\u017cnym, chocia\u017c zupe\u0142nie nie mo\u017cemy wykluczy\u0107 szczerego g\u0142\u0119bokiego antysemityzmu. Zapewne zdaje sobie spraw\u0119, kto prze\u015bladuje chrze\u015bcijan na Bliskim Wschodzie, ale m\u00f3wienie o tym g\u0142o\u015bno stanowi \u015bmiertelne zagro\u017cenie dla niego samego i dla jego wsp\u00f3\u0142wyznawc\u00f3w. Tch\u00f3rzostwo i nieuczciwo\u015b\u0107 prymasa Anglii nie s\u0105 powodowane jakimkolwiek zagro\u017ceniem. Podejrzewam, \u017ce prymas (podobnie jak to robi\u0105 dyplomaci z europejskich demokracji, kiedy odrobin\u0119 \u0142agodz\u0105 antyizraelskie rezolucje przedstawiane \u00a0na forum ONZ przez Palesty\u0144czyk\u00f3w i inne kraje arabskie) pr\u00f3bowa\u0142 podczy\u015bci\u0107 swoje sumienie, \u0142agodz\u0105c sformu\u0142owania jerozolimskiego arcybiskupa. Artyku\u0142 zaczyna si\u0119 tak:<\/span><\/p>\n<blockquote>\n<p style=\"text-align: left;\"><strong>Bo\u017ce Narodzenie to czas, kiedy my\u015blimy o ziemi, kt\u00f3ra zrodzi\u0142a Bibli\u0119. \u00a0S\u0142uchamy jej fragment\u00f3w, \u015bpiewamy kol\u0119dy, w kt\u00f3rych pojawiaj\u0105 si\u0119 nazwy Jerozolimy, Nazaretu i Betlejem. Te miejsca s\u0105 bliskie miliardom (sic) chrze\u015bcijan, niezale\u017cnie, czy\u00a0 je odwiedzali, czy nie. Ale nie powinni\u015bmy ich romantyzowa\u0107, szczeg\u00f3lnie nie podczas obecnych \u015bwi\u0105t Bo\u017cego Narodzenia.<\/strong><\/p>\n<p style=\"text-align: left;\">\n<strong>W ubieg\u0142ym tygodniu przyw\u00f3dcy Jerozolimy uderzyli w dzwon alarmowy. We wsp\u00f3lnym o\u015bwiadczeniu napisali, \u017ce chrze\u015bcijanie w ca\u0142ej Ziemi \u015awi\u0119tej stali si\u0119 celem cz\u0119stych i utrzymuj\u0105cych si\u0119 atak\u00f3w ze strony ma\u0142ych, radykalnych grup.<\/strong><\/p>\n<\/blockquote>\n<p style=\"text-align: left;\"><span style=\"color: #000080;\">Poniewa\u017c w tym o\u015bwiadczeniu jest wyra\u017anie mowa o \u017cydowskich ekstremistach zaniepokoi\u0142em si\u0119, \u017ce co\u015b musia\u0142em przeoczy\u0107, co wi\u0119cej, \u017ce przeoczy\u0142y to r\u00f3wnie\u017c najbardziej antyizraelskie \u017ar\u00f3d\u0142a. W poszukiwaniu tych \u201ecz\u0119stych i utrzymuj\u0105cych si\u0119 atak\u00f3w\u201d natrafi\u0142em na artyku\u0142 w \u201eTimes of Israel\u201d, gdzie istotnie\u00a0<span style=\"text-decoration: underline;\"><strong><a style=\"color: #000080; text-decoration: underline;\" href=\"https:\/\/www.timesofisrael.com\/jerusalem-church-leaders-warn-radical-groups-driving-christians-from-holy-land\/\">mamy nawet zdj\u0119cia<\/a><\/strong><\/span>\u00a0podpalonej sterty drewnianych krzy\u017cyk\u00f3w z maja 2014 i \u015blad\u00f3w ognia na pod\u0142odze ko\u015bcio\u0142a z grudnia 2020 roku. Autor artyku\u0142u pisze r\u00f3wnie\u017c o przypadkach wrogich graffiti wymalowanych na murach chrze\u015bcija\u0144skim ko\u015bcio\u0142\u00f3w i przypisywanych \u017cydowskim ekstremistom. Nie musz\u0119 dodawa\u0107, \u017ce izraelska policja bezwzgl\u0119dnie \u015bciga taki wandalizm.<\/span><\/p>\n<p style=\"text-align: left;\">\n<span style=\"color: #000080;\">W \u201eSpectatorze\u201d\u00a0<span style=\"text-decoration: underline;\"><strong><a style=\"color: #000080; text-decoration: underline;\" href=\"https:\/\/www.spectator.co.uk\/article\/welby-israel-and-the-meaning-of-persecution\">zwraca uwag\u0119<\/a>\u00a0<\/strong><\/span>na artyku\u0142 dw\u00f3ch arcybiskup\u00f3w znany brytyjski dziennikarz, Jake Wallis Simons. Jego artyku\u0142 zaczyna si\u0119 od relacji z chrze\u015bcija\u0144skiej Wielkanocy w 2019 roku:<\/span><\/p>\n<blockquote>\n<p style=\"text-align: left;\"><strong>Przyjecha\u0142em do Kolombo rano po ataku i uda\u0142em si\u0119 prosto do kostnicy, aby zidentyfikowa\u0107 niekt\u00f3re z 269 ofiar.\u00a0Betonowy budynek z \u0142adnym drewnianym dachem by\u0142 wype\u0142niony ogromn\u0105 liczb\u0105 zabitych chrze\u015bcijan.\u00a0Kilka cia\u0142 le\u017ca\u0142o na pod\u0142odze przy wej\u015bciu, niekt\u00f3re tylko cz\u0119\u015bciowo zakryte.\u00a0By\u0142o bardzo gor\u0105co i wilgotno, a smr\u00f3d utrzymywa\u0142 si\u0119 w moich ubraniach przez tygodnie.\u00a0Na zewn\u0105trz kostnicy ustawiono komputer.\u00a0Zrozpaczeni krewni ogl\u0105dali slajdy z cz\u0119\u015bciami cia\u0142, aby sprawdzi\u0107, czy uda im si\u0119 rozpozna\u0107 k\u0119pk\u0119 w\u0142os\u00f3w, fragment ucha lub palec, na kt\u00f3rym nadal jest pier\u015bcionek.<\/strong><\/p>\n<\/blockquote>\n<p style=\"text-align: left;\"><span style=\"color: #000080;\">Autor przypomina panu prymasowi, \u017ce tak wygl\u0105da prze\u015bladowanie chrze\u015bcijan. Sri Lanka nie jest jedynym miejscem, gdzie chrze\u015bcija\u0144skie \u015bwi\u0119ta cz\u0119sto przeradzaj\u0105 si\u0119 w chrze\u015bcija\u0144ski koszmar. Te prze\u015bladowania nazywa si\u0119 cz\u0119sto ludob\u00f3jstwem chrze\u015bcijan w \u015bwiecie islamu. O tym ludob\u00f3jstwie milcz\u0105 nie tylko biskupi Jerozolimy. Uparcie milczy o nim papie\u017c, prymas Anglii, \u015awiatowa Rada Ko\u015bcio\u0142\u00f3w i pobo\u017cni kwakrzy. W o\u015bwiadczeniu chrze\u015bcija\u0144skich przyw\u00f3dc\u00f3w Jerozolimy przyznaje si\u0119 jednym zdaniem, \u017ce \u201echrze\u015bcijanie w Izraelu ciesz\u0105 si\u0119 wolno\u015bciami demokratycznymi i religijnymi, kt\u00f3re s\u0105 latarni\u0105 morsk\u0105 w regionie\u201d. Reszta tego o\u015bwiadczenia, wydaje si\u0119 by\u0107 uk\u0142onem pod adresem tych, kt\u00f3rych obawiaj\u0105 si\u0119 rzeczywi\u015bcie, czyli oskar\u017ceniem \u017byd\u00f3w na zlecenie muzu\u0142man\u00f3w, arcybiskup Canterbury us\u0142u\u017cnie si\u0119 do\u0142\u0105czy\u0142. \u00a0\u00a0\u00a0\u00a0\u00a0\u00a0\u00a0<\/span><\/p>\n<p style=\"text-align: left;\">\n<span style=\"color: #000080;\">Jake Wallis Simons pisze, \u017ce \u201cArcybiskupi zadbali o przypomnienie czytelnikom, \u017ce \u2018w tle bo\u017cego narodzenia \u00a0by\u0142o ludob\u00f3jstwo niemowl\u0105t, kt\u00f3rego dokona\u0142 kr\u00f3l Herod\u2019\u201d. Ani o\u015bwiadczenie jerozolimskich przyw\u00f3dc\u00f3w chrze\u015bcijan, ani artyku\u0142 dw\u00f3ch arcybiskup\u00f3w nie wspomina, \u017ce\u00a0\u00a0 \u201epopulacja chrze\u015bcija\u0144ska w regionie Bliskiego Wschodu zmniejszy\u0142a si\u0119 z 20 procent sto lat temu do zaledwie 5 procent dzisiaj (co jest echem niemal ca\u0142kowitego wyp\u0119dzenia \u017byd\u00f3w, kt\u00f3re mia\u0142o miejsce pod koniec lat 40. i 50. XX wieku)\u201d.<\/span><\/p>\n<p style=\"text-align: left;\">\n<span style=\"color: #000080;\">W Afryce chrze\u015bcijanie s\u0105 mordowani ca\u0142ymi wioskami niemal codziennie, w Pakistanie i w Egipcie tylko cz\u0119sto, \u201ew Iraku, Iranie i Turcji antychrze\u015bcija\u0144ska propaganda pa\u0144stwowa jest powszechna\u201d. Ankara cz\u0119sto m\u00f3wi o wyznawcach Chrystusa jako \u201ezagro\u017ceniu dla stabilno\u015bci narodu\u201d, przedstawiaj\u0105c ich jako zachodnich kolaborant\u00f3w.\u00a0W Arabii Saudyjskiej podr\u0119czniki szkolne, kt\u00f3rych u\u017cywa si\u0119 do kszta\u0142towania umys\u0142\u00f3w nast\u0119pnego pokolenia, \u201epodsycaj\u0105 nienawi\u015b\u0107 do chrze\u015bcijan i \u017byd\u00f3w.\u201d<\/span><\/p>\n<p style=\"text-align: left;\">\n<span style=\"color: #000080;\">Czy te \u015bwi\u0119ta\u00a0 min\u0105 w miar\u0119 spokojnie? Izraelscy chrze\u015bcijanie nie musz\u0105 obawia\u0107 si\u0119 o swoje \u017cycie, tam chroni ich izraelska policja. Dramat innych chrze\u015bcijan hierarch\u00f3w Ko\u015bcio\u0142\u00f3w nie interesuje, ich humanizm tak daleko nie si\u0119ga. Oni uprawiaj\u0105 dialog mi\u0119dzywyznaniowy. My nie musimy i mo\u017cemy przynajmniej spr\u00f3bowa\u0107 si\u0119 dowiedzie\u0107, kto tych \u015bwi\u0105t nie zdo\u0142a\u0142 prze\u017cy\u0107. Ateizm nie powinien ludzkim odruchom przeszkadza\u0107. Religia w\u0142a\u015bciwie te\u017c nie, mo\u017cna dostrzega\u0107 zbrodnie niezale\u017cnie od koloru sk\u00f3ry, narodowo\u015bci, czy wyznania ofiar i niezale\u017cnie od wyznania sprawc\u00f3w.<\/span><\/p>\n<\/div>\n<hr style=\"height: 15px; background: #d0e6fa; width: 100%;\" \/>\n<div id=\"content\" class=\"content-alignment\">\n<div id=\"watch-description\" class=\"yt-uix-button-panel\">\n<div id=\"watch-description-text\" style=\"text-align: center;\">\n<p><em>Zawarto\u015b\u0107 publikowanych artyku\u0142\u00f3w i materia\u0142\u00f3w nie reprezentuje pogl\u0105d\u00f3w ani opinii Reunion&#8217;68,<\/em><em><br \/>\nani te\u017c webmastera Blogu Reunion&#8217;68, chyba ze jest to wyra\u017anie zaznaczone.<br \/>\nTwoje uwagi, linki, w\u0142asne artyku\u0142y lub wiadomo\u015bci prze\u015blij na adres:<br \/>\n<\/em><span style=\"color: #000080;\"><strong><em><a style=\"color: #000080;\" href=\"mailto:webmaster@reunion68.com\"><span style=\"text-decoration: underline;\">webmaster@reunion68.com<\/span><\/a><\/em><\/strong><\/span><\/p>\n<\/div>\n<\/div>\n<\/div>\n<hr style=\"width: 100%;\" \/>\n","protected":false},"excerpt":{"rendered":"<p>B\u00f3g si\u0119 rodzi i islmofobia w kafkowskim \u015bwiecie Andrzej Koraszewski Ksi\u0105dz ogl\u0105daj\u0105cy rozmiar szk\u00f3d, po tym jak nieznany sprawca 4 grudnia 2020r. rozla\u0142 i podpali\u0142 p\u0142yn \u0142atwopalny na pod\u0142odze w ko\u015bciele we wschodniej Jerozolimie (Zdj\u0119cie: ilustruj\u0105ce artyku\u0142 w \u201eTimes of Israel\u201d) Ateizm jest cz\u0119\u015bci\u0105 humanizmu. Nie jest tak zawsze, ma swoje\u00a0 mroczne karty, bywa p\u0142ytki [&hellip;]<\/p>\n","protected":false},"author":1,"featured_media":0,"comment_status":"closed","ping_status":"closed","sticky":false,"template":"","format":"standard","meta":[],"categories":[6],"tags":[26,24],"_links":{"self":[{"href":"https:\/\/www.reunion68.se\/index.php?rest_route=\/wp\/v2\/posts\/91983"}],"collection":[{"href":"https:\/\/www.reunion68.se\/index.php?rest_route=\/wp\/v2\/posts"}],"about":[{"href":"https:\/\/www.reunion68.se\/index.php?rest_route=\/wp\/v2\/types\/post"}],"author":[{"embeddable":true,"href":"https:\/\/www.reunion68.se\/index.php?rest_route=\/wp\/v2\/users\/1"}],"replies":[{"embeddable":true,"href":"https:\/\/www.reunion68.se\/index.php?rest_route=%2Fwp%2Fv2%2Fcomments&post=91983"}],"version-history":[{"count":4,"href":"https:\/\/www.reunion68.se\/index.php?rest_route=\/wp\/v2\/posts\/91983\/revisions"}],"predecessor-version":[{"id":91993,"href":"https:\/\/www.reunion68.se\/index.php?rest_route=\/wp\/v2\/posts\/91983\/revisions\/91993"}],"wp:attachment":[{"href":"https:\/\/www.reunion68.se\/index.php?rest_route=%2Fwp%2Fv2%2Fmedia&parent=91983"}],"wp:term":[{"taxonomy":"category","embeddable":true,"href":"https:\/\/www.reunion68.se\/index.php?rest_route=%2Fwp%2Fv2%2Fcategories&post=91983"},{"taxonomy":"post_tag","embeddable":true,"href":"https:\/\/www.reunion68.se\/index.php?rest_route=%2Fwp%2Fv2%2Ftags&post=91983"}],"curies":[{"name":"wp","href":"https:\/\/api.w.org\/{rel}","templated":true}]}}