{"id":92200,"date":"2022-01-22T17:05:36","date_gmt":"2022-01-22T15:05:36","guid":{"rendered":"http:\/\/www.reunion68.se\/?p=92200"},"modified":"2022-01-14T12:12:10","modified_gmt":"2022-01-14T10:12:10","slug":"13-09-51","status":"publish","type":"post","link":"https:\/\/www.reunion68.se\/?p=92200","title":{"rendered":"Zna\u0142am Janka Lity\u0144skiego. Tym bardziej poruszy\u0142y mnie nieprawdziwe informacje w jego autobiografii"},"content":{"rendered":"<h5 style=\"text-align: center;\"><a href=\"https:\/\/wyborcza.pl\/\" target=\"_blank\" rel=\"noopener noreferrer\"><img decoding=\"async\" class=\"center alignleft\" src=\"http:\/\/www.reunion68.com\/Biuletyn\/img\/wyborcza-ale.png\" alt=\"\" width=\"35%\"><\/a><span style=\"text-decoration: underline; color: #000080;\"><span><strong><a style=\"color: #000080; text-decoration: underline;\" href=\"https:\/\/wyborcza.pl\/alehistoria\/7,121681,27968676,znalam-janka-litynskiego-tym-bardziej-poruszyly-mnie-nieprawdziwe.html\" target=\"_blank\" rel=\"noopener noreferrer\">Zna\u0142am Janka Lity\u0144skiego. Tym bardziej poruszy\u0142y mnie nieprawdziwe informacje w jego autobiografii<\/a><\/strong><\/span><\/span><\/h5>\n<p style=\"text-align: center;\"><span style=\"color: #000000;\"><strong>Zofia Gromiec<\/strong><\/span><\/p>\n<hr style=\"height: 15px; background: #d0e6fa; width: 100%;\">\n<p style=\"text-align: center;\"><img decoding=\"async\" class=\"aligncenter\" src=\"https:\/\/bi.im-g.pl\/im\/f6\/9e\/19\/z26864886V,Jan-Litynski-w-dniu-odtajnienia-archiwum-MON-ws--M.jpg\" width=\"100%\"><span style=\"color: #808080;\"><em>Jan Lity\u0144ski w dniu odtajnienia archiwum MON ws. Marca &#8217;68. Warszawa, 8 marca 2001 (Fot. Maciej Zienkiewicz \/ AG)<\/em><\/span><\/p>\n<h4 style=\"text-align: center;\"><span style=\"color: #808080;\"><strong>Najwa\u017cniejsze przek\u0142amanie dotyczy rzekomego cz\u0142onkostwa W\u0142odka w partii. Ot\u00f3\u017c tu burzy si\u0119 krew, poniewa\u017c m\u00f3j M\u0105\u017c nigdy do partii nie nale\u017ca\u0142.<\/strong><\/span><\/h4>\n<p>.<\/p>\n<p class=\"art_paragraph\" style=\"text-align: left;\"><span style=\"color: #000080;\">W autobiografii Jana Lity\u0144skiego znalaz\u0142a si\u0119 wzmianka o moim nie\u017cyj\u0105cym ju\u017c M\u0119\u017cu&nbsp;<span style=\"text-decoration: underline;\"><strong><a class=\"art_link\" style=\"color: #000080; text-decoration: underline;\" href=\"https:\/\/encysol.pl\/es\/encyklopedia\/biogramy\/22847,Gromiec-Wlodzimierz.html\" rel=\"nofollow\">W\u0142odzimierzu Gromcu<\/a><\/strong><\/span>. Z Jankiem Lity\u0144skim znali\u015bmy si\u0119, w latach 70. kontakty by\u0142y bliskie, po roku 1989 \u2013 tylko okazjonalne. Tym bardziej poruszy\u0142y mnie nieprawdziwe informacje zawarte na niewielu w ko\u0144cu linijkach tekstu. Wymagaj\u0105 one sprostowania, gdy\u017c buduj\u0105 nieprawdziwy obraz W\u0142odka jako cz\u0142owieka, nauczyciela, opozycjonisty. Po kolei, poczynaj\u0105c od mniej wa\u017cnych:<\/span><\/p>\n<p class=\"art_paragraph\" style=\"text-align: left;\"><span style=\"color: #000080;\">Nieprawdziwa jest informacja, jakoby W\u0142odek by\u0142 \u201eschorowany&#8221; i pe\u0142en pesymizmu \u2013 to on podtrzymywa\u0142 nas na duchu i kre\u015bli\u0142 ja\u015bniejsze perspektywy.<\/span><\/p>\n<div class=\"paywall\">\n<p class=\"art_paragraph\" style=\"text-align: left;\"><span style=\"color: #000080;\">To nie Jacek (Bierezin) wprowadza\u0142 W\u0142odka do opozycji \u2013 by\u0142 on tylko jego wdzi\u0119cznym uczniem, z czasem bardzo zaprzyja\u017anionym, a W\u0142odek, kt\u00f3ry tak jak ja przyjecha\u0142 do \u0141odzi z Warszawy, tam mia\u0142 swoje \u015brodowisko i wcze\u015bniejsze kontakty, kt\u00f3re z czasem sta\u0142y si\u0119 opozycj\u0105.<\/span><\/p>\n<p class=\"art_paragraph\" style=\"text-align: left;\"><span style=\"color: #000080;\">Ale najwa\u017cniejsze, fundamentalne przek\u0142amanie dotyczy rzekomego cz\u0142onkostwa W\u0142odka w partii, z kt\u00f3rej to partii mia\u0142 wyst\u0105pi\u0107 po podpisaniu listu w obronie robotnik\u00f3w w 1976 r. Ot\u00f3\u017c tu burzy si\u0119 krew, poniewa\u017c W\u0142odek nigdy do partii nie nale\u017ca\u0142. Przeciwnie \u2013 za swoje niezale\u017cne pogl\u0105dy, za niekwestionowany autorytet w\u015br\u00f3d student\u00f3w, kt\u00f3rych pogl\u0105dy i postawy kszta\u0142towa\u0142, sta\u0142 si\u0119 obiektem zainteresowania s\u0142u\u017cb SB i uczelnianych partyjnych prominent\u00f3w. Skutkowa\u0142o to najpierw (w 1975 r.) odsuni\u0119ciem od zaj\u0119\u0107 ze studentami (bo \u201emia\u0142 na nich z\u0142y wp\u0142yw&#8221;) , a rok p\u00f3\u017aniej wyrzuceniem z pracy na Uniwersytecie \u0141\u00f3dzkim. (Nb. na Uniwersytet powr\u00f3ci\u0142 po d\u0142ugotrwa\u0142ej interwencji miejscowej i uczelnianej \u201eSolidarno\u015bci&#8221; wiosn\u0105 1981 r.). To, a nast\u0119pnie wsp\u00f3\u0142praca z KOR sprawi\u0142y, \u017ce ju\u017c wieczorem 12&nbsp;grudnia 1981 r. zosta\u0142 internowany, i kolejne dziesi\u0119\u0107 miesi\u0119cy sp\u0119dzi\u0142 w wi\u0119zieniach \u0141\u0119czycy, \u0141owicza i Kwidzyna.<\/span><\/p>\n<p class=\"art_paragraph\" style=\"text-align: left;\"><span style=\"color: #000080;\">Warto te\u017c wspomnie\u0107 o trwaj\u0105cych a\u017c do po\u0142owy lat 80. szykanach ze strony SB \u2013 inwigilacja, pods\u0142uchy, torpedowanie stara\u0144 o prac\u0119, rozsy\u0142anie tzw. fa\u0142szywek nas dotycz\u0105cych, do bli\u017cszych i dalszych znajomych, przechwytywanie korespondencji itp. W \u015bwietle tego, co powy\u017cej, skwitowanie postawy W\u0142odka nieprawdziwym \u201ewyst\u0105pi\u0142 z partii&#8221; jest szczeg\u00f3lnie krzywdz\u0105ce i bolesne, tym bardziej \u017ce znalaz\u0142o si\u0119 to w tek\u015bcie Janka i a\u017c trudno mi uwierzy\u0107, \u017ce tak napisa\u0142 on, a nie redaguj\u0105cy ksi\u0105\u017ck\u0119.<\/span><\/p>\n<p class=\"art_paragraph\" style=\"text-align: left;\"><span style=\"color: #000080;\">Jeszcze kilka s\u0142\u00f3w dotycz\u0105cych mojej osoby. Prawd\u0105 jest, \u017ce po studiach pracowa\u0142am w cenzurze, z kt\u00f3rej zosta\u0142am wyrzucona w 1975 r., podobnie jak kilka lat p\u00f3\u017aniej z Wydawnictwa \u0141\u00f3dzkiego (tu, tak jak W\u0142odka, przywr\u00f3cono mnie po interwencji \u201eSolidarno\u015bci&#8221; w 1981 r.) A za swoj\u0105 postaw\u0119 i dzia\u0142alno\u015b\u0107 przed i po grudniu 1981 r. zosta\u0142am internowana i osadzona w Go\u0142dapi.<\/span><\/p>\n<p class=\"art_paragraph\" style=\"text-align: left;\"><span style=\"color: #000080;\">Podkre\u015blam jednak, \u017ce najwa\u017cniejsz\u0105 dla mnie kwesti\u0105 jest sprostowanie nieprawdziwej informacji o rzekomej partyjnej przynale\u017cno\u015bci W\u0142odka. I tego oczekuj\u0119, i o to usilnie prosz\u0119.<\/span><\/p>\n<\/div>\n<hr style=\"height: 15px; background: #d0e6fa; width: 100%;\">\n<div id=\"content\" class=\"content-alignment\">\n<div id=\"watch-description\" class=\"yt-uix-button-panel\">\n<div id=\"watch-description-text\" style=\"text-align: center;\">\n<p><em>Zawarto\u015b\u0107 publikowanych artyku\u0142\u00f3w i materia\u0142\u00f3w nie reprezentuje pogl\u0105d\u00f3w ani opinii Reunion&#8217;68,<\/em><em><br \/>\nani te\u017c webmastera Blogu Reunion&#8217;68, chyba ze jest to wyra\u017anie zaznaczone.<br \/>\nTwoje uwagi, linki, w\u0142asne artyku\u0142y lub wiadomo\u015bci prze\u015blij na adres:<br \/>\n<\/em><span style=\"color: #000080;\"><strong><em><a style=\"color: #000080;\" href=\"mailto:webmaster@reunion68.com\"><span style=\"text-decoration: underline;\">webmaster@reunion68.com<\/span><\/a><\/em><\/strong><\/span><\/p>\n<\/div>\n<\/div>\n<\/div>\n<hr style=\"width: 100%;\">\n","protected":false},"excerpt":{"rendered":"<p>Zna\u0142am Janka Lity\u0144skiego. Tym bardziej poruszy\u0142y mnie nieprawdziwe informacje w jego autobiografii Zofia Gromiec Jan Lity\u0144ski w dniu odtajnienia archiwum MON ws. Marca &#8217;68. Warszawa, 8 marca 2001 (Fot. Maciej Zienkiewicz \/ AG) Najwa\u017cniejsze przek\u0142amanie dotyczy rzekomego cz\u0142onkostwa W\u0142odka w partii. Ot\u00f3\u017c tu burzy si\u0119 krew, poniewa\u017c m\u00f3j M\u0105\u017c nigdy do partii nie nale\u017ca\u0142. . [&hellip;]<\/p>\n","protected":false},"author":1,"featured_media":0,"comment_status":"closed","ping_status":"closed","sticky":false,"template":"","format":"standard","meta":[],"categories":[6],"tags":[26,24],"_links":{"self":[{"href":"https:\/\/www.reunion68.se\/index.php?rest_route=\/wp\/v2\/posts\/92200"}],"collection":[{"href":"https:\/\/www.reunion68.se\/index.php?rest_route=\/wp\/v2\/posts"}],"about":[{"href":"https:\/\/www.reunion68.se\/index.php?rest_route=\/wp\/v2\/types\/post"}],"author":[{"embeddable":true,"href":"https:\/\/www.reunion68.se\/index.php?rest_route=\/wp\/v2\/users\/1"}],"replies":[{"embeddable":true,"href":"https:\/\/www.reunion68.se\/index.php?rest_route=%2Fwp%2Fv2%2Fcomments&post=92200"}],"version-history":[{"count":4,"href":"https:\/\/www.reunion68.se\/index.php?rest_route=\/wp\/v2\/posts\/92200\/revisions"}],"predecessor-version":[{"id":92423,"href":"https:\/\/www.reunion68.se\/index.php?rest_route=\/wp\/v2\/posts\/92200\/revisions\/92423"}],"wp:attachment":[{"href":"https:\/\/www.reunion68.se\/index.php?rest_route=%2Fwp%2Fv2%2Fmedia&parent=92200"}],"wp:term":[{"taxonomy":"category","embeddable":true,"href":"https:\/\/www.reunion68.se\/index.php?rest_route=%2Fwp%2Fv2%2Fcategories&post=92200"},{"taxonomy":"post_tag","embeddable":true,"href":"https:\/\/www.reunion68.se\/index.php?rest_route=%2Fwp%2Fv2%2Ftags&post=92200"}],"curies":[{"name":"wp","href":"https:\/\/api.w.org\/{rel}","templated":true}]}}