{"id":92304,"date":"2022-01-09T17:09:24","date_gmt":"2022-01-09T15:09:24","guid":{"rendered":"http:\/\/www.reunion68.se\/?p=92304"},"modified":"2022-01-09T16:07:22","modified_gmt":"2022-01-09T14:07:22","slug":"17-05-73","status":"publish","type":"post","link":"https:\/\/www.reunion68.se\/?p=92304","title":{"rendered":"Pomnik polskiej cnoty, czyli skandal w Treblince"},"content":{"rendered":"<h5 style=\"text-align: center;\"><a href=\"https:\/\/wyborcza.pl\/\" target=\"_blank\" rel=\"noopener noreferrer\"><img decoding=\"async\" class=\"center alignleft\" src=\"http:\/\/www.reunion68.com\/Biuletyn\/img\/wyborcza-ale.png\" alt=\"\" width=\"35%\" \/><\/a><span style=\"text-decoration: underline; color: #000080;\"><strong><a style=\"color: #000080; text-decoration: underline;\" href=\"https:\/\/wyborcza.pl\/alehistoria\/7,121681,27980443,pomnik-polskiej-cnoty-czyli-kandal-w-treblince.html\" target=\"_blank\" rel=\"noopener noreferrer\">Pomnik polskiej cnoty, czyli skandal w Treblince<\/a><\/strong><\/span><\/h5>\n<p style=\"text-align: center;\"><span style=\"color: #000000;\"><strong>Jan Grabowski<\/strong><\/span><\/p>\n<hr style=\"height: 15px; background: #d0e6fa; width: 100%;\" \/>\n<p style=\"text-align: center;\"><img decoding=\"async\" class=\"aligncenter\" src=\"https:\/\/bi.im-g.pl\/im\/8c\/8f\/1a\/z27852172V,Uroczystosc-upamietniajaca-Jana-Maletke--zamordowa.jpg\" width=\"100%\" \/><span style=\"color: #808080;\"><em>Uroczysto\u015b\u0107 upami\u0119tniaj\u0105ca Jana Maletk\u0119, zamordowanego za podanie \u017bydom wody na stacji kolejowej w Treblince. Wydarzenie wie\u0144czy\u0142o edycj\u0119 programu &#8216;Zawo\u0142ani po imieniu&#8217; w 2021 r. Przemawia Magdalena Gawin, wiceministra kultury (Fot. PatMic \/ Instytut Pileckiego)<\/em><\/span><\/p>\n<p style=\"text-align: left;\"><span style=\"color: #000080;\">Stawianie pomnika Polakowi za pomaganie \u017bydom w Treblince budzi oburzenie. Nie jest mi znana ani jedna relacja \u017cydowska, kt\u00f3ra m\u00f3wi\u0142aby o bezinteresownej pomocy niesionej przez tamtejsz\u0105 ludno\u015b\u0107. W \u017ar\u00f3dlach znalaz\u0142em chciwo\u015b\u0107, wyrachowanie i okrucie\u0144stwo.<\/span><\/p>\n<p class=\"art_paragraph\" style=\"text-align: left;\"><span style=\"color: #000080;\"><a class=\"art_link\" style=\"color: #000080;\" href=\"https:\/\/instytutpileckiego.pl\/pl\/zawolani-po-imieniu\/relacje-z-upamietnien\/upamietnienie-jana-maletki-w-treblince\" rel=\"nofollow\"><span style=\"text-decoration: underline;\"><strong>25 listopada 2021 r. na by\u0142ej stacji kolejowej w Treblince Instytut Pileckiego ods\u0142oni\u0142 pomnik upami\u0119tniaj\u0105cy Jana Maletk\u0119<\/strong><\/span><\/a>, pracownika kolejowego, kt\u00f3ry w sierpniu 1942 r. zosta\u0142 tam zabity za przynoszenie wody \u017bydom zwo\u017conym transportami \u015bmierci do obozu zag\u0142ady. Je\u017celi wierzy\u0107 urz\u0119dnikom z IP \u2013 co dla historyka Zag\u0142ady jest ryzykowne \u2013 Maletka ni\u00f3s\u0142 pomoc z pobudek altruistycznych, bez ch\u0119ci zarobku.<\/span><\/p>\n<p class=\"art_paragraph\" style=\"text-align: left;\"><span style=\"color: #000080;\">Pomnik w Treblince jest kolejnym upami\u0119tnieniem w ramach akcji IP \u201eZawo\u0142ani po imieniu&#8221;. Celem tego programu finansowanego przez pa\u0144stwo jest uczczenie Polak\u00f3w, kt\u00f3rzy stracili \u017cycie, nios\u0105c pomoc \u017bydom w czasie Zag\u0142ady. Podczas uroczysto\u015bci \u00f3wczesna wiceministra kultury i dziedzictwa narodowego Magdalena Gawin, kt\u00f3ra zrezygnowa\u0142a z funkcji i 1 stycznia zosta\u0142a dyrektork\u0105 IP, powiedzia\u0142a: \u201eTo miejsce jest tak szczeg\u00f3lne i naznaczone takim cierpieniem tysi\u0119cy niewinnych ludzi, \u017ce musimy wszyscy pracowa\u0107 nad tym, \u017ceby z tego nieszcz\u0119\u015bcia, z po\u015bwi\u0119cenia si\u0119 m\u0142odego ch\u0142opaka, powsta\u0142o dobro. Dobro musi zawsze zwyci\u0119\u017cy\u0107&#8221;.<\/span><\/p>\n<p class=\"art_paragraph\" style=\"text-align: center;\"><span class=\"imageUOM parent-box-label-related\"><br \/>\n<img decoding=\"async\" class=\"aligncenter\" src=\"https:\/\/bi.im-g.pl\/im\/8e\/8f\/1a\/z27852174IH,Uroczystosc-upamietniajaca-Jana-Maletke--zamordowa.jpg\" alt=\"Uroczysto\u015b\u0107 upami\u0119tniaj\u0105ca Jana Maletk\u0119, zamordowanego za podanie \u017bydom wody na stacji kolejowej w Treblince. Wydarzenie wie\u0144czy\u0142o edycj\u0119 programu 'Zawo\u0142ani po imieniu' w 2021 r.\" width=\"100%\" \/><span style=\"color: #808080;\"><em><span class=\"photoAuthor\"><span class=\"photoTitle\">Uroczysto\u015b\u0107 upami\u0119tniaj\u0105ca Jana Maletk\u0119, zamordowanego za podanie \u017bydom wody na stacji kolejowej w Treblince. Wydarzenie wie\u0144czy\u0142o edycj\u0119 programu &#8216;Zawo\u0142ani po imieniu&#8217; w 2021 r.<\/span>\u00a0Fot. PatMic \/ Instytut Pileckiego<\/span><\/em><\/span><\/span><\/p>\n<p class=\"art_paragraph\" style=\"text-align: left;\"><span style=\"color: #000080;\">Takie s\u0142owa w Treblince zakrawaj\u0105 na kpin\u0119, na szyderstwo z pami\u0119ci pomordowanych. S\u0142owa urz\u0119dniczki odpowiedzialnej za \u201ew\u0142a\u015bciw\u0105&#8221; wyk\u0142adni\u0119 historii wskazuj\u0105 dobitnie, \u017ce zarz\u0105dzaj\u0105cy polsk\u0105 pami\u0119ci\u0105 nie maj\u0105 poj\u0119cia o charakterze miejsca, w kt\u00f3rym si\u0119 znale\u017ali, a \u015bmier\u0107 900 tys. \u017byd\u00f3w nie ma dla nich znaczenia wobec dora\u017anych potrzeb polskiej polityki historycznej.<\/span><\/p>\n<h5 class=\"art_sub_title\" style=\"text-align: left;\"><strong>Akcja Mazowsze<\/strong><\/h5>\n<p class=\"art_paragraph\" style=\"text-align: left;\"><span style=\"color: #000080;\">Warto odnotowa\u0107 zdumiewaj\u0105c\u0105 predylekcj\u0119 IP do upami\u0119tniania Polak\u00f3w na wschodnim Mazowszu, na terenach wok\u00f3\u0142 Treblinki, w powiatach w\u0119growskim i soko\u0142owskim. Nie wolno zapomnie\u0107 o powiecie ostrowskim, sk\u0105d pochodzi rodzina Magdaleny Gawin i gdzie IP ods\u0142oni\u0142 \u2013 opieraj\u0105c si\u0119 na budz\u0105cych w\u0105tpliwo\u015bci dowodach \u2013 pomnik ku czci jej krewnej. Urz\u0119dnicy Instytutu na tym terenie postawili ju\u017c pomniki w Wapniewie, Czy\u017cewie-Sutkach, Treblince, Nurze, Sadownem, Por\u0119bach-Koc\u0119bach, Sterdyni, Ostrowi Mazowieckiej, W\u0119growie i Stoczku. Ten geograficzny fokus jest wi\u0119cej ni\u017c dzie\u0142em przypadku, gdy\u017c mapa \u201epolskiego po\u015bwi\u0119cenia dla \u017byd\u00f3w&#8221; jest najg\u0119stsza na terenach by\u0142ego dystryktu krakowskiego i radomskiego. W rzeczywisto\u015bci wschodnie Mazowsze \u2013 szczeg\u00f3lnie tereny wok\u00f3\u0142 obozu w Treblince \u2013 by\u0142y miejscem zawzi\u0119tego polowania na \u017cydowskich zbieg\u00f3w, a nie ich ratowania! Je\u017celi jednak celem IP jest \u201eneutralizacja&#8221; pami\u0119ci o \u017cydowskim cierpieniu w Treblince i rewindykacja \u017cydowskiej tragedii na u\u017cytek polskiej pami\u0119ci, to ten fokus staje si\u0119 zrozumia\u0142y.<\/span><\/p>\n<p class=\"art_paragraph\" style=\"text-align: left;\"><span style=\"color: #000080;\">Erygowanie pomnika po\u015bwi\u0119conego Polakowi ratuj\u0105cemu \u017byd\u00f3w w miejscu u\u015bwi\u0119conym krwi\u0105 setek tysi\u0119cy ofiar Holokaustu jest nie tylko znakiem z\u0142ego smaku, ale przede wszystkim pychy i bezwstydu. Niewa\u017cne, czy odbywa si\u0119 to na terenie samego obozu zag\u0142ady w Treblince, czy na nieodleg\u0142ej stacji kolejowej.<\/span><\/p>\n<p class=\"art_paragraph\" style=\"text-align: left;\"><span style=\"color: #000080;\">Treblinka to miejsce, kt\u00f3re powinno by\u0107 zastrze\u017cone dla upami\u0119tnienia \u017cydowskiego cierpienia.<\/span><\/p>\n<blockquote class=\"art_blockquote\">\n<p style=\"text-align: left;\"><strong>Stacja jest symbolem \u017cydowskiej m\u0119ki. Tu st\u0142oczeni w wagonach i konaj\u0105cy z pragnienia \u017bydzi padali ofiar\u0105 polskich wyrostk\u00f3w, domagaj\u0105cych si\u0119 od nich z\u0142ota, dolar\u00f3w i kosztowno\u015bci za kropl\u0119 wody.<\/strong><\/p>\n<\/blockquote>\n<p class=\"art_paragraph\" style=\"text-align: left;\"><span style=\"color: #000080;\">Dla historyk\u00f3w Zag\u0142ady, szczeg\u00f3lnie tych, kt\u00f3rzy szczeg\u00f3\u0142owo badali okropno\u015bci, kt\u00f3re dzia\u0142y si\u0119 w Treblince, jest oczywiste, \u017ce budowanie pomnik\u00f3w polskiej chwa\u0142y w tym miejscu jest moralnie naganne.<\/span><\/p>\n<p>.<\/p>\n<div id=\"content\" class=\"content-alignment\">\n<div id=\"watch-description\" class=\"yt-uix-button-panel\">\n<div id=\"watch-description-text\" style=\"text-align: center;\">\n<p><iframe loading=\"lazy\" title=\"YouTube video player\" src=\"https:\/\/www.youtube.com\/embed\/Fm5ykIn822U\" width=\"680\" height=\"400\" frameborder=\"0\" allowfullscreen=\"allowfullscreen\"><\/iframe><\/p>\n<p><em>Uroczysto\u015bci w Treblince w relacji TV Ostr\u00f3<\/em>w<\/p>\n<\/div>\n<\/div>\n<\/div>\n<p style=\"text-align: left;\">.<br \/>\n<span style=\"color: #000080;\">Nawet gdyby Jan Maletka rzeczywi\u015bcie dzia\u0142a\u0142 bez ch\u0119ci zysku \u2013 czego po prostu nie wiemy \u2013 to nawet wtedy, ze wzgl\u0119du na szacunek dla prawie miliona ofiar Treblinki, jego pomnik nie powinien tam stan\u0105\u0107. \u017beby zrozumie\u0107 dlaczego, oddajmy na pocz\u0105tek g\u0142os \u015bwiadkom: \u017bydom, kt\u00f3rzy znale\u017ali si\u0119 na stacji w Treblince i prze\u017cyli.<\/span><\/p>\n<h5 class=\"art_sub_title\" style=\"text-align: left;\"><strong>Treblinka. Maj\u0105tek za kropl\u0119<\/strong><\/h5>\n<p class=\"art_paragraph\" style=\"text-align: left;\"><span style=\"color: #000080;\">Jankiel Wiernik, schwytany w Warszawie 23 sierpnia 1942 r., w transporcie \u015bmierci na stacji w Treblince znalaz\u0142 si\u0119 24 sierpnia, cztery dni po \u015bmierci Maletki. W jego wydanej jeszcze podczas wojny relacji czytamy: \u201eDzie\u0144 by\u0142 upalny. Duszno\u015b\u0107 straszna. Byli\u015bmy wi\u0119c bardzo spragnieni. Wygl\u0105da\u0142em oknem. Wie\u015bniacy przynosili wod\u0119 i \u017c\u0105dali za butelk\u0119 100 z\u0142. Nie mia\u0142em pieni\u0119dzy, pr\u00f3cz 10 z\u0142, a w srebrze 2,5, 10 z obrazem Marsza\u0142ka, kt\u00f3re przechowywa\u0142em na pami\u0105tk\u0119. Musia\u0142em wi\u0119c z wody zrezygnowa\u0107. Inni kupowali. Za 1 kg chleba razowego p\u0142acono 500 z\u0142&#8221;.<\/span><\/p>\n<p class=\"art_paragraph\" style=\"text-align: left;\"><span style=\"color: #000080;\">25 sierpnia 1942 r. na stacji w Treblince pojawi\u0142 si\u0119 (w transporcie \u017byd\u00f3w z pobliskich \u0141osic) Eddie Weinstein, kt\u00f3ry opisa\u0142 sceny rozgrywaj\u0105ce si\u0119 na peronie: \u201eByli\u015bmy niewiarygodnie spragnieni i nie wiedzieli\u015bmy, co si\u0119 z nami stanie. Jednak nawet w takich warunkach pieni\u0105dze, a jeszcze bardziej bi\u017cuteria, wci\u0105\u017c pozostawa\u0142y cenne. Polacy, kt\u00f3rzy pracowali na stacji, podeszli do SS-mana, pytaj\u0105c o zgod\u0119 na rozdzielenie wody pomi\u0119dzy spragnionych ludzi. \u017bo\u0142nierz wyrazi\u0142 zgod\u0119.<\/span><\/p>\n<blockquote class=\"art_blockquote\">\n<p style=\"text-align: left;\"><strong>Przynie\u015bli wi\u0119c wiadra z wod\u0105 w pobli\u017ce wagon\u00f3w i nape\u0142niali butelki, kt\u00f3re wciskali im pasa\u017cerowie. Jednak pobierali za to solidn\u0105 op\u0142at\u0119.<\/strong><\/p>\n<\/blockquote>\n<p class=\"art_paragraph\" style=\"text-align: left;\"><span style=\"color: #000080;\">Polskie pieni\u0105dze uwa\u017cali wida\u0107 za bezwarto\u015bciowe, akceptowali tylko tward\u0105 walut\u0119 i kosztowno\u015bci, jak obr\u0105czki, pier\u015bcionki i brosze. Bez tego nie mo\u017cna by\u0142o dosta\u0107 wody. Ci \u00bblito\u015bciwi\u00ab Polacy na pewno dzielili si\u0119 zyskiem z \u017co\u0142nierzami. Kto\u015b z naszego wagonu da\u0142 im kilka z\u0142otych monet, za co otrzymali\u015bmy prawdziwy skarb: niewielkie wiaderko z wod\u0105&#8221;.<\/span><\/p>\n<p class=\"art_paragraph\" style=\"text-align: left;\"><span style=\"color: #000080;\">26 sierpnia 1942 r. na stacj\u0119, gdzie dzi\u015b stoi pomnik polskiej cnoty, przyjecha\u0142 w transporcie z Warszawy Abram Jakub Krzepicki, kt\u00f3remu potem uda\u0142o si\u0119 uciec z Treblinki i wr\u00f3ci\u0107 do warszawskiego getta. Krzepicki zgin\u0105\u0142 w powstaniu, ale w archiwum Emanuela Ringelbluma zachowa\u0142o si\u0119 jego \u015bwiadectwo spisane przez Rachel\u0119 Auerbach: \u201eW wagonie by\u0142o coraz gorzej. Wody! B\u0142agali\u015bmy przez okienko kolejarzy. Chcieli\u015bmy im da\u0107 za to du\u017co pieni\u0119dzy. By\u0142o bardzo \u017ale. Nie mieli\u015bmy pieni\u0119dzy a\u017c tyle, ile potrzeba nam by\u0142o wody. P\u0142acono 500 i 1000 z\u0142otych za troch\u0119 wody. Pieni\u0105dze brali kolejarze i szaulisi [cz\u0142onkowie litewskiej organizacji paramilitarnej, wsp\u00f3\u0142pracuj\u0105cej z hitlerowcami]. Kto sam tego nie do\u015bwiadczy\u0142, nie uwierzy (&#8230;) zap\u0142aci\u0142em 500 z\u0142otych (wi\u0119cej ni\u017c po\u0142ow\u0119 tego, co posiada\u0142em) i dosta\u0142em garnuszek (ok. p\u00f3\u0142 litra) wody. Kiedy zacz\u0105\u0142em pi\u0107, dopad\u0142a mnie kobieta z krzykiem, \u017ce jej dziecko zemdla\u0142o. Pi\u0142em i nie mog\u0142em oderwa\u0107 garnczka od ust. Kobieta z ca\u0142ej si\u0142y wbi\u0142a si\u0119 z\u0119bami w moj\u0105 r\u0119k\u0119. Chcia\u0142a mnie zmusi\u0107, \u017cebym przesta\u0142 pi\u0107 i zostawi\u0142 troch\u0119 wody&#8230;&#8221;.<\/span><\/p>\n<p class=\"art_paragraph\" style=\"text-align: center;\"><span class=\"imageUOM parent-box-label-related\"><img decoding=\"async\" class=\"aligncenter\" src=\"https:\/\/bi.im-g.pl\/im\/53\/af\/1a\/z27980627IH,Ekrany-reklamowe-upamietniajace-Jana-Maletke-pojaw.jpg\" alt=\"Ekrany reklamowe upami\u0119tniaj\u0105ce Jana Maletk\u0119 pojawi\u0142y si\u0119 w listopadzie 2021 r. na Dworcu Centralnym w Warszawie i jego s\u0105siedztwie\" width=\"100%\" \/><span style=\"color: #808080;\"><em><span class=\"photoAuthor\"><span class=\"photoTitle\">Ekrany reklamowe upami\u0119tniaj\u0105ce Jana Maletk\u0119 pojawi\u0142y si\u0119 w listopadzie 2021 r. na Dworcu Centralnym w Warszawie i jego s\u0105siedztwie<\/span>\u00a0Fot. Instytut Pileckiego<\/span><\/em><\/span><\/span><\/p>\n<p class=\"art_paragraph\" style=\"text-align: left;\"><span style=\"color: #000080;\">A ocala\u0142y z Zag\u0142ady Zdzis\u0142aw Goldstein wspomina\u0142: \u201eNa stacjach ludno\u015b\u0107 polska pokazywa\u0142a nam na<span style=\"text-decoration: underline;\"><strong>\u00a0<a style=\"color: #000080; text-decoration: underline;\" href=\"http:\/\/wyborcza.pl\/7,75398,24521305,dlaczego-spadaja-migi-chalupnicze-naprawy-brak-specjalistow.html#anchorLink\">migi<\/a>,<\/strong><\/span> \u017ce jedziemy na \u015bmier\u0107. Gdy prosili\u015bmy o wod\u0119, m\u00f3wiono nam: \u00bbDajcie dolary, a przyniesiemy\u00ab&#8221;.<\/span><\/p>\n<h5 class=\"art_sub_title\" style=\"text-align: left;\"><strong>\u017bydy, rzu\u0107ta zegarek<\/strong><\/h5>\n<p class=\"art_paragraph\" style=\"text-align: left;\"><span style=\"color: #000080;\">To samo dzia\u0142o si\u0119 na innych stacjach wzd\u0142u\u017c tor\u00f3w kolejowych, kt\u00f3rymi transportowano \u017byd\u00f3w do Treblinki. Jan Piechocki ukrywa\u0142 si\u0119 na aryjskich papierach w W\u0119growie. Latem 1942 r. znalaz\u0142 si\u0119 ko\u0142o stacji w Sadownem na p\u00f3\u0142nocnym wschodzie powiatu w\u0119growskiego. Wspomina\u0142: \u201eMi\u0119dzy Ostr\u00f3wkiem a Sadownem sta\u0142 na bocznym torze poci\u0105g towarowy. Ukrai\u0144scy wartownicy snuli si\u0119 wzd\u0142u\u017c wagon\u00f3w, co zwr\u00f3ci\u0142o moj\u0105 uwag\u0119. Krzyczeli na ch\u0142opak\u00f3w z butelkami pr\u00f3buj\u0105cych podej\u015b\u0107 do wagon\u00f3w. Dopiero wtedy zrozumia\u0142em: przez ma\u0142e okienka, poprzez kolczaste druty wysuwa\u0142y si\u0119 r\u0119ce po wod\u0119. Ch\u0142opcy usi\u0142owali zmyli\u0107 czujno\u015b\u0107 konwojent\u00f3w i poda\u0107 butelki po wzi\u0119ciu zap\u0142aty. Us\u0142ysza\u0142em wo\u0142ania: \u00bb\u017bydy, rzu\u0107ta zegarek!\u00ab. Stan\u0105\u0142em jak wro\u015bni\u0119ty w ziemi\u0119&#8221;.<\/span><\/p>\n<p class=\"art_paragraph\" style=\"text-align: left;\"><span style=\"color: #000080;\">W Sadownem, gdzie wed\u0142ug innego ocala\u0142ego \u017byda polska ludno\u015b\u0107 masowo trudni\u0142a si\u0119 polowaniem na zbieg\u0142ych z transport\u00f3w \u017byd\u00f3w, Instytut Pileckiego umie\u015bci\u0142 kolejny \u201epomnik polskiej cnoty&#8221;. Ma przekona\u0107 miejscowych i turyst\u00f3w (wszystkie napisy na obeliskach s\u0105 po polsku i po angielsku), \u017ce Holokaust to historia polsko-\u017cydowskiej przyja\u017ani i polskiego po\u015bwi\u0119cenia.<\/span><\/p>\n<p class=\"art_paragraph\" style=\"text-align: left;\"><span style=\"color: #000080;\">Samuel Rajzman, uczestnik powstania w Treblince [sierpie\u0144 1943], patrz\u0105c na t\u0119 sytuacj\u0119 z nieco og\u00f3lniejszej perspektywy, pisa\u0142:<\/span><\/p>\n<blockquote class=\"art_blockquote\">\n<p style=\"text-align: left;\"><strong>\u201eCh\u0142opi w okolicach Treblinki byli na og\u00f3\u0142 bardzo wrogo usposobieni do \u017byd\u00f3w. Wydawali, wy\u0142apywali dzieci i jak bydl\u0105tka na postronku przyprowadzali do Treblinki, na \u015bmier\u0107. Dostawali za to mo\u017ce 1\/4 kg cukru, a mo\u017ce nic.<\/strong><\/p>\n<\/blockquote>\n<p class=\"art_paragraph\" style=\"text-align: left;\"><span style=\"color: #000080;\">Wsie okoliczne obok Treblinki maj\u0105 du\u017ce skarby w z\u0142ocie wydarte \u017bydom&#8221;.<\/span><\/p>\n<p class=\"art_paragraph\" style=\"text-align: center;\"><span class=\"imageUOM parent-box-label-related\"><img decoding=\"async\" class=\"aligncenter\" src=\"https:\/\/bi.im-g.pl\/im\/f2\/a5\/16\/z23745266IH,Deportacja-Zydow-z-getta-w-Siedlcach-w-sierpniu-19.jpg\" alt=\"Deportacja \u017byd\u00f3w z getta w Siedlcach w sierpniu 1942 r. podczas akcji 'Reinhardt' - zag\u0142ady \u017byd\u00f3w z Generalnego Gubernatorstwa i Okr\u0119gu Bia\u0142ostockiego. Z siedleckiego getta wywieziono i zamordowano w Treblince oko\u0142o 18 tys. \u017byd\u00f3w. Szacunki dotycz\u0105ce ca\u0142kowitej liczby zg\u0142adzonych w tym obozie s\u0105 r\u00f3\u017cne, niekt\u00f3rzy badacze pisz\u0105 o blisko 800 tys., inni nawet o 1,5 mln. Wiadomo na pewno, \u017ce do ko\u0144ca 1942 r. wymordowano w Treblince 713 555 os\u00f3b. A\u017c do likwidacji obozu w listopadzie 1943 r. ca\u0142y czas gin\u0119li w nim \u017bydzi.\" width=\"100%\" \/><span style=\"color: #808080;\"><em><span class=\"photoAuthor\"><span class=\"photoTitle\">Deportacja \u017byd\u00f3w z getta w Siedlcach w sierpniu 1942 r. podczas akcji &#8216;Reinhardt&#8217; &#8211; zag\u0142ady \u017byd\u00f3w z Generalnego Gubernatorstwa i Okr\u0119gu Bia\u0142ostockiego. Z siedleckiego getta wywieziono i zamordowano w Treblince oko\u0142o 18 tys. \u017byd\u00f3w. Szacunki dotycz\u0105ce ca\u0142kowitej liczby zg\u0142adzonych w tym obozie s\u0105 r\u00f3\u017cne, niekt\u00f3rzy badacze pisz\u0105 o blisko 800 tys., inni nawet o 1,5 mln. Wiadomo na pewno, \u017ce do ko\u0144ca 1942 r. wymordowano w Treblince 713 555 os\u00f3b. A\u017c do likwidacji obozu w listopadzie 1943 r. ca\u0142y czas gin\u0119li w nim \u017bydzi.<\/span>\u00a0Fot. domena publiczna<\/span><\/em><\/span><\/span><\/p>\n<p class=\"art_paragraph\" style=\"text-align: left;\"><span style=\"color: #000080;\">Ryszard Glazar, inny uczestnik powstania w Treblince, jeden z rozm\u00f3wc\u00f3w Claude\u2019a Lanzmanna w filmie \u201eShoah&#8221; (1985), pisa\u0142: \u201eCa\u0142a okolica wzd\u0142u\u017c i wszerz paso\u017cytuje na tej wielkiej rze\u017ani ska\u017conej mamon\u0105. Wszystkim zale\u017cy, \u017ceby Treblinka istnia\u0142a nadal i pozostawia\u0142a sw\u00f3j cenny produkt uboczny \u2013 pieni\u0105dze, z\u0142oto, diamenty&#8221;.<\/span><\/p>\n<h2 class=\"art_sub_title\">Europa za \u017cydowskie z\u0142oto<\/h2>\n<p class=\"art_paragraph\" style=\"text-align: left;\"><span style=\"color: #000080;\">Uprzedzaj\u0105c g\u0142osy domagaj\u0105ce si\u0119 polskiego punktu widzenia, odnotujmy relacj\u0119 J\u00f3zefa G\u00f3rskiego, wp\u0142ywowego i zamo\u017cnego w\u0142a\u015bciciela maj\u0105tku w Ceranowie po\u0142o\u017conego przez miedz\u0119 od Treblinki. We wspomnieniach \u201eNa prze\u0142omie dziej\u00f3w&#8221; G\u00f3rski pisa\u0142: \u201eNiekt\u00f3rzy ch\u0142opi przechowywali u siebie \u017byd\u00f3w, za co brali sowite wynagrodzenie. P\u00f3\u017aniej, gdy sta\u0142e niebezpiecze\u0144stwo, na kt\u00f3re si\u0119 nara\u017cali, zacz\u0119\u0142o im zbytnio ci\u0105\u017cy\u0107, ucinali \u017bydom siekier\u0105 g\u0142owy. Opodal Treblinki le\u017cy wie\u015b W\u00f3lka Okr\u0105glik.<\/span><\/p>\n<blockquote class=\"art_blockquote\">\n<p style=\"text-align: left;\"><strong>Gospodarze tej wsi wysy\u0142ali swe \u017cony i c\u00f3rki do ukrai\u0144skich stra\u017cnik\u00f3w, zatrudnionych w obozie, i nie posiadali si\u0119 z oburzenia, gdy te kobiety przynosi\u0142y za ma\u0142o pier\u015bcionk\u00f3w i innych kosztowno\u015bci po\u017cydowskich, uzyskanych w zap\u0142at\u0119 za osobiste us\u0142ugi.<\/strong><\/p>\n<\/blockquote>\n<p class=\"art_paragraph\" style=\"text-align: left;\"><span style=\"color: #000080;\">Proceder ten by\u0142 oczywi\u015bcie materialnie bardzo korzystny: strzechy znik\u0142y zast\u0105pione blach\u0105, a ca\u0142a wie\u015b robi\u0142a wra\u017cenie Europy, przeniesionej do tego zapad\u0142ego zak\u0105tka Podlasia&#8221;.<\/span><\/p>\n<p class=\"art_paragraph\" style=\"text-align: center;\"><span class=\"imageUOM parent-box-label-related\"><img decoding=\"async\" class=\"aligncenter\" src=\"https:\/\/bi.im-g.pl\/im\/51\/af\/1a\/z27980625IH,Ekrany-reklamowe-upamietniajace-Jana-Maletke-pojaw.jpg\" alt=\"Ekrany reklamowe upami\u0119tniaj\u0105ce Jana Maletk\u0119 pojawi\u0142y si\u0119 w listopadzie 2021 r. na Dworcu Centralnym w Warszawie i jego s\u0105siedztwie\" width=\"100%\" \/><span style=\"color: #808080;\"><em><span class=\"photoAuthor\"><span class=\"photoTitle\">Ekrany reklamowe upami\u0119tniaj\u0105ce Jana Maletk\u0119 pojawi\u0142y si\u0119 w listopadzie 2021 r. na Dworcu Centralnym w Warszawie i jego s\u0105siedztwie<\/span>\u00a0Fot. Instytut Pileckiego<\/span><\/em><\/span><\/span><\/p>\n<p class=\"art_paragraph\" style=\"text-align: left;\"><span style=\"color: #000080;\">To ma\u0142a pr\u00f3bka relacji z miejsca, w kt\u00f3rym dzi\u015b ministra Gawin z pos\u0142usznymi jej urz\u0119dnikami z IP pisz\u0105 na nowo histori\u0119 Holokaustu w przekonaniu, \u017ce \u201edobro musi zawsze zwyci\u0119\u017cy\u0107&#8221;.<\/span><\/p>\n<h5 class=\"art_sub_title\" style=\"text-align: left;\"><strong>Jan Maletka. Nie ma dowod\u00f3w, \u017ce sprzedawa\u0142<\/strong><\/h5>\n<p class=\"art_paragraph\" style=\"text-align: left;\"><span style=\"color: #000080;\">14 grudnia 2021 \u201ezawo\u0142a\u0142 mnie po imieniu&#8221; dr Wojciech Koz\u0142owski, dyrektor Instytutu Pileckiego, okre\u015blaj\u0105c m\u00f3j artyku\u0142 (ukaza\u0142 si\u0119 w Wyborczej.pl) o skandalu w Treblince jako \u201ebrutalny atak na upami\u0119tnianie Jana Maletki&#8221;. Wt\u00f3rowa\u0142a mu w mediach spo\u0142eczno\u015bciowych Magdalena Gawin, zarzucaj\u0105c mi szerzenie k\u0142amstw i nienawi\u015bci. To powa\u017cne zarzuty, kt\u00f3rych nie pozostawi\u0119 bez odpowiedzi. Ale wpierw odnios\u0119 si\u0119 do s\u0142\u00f3w dr. Koz\u0142owskiego.<\/span><\/p>\n<p class=\"art_paragraph\" style=\"text-align: left;\"><span style=\"color: #000080;\">Wed\u0142ug szefa IP dla zachowania w\u0142a\u015bciwej rzetelno\u015bci pracownicy IP przeprowadzili \u201ebardzo szerok\u0105 kwerend\u0119&#8221; dotycz\u0105c\u0105 okoliczno\u015bci \u015bmierci Jana Maletki. Koz\u0142owski wymieni\u0142 zasoby archiwalne, w kt\u00f3rych prowadzili poszukiwania: Centrala Badania Zbrodni Narodowosocjalistycznych w Ludwigsburgu, Akta Jana Gozdawy-Go\u0142\u0119biowskiego, Akta Ryszarda Nazarewicza, Archiwum W\u0142adys\u0142awa Si\u0142y-Nowickiego, akta Rz\u0105du Generalnego Gubernatorstwa, Delegatury Rz\u0105du na Kraj, Armii Krajowej, Zbi\u00f3r relacji \u017byd\u00f3w Ocala\u0142ych z Zag\u0142ady oraz zeznania przed G\u0142\u00f3wn\u0105 Komisj\u0105 Badania Zbrodni Hitlerowskich. \u201eNigdzie nie natrafili\u015bmy na wskaz\u00f3wk\u0119, aby Jan Maletka pomaga\u0142 \u017bydom za korzy\u015bci materialne&#8221; \u2013 twierdzi szef IP.<\/span><\/p>\n<blockquote class=\"art_blockquote\">\n<p style=\"text-align: left;\"><strong>Dla laika brzmie\u0107 to mo\u017ce przekonywaj\u0105co. W rzeczywisto\u015bci nie znaczy nic. R\u00f3wnie dobrze dr Koz\u0142owski m\u00f3g\u0142by napisa\u0107: \u201eNasi urz\u0119dnicy przeczytali od A do Z dzie\u0142a zebrane Prousta i nie znale\u017ali w nich niczego niemi\u0142ego o Janie Maletce&#8221;.<\/strong><\/p>\n<\/blockquote>\n<p class=\"art_paragraph\" style=\"text-align: left;\"><span style=\"color: #000080;\">Je\u017celi ju\u017c koniecznie chcemy stawia\u0107 komu\u015b pomnik, to naszym zadaniem nie jest szukanie dowod\u00f3w negatywnych, \u017ce dana osoba nie splami\u0142a si\u0119 czynem haniebnym (w tym wypadku sprzedawaniem wody spragnionym \u017bydom), lecz gromadzenie dowod\u00f3w pozytywnych, \u015bwiadcz\u0105cych o niesieniu bezinteresownej pomocy. Takich dowod\u00f3w, jak mo\u017cna mniema\u0107, IP w wymienionych archiwach nie znalaz\u0142. Prowadzenie kwerendy dotycz\u0105cej Maletki w aktach Rz\u0105du Generalnej Guberni jest niepowa\u017cne, gdy\u017c tam takich informacji nie ma \u2013 o czym wie ka\u017cdy historyk okupacji. Podobnie rzecz si\u0119 ma z ogromnymi zespo\u0142ami AK i Delegatury \u2013 odnotowywano tam wypadki zdrady narodowej, ale do nich nie zalicza\u0142o si\u0119 sprzedawanie \u017bydom wody za pieni\u0105dze.<\/span><\/p>\n<p class=\"art_paragraph\" style=\"text-align: center;\"><span class=\"imageUOM parent-box-label-related\"><img decoding=\"async\" class=\"aligncenter\" src=\"https:\/\/bi.im-g.pl\/im\/2a\/a5\/16\/z23745322IH,Blisko-jedna-trzecia-ludzi-transportowanych-do-obo.jpg\" alt=\"Blisko jedna trzecia ludzi transportowanych do oboz\u00f3w zag\u0142ady gin\u0119\u0142a, zanim do nich dojecha\u0142a. W zat\u0142oczonych do granic mo\u017cliwo\u015bci bydl\u0119cych wagonach umierali z wycie\u0144czenia, chor\u00f3b, g\u0142odu i pragnienia. Na zdj\u0119ciu \u017cydowskie kobiety z Grecji przewo\u017cone do obozu zag\u0142ady w Treblince\" width=\"100%\" \/><span style=\"color: #808080;\"><em><span class=\"photoAuthor\"><span class=\"photoTitle\">Blisko jedna trzecia ludzi transportowanych do oboz\u00f3w zag\u0142ady gin\u0119\u0142a, zanim do nich dojecha\u0142a. W zat\u0142oczonych do granic mo\u017cliwo\u015bci bydl\u0119cych wagonach umierali z wycie\u0144czenia, chor\u00f3b, g\u0142odu i pragnienia. Na zdj\u0119ciu \u017cydowskie kobiety z Grecji przewo\u017cone do obozu zag\u0142ady w Treblince<\/span>\u00a0Fot. domena publiczna<\/span><\/em><\/span><\/span><\/p>\n<p class=\"art_paragraph\" style=\"text-align: left;\"><span style=\"color: #000080;\">Przywo\u0142ywane przez urz\u0119dnik\u00f3w IP Akta G\u0142\u00f3wnej Komisji s\u0105 bezwarto\u015bciowe, gdy chodzi o kwestie dotycz\u0105ce polskiej kolaboracji, a niezbyt wiarygodne, je\u017celi chodzi o pomoc udzielan\u0105 \u017bydom. Gdyby\u015bmy chcieli na ich podstawie odtworzy\u0107 przebieg mordu w Jedwabnem, to okaza\u0142oby si\u0119, \u017ce zbrodni dokonali Niemcy bez udzia\u0142u Polak\u00f3w.<\/span><\/p>\n<p class=\"art_paragraph\" style=\"text-align: left;\"><span style=\"color: #000080;\">Natomiast w przywo\u0142ywanych przez szefa IP aktach Jana Gozdawy-Go\u0142\u0119biowskiego znajdziemy informacje o akcji dywersyjnej oddzia\u0142\u00f3w AK z okolic W\u0119growa i Soko\u0142owa, kt\u00f3re uderzy\u0142y zbrojnie na ob\u00f3z zag\u0142ady w Treblince, id\u0105c na odsiecz \u017bydom. Rzecz w tym, \u017ce ten atak istnia\u0142 wy\u0142\u0105cznie w bujnej wyobra\u017ani Gozdawy-Go\u0142\u0119biowskiego, kt\u00f3ry za wszelk\u0105 cen\u0119 i wbrew faktom pragn\u0105\u0142 w\u0142\u0105czy\u0107 Polak\u00f3w w \u017cydowsk\u0105 martyrologi\u0119. Pisa\u0142em o tym obszernie, pisa\u0142 Micha\u0142 W\u00f3jcik (\u201eTreblinka 43&#8242;. Bunt w fabryce \u015bmierci&#8221;, 2019), pisali inni historycy.<\/span><\/p>\n<h5 class=\"art_sub_title\" style=\"text-align: left;\"><strong>K\u0142amstwa super-\u017byd\u00f3w<\/strong><\/h5>\n<p class=\"art_paragraph\" style=\"text-align: left;\"><span style=\"color: #000080;\">Skoro wiemy ju\u017c, gdzie urz\u0119dnicy Instytutu NIE ZNALE\u0179LI informacji daj\u0105cych podstawy do wzniesienia pomnika, to warto przyjrze\u0107 si\u0119 dowodom, na kt\u00f3rych oparli swoj\u0105 decyzj\u0119. Zacznijmy od dzie\u0142a z 1989 r. \u201eMartyrs of Charity&#8221; Wac\u0142awa Zaj\u0105czkowskiego, kt\u00f3rego celem jest \u2013 jak pisze sam autor \u2013 obrona dobrego imienia Narodu Polskiego oraz odparcie nies\u0142usznych zarzut\u00f3w podnoszonych przeciwko temu narodowi przez \u201ekr\u0119gi \u017cydowskie&#8221;.<\/span><\/p>\n<p style=\"text-align: left;\"><span style=\"color: #000080;\">To jedyna ksi\u0105\u017cka, kt\u00f3ra bezpo\u015brednio wi\u0105\u017ce Jana Maletk\u0119 z nieodp\u0142atnym podawaniem wody \u017bydom na stacji w Treblince. Dzie\u0142o Zaj\u0105czkowskiego to prawdziwe kuriozum. Podam zag\u0119szczony koncentrat pogl\u0105d\u00f3w autora i os\u00f3b, na kt\u00f3rych si\u0119 wspiera: w\u015br\u00f3d \u017byd\u00f3w panuje przekonanie, \u017ce katolicy oskar\u017caj\u0105 ich o to, \u017ce s\u0105 zab\u00f3jcami Chrystusa. To absurd \u2013 twierdzi Zaj\u0105czkowski, kt\u00f3ry nigdy o tym nie s\u0142ysza\u0142 i nie spotka\u0142 nikogo, kto by co\u015b takiego twierdzi\u0142. Z ksi\u0105\u017cki dowiemy si\u0119, \u017ce Maksymilian Kolbe nie by\u0142 antysemit\u0105, a jej centraln\u0105 cz\u0119\u015b\u0107 zape\u0142nia esej znanego przyjaciela \u017byd\u00f3w J\u0119drzeja Giertycha pt. \u201eJudeo-Polonia&#8221;. Jest w nim tak wiele twierdze\u0144 o \u017cydowskiej pod\u0142o\u015bci i wyrachowaniu, \u017ce nie spos\u00f3b ich tu cho\u0107by pobie\u017cnie wyliczy\u0107. Zwie\u0144czeniem tomu jest esej samego Zaj\u0105czkowskiego pt. \u201eList otwarty&#8221; (Open letter), z kt\u00f3rego dowiemy si\u0119 o spisku \u017cydowsko-niemieckim, kt\u00f3rego celem by\u0142o opanowanie ziem s\u0142owia\u0144skich. Pogromy z lat 1918-19 okre\u015bla jako k\u0142amstwa \u017cydowskiej propagandy. Szczeg\u00f3lnie kuriozalny jest opis odnosz\u0105cy si\u0119 do \u201erzekomych pogrom\u00f3w&#8221;: \u201eBiada Polakowi, kt\u00f3ry okaza\u0142by oburzenie lub te\u017c odwa\u017cy\u0142 si\u0119 broni\u0107 dobrego imienia swego narodu przed tak\u0105 potwarz\u0105. Na taki znak oburzenia tylko czekali rozstawieni po bokach \u017cydowscy cwaniacy, kt\u00f3rych wspierali \u017cydowscy prawnicy oraz szeregi \u017cydowskich \u015bwiadk\u00f3w, kt\u00f3rzy wszystko widzieli, zanim cokolwiek si\u0119 wydarzy\u0142o i byli gotowi zezna\u0107 cokolwiek pod przysi\u0119g\u0105&#8221;. Dalej jest o super-\u017bydach, o ich k\u0142amstwach i o tym, \u017ce dzie\u0144 upami\u0119tniania Holokaustu sta\u0142 si\u0119 \u201edniem nienawi\u015bci do Polski&#8221;, itp.<\/span><\/p>\n<h5 class=\"art_sub_title\" style=\"text-align: left;\"><strong>Nazwiska nie pami\u0119tam<\/strong><\/h5>\n<p class=\"art_paragraph\" style=\"text-align: left;\"><span style=\"color: #000080;\">Pierwszy tom pracy Zaj\u0105czkowskiego jest jedynym \u017ar\u00f3d\u0142em pisanym, w kt\u00f3rym pojawia si\u0119 altruistyczny gest Maletki. Czytamy tam (t\u0142umacz\u0119 z angielskiego): \u201eTreblinka, powiat w\u0119growski, wojew\u00f3dztwo warszawskie. Lato 1942 r. Katolicki pracownik kolejowy Jan Maletka zosta\u0142 zastrzelony na \u015bmier\u0107 przez niemieckiego stra\u017cnika, kiedy przynosi\u0142 wod\u0119 \u017bydom zamkni\u0119tym w wagonie bydl\u0119cym. Jego towarzysz, Remigiusz Paw\u0142owicz, kt\u00f3ry r\u00f3wnie\u017c uda\u0142 si\u0119 pom\u00f3c \u017bydom, uratowa\u0142 si\u0119, bo wpad\u0142 do rowu. Cia\u0142o Maletki za\u0142adowano na wagon, \u017ceby spali\u0107 je razem ze zw\u0142okami \u017byd\u00f3w w obozie zag\u0142ady, ale wydano je na pro\u015bb\u0119 kierownika zmiany i pochowano na cmentarzu w Prostyni&#8221;.<\/span><\/p>\n<p class=\"art_paragraph\" style=\"text-align: left;\"><span style=\"color: #000080;\">Zaj\u0105czkowski powo\u0142uje si\u0119 na w\u0142asn\u0105 rozmow\u0119 z Paw\u0142owiczem z 1983 r. oraz na pami\u0119tnik Franciszka Z\u0105beckiego pt. \u201eWspomnienia dawne i nowe&#8221;.<\/span><\/p>\n<p class=\"art_paragraph\" style=\"text-align: left;\"><span style=\"color: #000080;\">Z\u0105becki pisze tam, co prawda, \u017ce: \u201eza podanie wody na stacji Treblinka zastrzelono robotnika s\u0142u\u017cby drogowej&#8221;, lecz dodaje w tym samym zdaniu: \u201eNazwiska nie pami\u0119tam&#8221;. Powi\u0105za\u0107 go z Maletk\u0105 w spos\u00f3b konkretny i pewny wi\u0119c nie mo\u017cna. Wywiad Zaj\u0105czkowskiego z Paw\u0142owiczem nie zachowa\u0142 si\u0119 na \u017cadnym no\u015bniku, nie zosta\u0142 w \u017caden spos\u00f3b zarejestrowany.<\/span><\/p>\n<blockquote class=\"art_blockquote\">\n<p style=\"text-align: left;\"><strong>Trudno bra\u0107 relacj\u0119 Paw\u0142owicza za dobr\u0105 monet\u0119, bo by\u0142 przecie\u017c \u015bwiadkiem we w\u0142asnej sprawie (jako \u201etowarzysz&#8221; Maletki), i trudno przypuszcza\u0107, \u017ceby przedstawi\u0142 wersj\u0119 obci\u0105\u017caj\u0105c\u0105 jego samego.<\/strong><\/p>\n<\/blockquote>\n<p class=\"art_paragraph\" style=\"text-align: left;\"><span style=\"color: #000080;\">Jako \u201e\u017ar\u00f3d\u0142o&#8221; mamy wi\u0119c kilka s\u0142\u00f3w antysemity, kt\u00f3ry spisa\u0142 relacj\u0119 niemo\u017cliw\u0105 do zweryfikowania i kt\u00f3ry napisa\u0142 ksi\u0105\u017ck\u0119 w celu obrony dobrego imienia w\u0142asnego narodu.<\/span><\/p>\n<h5 class=\"art_sub_title\" style=\"text-align: left;\"><strong>D\u00f3\u0142 zamiast rowu<\/strong><\/h5>\n<p class=\"art_paragraph\" style=\"text-align: left;\"><span style=\"color: #000080;\">Wzmiank\u0119 Zaj\u0105czkowskiego tw\u00f3rczo rozwin\u0105\u0142 ks. Pawe\u0142 Rytel-Andrianik, by\u0142y rzecznik Episkopatu i wsp\u00f3\u0142autor (wraz z Edwardem Kop\u00f3wk\u0105, dyrektorem Muzeum w Treblince) ksi\u0105\u017cki \u201eDam im imi\u0119 na wieki&#8221;. Obszern\u0105 recenzj\u0119 tej pracy napisa\u0142 prof. Dariusz Libionka, zamieszczaj\u0105c j\u0105 w dziale \u201eKurioza&#8221; pisma \u201eZag\u0142ada \u017byd\u00f3w&#8221;.<\/span><\/p>\n<p class=\"art_paragraph\" style=\"text-align: left;\"><span style=\"color: #000080;\">Rytel-Andrianik pisze: \u201eDnia 20 sierpnia 1942 r. Jan Maletko (lat 21), pracuj\u0105cy na kolei, oraz Remigiusz Paw\u0142owicz podawali przy stacji w Treblince wod\u0119 \u017bydom zamkni\u0119tym w wagonach. Kiedy zobaczy\u0142 to stra\u017cnik niemiecki, zacz\u0105\u0142 strzela\u0107. Remigiusz Paw\u0142owicz wskoczy\u0142 do pobliskiego do\u0142u i dzi\u0119ki temu prze\u017cy\u0142, za\u015b Jan Maletka zosta\u0142 zastrzelony. Jego cia\u0142o w\u0142o\u017cono na samoch\u00f3d, kt\u00f3ry jecha\u0142 do Treblinki II, gdzie mia\u0142o by\u0107 ono spalone. Jednak na pro\u015bb\u0119 pracownika kolei zdj\u0119to zw\u0142oki Jana Maletki i zawieziono do Prostyni, a tam nast\u0105pi\u0142 poch\u00f3wek na cmentarzu. Pod aktem zgonu przechowywanym w prosty\u0144skim archiwum parafialnym podpisa\u0142 si\u0119 jako \u015bwiadek \u015bmierci Remigiusz Paw\u0142owicz&#8221;.<\/span><\/p>\n<p class=\"art_paragraph\" style=\"text-align: center;\"><span class=\"imageUOM parent-box-label-related\"><img decoding=\"async\" class=\"aligncenter\" src=\"https:\/\/bi.im-g.pl\/im\/52\/af\/1a\/z27980626IH,Ekrany-reklamowe-upamietniajace-Jana-Maletke-pojaw.jpg\" alt=\"Ekrany reklamowe upami\u0119tniaj\u0105ce Jana Maletk\u0119 pojawi\u0142y si\u0119 w listopadzie 2021 r. na Dworcu Centralnym w Warszawie i jego s\u0105siedztwie\" width=\"100%\" \/><span style=\"color: #808080;\"><em><span class=\"photoAuthor\"><span class=\"photoTitle\">Ekrany reklamowe upami\u0119tniaj\u0105ce Jana Maletk\u0119 pojawi\u0142y si\u0119 w listopadzie 2021 r. na Dworcu Centralnym w Warszawie i jego s\u0105siedztwie<\/span>\u00a0Fot. Instytut Pileckiego<\/span><\/em><\/span><\/span><\/p>\n<p class=\"art_paragraph\" style=\"text-align: left;\"><span style=\"color: #000080;\">Rytel-Andrianik troch\u0119 zmieni\u0142 notatk\u0119 Zaj\u0105czkowskiego: zamiast rowu jest d\u00f3\u0142, wagon zamieni\u0142 si\u0119 w samoch\u00f3d, ale reszt\u0119 \u017cywcem przepisa\u0142 z \u201eMartyrs of Charity&#8221;. Na poparcie swoich s\u0142\u00f3w Rytel-Andrianik odsy\u0142a czytelnik\u00f3w do wspomnianego Z\u0105beckiego (kt\u00f3ry Maletki po nazwisku nie wspomina) oraz do Zaj\u0105czkowskiego. Pojawia si\u0119 te\u017c u Rytla-Andrianika nowe \u017ar\u00f3d\u0142o, a mianowicie wpis w ksi\u0119dze zmar\u0142ych dotycz\u0105cy \u015bmierci Maletki. We wpisie jest mowa o czasie i miejscu zgonu, lecz nie ma s\u0142owa o okoliczno\u015bciach. Na koniec mo\u017cna wspomnie\u0107 niedawno z\u0142o\u017con\u0105 (\u201ewywo\u0142an\u0105&#8221;) relacj\u0119 c\u00f3rki Paw\u0142owicza (ur. w 1948 r.), kt\u00f3ra ju\u017c nic nowego do sprawy nie wnosi.<\/span><\/p>\n<h5 class=\"art_sub_title\" style=\"text-align: left;\"><strong>I co nam pan zrobi?<\/strong><\/h5>\n<p class=\"art_paragraph\" style=\"text-align: left;\"><span style=\"color: #000080;\">Reasumuj\u0105c: nie ma w\u0105tpliwo\u015bci, \u017ce 20 sierpnia 1942 r. na stacji w Treblince zgin\u0105\u0142 Polak, pracownik kolei, zastrzelony przy pr\u00f3bie podania wody st\u0142oczonym w wagonach \u017bydom. Natomiast twierdzenie, \u017ce robi\u0142 to wiedziony bezinteresown\u0105 trosk\u0105 o bli\u017anich, wspiera si\u0119 na ma\u0142o wiarygodnych lub zgo\u0142a niewiarygodnych przekazach i stoi w sprzeczno\u015bci ze \u015bwiadectwami \u017byd\u00f3w ocala\u0142ych z Zag\u0142ady. Nie mo\u017cna tego wykluczy\u0107, ale jest to ma\u0142o prawdopodobne.<\/span><\/p>\n<blockquote class=\"art_blockquote\">\n<p style=\"text-align: left;\"><strong>Co wi\u0119cej, nie jest mi znana ani jedna relacja \u017cydowska, w kt\u00f3rej znale\u017a\u0107 mo\u017cna informacj\u0119 o bezinteresownej pomocy niesionej ludziom st\u0142oczonym w wagonach na rampie w Treblince przez okoliczn\u0105 ludno\u015b\u0107.<\/strong><\/p>\n<\/blockquote>\n<p class=\"art_paragraph\" style=\"text-align: left;\"><span style=\"color: #000080;\">By\u0107 mo\u017ce fakty takie mia\u0142y miejsce, ale jedyne, co znajdujemy w \u017ar\u00f3d\u0142ach, to powszechno\u015b\u0107 bezwzgl\u0119dnej chciwo\u015bci, wyrachowania i okrucie\u0144stwa.<\/span><\/p>\n<p class=\"art_paragraph\" style=\"text-align: left;\"><span style=\"color: #000080;\">Wznoszenie Janowi Maletce pomnika w Treblince na podstawie tak niepewnych i budz\u0105cych w\u0105tpliwo\u015bci przekaz\u00f3w jest kolejnym dowodem na tupet, hucp\u0119 i brak skrupu\u0142\u00f3w ludzi odpowiedzialnych w Polsce za deformowanie i przeinaczanie historii Zag\u0142ady.<\/span><\/p>\n<p class=\"art_paragraph\" style=\"text-align: left;\"><span style=\"color: #000080;\">W znanej scenie z filmu Barei szatniarz wypowiada s\u0142ynn\u0105 kwesti\u0119: \u201eNie mamy pa\u0144skiego p\u0142aszcza &#8211; i co nam pan zrobi?&#8221;. W podobny spos\u00f3b post\u0119puj\u0105 Magdalena Gawin i urz\u0119dnicy od IP: \u201eStawiamy pomnik, bo mamy na to ochot\u0119. I co nam zrobicie?&#8221;.<\/span><\/p>\n<div id=\"content\" class=\"content-alignment\">\n<div id=\"watch-description\" class=\"yt-uix-button-panel\">\n<div id=\"watch-description-text\" style=\"text-align: center;\"><iframe loading=\"lazy\" title=\"YouTube video player\" src=\"https:\/\/www.youtube.com\/embed\/2zJFhdZ6Ox4\" width=\"680\" height=\"400\" frameborder=\"0\" allowfullscreen=\"allowfullscreen\"><\/iframe><br \/>\nScena w szatni z filmu \u201eMi\u015b&#8221;.<\/p>\n<\/div>\n<\/div>\n<\/div>\n<p class=\"art_paragraph\" style=\"text-align: left;\"><span style=\"color: #000080;\">Dr Koz\u0142owski, odpowiadaj\u0105c na zarzuty sformu\u0142owane przez prof. Adama Leszczy\u0144skiego w OKO.press.pl zaniepokojonego sytuacj\u0105 \u201edowodow\u0105&#8221; wok\u00f3\u0142 pomnika w Treblince, uj\u0105\u0142 to zwi\u0119\u017ale: \u201eInstytut nie udost\u0119pnia wynik\u00f3w kwerend badaczy ze wzgl\u0119du na utrwalon\u0105 praktyk\u0119 podobnych instytucji naukowych na \u015bwiecie. W\u0142a\u015bciwym miejscem ich prezentacji s\u0105 publikacje naukowe&#8221;.<\/span><\/p>\n<p class=\"art_paragraph\" style=\"text-align: left;\"><span style=\"color: #000080;\">Ale Instytut Pileckiego nie jest instytutem naukowym, a jego pracownicy nie s\u0105 naukowcami (podobnie jak nie jest nimi wielu pracownik\u00f3w IPN-u). S\u0105 natomiast urz\u0119dnikami pa\u0144stwowymi oddelegowanymi przez w\u0142adze na odcinek walki ideologicznej, kt\u00f3ry polscy nacjonali\u015bci nazywaj\u0105 \u201ehistori\u0105 narodow\u0105&#8221;.<\/span><\/p>\n<p class=\"art_paragraph\" style=\"text-align: left;\"><span style=\"color: #000080;\">Dr Koz\u0142owski, odpowiadaj\u0105c na zarzuty sformu\u0142owane przez prof. Adama Leszczy\u0144skiego w OKO.press.pl zaniepokojonego sytuacj\u0105 \u201edowodow\u0105&#8221; wok\u00f3\u0142 pomnika w Treblince, uj\u0105\u0142 to zwi\u0119\u017ale: \u201eInstytut nie udost\u0119pnia wynik\u00f3w kwerend badaczy ze wzgl\u0119du na utrwalon\u0105 praktyk\u0119 podobnych instytucji naukowych na \u015bwiecie. W\u0142a\u015bciwym miejscem ich prezentacji s\u0105 publikacje naukowe&#8221;.<\/span><\/p>\n<p class=\"art_paragraph\" style=\"text-align: left;\"><span style=\"color: #000080;\">Ale Instytut Pileckiego nie jest instytutem naukowym, a jego pracownicy nie s\u0105 naukowcami (podobnie jak nie jest nimi wielu pracownik\u00f3w IPN-u). S\u0105 natomiast urz\u0119dnikami pa\u0144stwowymi oddelegowanymi przez w\u0142adze na odcinek walki ideologicznej, kt\u00f3ry polscy nacjonali\u015bci nazywaj\u0105 \u201ehistori\u0105 narodow\u0105&#8221;.<\/span><\/p>\n<h5 class=\"art_sub_title\" style=\"text-align: left;\"><strong>Instytut Pileckiego. Warto ich zapami\u0119ta\u0107<\/strong><\/h5>\n<p class=\"art_paragraph\" style=\"text-align: left;\"><span style=\"color: #000080;\">W dzisiejszej Polsce jest wiele instytucji, kt\u00f3re trudni\u0105 si\u0119 fa\u0142szowaniem i przeinaczaniem historii Zag\u0142ady. W kraju, kt\u00f3ry jest cmentarzem blisko pi\u0119ciu (spo\u015br\u00f3d sze\u015bciu) milion\u00f3w ofiar Zag\u0142ady, to dzia\u0142alno\u015b\u0107 szczeg\u00f3lnie haniebna i godna napi\u0119tnowania. Warto ich wszystkich spisa\u0107, spami\u0119ta\u0107, \u017ceby\u015bmy za rok, trzy czy 20 mogli przywo\u0142a\u0107 nazwiska ludzi, kt\u00f3rzy \u2013 nie maj\u0105c \u017cadnego dorobku w dziedzinie bada\u0144 nad Zag\u0142ad\u0105 \u2013 w\u0142\u0105czyli si\u0119 w nacjonalistyczny taniec niepami\u0119ci wok\u00f3\u0142 najwi\u0119kszej tragedii w dziejach ludzko\u015bci. Magdalen\u0119 Gawin, dr. Wojciecha Koz\u0142owskiego, dr Ann\u0119 Str\u00f3\u017c-Paw\u0142owsk\u0105, szefow\u0105 sekcji \u201eZawo\u0142ani po imieniu&#8221;, dr. Marcina Paneckiego odpowiedzialnego za \u201ekwerend\u0119&#8221; w sprawie Maletki czy Hann\u0119 Radziejowsk\u0105, szefow\u0105 biura IP w Berlinie, kt\u00f3ra niespodziewanie rozwin\u0119\u0142a w sobie pasj\u0119 do bada\u0144 nad Holokaustem. Nale\u017cy t\u0119 ekip\u0119 ustawi\u0107 w jednym szeregu z prawdziwymi Polakami, chwackimi patriotami z IPN-u: hajluj\u0105cym dr. Tomaszem Greniuchem, dr. Mariuszem Becht\u0105, wydawc\u0105 dzie\u0142 hitlerowca Leona Degrelle\u2019a, z dr. Wojciechem Muszy\u0144skim, mi\u0142o\u015bnikiem Pinocheta, i z zas\u0142u\u017conymi w walce z niezale\u017cnymi historykami Zag\u0142ady dr. Tomaszem Doma\u0144skim i Piotrem Gontarczykiem, czy w ko\u0144cu z dr. Jaros\u0142awem Szarkiem, kt\u00f3ry nadal nie ma pewno\u015bci, kto wymordowa\u0142 \u017byd\u00f3w w Jedwabnem.<\/span><\/p>\n<p class=\"art_paragraph\" style=\"text-align: left;\"><span style=\"color: #000080;\">Skandal w Treblince to kolejny dow\u00f3d na to, jak podstawowe znaczenie maj\u0105 \u015bwiadectwa \u017cydowskie, \u015bwiadectwa ofiar Zag\u0142ady i jak brzemienne w skutki jest ich lekcewa\u017cenie i odrzucenie. A pomnik polskiej cn<\/span>oty w Treblince stoi \u2013 i zapewne sta\u0142 b\u0119dzie po wiek wiek\u00f3w.<\/p>\n<blockquote class=\"art_blockquote\">\n<p style=\"text-align: left;\"><strong>Ze swej strony mog\u0119 jedynie obieca\u0107, \u017ce ka\u017cdy wyk\u0142ad, ka\u017cde wyst\u0105pienie publiczne i naukowe zaczyna\u0107 b\u0119d\u0119 od przypomnienia skutk\u00f3w polskiej polityki historycznej, kt\u00f3rej celem sta\u0142o si\u0119 zafa\u0142szowanie historii Zag\u0142ady.<\/strong><\/p>\n<\/blockquote>\n<p class=\"art_paragraph\" style=\"text-align: left;\"><span style=\"color: #000080;\">Chcia\u0142bym zarazem prosi\u0107 innych badaczy i badaczki, kt\u00f3rzy podzielaj\u0105 m\u00f3j smutek, gniew i b\u00f3l, o nag\u0142o\u015bnienie tego skandalu.<\/span><\/p>\n<hr \/>\n<p class=\"art_paragraph\" style=\"text-align: left;\"><span style=\"color: #808080;\"><i><b>Prof. Jan\u00a0Grabowski<\/b>\u00a0pracuje na uniwersytecie w Ottawie, jest autorem wielu publikacji na temat Holokaustu, m.in. wydanej w ub. roku monografii \u201eNa posterunku. Udzia\u0142 polskiej policji granatowej i kryminalnej w Zag\u0142adzie \u017byd\u00f3w&#8221;<\/i><\/span><\/p>\n<hr style=\"height: 15px; background: #d0e6fa; width: 100%;\" \/>\n<div id=\"content\" class=\"content-alignment\">\n<div id=\"watch-description\" class=\"yt-uix-button-panel\">\n<div id=\"watch-description-text\" style=\"text-align: center;\">\n<p><em>Zawarto\u015b\u0107 publikowanych artyku\u0142\u00f3w i materia\u0142\u00f3w nie reprezentuje pogl\u0105d\u00f3w ani opinii Reunion&#8217;68,<\/em><em><br \/>\nani te\u017c webmastera Blogu Reunion&#8217;68, chyba ze jest to wyra\u017anie zaznaczone.<br \/>\nTwoje uwagi, linki, w\u0142asne artyku\u0142y lub wiadomo\u015bci prze\u015blij na adres:<br \/>\n<\/em><span style=\"color: #000080;\"><strong><em><a style=\"color: #000080;\" href=\"mailto:webmaster@reunion68.com\"><span style=\"text-decoration: underline;\">webmaster@reunion68.com<\/span><\/a><\/em><\/strong><\/span><\/p>\n<\/div>\n<\/div>\n<\/div>\n<hr style=\"width: 100%;\" \/>\n","protected":false},"excerpt":{"rendered":"<p>Pomnik polskiej cnoty, czyli skandal w Treblince Jan Grabowski Uroczysto\u015b\u0107 upami\u0119tniaj\u0105ca Jana Maletk\u0119, zamordowanego za podanie \u017bydom wody na stacji kolejowej w Treblince. Wydarzenie wie\u0144czy\u0142o edycj\u0119 programu &#8216;Zawo\u0142ani po imieniu&#8217; w 2021 r. Przemawia Magdalena Gawin, wiceministra kultury (Fot. PatMic \/ Instytut Pileckiego) Stawianie pomnika Polakowi za pomaganie \u017bydom w Treblince budzi oburzenie. Nie jest [&hellip;]<\/p>\n","protected":false},"author":1,"featured_media":0,"comment_status":"closed","ping_status":"closed","sticky":false,"template":"","format":"standard","meta":[],"categories":[6],"tags":[26,24],"_links":{"self":[{"href":"https:\/\/www.reunion68.se\/index.php?rest_route=\/wp\/v2\/posts\/92304"}],"collection":[{"href":"https:\/\/www.reunion68.se\/index.php?rest_route=\/wp\/v2\/posts"}],"about":[{"href":"https:\/\/www.reunion68.se\/index.php?rest_route=\/wp\/v2\/types\/post"}],"author":[{"embeddable":true,"href":"https:\/\/www.reunion68.se\/index.php?rest_route=\/wp\/v2\/users\/1"}],"replies":[{"embeddable":true,"href":"https:\/\/www.reunion68.se\/index.php?rest_route=%2Fwp%2Fv2%2Fcomments&post=92304"}],"version-history":[{"count":9,"href":"https:\/\/www.reunion68.se\/index.php?rest_route=\/wp\/v2\/posts\/92304\/revisions"}],"predecessor-version":[{"id":92324,"href":"https:\/\/www.reunion68.se\/index.php?rest_route=\/wp\/v2\/posts\/92304\/revisions\/92324"}],"wp:attachment":[{"href":"https:\/\/www.reunion68.se\/index.php?rest_route=%2Fwp%2Fv2%2Fmedia&parent=92304"}],"wp:term":[{"taxonomy":"category","embeddable":true,"href":"https:\/\/www.reunion68.se\/index.php?rest_route=%2Fwp%2Fv2%2Fcategories&post=92304"},{"taxonomy":"post_tag","embeddable":true,"href":"https:\/\/www.reunion68.se\/index.php?rest_route=%2Fwp%2Fv2%2Ftags&post=92304"}],"curies":[{"name":"wp","href":"https:\/\/api.w.org\/{rel}","templated":true}]}}