{"id":92306,"date":"2022-01-09T17:00:50","date_gmt":"2022-01-09T15:00:50","guid":{"rendered":"http:\/\/www.reunion68.se\/?p=92306"},"modified":"2022-01-09T16:26:25","modified_gmt":"2022-01-09T14:26:25","slug":"17-00-64","status":"publish","type":"post","link":"https:\/\/www.reunion68.se\/?p=92306","title":{"rendered":"Jon Stewart Says Comments About JK Rowling and Antisemitism Were Taken \u2018Out Of Context\u2019"},"content":{"rendered":"<h5 style=\"text-align: center;\"><a href=\"https:\/\/www.algemeiner.com\/\" target=\"_blank\" rel=\"noopener noreferrer\"><img decoding=\"async\" class=\"center alignleft\" src=\"http:\/\/www.reunion68.com\/Biuletyn\/img\/algem.png\" alt=\"\" width=\"35%\" \/><\/a><span style=\"text-decoration: underline; color: #000080;\"><strong><a style=\"color: #000080; text-decoration: underline;\" href=\"https:\/\/www.algemeiner.com\/2022\/01\/06\/jon-stewart-says-comments-about-jk-rowling-and-antisemitism-were-taken-out-of-context\/\" target=\"_blank\" rel=\"noopener noreferrer\">Jon Stewart Says Comments About JK Rowling and Antisemitism Were Taken \u2018Out Of Context\u2019<\/a><\/strong><\/span><\/h5>\n<p style=\"text-align: center;\"><span style=\"color: #000000;\"><strong>Shiryn Ghermezian<\/strong><\/span><\/p>\n<hr style=\"height: 15px; background: #d0e6fa; width: 100%;\" \/>\n<p style=\"text-align: center;\"><img decoding=\"async\" class=\"aligncenter\" src=\"https:\/\/www.algemeiner.com\/wp-content\/uploads\/2022\/01\/Screen-Shot-2022-01-06-at-5.24.14-PM.jpg\" width=\"100%\" \/><span style=\"color: #808080;\"><em>Jon Stewart during an episode of his podcast \u201cThe Problem with Jon Stewart\u201d on Jan. 5, 2022. Photo: Screenshot.<\/em><\/span><\/p>\n<p style=\"text-align: left;\"><span style=\"color: #000080;\">American political commentator and former \u201cDaily Show\u201d host Jon Stewart released a new video on Wednesday clarifying comments he made last month about the portrayal of goblins in J.K. Rowling\u2019s \u201cHarry Potter\u201d series.<\/span><\/p>\n<p style=\"text-align: left;\"><span style=\"color: #000080;\">Stewart\u00a0<span style=\"text-decoration: underline;\"><strong><a style=\"color: #000080; text-decoration: underline;\" href=\"https:\/\/www.algemeiner.com\/2022\/01\/05\/uk-jewish-groups-respond-to-jon-stewarts-claim-that-harry-potter-creator-jk-rowling-used-antisemitic-stereotype-for-goblins\/\">compared the depiction of goblins<\/a><\/strong><\/span>\u00a0who run the bank in the popular fantasy series to the offensive caricatures of Jews in the infamous antisemitic text \u201cThe Protocols of the Elders of Zion\u201d during an episode in December of his podcast \u201cThe Problem with Jon Stewart.\u201d<\/span><\/p>\n<p style=\"text-align: left;\"><span style=\"color: #000080;\">Jewish groups came to Rowling\u2019s defense, insisting that the British author had not employed antisemitic caricatures. Stewart, however, said this week he had not accused Rowling of antisemitism and that his comments about the goblins were taken \u201cridiculously out of context.\u201d<\/span><\/p>\n<p style=\"text-align: left;\"><span style=\"color: #000080;\">\u201cI do not think J.K. Rowling is antisemitic. I did not accuse her of being antisemitic,\u201d Stewart, who is Jewish, said. \u201cI do not think that the \u2018Harry Potter\u2019 movies are antisemitic. I really love the \u2018Harry Potter\u2019 movies, probably too much for a gentleman of my considerable age.\u201d<\/span><\/p>\n<p style=\"text-align: left;\"><span style=\"color: #000080;\">Stewart described his discussion about the \u201cHarry Potter\u201d goblins last month as \u201ca lighthearted conversation amongst colleagues and chums having a laugh and enjoying ourselves\u201d while Stewart talked about his experience as a Jewish person watching the \u201cHarry Potter\u201d movies for the first time. The podcast host said he mentioned the appearance of the goblins to show \u201chow some tropes are so embedded in society that they\u2019re basically invisible, even in a considered process like movie-making.\u201d<\/span><\/p>\n<p style=\"text-align: left;\"><span style=\"color: #000080;\">He continued, \u201cI cannot stress this enough. I am not accusing J.K. Rowling of being antisemitic. She need not answer to any of it. I don\u2019t want the \u2018Harry Potter\u2019 movies censored in any way. It was a lighthearted conversation. Get a f**king grip.\u201d<\/span><\/p>\n<p style=\"text-align: left;\"><span style=\"color: #000080;\">\u201cNobody\u2019s saying anything out of anger or accusation,\u201d Stewart said. \u201cI thought it was f**king hilarious. And it just arose out of nowhere. It makes you not want to say anything.\u201d<\/span><\/p>\n<div id=\"content\" class=\"content-alignment\">\n<div id=\"watch-description\" class=\"yt-uix-button-panel\">\n<div id=\"watch-description-text\" style=\"text-align: center;\">\n<p><iframe loading=\"lazy\" title=\"YouTube video player\" src=\"https:\/\/www.youtube.com\/embed\/8x-jxx8WSCg\" width=\"680\" height=\"400\" frameborder=\"0\" allowfullscreen=\"allowfullscreen\"><\/iframe><\/p>\n<p><em>Watch Jon Stewart explain his comments on J.K. Rowling in the video below (note: the video contains profanities)<\/em><\/p>\n<\/div>\n<\/div>\n<\/div>\n<hr style=\"height: 15px; background: #d0e6fa; width: 100%;\" \/>\n<div id=\"content\" class=\"content-alignment\">\n<div id=\"watch-description\" class=\"yt-uix-button-panel\">\n<div id=\"watch-description-text\" style=\"text-align: center;\">\n<p><em>Zawarto\u015b\u0107 publikowanych artyku\u0142\u00f3w i materia\u0142\u00f3w nie reprezentuje pogl\u0105d\u00f3w ani opinii Reunion&#8217;68,<\/em><em><br \/>\nani te\u017c webmastera Blogu Reunion&#8217;68, chyba ze jest to wyra\u017anie zaznaczone.<br \/>\nTwoje uwagi, linki, w\u0142asne artyku\u0142y lub wiadomo\u015bci prze\u015blij na adres:<br \/>\n<\/em><span style=\"color: #000080;\"><strong><em><a style=\"color: #000080;\" href=\"mailto:webmaster@reunion68.com\"><span style=\"text-decoration: underline;\">webmaster@reunion68.com<\/span><\/a><\/em><\/strong><\/span><\/p>\n<\/div>\n<\/div>\n<\/div>\n<hr style=\"width: 100%;\" \/>\n","protected":false},"excerpt":{"rendered":"<p>Jon Stewart Says Comments About JK Rowling and Antisemitism Were Taken \u2018Out Of Context\u2019 Shiryn Ghermezian Jon Stewart during an episode of his podcast \u201cThe Problem with Jon Stewart\u201d on Jan. 5, 2022. Photo: Screenshot. American political commentator and former \u201cDaily Show\u201d host Jon Stewart released a new video on Wednesday clarifying comments he made [&hellip;]<\/p>\n","protected":false},"author":1,"featured_media":0,"comment_status":"closed","ping_status":"closed","sticky":false,"template":"","format":"standard","meta":[],"categories":[6],"tags":[26,24],"_links":{"self":[{"href":"https:\/\/www.reunion68.se\/index.php?rest_route=\/wp\/v2\/posts\/92306"}],"collection":[{"href":"https:\/\/www.reunion68.se\/index.php?rest_route=\/wp\/v2\/posts"}],"about":[{"href":"https:\/\/www.reunion68.se\/index.php?rest_route=\/wp\/v2\/types\/post"}],"author":[{"embeddable":true,"href":"https:\/\/www.reunion68.se\/index.php?rest_route=\/wp\/v2\/users\/1"}],"replies":[{"embeddable":true,"href":"https:\/\/www.reunion68.se\/index.php?rest_route=%2Fwp%2Fv2%2Fcomments&post=92306"}],"version-history":[{"count":6,"href":"https:\/\/www.reunion68.se\/index.php?rest_route=\/wp\/v2\/posts\/92306\/revisions"}],"predecessor-version":[{"id":92340,"href":"https:\/\/www.reunion68.se\/index.php?rest_route=\/wp\/v2\/posts\/92306\/revisions\/92340"}],"wp:attachment":[{"href":"https:\/\/www.reunion68.se\/index.php?rest_route=%2Fwp%2Fv2%2Fmedia&parent=92306"}],"wp:term":[{"taxonomy":"category","embeddable":true,"href":"https:\/\/www.reunion68.se\/index.php?rest_route=%2Fwp%2Fv2%2Fcategories&post=92306"},{"taxonomy":"post_tag","embeddable":true,"href":"https:\/\/www.reunion68.se\/index.php?rest_route=%2Fwp%2Fv2%2Ftags&post=92306"}],"curies":[{"name":"wp","href":"https:\/\/api.w.org\/{rel}","templated":true}]}}