{"id":9243,"date":"2014-11-20T15:03:06","date_gmt":"2014-11-20T13:03:06","guid":{"rendered":"http:\/\/www.reunion68.se\/?p=9243"},"modified":"2014-11-20T16:19:25","modified_gmt":"2014-11-20T14:19:25","slug":"co-dalej-z-polskim-yad-vashem","status":"publish","type":"post","link":"https:\/\/www.reunion68.se\/?p=9243","title":{"rendered":"Co dalej z polskim Yad Vashem"},"content":{"rendered":"<h4 style=\"text-align: center;\"><a href=\"http:\/\/www.przeglad-tygodnik.pl\/\" target=\"_blank\"><img decoding=\"async\" class=\"center alignleft\" src=\"http:\/\/www.reunion68.com\/Biuletyn\/img\/przeglad.jpg\" alt=\"\" \/><\/a><span style=\"text-decoration: underline; color: #000080;\"><span style=\"text-decoration: underline;\"><strong><a style=\"color: #000080; text-decoration: underline;\" href=\"http:\/\/www.przeglad-tygodnik.pl\/pl\/artykul\/co-dalej-polskim-yad-vashem\" target=\"_blank\">Co dalej z polskim Yad Vashem<\/a><\/strong><\/span><\/span><\/h4>\n<p style=\"text-align: center;\"><span style=\"color: #333333;\"><strong>Napisa\u0142(a): Agata Paszkowska w wydaniu 43\/2014. <\/strong><\/span><\/p>\n<hr style=\"height: 15px; background: #d0e6fa; width: 710px;\" \/>\n<div style=\"width: 360px\" class=\"wp-caption alignright\"><img decoding=\"async\" id=\"lightbox-image\" style=\"display: inline;\" src=\"http:\/\/www.przeglad-tygodnik.pl\/pl\/sites\/default\/files\/styles\/large\/public\/img_9438.jpg\" alt=\"\" width=\"350\" \/><p class=\"wp-caption-text\"><span style=\"color: #000080;\"><em>Siedziba Instytutu<\/em><\/span><\/p><\/div>\n<p style=\"text-align: left;\"><span style=\"color: #333333;\"><em>Przez lata \u017bydowski Instytut Historyczny by\u0142 jedynym instytutem naukowym mniejszo\u015bci narodowej w Polsce, miejscem pielgrzymek badaczy i turyst\u00f3w z ca\u0142ego \u015bwiata. Dzi\u015b ta zas\u0142u\u017cona instytucja prze\u017cywa kryzys \u2013 przesta\u0142o bowiem by\u0107 jasne, jaki jest jej profil dzia\u0142ania i jak rysuje si\u0119 przysz\u0142o\u015b\u0107. Wieloletni prymat \u017bIH w\u015br\u00f3d plac\u00f3wek zajmuj\u0105cych si\u0119 problematyk\u0105 \u017cydowsk\u0105 os\u0142ab\u0142, gdy w latach 90. zacz\u0119\u0142o powstawa\u0107 wiele nowych o\u015brodk\u00f3w naukowych i muzealnych, m.in. Stowarzyszenie \u017bydowski Instytut Historyczny (S\u017bIH), b\u0119d\u0105ce rodzajem patrona spo\u0142ecznego nad pa\u0144stwowym instytutem, jakim jest \u017bIH. W po\u0142owie lat 90. rzuci\u0142o ono has\u0142o budowy Muzeum Historii \u017byd\u00f3w Polskich. Autorytarny styl dyrektora Paw\u0142a \u015apiewaka utrudnia prac\u0119 \u017bIH. Jedn\u0105 z najbardziej zaskakuj\u0105cych decyzji dyrektora by\u0142a likwidacja Dzia\u0142u Naukowego w \u017bIH. \u017badnemu z trzech dyrektor\u00f3w Muzeum Historii \u017byd\u00f3w Polskich nie uda\u0142o si\u0119 porozumie\u0107 z Paw\u0142em \u015apiewakiem w sprawie wsp\u00f3\u0142pracy.<\/em><\/span><\/p>\n<p><img decoding=\"async\" class=\"center aligncenter\" src=\"http:\/\/www.reunion68.com\/Biuletyn\/img\/break.png\" alt=\"\" \/><\/p>\n<p style=\"text-align: center;\"><span style=\"color: #333333;\"><strong>Autorytarny styl dyrektora Paw\u0142a \u015apiewaka utrudnia prac\u0119 \u017bydowskiego Instytutu Historycznego<\/strong><\/span><\/p>\n<p style=\"text-align: left;\"><span style=\"color: #000080;\">67 lat \u017bIH<\/span><br \/>\n<span style=\"color: #000080;\"> \u017bydowski Instytut Historyczny powsta\u0142 w 1947 r. W PRL by\u0142 jedyn\u0105 instytucj\u0105 kompleksowo badaj\u0105c\u0105 i dokumentuj\u0105c\u0105 tragedi\u0119 Zag\u0142ady oraz dzieje \u017byd\u00f3w na ziemiach polskich. Naukowy dorobek Bernarda Marka, Artura Eisenbacha, Ruty Sakowskiej, Mariana Fuksa, Maurycego Horna i wielu innych nale\u017cy do dzie\u0142 klasycznych, bez kt\u00f3rych trudno by\u0142oby wyobrazi\u0107 sobie nie tylko polsk\u0105, ale i \u015bwiatow\u0105 historiografi\u0119 polskich \u017byd\u00f3w. W czasach PRL \u017bIH by\u0142 traktowany jako filia Instytutu Historii PAN, w latach 90. zosta\u0142 przekszta\u0142cony w plac\u00f3wk\u0119 naukowo-badawcz\u0105. W 2009 r. instytut przesta\u0142 podlega\u0107 Ministerstwu Nauki i zosta\u0142 podporz\u0105dkowany Ministerstwu Kultury i Dziedzictwa Narodowego.<\/span><\/p>\n<p style=\"text-align: left;\"><span style=\"color: #000080;\">Przez lata \u017bydowski Instytut Historyczny by\u0142 jedynym instytutem naukowym mniejszo\u015bci narodowej w Polsce, miejscem pielgrzymek badaczy i turyst\u00f3w z ca\u0142ego \u015bwiata. Dzi\u015b ta zas\u0142u\u017cona instytucja prze\u017cywa kryzys \u2013 przesta\u0142o bowiem by\u0107 jasne, jaki jest jej profil dzia\u0142ania i jak rysuje si\u0119 przysz\u0142o\u015b\u0107.<\/span><br \/>\n<span style=\"color: #000080;\"> Wieloletni prymat \u017bIH w\u015br\u00f3d plac\u00f3wek zajmuj\u0105cych si\u0119 problematyk\u0105 \u017cydowsk\u0105 os\u0142ab\u0142, gdy w latach 90. zacz\u0119\u0142o powstawa\u0107 wiele nowych o\u015brodk\u00f3w naukowych i muzealnych, m.in. Stowarzyszenie \u017bydowski Instytut Historyczny (S\u017bIH), b\u0119d\u0105ce rodzajem patrona spo\u0142ecznego nad pa\u0144stwowym instytutem, jakim jest \u017bIH. W po\u0142owie lat 90. rzuci\u0142o ono has\u0142o budowy Muzeum Historii \u017byd\u00f3w Polskich.<\/span><\/p>\n<p style=\"text-align: center;\"><span style=\"color: #333333;\"><strong>\u017bIH a muzeum<\/strong><\/span><\/p>\n<p style=\"text-align: left;\"><span style=\"color: #000080;\">Muzeum Historii \u017byd\u00f3w Polskich (MH\u017bP) ma trzech organizator\u00f3w: Ministerstwo Kultury i Dziedzictwa Narodowego, miasto sto\u0142eczne Warszaw\u0119 i S\u017bIH. W ci\u0105gu kilkunastu lat stowarzyszenie zgromadzi\u0142o na cel wystawy g\u0142\u00f3wnej niebagateln\u0105 sum\u0119 ponad 150 mln z\u0142 (czyli przesz\u0142o 40 bud\u017cet\u00f3w \u017bIH z 2012 r.), pozyskan\u0105 od zagranicznych i polskich darczy\u0144c\u00f3w.<\/span><\/p>\n<p style=\"text-align: left;\"><span style=\"color: #000080;\"> Muzeum od ubieg\u0142ego roku ma ju\u017c sta\u0142\u0105 i imponuj\u0105c\u0105 siedzib\u0119 przy ul. Anielewicza 6 w Warszawie, naprzeciwko pomnika Bohater\u00f3w Getta. Cho\u0107 dopiero pod koniec pa\u017adziernika zostanie otwarta wystawa g\u0142\u00f3wna, od pocz\u0105tku podj\u0119\u0142o bardzo aktywn\u0105 dzia\u0142alno\u015b\u0107. Tylko od kwietnia do grudnia 2013 r. odwiedzi\u0142o je ponad 190 tys. os\u00f3b, w tym 38,5 tys. wykupi\u0142o bilety na imprezy p\u0142atne. Do tej pory liczba zwiedzaj\u0105cych dosz\u0142a do 350 tys. Tymczasem oficjalne wystawy \u017bIH odwiedza rocznie nieca\u0142e 30 tys. os\u00f3b, a w planach na rok 2014 instytut zak\u0142ada\u0142, \u017ce bilety wykupi w nim 12,5 tys. Dodajmy, \u017ce muzeum ma kilkakrotnie wi\u0119kszy bud\u017cet, dwukrotnie wi\u0119kszy personel, wy\u017csze pensje i bardziej rozbudowan\u0105 wsp\u00f3\u0142prac\u0119 mi\u0119dzynarodow\u0105, jest te\u017c skuteczniejsze w fundraisingu, czyli pozyskiwaniu wsparcia finansowego. Jeszcze przed otwarciem wystawy g\u0142\u00f3wnej zacz\u0119\u0142o wi\u0119c rzuca\u0107 cie\u0144 na dotychczasow\u0105 formu\u0142\u0119 i rutyn\u0119 dzia\u0142a\u0144 \u017bIH. Instytut ma problemy z dostosowaniem si\u0119 do tej sytuacji, w og\u00f3le coraz gorzej radzi sobie ze swoj\u0105 to\u017csamo\u015bci\u0105.<\/span><\/p>\n<p style=\"text-align: left;\"><span style=\"color: #000080;\"> Mamy do czynienia z dwiema plac\u00f3wkami o zbli\u017conym profilu dzia\u0142ania, podlegaj\u0105cymi temu samemu ministerstwu. Instytucje te \u0142\u0105czy cia\u0142o spo\u0142eczne w postaci S\u017bIH \u2013 b\u0119d\u0105cego w\u0142a\u015bcicielem budynku i zbior\u00f3w \u017bIH, a zarazem jednym z organizator\u00f3w MH\u017bP. Klarowne zasady wsp\u00f3\u0142pracy mi\u0119dzy instytutem, stowarzyszeniem i muzeum nie zosta\u0142y jednak wypracowane. Jak si\u0119 wydaje, wina spoczywa g\u0142\u00f3wnie na dyrekcji \u017bIH. Od 2011 r. dyrektorem instytutu jest Pawe\u0142 \u015apiewak, profesor Uniwersytetu Warszawskiego. Jedn\u0105 z jego wa\u017cniejszych decyzji by\u0142o wym\u00f3wienie umowy tr\u00f3jstronnej o wsp\u00f3\u0142pracy mi\u0119dzy \u017bIH, S\u017bIH i MH\u017bP. Mimo \u017ce od tego czasu w muzeum zmieni\u0142o si\u0119 ju\u017c trzech dyrektor\u00f3w, \u017cadnemu nie uda\u0142o si\u0119 porozumie\u0107 ze \u015apiewakiem w sprawie umowy o wsp\u00f3\u0142pracy. R\u00f3wnie\u017c w relacjach ze S\u017bIH dyrektor \u015apiewak zdecydowa\u0142 si\u0119 na krok bez precedensu. Wszyscy poprzedni dyrektorzy \u017bIH stali na stanowisku, \u017ce w\u0142a\u015bcicielem zbior\u00f3w jest spo\u0142eczno\u015b\u0107 \u017cydowska dzia\u0142aj\u0105ca poprzez S\u017bIH. Tymczasem \u015apiewak przed\u0142o\u017cy\u0142 opini\u0119 prawn\u0105, w kt\u00f3rej podwa\u017ca prawo stowarzyszenia do zbior\u00f3w zgromadzonych w budynku przy ul. T\u0142omackie 3\/5.<\/span><\/p>\n<p style=\"text-align: left;\"><span style=\"color: #000080;\"> Taka konfrontacyjna postawa jest fatalna dla \u017bIH r\u00f3wnie\u017c dlatego, \u017ce w ostatnich latach prawie 99% \u015brodk\u00f3w pozyskiwanych przez S\u017bIH od polskich i ameryka\u0144skich filantrop\u00f3w wydawano na muzeum. Gdy nowy, dzia\u0142aj\u0105cy od 2011 r. zarz\u0105d S\u017bIH chcia\u0142 zmieni\u0107 t\u0119 sytuacj\u0119, nie natrafi\u0142 na odpowiedzialnego partnera. W najnowszym raporcie z dzia\u0142alno\u015bci S\u017bIH napisano: \u201eStowarzyszenie z\u0142o\u017cy\u0142o r\u00f3wnie\u017c w 2013 r. propozycj\u0119 prowadzenia dzia\u0142a\u0144 fundraisingowych na rzecz r\u00f3\u017cnego rodzaju projekt\u00f3w Instytutu. Niestety, nie otrzymali\u015bmy od Instytutu materia\u0142\u00f3w umo\u017cliwiaj\u0105cych nam prowadzenie dzia\u0142a\u0144 w tym zakresie\u201d.<\/span><\/p>\n<p style=\"text-align: left;\"><span style=\"color: #000080;\"> Takie plac\u00f3wki jak \u017bydowski Instytut Historyczny i Muzeum Historii \u017byd\u00f3w Polskich nale\u017cy traktowa\u0107 nie jak rywali, ale jak organizmy maj\u0105ce si\u0119 uzupe\u0142nia\u0107. Warunkiem tego uzupe\u0142niania si\u0119 powinno by\u0107 nakre\u015blenie zasad wsp\u00f3\u0142pracy i rozdzielenie sfer aktywno\u015bci. Tymczasem instytut usi\u0142uje powiela\u0107 dzia\u0142alno\u015b\u0107 muzeum. W ostatnich latach podj\u0105\u0142 prawdziw\u0105 ofensyw\u0119 wystawiennicz\u0105, ale w tej sferze por\u00f3wnanie go z MH\u017bP jest jak postawienie Dawida obok Goliata. Zw\u0142aszcza \u017ce z niezrozumia\u0142ych wzgl\u0119d\u00f3w w \u017bIH zlikwidowana zosta\u0142a wieloletnia wystawa dotycz\u0105ca Zag\u0142ady, ch\u0119tnie odwiedzana przez wycieczki szkolne i izraelskie. Dob\u00f3r tematyki ekspozycji za czas\u00f3w dyrektora \u015apiewaka okaza\u0142 si\u0119 nietrafiony \u2013 w\u015br\u00f3d wystaw czasowych sporo by\u0142o nastawionych na niszowego odbiorc\u0119, np. po\u015bwi\u0119conych sztuce wsp\u00f3\u0142czesnej, na kt\u00f3rych ju\u017c dzie\u0144 po otwarciu zabrak\u0142o zwiedzaj\u0105cych.<\/span><\/p>\n<p style=\"text-align: left;\"><span style=\"color: #000080;\"> Obie plac\u00f3wki zajmuj\u0105 si\u0119 masow\u0105 edukacj\u0105. Skoro w \u017bIH pracuje ok. 20 naukowc\u00f3w, a w MH\u017bP ledwie kilku, wydawa\u0142oby si\u0119, \u017ce mo\u017cliwy jest podzia\u0142, zgodnie z kt\u00f3rym edukacj\u0119 gimnazjalist\u00f3w i licealist\u00f3w prowadzi muzeum, edukacj\u0119 nauczycieli za\u015b \u2013 \u017bIH. Jednak nawet tego nie uda\u0142o si\u0119 osi\u0105gn\u0105\u0107.<\/span><\/p>\n<p style=\"text-align: center;\"><span style=\"color: #333333;\"><strong>Potencja\u0142 i problemy<\/strong><\/span><\/p>\n<p style=\"text-align: left;\"><span style=\"color: #000080;\">Bez w\u0105tpienia jednym z najwi\u0119kszych atut\u00f3w \u017bIH jest kilkunastoosobowy zesp\u00f3\u0142 naukowy zajmuj\u0105cy si\u0119 wszystkimi okresami historii polskich \u017byd\u00f3w. Je\u015bli szuka\u0107 element\u00f3w, kt\u00f3re r\u00f3\u017cnicowa\u0142yby \u017bIH i MH\u017bP, badania naukowe wydaj\u0105 si\u0119 jednym z najoczywistszych.<\/span><\/p>\n<p style=\"text-align: left;\"><span style=\"color: #000080;\"> W tym kontek\u015bcie zaskakuj\u0105ca by\u0142a decyzja dyrektora \u015apiewaka o zlikwidowaniu Dzia\u0142u Naukowego \u017bIH. Dokonano tego mimo braku pe\u0142nej akceptacji Rady Programowej \u017bIH, skupiaj\u0105cej kilkunastu znanych badaczy spoza grona pracownik\u00f3w instytutu. W miejsce Dzia\u0142u Naukowego powo\u0142ano Dzia\u0142 Opracowywania Zbior\u00f3w, czego konsekwencj\u0105 sta\u0142o si\u0119 zaw\u0119\u017canie bada\u0144 do archiwistycznego opracowania wyboru \u017ar\u00f3de\u0142 z zasob\u00f3w \u017bIH.<\/span><\/p>\n<p style=\"text-align: left;\"><span style=\"color: #000080;\"> Jednym z najwi\u0119kszych sukces\u00f3w naukowych \u017bIH w ostatnim okresie ma by\u0107 edycja s\u0142awnego archiwum Emanuela Ringelbluma, stworzonego w warunkach konspiracyjnych w getcie warszawskim. Tyle \u017ce kilka wydanych ostatnio tom\u00f3w nie wywo\u0142a\u0142o zachwytu specjalist\u00f3w. Wzbudzi\u0142y one krytyczne uwagi, np. Stephana Lehnstaedta na \u0142amach presti\u017cowego izraelskiego pisma \u201eYad Vashem Studies\u201d, zar\u00f3wno co do niejasnej koncepcji edycji, jak i niedostatecznej wsp\u00f3\u0142pracy mi\u0119dzynarodowej przy tym projekcie. Sk\u0105din\u0105d je\u015bli po prawie 70 latach przechowywania w \u017bIH archiwum Ringelbluma opas\u0142e tomy dokument\u00f3w wychodz\u0105 z zaledwie kilkustronicowymi wst\u0119pami, pojawia si\u0119 pytanie, czy to reklama czy antyreklama instytutu.<\/span><\/p>\n<p style=\"text-align: left;\"><span style=\"color: #000080;\"> Traktowanie naukowc\u00f3w w \u017bIH w ostatnich latach wielokrotnie zadziwia\u0142o. Dla potrzeb oceny ich pracy dyrektor \u015apiewak zaproponowa\u0142, by zdobycie tytu\u0142u doktora habilitowanego (co jest okupione przynajmniej kilkoma latami pracy) by\u0142o punktowane na poziomie kilku wyk\u0142ad\u00f3w popularnych. W poprzednim roku sze\u015bciu doktor\u00f3w, z kt\u00f3rych wszyscy nale\u017celi do NSZZ \u201eSolidarno\u015b\u0107\u201d i zostali tym samym uznani za krn\u0105brnych, skierowano na rok do pracy przy sporz\u0105dzaniu elektronicznych fiszek dokument\u00f3w. Zadania takie nale\u017c\u0105 kompetencyjnie do archiwist\u00f3w i bibliotekarzy, a wiele z nich mogliby w zasadzie wykonywa\u0107 liceali\u015bci. Dwoje badaczy, w tym sekretarz Dzia\u0142u Naukowego dr Piotr Weiser, postanowi\u0142o w takiej atmosferze odej\u015b\u0107 z \u017bIH. Kolejna dw\u00f3jka odda\u0142a spraw\u0119 do s\u0105du. Dyrekcja instytutu przegra\u0142a proces, a jej dzia\u0142ania zosta\u0142y uznane przez niezawis\u0142y s\u0105d za bezprawne.<\/span><\/p>\n<p style=\"text-align: left;\"><span style=\"color: #000080;\"> Nie mo\u017cna ukrywa\u0107, \u017ce na sytuacj\u0119 w \u017bIH rzutuje autorytarny styl kierowania nim przez Paw\u0142a \u015apiewaka. Stosunki w zakresie praw pracowniczych i zwi\u0105zkowych w \u017bIH odbiegaj\u0105 od podstawowych standard\u00f3w i dobrych praktyk w nauce. Zajmuj\u0105cy si\u0119 od kilku lat monitorowaniem praw pracowniczych Zwi\u0105zek Syndykalist\u00f3w Polskich (www.zsp.net.pl) przyzna\u0142 dyrektorowi \u015apiewakowi drugie miejsce w konkursie na Najgorszego Pracodawc\u0119 Roku 2013. Dyrektor \u017bIH uplasowa\u0142 si\u0119 zaraz za sieci\u0105 market\u00f3w Dino, a przed agencj\u0105 ochrony Impuls.<\/span><\/p>\n<p style=\"text-align: left;\"><span style=\"color: #000080;\">Znana badaczka polskiego antysemityzmu, dr Alina Ca\u0142a, przewodnicz\u0105ca Solidarno\u015bci w \u017bIH, jako formy skierowanego przeciw niej mobbingu wymienia: przydzia\u0142 zada\u0144 niezgodnych z kwalifikacjami, obra\u017canie i upokarzanie zar\u00f3wno publiczne, jak i w kontaktach z dyrekcj\u0105, utrudnianie pracy naukowej, pomijanie przy przyznawaniu premii, zastraszanie, zablokowanie grantu Ministerstwa Nauki na t\u0142umaczenie na angielski jej pracy \u201e\u017byd \u2013 wr\u00f3g odwieczny? Antysemityzm w Polsce i jego \u017ar\u00f3d\u0142a\u201d, kilkakrotne pr\u00f3by zwolnienia. Podobne praktyki, zdaniem dr Ca\u0142ej, stosowane s\u0105 wobec innych cz\u0142onk\u00f3w zwi\u0105zku. Pr\u00f3by mediacji ze strony Rady Programowej \u017bIH zawiod\u0142y. W tej sytuacji kilkudziesi\u0119ciu znanych naukowc\u00f3w i ludzi kultury z Polski i ze \u015bwiata zwr\u00f3ci\u0142o si\u0119 na pocz\u0105tku pa\u017adziernika do minister kultury prof. Ma\u0142gorzaty Omilanowskiej z apelem w obronie dr Aliny Ca\u0142ej. Dyrektor grozi jej po raz kolejny zwolnieniem, a czuje si\u0119 tak pewnie, \u017ce u\u017cywa w korespondencji urz\u0119dowej \u017bIH nieprzys\u0142uguj\u0105cego mu tytu\u0142u profesora belwederskiego.<\/span><\/p>\n<p style=\"text-align: center;\"><span style=\"color: #333333;\"><strong>Jaka przysz\u0142o\u015b\u0107<\/strong><\/span><\/p>\n<p style=\"text-align: left;\"><span style=\"color: #000080;\">Je\u015bli chcia\u0142oby si\u0119 wzmocni\u0107 funkcj\u0119 bada\u0144 naukowych instytutu, nale\u017ca\u0142oby r\u00f3wnie\u017c si\u0119 zastanowi\u0107 nad formu\u0142\u0105 jego organizacji prawnej. W tej sprawie mo\u017cna przypomnie\u0107 list napisany przez naukowc\u00f3w \u017bIH ju\u017c w 2008 r.: \u201eJedyn\u0105 szans\u0119 poprawy sytuacji stanowi radykalna zmiana jego statusu prawnego. Problem w tym, \u017ce mo\u017cliwe obecnie do zastosowania rozwi\u0105zania prawne, reguluj\u0105ce dzia\u0142alno\u015b\u0107 instytut\u00f3w naukowych oraz instytucji kultury, nie uwzgl\u0119dniaj\u0105 swoisto\u015bci i z\u0142o\u017conej struktury \u017bIH (dzia\u0142 naukowy, archiwum, biblioteka, muzeum, dzia\u0142 dokumentacji zabytk\u00f3w), ograniczaj\u0105 mo\u017cliwo\u015bci jego rozwoju i skazuj\u0105 na upadek. Pami\u0119\u0107 o polskich \u017bydach, tak\u017ce jako cz\u0119\u015b\u0107 historii Polski, potrzebuje tej zas\u0142u\u017conej instytucji, kt\u00f3ra przetrwa\u0142a liczne dziejowe burze. Bez w\u0105tpienia jej dalsze funkcjonowanie uzale\u017cnione jest od uchwalenia przez Sejm osobnej ustawy o \u017bydowskim Instytucie Historycznym, kt\u00f3ra pozwoli\u0142aby prowadzi\u0107 dzia\u0142alno\u015b\u0107 na zasadach odpowiadaj\u0105cych jego szczeg\u00f3lnej strukturze. Ustawy, kt\u00f3ra odda\u0142aby sprawiedliwo\u015b\u0107 ludziom i kulturze, kt\u00f3rych ju\u017c nie ma\u201d.<\/span><\/p>\n<p style=\"text-align: left;\"><span style=\"color: #000080;\"> List ten podpisa\u0142o ok. 300 wybitnych naukowc\u00f3w i ludzi kultury z Polski i ze \u015bwiata. Zosta\u0142 on jednak przez Kancelari\u0119 Premiera zignorowany.<\/span><br \/>\n<span style=\"color: #000080;\"> Pod koniec 2013 r. wicemarsza\u0142ek Sejmu Wanda Nowicka zwr\u00f3ci\u0142a si\u0119 do premiera Tuska z interpelacj\u0105, w kt\u00f3rej pyta\u0142a o dalsze losy instytutu. Pisa\u0142a m.in.: \u201eDzi\u015b po otwarciu Muzeum Historii \u017byd\u00f3w Polskich funkcja naukowo-badawcza \u017bIH powinna zosta\u0107 wzmocniona i pog\u0142\u0119biona \u2013 jako bardzo wa\u017cne dope\u0142nienie misji MH\u017bP. Instytut ma wszelkie atrybuty, by sta\u0107 si\u0119 mi\u0119dzynarodowym centrum bada\u0144 nad \u017cyciem i zag\u0142ad\u0105 \u017byd\u00f3w polskich oraz wschodnioeuropejskich. Powinien sta\u0107 si\u0119 o\u015brodkiem dzia\u0142a\u0144 edukacyjnych na r\u00f3\u017cnych poziomach \u2013 od gimnazjalnego po uniwersytecki, z uwzgl\u0119dnieniem kurs\u00f3w dla nauczycieli, w kt\u00f3rych organizacji \u017bIH ma wieloletnie do\u015bwiadczenie. \u017bIH jest w stanie z powodzeniem wsp\u00f3\u0142pracowa\u0107 \u015bci\u015ble z podobnymi mu o\u015brodkami zagranicznymi, jak Instytut im. Dubnowa w Lipsku, o\u015brodek bada\u0144 nad antysemityzmem na Technische Universit\u00e4t w Berlinie czy nowojorskie YIVO. Sta\u0107 si\u0119 mo\u017ce i powinien centrum badawczym przyci\u0105gaj\u0105cym badaczy z ca\u0142ego \u015bwiata, tym bardziej \u017ce to w Polsce znajduje si\u0119 podstawowa baza \u017ar\u00f3d\u0142owa dla bada\u0144 nad przesz\u0142o\u015bci\u0105 polskich \u017byd\u00f3w\u201d.<\/span><\/p>\n<p style=\"text-align: left;\"><span style=\"color: #000080;\"> Po latach nieodpowiadania na takie apele pytanie o charakter odr\u0119bno\u015bci programowej i organizacyjnej \u017bIH przy pe\u0142nym otwarciu MH\u017bP stawia ju\u017c nie grupa naukowc\u00f3w czy \u015brodowisko wok\u00f3\u0142 instytutu, ale samo \u017cycie.<\/span><\/p>\n<hr style=\"height: 15px; background: #d0e6fa; width: 710px;\" \/>\n<div id=\"content\" class=\"  content-alignment&lt;br \/&gt;&lt;br \/&gt; \">\n<div id=\"watch-description\" class=\"yt-uix-button-panel\">\n<div id=\"watch-description-text\">\n<p style=\"text-align: center;\"><span style=\"color: #808080;\"> twoje uwagi, linki, wlasne artykuly, lub wiadomosci przeslij do: <strong><span style=\"text-decoration: underline;\"><span style=\"color: #808080; text-decoration: underline;\"><a href=\"mailto:webmaster@reunion68.com\">webmaster@reunion68.com<\/a><\/span><\/span><\/strong><\/span><\/p>\n<\/div>\n<\/div>\n<\/div>\n<p>&nbsp;<\/p>\n<hr style=\"width: 710px;\" \/>\n","protected":false},"excerpt":{"rendered":"<p>Co dalej z polskim Yad Vashem Napisa\u0142(a): Agata Paszkowska w wydaniu 43\/2014. Przez lata \u017bydowski Instytut Historyczny by\u0142 jedynym instytutem naukowym mniejszo\u015bci narodowej w Polsce, miejscem pielgrzymek badaczy i turyst\u00f3w z ca\u0142ego \u015bwiata. Dzi\u015b ta zas\u0142u\u017cona instytucja prze\u017cywa kryzys \u2013 przesta\u0142o bowiem by\u0107 jasne, jaki jest jej profil dzia\u0142ania i jak rysuje si\u0119 przysz\u0142o\u015b\u0107. Wieloletni [&hellip;]<\/p>\n","protected":false},"author":1,"featured_media":0,"comment_status":"closed","ping_status":"closed","sticky":false,"template":"","format":"standard","meta":[],"categories":[4],"tags":[24],"_links":{"self":[{"href":"https:\/\/www.reunion68.se\/index.php?rest_route=\/wp\/v2\/posts\/9243"}],"collection":[{"href":"https:\/\/www.reunion68.se\/index.php?rest_route=\/wp\/v2\/posts"}],"about":[{"href":"https:\/\/www.reunion68.se\/index.php?rest_route=\/wp\/v2\/types\/post"}],"author":[{"embeddable":true,"href":"https:\/\/www.reunion68.se\/index.php?rest_route=\/wp\/v2\/users\/1"}],"replies":[{"embeddable":true,"href":"https:\/\/www.reunion68.se\/index.php?rest_route=%2Fwp%2Fv2%2Fcomments&post=9243"}],"version-history":[{"count":28,"href":"https:\/\/www.reunion68.se\/index.php?rest_route=\/wp\/v2\/posts\/9243\/revisions"}],"predecessor-version":[{"id":9252,"href":"https:\/\/www.reunion68.se\/index.php?rest_route=\/wp\/v2\/posts\/9243\/revisions\/9252"}],"wp:attachment":[{"href":"https:\/\/www.reunion68.se\/index.php?rest_route=%2Fwp%2Fv2%2Fmedia&parent=9243"}],"wp:term":[{"taxonomy":"category","embeddable":true,"href":"https:\/\/www.reunion68.se\/index.php?rest_route=%2Fwp%2Fv2%2Fcategories&post=9243"},{"taxonomy":"post_tag","embeddable":true,"href":"https:\/\/www.reunion68.se\/index.php?rest_route=%2Fwp%2Fv2%2Ftags&post=9243"}],"curies":[{"name":"wp","href":"https:\/\/api.w.org\/{rel}","templated":true}]}}