{"id":92700,"date":"2022-01-26T17:09:55","date_gmt":"2022-01-26T15:09:55","guid":{"rendered":"http:\/\/www.reunion68.se\/?p=92700"},"modified":"2022-01-26T12:57:00","modified_gmt":"2022-01-26T10:57:00","slug":"03-09-70","status":"publish","type":"post","link":"https:\/\/www.reunion68.se\/?p=92700","title":{"rendered":"Jedyny wywiad Adolfa Hitlera dla polskiej prasy"},"content":{"rendered":"<h5 style=\"text-align: center;\"><a href=\"https:\/\/wyborcza.pl\/\" target=\"_blank\" rel=\"noopener noreferrer\"><img decoding=\"async\" class=\"center alignleft\" src=\"http:\/\/www.reunion68.com\/Biuletyn\/img\/wyborcza-ale.png\" alt=\"\" width=\"35%\" \/><\/a><span style=\"text-decoration: underline; color: #000080;\"><strong><a style=\"color: #000080; text-decoration: underline;\" href=\"https:\/\/wyborcza.pl\/alehistoria\/7,121681,28038791,jedyny-wywiad-adolfa-hitlera-dla-polskiej-prasy.html\" target=\"_blank\" rel=\"noopener noreferrer\">Jedyny wywiad Adolfa Hitlera dla polskiej prasy<\/a><\/strong><\/span><\/h5>\n<p style=\"text-align: center;\"><span style=\"color: #000000;\"><strong>Krzysztof Tarka<\/strong><\/span><\/p>\n<hr style=\"height: 15px; background: #d0e6fa; width: 100%;\" \/>\n<p style=\"text-align: center;\"><img decoding=\"async\" class=\"aligncenter\" src=\"https:\/\/bi.im-g.pl\/im\/a3\/53\/18\/z25507747V,Adolf-Hitler.jpg\" width=\"100%\" \/><span style=\"color: #808080;\"><em>Adolf Hitler (Fot. domena Publiczna)<\/em><\/span><\/p>\n<h4 style=\"text-align: center;\"><span style=\"color: #808080;\"><strong>Adolf Hitler zapewnia\u0142 Polak\u00f3w, \u017ce w 1943 lub 1944 r. &#8220;oba narody poznaj\u0105 si\u0119&#8221; i dawne uprzedzenia znikn\u0105.<\/strong><\/span><\/h4>\n<p>.<\/p>\n<p class=\"art_paragraph\" style=\"text-align: left;\"><span style=\"color: #000080;\">Rozmowa z Hitlerem ukaza\u0142a si\u0119 na pierwszej stronie \u201eGazety Polskiej&#8221; 26 stycznia 1935 r., rok po podpisaniu polsko-niemieckiej deklaracji o niestosowaniu przemocy. Stosunki mi\u0119dzy Berlinem i Warszaw\u0105 wydawa\u0142y si\u0119 bardzo dobre. Cztery dni przed ukazaniem si\u0119 wywiadu, po dorocznym obiedzie w Kancelarii Rzeszy dla korpusu dyplomatycznego, Hitler odby\u0142 rozmow\u0119 z kilkoma ambasadorami, m.in. z J\u00f3zefem Lipskim, kt\u00f3ry raportowa\u0142 do MSZ:<\/span><\/p>\n<p class=\"art_paragraph\" style=\"text-align: left;\"><span style=\"color: #000080;\">\u201eKanclerz w s\u0142owach bardzo serdecznych podkre\u015bli\u0142 znaczenie zbli\u017cenia obu narod\u00f3w. Rozwodz\u0105c si\u0119 na ten temat, powiedzia\u0142, i\u017c bardzo fa\u0142szyw\u0105 by\u0142a teza o Erbfeindschaft [odwiecznej wrogo\u015bci] polsko-niemieckiej&#8221;. Zapewnia\u0142, \u017ce za osiem lub dziewi\u0119\u0107 lat, czyli w 1943 lub 1944 r., \u201emi\u0119dzy obu pa\u0144stwami b\u0119dzie niezawodnie zupe\u0142nie inny stosunek panowa\u0142, gdy oba narody poznaj\u0105 si\u0119 i gdy dawne uprzedzenia znikn\u0105&#8221;.<\/span><\/p>\n<h4 class=\"art_sub_title\" style=\"text-align: left;\"><strong>W\u00f3dz w skromnym mundurze<\/strong><\/h4>\n<p class=\"art_paragraph\" style=\"text-align: left;\"><span style=\"color: #000080;\">Wywiad z Hitlerem przeprowadzi\u0142 38-letni w\u00f3wczas Kazimierz Smogorzewski, jeden z najbardziej znanych komentator\u00f3w polityki mi\u0119dzynarodowej. Wcze\u015bniej pisa\u0142 m.in. \u201eGazety Warszawskiej&#8221; \u201eRzeczpospolitej&#8221;, \u201eIlustrowanego Kuriera Codziennego&#8221; i gazet zagranicznych. Przez kilka lat by\u0142 korespondentem polskiej prasy we\u00a0<a style=\"color: #000080;\" href=\"https:\/\/wyborcza.pl\/0,128956.html?tag=francja#anchorLink\">Francji<\/a>, gdzie wyst\u0105pi\u0142 w roli chor\u0105\u017cego na otwarciu zimowych igrzysk olimpijskich w Chamonix w 1924 r., poniewa\u017c polska ekipa sp\u00f3\u017ani\u0142a si\u0119 na uroczysto\u015b\u0107.<\/span><\/p>\n<p class=\"art_paragraph\" style=\"text-align: left;\"><span style=\"color: #000080;\">Na pocz\u0105tku kariery zwi\u0105zany by\u0142 z pras\u0105 endeck\u0105, ale od po\u0142owy lat 20. zbli\u017cy\u0142 si\u0119 do rz\u0105dz\u0105cej sanacji. W 1933 r. zosta\u0142 korespondentem prorz\u0105dowej \u201eGazety Polskiej&#8221; w Berlinie. Wsp\u00f3\u0142pracuj\u0105c z polskim MSZ, nawi\u0105za\u0142 tam szerokie kontakty z niemieckimi politykami i dziennikarzami, a tak\u017ce korespondentami z innych kraj\u00f3w, kt\u00f3rym t\u0142umaczy\u0142 polskie racje.<\/span><\/p>\n<p class=\"art_paragraph\" style=\"text-align: center;\"><span class=\"imageUOM parent-box-label-related\"><img decoding=\"async\" class=\"aligncenter\" src=\"https:\/\/bi.im-g.pl\/im\/0c\/53\/15\/z22361356IH,Otwarcie-Dworku-Polskiego-w-Paryzu-w-1931-r--Widoc.jpg\" alt=\"Otwarcie Dworku Polskiego w Pary\u017cu w 1931 r. Widoczni m.in.: aktor Karol Hanusz, prezes Zwi\u0105zku Korespondent\u00f3w Paryskich Pawe\u0142 Kleczkowski, redaktor Kazimierz Smogorzewski, \u015bpiewaczka Tonia Kleczkowska, literatka Aurelia Wyle\u017cy\u0144ska\" width=\"100%\" \/><span style=\"color: #808080;\"><em><span class=\"photoAuthor\"><span class=\"photoTitle\">Otwarcie Dworku Polskiego w Pary\u017cu w 1931 r. Widoczni m.in.: aktor Karol Hanusz, prezes Zwi\u0105zku Korespondent\u00f3w Paryskich Pawe\u0142 Kleczkowski, redaktor Kazimierz Smogorzewski, \u015bpiewaczka Tonia Kleczkowska, literatka Aurelia Wyle\u017cy\u0144ska<\/span>\u00a0Narodowe Archiwum Cyfrowe<\/span><\/em><\/span><\/span><\/p>\n<p class=\"art_paragraph\" style=\"text-align: left;\"><span style=\"color: #000080;\">Rozmow\u0119 Smogorzewski przeprowadzi\u0142 w salonie na parterze Kancelarii Rzeszy, gdzie wprowadzi\u0142 go Joachim von Ribbentrop, w\u00f3wczas kierownik biura ds. zagranicznych NSDAP. \u201eSalon \u2013 jak ca\u0142y gmach \u2013 jest nowoczesny, ze smakiem umeblowany. Na \u015bcianach dobre obrazy, w gablotkach berli\u0144ska i mi\u015bnie\u0144ska porcelana&#8221; \u2013 pisa\u0142 Smogorzewski.<\/span><\/p>\n<p style=\"text-align: left;\"><span style=\"color: #000080;\">Kiedy wszed\u0142 do niego Hitler, w \u201eskromnym mundurze zwyk\u0142ego politycznego kierownika partii&#8221;, dziennikarz podczas pe\u0142nego kurtuazji powitania wyrazi\u0142 podziw dla \u201ewybitnej osobisto\u015bci&#8221;, a podczas spotkania ca\u0142y czas tytu\u0142owa\u0142 kanclerza \u201eekscelencj\u0105&#8221;.<\/span><\/p>\n<h4 class=\"art_sub_title\" style=\"text-align: left;\"><strong>Do kogo nale\u017cy dialog?<\/strong><\/h4>\n<p class=\"art_paragraph\" style=\"text-align: left;\"><span style=\"color: #000080;\">Rozmowa w \u201eGazecie Polskiej&#8221; jest pe\u0142na frazes\u00f3w. I trudno si\u0119 dziwi\u0107, bo Smogorzewski na wst\u0119pie jednoznacznie daje do zrozumienia, \u017ce na ostateczny kszta\u0142t tekstu nie mia\u0142 wp\u0142ywu. Pisze, \u017ce gdyby og\u0142osi\u0142 pe\u0142ny stenogram rozmowy, czytelnicy \u201emieliby przed oczyma dokument jeszcze bardziej \u017cywy i bardziej bezpo\u015bredni, a miejscami dla polaka [tak w oryginale] bardziej wymowny (\u2026). Ale ka\u017cdy dialog jest w\u0142asno\u015bci\u0105 obu rozmawiaj\u0105cych, a je\u015bli ma si\u0119 zaszczyt rozmawia\u0107 z odpowiedzialnym M\u0119\u017cem Stanu \u2013 rozumie si\u0119 samo przez si\u0119, \u017ce mo\u017cna poda\u0107 do wiadomo\u015bci publicznej tylko to, co sam aprobuje&#8221;.<\/span><\/p>\n<p class=\"art_paragraph\" style=\"text-align: left;\"><span style=\"color: #000080;\">Po latach ujawni\u0142 kulisy spotkania. Do rozmowy dosz\u0142o z inspiracji polskiego MSZ, a list\u0119 pyta\u0144 opracowa\u0142 razem z ambasad\u0105 w Berlinie. O pomoc w dotarciu do Hitlera poprosi\u0142 Ribbentropa, z kt\u00f3rym zna\u0142 si\u0119 wcze\u015bniej. Po kilku dniach otrzyma\u0142 odpowied\u017a, \u017ce kanclerz go przyjmie, pod warunkiem wcze\u015bniejszego przekazania pyta\u0144. Przes\u0142a\u0142 je do Ottona Dietricha, szefa biura prasowego NSDAP.<\/span><\/p>\n<p class=\"art_paragraph\" style=\"text-align: center;\"><span class=\"imageUOM parent-box-label-related\"><img decoding=\"async\" class=\"aligncenter\" src=\"https:\/\/bi.im-g.pl\/im\/8b\/ae\/fe\/z16690827IH,Adolf-Hitler.jpg\" alt=\"Adolf Hitler \" width=\"100%\" \/><span style=\"color: #808080;\"><em><span class=\"photoAuthor\"><span class=\"photoTitle\">Adolf Hitler\u00a0<\/span>\u00a0gazeta.tv<\/span><\/em><\/span><\/span><\/p>\n<p class=\"art_paragraph\" style=\"text-align: left;\"><span style=\"color: #000080;\">Hitler przyj\u0105\u0142 Smogorzewskiego mi\u0142o, cz\u0119stuj\u0105c go szampanem. Odpowiedzia\u0142 na jego wszystkie pytania, ale rozmawiali o rzeczach og\u00f3lnych, nie poruszaj\u0105c tematu stosunk\u00f3w polsko-niemieckich. Na koniec wr\u0119czy\u0142 Smogorzewskiemu kilka kartek maszynopisu i to zapewne na nich dziennikarz opar\u0142 tekst, kt\u00f3ry ukaza\u0142 si\u0119 w \u201eGazecie Polskiej&#8221;.<\/span><\/p>\n<h4 class=\"art_sub_title\" style=\"text-align: left;\"><strong>Polacy, nie macie si\u0119 czego ba\u0107<\/strong><\/h4>\n<p class=\"art_paragraph\" style=\"text-align: left;\"><span style=\"color: #000080;\">Hitler ciep\u0142o m\u00f3wi\u0142 o marsza\u0142ku J\u00f3zefie Pi\u0142sudskim, kt\u00f3rego nazwa\u0142 wielkim m\u0119\u017cem stanu i ca\u0142y czas zapewnia\u0142 o pokojowych zamiarach wobec Polski: \u201eNie my\u015blimy kontynuowa\u0107 b\u0142\u0119d\u00f3w pope\u0142nionych w przesz\u0142ych stuleciach. Jednym z wyraz\u00f3w tej naszej woli jest usi\u0142owanie nowego ukszta\u0142towania stosunk\u00f3w pomi\u0119dzy narodem niemieckim i polskim&#8221;.<\/span><\/p>\n<p class=\"art_paragraph\" style=\"text-align: center;\"><span class=\"imageUOM parent-box-label-related\"><img decoding=\"async\" class=\"aligncenter\" src=\"https:\/\/bi.im-g.pl\/im\/bd\/bd\/1a\/z28039101IH,Wywiad-z-Adolfem-Hitlerem-ukazal-sie-na-pierwszej-.jpg\" alt=\"Wywiad z Adolfem Hitlerem ukaza\u0142 si\u0119 na pierwszej stronie prorz\u0105dowej 'Gazety Polskiej' 26 stycznia 1935 r.\" width=\"100%\" \/><span style=\"color: #808080;\"><em><span class=\"photoAuthor\"><span class=\"photoTitle\">Wywiad z Adolfem Hitlerem ukaza\u0142 si\u0119 na pierwszej stronie prorz\u0105dowej &#8216;Gazety Polskiej&#8217; 26 stycznia 1935 r.<\/span>\u00a0domena publiczna<\/span><\/em><\/span><\/span><\/p>\n<p class=\"art_paragraph\" style=\"text-align: left;\"><span style=\"color: #000080;\">Od\u017cegnywa\u0142 si\u0119 od prowadzonej w przesz\u0142o\u015bci przez Niemcy germanizacji s\u0105siednich narod\u00f3w. \u201ePoj\u0119cie rasistowskie w idei narodowo-socjalistycznej zasadniczo odrzuca tzw. wynarodowienie. W tej bowiem gwa\u0142tem przeprowadzonej aneksji obcego dobra narodowego, widzimy raczej os\u0142abienie &#8211; ni\u017c wzmocnienie w\u0142asnej narodowo\u015bci&#8221; \u2013 t\u0142umaczy\u0142<\/span>.<\/p>\n<p class=\"art_paragraph\" style=\"text-align: center;\"><span class=\"imageUOM parent-box-label-related\"><img decoding=\"async\" class=\"aligncenter\" src=\"https:\/\/bi.im-g.pl\/im\/41\/f9\/17\/z25140801IH,Hitler-i-Reichenau-w-1941-r-.jpg\" alt=\"Hitler i Reichenau w 1941 r.\" width=\"100%\" \/><span style=\"color: #808080;\"><em><span class=\"photoAuthor\"><span class=\"photoTitle\">Hitler i Reichenau w 1941 r.<\/span>\u00a0Bundesarchiv, Bild 146-2007- 0125 \/ CC-BY-SA 3.0 [CC BY-SA 3.0]<\/span><\/em><\/span><\/span><\/p>\n<p class=\"art_paragraph\" style=\"text-align: left;\"><span style=\"color: #000080;\">Przestrzega\u0142 Polak\u00f3w przed Zwi\u0105zkiem Sowieckim i przypomina\u0142, \u017ce by\u0142y czasy, gdy oba kraje wsp\u00f3lnie wyst\u0119powa\u0142y przeciwko niebezpiecze\u0144stwu ze strony Rosji. Przewidywa\u0142, \u017ce zn\u00f3w \u201emo\u017ce nadej\u015b\u0107 moment, kiedy (\u2026) b\u0119d\u0105 musia\u0142y si\u0119 broni\u0107 przeciwko zalewowi od wschodu&#8221;. Krytykuj\u0105c polityk\u0119 swoich poprzednik\u00f3w na urz\u0119dzie kanclerskim, stwierdzi\u0142, \u017ce wsp\u00f3\u0142praca ze Zwi\u0105zkiem Sowieckim przeciwko Polsce by\u0142a \u201enajwi\u0119kszym absurdem politycznym&#8221;.<\/span><\/p>\n<p class=\"art_paragraph\" style=\"text-align: left;\"><span style=\"color: #000080;\">A nawi\u0105zuj\u0105c do podpisanej rok wcze\u015bniej polsko-niemieckiej deklaracji o niestosowaniu przemocy, powiedzia\u0142, \u017ce cieszy go, \u017ce uda\u0142o si\u0119 \u201eprzeprowadzi\u0107 we w\u0142a\u015bciwym czasie jedn\u0105 z najbardziej wa\u017ckich poprawek historycznych. Skorygowali\u015bmy mianowicie b\u0142\u0119dn\u0105 opini\u0119, jakoby mi\u0119dzy obu narodami stale i na zawsze istnia\u0142 stan wrogi, jako pewien rodzaj dziedziczno\u015bci. S\u0105dz\u0119, i\u017c jest wprost przeciwnie: mimo wszelkich trudno\u015bci istniej\u0105cych pomi\u0119dzy obu narodami, s\u0105 one w interesie wsp\u00f3lnego utrzymania kultury europejskiej zobowi\u0105zane do szczerej wsp\u00f3\u0142pracy&#8221;.<\/span><\/p>\n<h4 class=\"art_sub_title\" style=\"text-align: left;\"><strong>Nar\u00f3d gotowy do czynu<\/strong><\/h4>\n<p class=\"art_paragraph\" style=\"text-align: left;\"><span style=\"color: #000080;\">Niemcy pod swoimi rz\u0105dami charakteryzowa\u0142 jednoznacznie: \u201ePa\u0144stwo narodowo-socjalistyczne jest pa\u0144stwem jednolitym&#8221;. Deklarowa\u0142 wprawdzie szanowanie ukszta\u0142towanych na przestrzeni wiek\u00f3w naturalnych r\u00f3\u017cnic mi\u0119dzy dzielnicami, ale zapowiedzia\u0142, \u017ce bezwzgl\u0119dnie wypleni \u201ewszelkie zjawiska powsta\u0142e w najbardziej smutnych czasach dynastycznego egoizmu, kt\u00f3re okaza\u0142y si\u0119 (\u2026) czynnikami wewn\u0119trznego rozdarcia&#8221;.<\/span><\/p>\n<blockquote class=\"art_blockquote\">\n<p style=\"text-align: left;\"><strong>W miejsce \u201epartyjnego rozbicia&#8221;, czyli demokracji, Hitler zapowiedzia\u0142 wprowadzenie do systemu politycznego Niemiec zasady wodzostwa. Struktur\u0119 i organizacj\u0119 NSDAP przyr\u00f3wna\u0142 do \u201ezakonu&#8221;, a program partii uto\u017csami\u0142 z d\u0105\u017ceniami ca\u0142ego narodu.<\/strong><\/p>\n<\/blockquote>\n<p class=\"art_paragraph\" style=\"text-align: left;\"><span style=\"color: #000080;\">\u201eUrzeczywistnienie cel\u00f3w ruchu narodowo-socjalistycznego prowadzi do absolutnej jedno\u015bci mi\u0119dzy parti\u0105 a pa\u0144stwem&#8221; \u2013 podkre\u015bli\u0142.<\/span><\/p>\n<p class=\"art_paragraph\" style=\"text-align: center;\"><span class=\"imageUOM parent-box-label-related\"><img decoding=\"async\" class=\"aligncenter\" src=\"https:\/\/bi.im-g.pl\/im\/d5\/59\/16\/z23435221IH,Adolf-Hitler.jpg\" alt=\"Adolf Hitler\" width=\"100%\" \/><span style=\"color: #808080;\"><em><span class=\"photoAuthor\"><span class=\"photoTitle\">Adolf Hitler<\/span>\u00a0Fot. Wikipedia | CC BY-SA 3.0 de<\/span><\/em><\/span><\/span><\/p>\n<p class=\"art_paragraph\" style=\"text-align: left;\"><span style=\"color: #000080;\">Zapowiedzia\u0142, \u017ce Niemcy nie wr\u00f3c\u0105 do Ligi Narod\u00f3w, z kt\u00f3rej wyst\u0105pi\u0142y jesieni\u0105 1933 r. A nawet wi\u0119cej: \u201eJeste\u015bmy zdecydowani nie powraca\u0107 do \u017cadnego Zwi\u0105zku Mi\u0119dzynarodowego, zanim nie otrzymamy pe\u0142nych praw&#8221;.<\/span><\/p>\n<p class=\"art_paragraph\" style=\"text-align: left;\"><span style=\"color: #000080;\">Podkre\u015bli\u0142, \u017ce Niemcy \u201eju\u017c nigdy wi\u0119cej nie zrezygnuj\u0105 ze swego r\u00f3wnouprawnienia&#8221;. Domagaj\u0105c si\u0119 \u201er\u00f3wnych praw&#8221;, mia\u0142 na my\u015bli zapewne zniesienie ogranicze\u0144 na\u0142o\u017conych na Niemcy po I wojnie \u015bwiatowej w dziedzinie zbroje\u0144. \u201ePod poj\u0119ciem wsp\u00f3\u0142pracy mi\u0119dzynarodowej nie mo\u017cemy rozumie\u0107 przyjmowania na siebie nieprzejrzystych zobowi\u0105za\u0144&#8221; \u2013 argumentowa\u0142.<\/span><\/p>\n<blockquote class=\"art_blockquote\">\n<p style=\"text-align: left;\"><strong>Chwali\u0142 si\u0119 te\u017c sukcesami gospodarczymi, m.in. tym, \u017ce w ci\u0105gu dw\u00f3ch lat uda\u0142o si\u0119 zmniejszy\u0107 bezrobocie, kt\u00f3re w momencie, gdy obejmowa\u0142 w\u0142adz\u0119 dotyka\u0142o 6,5 mln obywateli.<\/strong><\/p>\n<\/blockquote>\n<p class=\"art_paragraph\" style=\"text-align: left;\"><span style=\"color: #000080;\">\u201eWszystkie wska\u017aniki \u017cycia gospodarczego wzrastaj\u0105 i wykazuj\u0105 stan korzystnej ewolucji. Najwa\u017cniejszym jest jednak, i\u017c uda\u0142o si\u0119 nam szcz\u0119\u015bliwie o\u017cywi\u0107 tkwi\u0105c\u0105 w naszym narodzie gotowo\u015b\u0107 do czynu, do decyzji, do radosnej pracy&#8221; \u2013 m\u00f3wi\u0142 z dum\u0105 F\u00fchrer.<\/span><\/p>\n<h4 class=\"art_sub_title\" style=\"text-align: left;\"><strong>Plackiem przed Hitlerem<\/strong><\/h4>\n<p class=\"art_paragraph\" style=\"text-align: left;\"><span style=\"color: #000080;\">Rozmowa z Hitlerem odbi\u0142a si\u0119 w Polsce szerokim echem. Prorz\u0105dowa \u201ePolska Zbrojna&#8221; donosi\u0142a, \u017ce przedrukowa\u0142a go na czo\u0142\u00f3wkach ca\u0142a prasa niemiecka. Uk\u0142ad polsko-niemiecki redakcja uzna\u0142a za \u201epunkt zwrotny w polityce europejskiej&#8221;.<\/span><\/p>\n<p class=\"art_paragraph\" style=\"text-align: left;\"><span style=\"color: #000080;\">Inny by\u0142 ton prasy opozycyjnej. Endecka \u201eGazeta Warszawska&#8221; zaznaczy\u0142a, \u017ce rozmowa mia\u0142a zbyt og\u00f3lnikowy charakter: \u201eGdyby kto\u015b chcia\u0142 oceni\u0107 jej sens polityczny to musia\u0142by si\u0119 raczej zaj\u0105\u0107 tym, co nie zosta\u0142o powiedziane, i tym, dlaczego nie mog\u0142o by\u0107 powiedziane&#8221;.<\/span><\/p>\n<p class=\"art_paragraph\" style=\"text-align: left;\"><span style=\"color: #000080;\">Podobnie na \u0142amach dziennika \u201eABC: Nowiny Codzienne&#8221; pisa\u0142 endecki publicysta i pose\u0142 Stanis\u0142aw Stro\u0144ski, prof. Katolickiego Uniwersytetu Lubelskiego: \u201eG\u0142adkim o\u015bwiadczeniom w tej rozmowie brak na og\u00f3\u0142 \u017cywszych barw&#8221;, a najwa\u017cniejsze by\u0142o to, czego Hitler nie powiedzia\u0142. Stro\u0144ski przypomnia\u0142, \u017ce w ostatnich miesi\u0105cach kanclerz Rzeszy dwukrotnie wyrzek\u0142 si\u0119 d\u0105\u017cenia do zmiany zachodnich granic Niemiec, nie wspominaj\u0105c nic o granicy wschodniej. W tej sytuacji, podkre\u015bli\u0142 Stro\u0144ski, jedynym celem polskiego dziennikarza powinno by\u0107 wyja\u015bnienie wywo\u0142anych tymi wypowiedziami Hitlera w\u0105tpliwo\u015bci. A w wywiadzie nie ma o tym ani s\u0142owa.<\/span><\/p>\n<p class=\"art_paragraph\" style=\"text-align: center;\"><span class=\"imageUOM parent-box-label-related\"><img decoding=\"async\" class=\"aligncenter\" src=\"https:\/\/bi.im-g.pl\/im\/6f\/ad\/18\/z25875823IH,Stanislaw-Stronski---minister-informacji-i-dokumen.jpg\" alt=\"Stanis\u0142aw Stro\u0144ski - minister informacji i dokumentacji w rz\u0105dzie na uchod\u017astwie w latach 1939-1943\" width=\"100%\" \/><span style=\"color: #808080;\"><em><span class=\"photoAuthor\"><span class=\"photoTitle\">Stanis\u0142aw Stro\u0144ski &#8211; minister informacji i dokumentacji w rz\u0105dzie na uchod\u017astwie w latach 1939-1943<\/span>\u00a0Fot. Narodowe Archiwum Cyfrowe<\/span><\/em><\/span><\/span><\/p>\n<p class=\"art_paragraph\" style=\"text-align: left;\"><span style=\"color: #000080;\">Socjalistyczny \u201eRobotnik&#8221; kpi\u0142 ze Smogorzewskiego, \u017ce ten niedawny endek na \u0142amach prorz\u0105dowej (sanacyjnej) gazety obchodzi rocznic\u0119 przyja\u017ani mi\u0119dzy Warszaw\u0105 i Berlinem: \u201ePad\u0142 przed Hitlerem plackiem, rozp\u0142ywa\u0142 si\u0119 w s\u0142owach, pe\u0142nych zachwytu i czo\u0142obitno\u015bci, by\u0142, s\u0105dz\u0105c z jego w\u0142asnego sprawozdania, czo\u0142obitnym a\u017c do obrzydliwo\u015bci&#8221;.<\/span><\/p>\n<p class=\"art_paragraph\" style=\"text-align: left;\"><span style=\"color: #000080;\">Redakcja drwi\u0142a te\u017c z Hitlera, kt\u00f3ry: \u201eWyg\u0142osi\u0142 szereg og\u00f3lnik\u00f3w na temat \u00bbodkry\u0107 naukowych\u00ab doktryny narodowo-\u00bbsocjalistycznej\u00ab [tak w oryginale], przyobieca\u0142, \u017ce nie zamierza Polak\u00f3w wynaradawia\u0107, bo wynaradawianie zepsu\u0142oby czysto\u015b\u0107 rasy germa\u0144skiej, o\u015bwiadczy\u0142, \u017ce pragnie zgody z Polsk\u0105, przemilcza\u0142 uprzejmie kwesti\u0119 Pomorza i \u015al\u0105ska&#8221;.<\/span><\/p>\n<h4 class=\"art_sub_title\" style=\"text-align: left;\"><strong>Wywiad z Hitlerem.\u00a0Mackiewicz chwali\u0142<\/strong><\/h4>\n<p class=\"art_paragraph\" style=\"text-align: left;\"><span style=\"color: #000080;\">Konserwatywny \u201eCzas&#8221; analizowa\u0142, \u017ce w wywodach Hitlera najwa\u017cniejsze jest \u201ezdecydowane wyrzeczenie si\u0119 polityki wynaradawiania, kt\u00f3ra nale\u017ca\u0142a wr\u0119cz do zasadniczego programu poprzednich re\u017cim\u00f3w w Niemczech&#8221;. Dziennik uzna\u0142 za wa\u017cne r\u00f3wnie\u017c deklaracje o wsp\u00f3\u0142pracy polsko-niemieckiej: \u201eJest to tak\u017ce w polityce niemieckiej zwrot nowy i znamienny&#8221;.<\/span><\/p>\n<p class=\"art_paragraph\" style=\"text-align: center;\"><span class=\"imageUOM parent-box-label-related\"><img decoding=\"async\" class=\"aligncenter\" src=\"https:\/\/bi.im-g.pl\/im\/b3\/b9\/1a\/z28024243IH,Stanislaw-Cat-Mackiewicz-na-dachu-Palacu-Prasy-w-K.jpg\" alt=\"Stanis\u0142aw Cat-Mackiewicz na dachu Pa\u0142acu Prasy w Krakowie w maju 1939 roku\" width=\"100%\" \/><span style=\"color: #808080;\"><em><span class=\"photoAuthor\"><span class=\"photoTitle\">Stanis\u0142aw Cat-Mackiewicz na dachu Pa\u0142acu Prasy w Krakowie w maju 1939 roku<\/span>\u00a0Fot. NAC<\/span><\/em><\/span><\/span><\/p>\n<p class=\"art_paragraph\" style=\"text-align: left;\"><span style=\"color: #000080;\">Redaktor wile\u0144skiego \u201eS\u0142owa&#8221; Stanis\u0142aw Cat-Mackiewicz odrzuca\u0142 opinie, \u017ce porozumienie z Niemcami mo\u017ce przynie\u015b\u0107 Polsce straty zamiast zysk\u00f3w. Przekonywa\u0142, \u017ce nawet je\u015bli Trzecia Rzesza pogodzi si\u0119 z Francj\u0105, to Hitler zawsze b\u0119dzie potrzebowa\u0142 pokoju na swojej wschodniej granicy. Cat wy\u015bmiewa\u0142 te\u017c histeryczny ton prasy francuskiej i publicystyk\u0119 Stro\u0144skiego.<\/span><\/p>\n<blockquote class=\"art_blockquote\">\n<p style=\"text-align: left;\"><strong>Wyklucza\u0142 r\u00f3wnie\u017c mo\u017cliwo\u015b\u0107 wojny, powo\u0142uj\u0105c si\u0119 na \u201epi\u0119kne i uczciwe&#8221; s\u0142owa Hitlera, \u017ce po jakiejkolwiek wojnie w Europie zapanuje bolszewizm.<\/strong><\/p>\n<\/blockquote>\n<p class=\"art_paragraph\" style=\"text-align: left;\"><span style=\"color: #000080;\">Ale cztery i p\u00f3\u0142 roku p\u00f3\u017aniej wojna wybuch\u0142a. Smogorzewski (podobnie jak Mackiewicz) sp\u0119dzi\u0142 j\u0105 w Londynie, gdzie wydawa\u0142 po angielskim dwutygodnik \u201eFree Europe&#8221;, finansowany przez rz\u0105d RP. Pismo propagowa\u0142o m.in. polskie koncepcje federacyjne, a na jego \u0142amach opr\u00f3cz Polak\u00f3w pisali znani dziennikarze ameryka\u0144scy, brytyjscy, czescy czy francuscy. Po wojnie Smogorzewski pozosta\u0142 na emigracji. Pisa\u0142 komentarze dotycz\u0105ce polityki mi\u0119dzynarodowej do prasy emigracyjnej oraz has\u0142a do \u201eEncyclopedia Britannica&#8221;.<\/span><\/p>\n<p class=\"art_paragraph\" style=\"text-align: left;\"><span style=\"color: #000080;\">W po\u0142owie lat 50. nawi\u0105za\u0142 kontakty z warszawskim MSZ i komunistycznym wywiadem. Zmar\u0142 w 1992 r. w Shepperton pod Londynem w wieku 96 lat.<\/span><\/p>\n<hr \/>\n<p class=\"art_paragraph\"><i><b>Od redakcji<\/b><\/i><\/p>\n<p class=\"art_paragraph\"><i>Prof. Krzysztof Tarka przys\u0142a\u0142 ten tekst do naszej redakcji 10 grudnia 2021 r. Przez kilka nast\u0119pnych dni wymienili\u015bmy mailowo uwagi, zastanawiaj\u0105c si\u0119 wsp\u00f3lnie nad poprawkami. Czasu do publikacji by\u0142o sporo \u2013 planowali\u015bmy j\u0105 w okolicach rocznicy ukazania si\u0119 rozmowy z Hitlerem, czyli 26 stycznia. W ostatnim mailu \u2013 20 grudnia \u2013 Profesor poinformowa\u0142, \u017ce jest chory. Na \u017cyczenia powrotu do zdrowia odpowiedzia\u0142 kr\u00f3tko: \u201eDzi\u0119ki, walcz\u0119&#8221;. Niestety, dramatyczn\u0105 walk\u0119 z chorob\u0105 przegra\u0142, zmar\u0142 19 stycznia.<\/i><\/p>\n<p class=\"art_paragraph\"><i>Prof. Tarka przez ca\u0142\u0105 karier\u0119 pracowa\u0142 na Uniwersytecie Opolskim, by\u0142 wybitnym badaczem polskiej powojennej emigracji w Wielkiej Brytanii i stosunk\u00f3w polsko-litewskich. Napisa\u0142 znakomit\u0105 biografi\u0119 komendanta wile\u0144skiej AK gen. Aleksandra Krzy\u017canowskiego \u201eWilka&#8221;. Na \u0142amach \u201eAle Historia&#8221; publikowa\u0142 regularnie i zawsze to by\u0142y tematy bardzo oryginalne, \u015bwietnie udokumentowane i napisane z wielkim znawstwem.<\/i><\/p>\n<hr style=\"height: 15px; background: #d0e6fa; width: 100%;\" \/>\n<div id=\"content\" class=\"content-alignment\">\n<div id=\"watch-description\" class=\"yt-uix-button-panel\">\n<div id=\"watch-description-text\" style=\"text-align: center;\">\n<p><em>Zawarto\u015b\u0107 publikowanych artyku\u0142\u00f3w i materia\u0142\u00f3w nie reprezentuje pogl\u0105d\u00f3w ani opinii Reunion&#8217;68,<\/em><em><br \/>\nani te\u017c webmastera Blogu Reunion&#8217;68, chyba ze jest to wyra\u017anie zaznaczone.<br \/>\nTwoje uwagi, linki, w\u0142asne artyku\u0142y lub wiadomo\u015bci prze\u015blij na adres:<br \/>\n<\/em><span style=\"color: #000080;\"><strong><em><a style=\"color: #000080;\" href=\"mailto:webmaster@reunion68.com\"><span style=\"text-decoration: underline;\">webmaster@reunion68.com<\/span><\/a><\/em><\/strong><\/span><\/p>\n<\/div>\n<\/div>\n<\/div>\n<hr style=\"width: 100%;\" \/>\n","protected":false},"excerpt":{"rendered":"<p>Jedyny wywiad Adolfa Hitlera dla polskiej prasy Krzysztof Tarka Adolf Hitler (Fot. domena Publiczna) Adolf Hitler zapewnia\u0142 Polak\u00f3w, \u017ce w 1943 lub 1944 r. &#8220;oba narody poznaj\u0105 si\u0119&#8221; i dawne uprzedzenia znikn\u0105. . Rozmowa z Hitlerem ukaza\u0142a si\u0119 na pierwszej stronie \u201eGazety Polskiej&#8221; 26 stycznia 1935 r., rok po podpisaniu polsko-niemieckiej deklaracji o niestosowaniu przemocy. [&hellip;]<\/p>\n","protected":false},"author":1,"featured_media":0,"comment_status":"closed","ping_status":"closed","sticky":false,"template":"","format":"standard","meta":[],"categories":[6],"tags":[26,24],"_links":{"self":[{"href":"https:\/\/www.reunion68.se\/index.php?rest_route=\/wp\/v2\/posts\/92700"}],"collection":[{"href":"https:\/\/www.reunion68.se\/index.php?rest_route=\/wp\/v2\/posts"}],"about":[{"href":"https:\/\/www.reunion68.se\/index.php?rest_route=\/wp\/v2\/types\/post"}],"author":[{"embeddable":true,"href":"https:\/\/www.reunion68.se\/index.php?rest_route=\/wp\/v2\/users\/1"}],"replies":[{"embeddable":true,"href":"https:\/\/www.reunion68.se\/index.php?rest_route=%2Fwp%2Fv2%2Fcomments&post=92700"}],"version-history":[{"count":8,"href":"https:\/\/www.reunion68.se\/index.php?rest_route=\/wp\/v2\/posts\/92700\/revisions"}],"predecessor-version":[{"id":92712,"href":"https:\/\/www.reunion68.se\/index.php?rest_route=\/wp\/v2\/posts\/92700\/revisions\/92712"}],"wp:attachment":[{"href":"https:\/\/www.reunion68.se\/index.php?rest_route=%2Fwp%2Fv2%2Fmedia&parent=92700"}],"wp:term":[{"taxonomy":"category","embeddable":true,"href":"https:\/\/www.reunion68.se\/index.php?rest_route=%2Fwp%2Fv2%2Fcategories&post=92700"},{"taxonomy":"post_tag","embeddable":true,"href":"https:\/\/www.reunion68.se\/index.php?rest_route=%2Fwp%2Fv2%2Ftags&post=92700"}],"curies":[{"name":"wp","href":"https:\/\/api.w.org\/{rel}","templated":true}]}}