{"id":92864,"date":"2022-02-01T17:05:08","date_gmt":"2022-02-01T15:05:08","guid":{"rendered":"http:\/\/www.reunion68.se\/?p=92864"},"modified":"2022-02-01T10:22:06","modified_gmt":"2022-02-01T08:22:06","slug":"09-00-68","status":"publish","type":"post","link":"https:\/\/www.reunion68.se\/?p=92864","title":{"rendered":"\u2018The View\u2019 Co-Hosts Spar With Whoopi Goldberg for Asserting \u2018the Holocaust Isn\u2019t About Race\u2019"},"content":{"rendered":"<h5 style=\"text-align: center;\"><a href=\"https:\/\/www.algemeiner.com\/\" target=\"_blank\" rel=\"noopener noreferrer\"><img decoding=\"async\" class=\"center alignleft\" src=\"http:\/\/www.reunion68.com\/Biuletyn\/img\/algem.png\" alt=\"\" width=\"35%\"><\/a><span style=\"text-decoration: underline; color: #000080;\"><span><strong><a style=\"color: #000080; text-decoration: underline;\" href=\"https:\/\/www.algemeiner.com\/2022\/01\/31\/the-view-co-hosts-spar-with-whoopi-goldberg-for-saying-the-holocaust-isnt-about-race\/\" target=\"_blank\" rel=\"noopener noreferrer\">\u2018The View\u2019 Co-Hosts Spar With Whoopi Goldberg for Asserting \u2018the Holocaust Isn\u2019t About Race\u2019<\/a><\/strong><\/span><\/span><\/h5>\n<p style=\"text-align: center;\"><span style=\"color: #000000;\"><strong>Shiryn Ghermezian<\/strong><\/span><\/p>\n<hr style=\"height: 15px; background: #d0e6fa; width: 100%;\">\n<p style=\"text-align: center;\"><img decoding=\"async\" class=\"aligncenter\" src=\"https:\/\/www.algemeiner.com\/wp-content\/uploads\/2022\/01\/Screen-Shot-2022-01-31-at-3.23.19-PM.jpg\" width=\"100%\"><span style=\"color: #808080;\"><em>Whoopi Goldberg on \u201cThe View\u201d on Jan. 31, 2022. Photo: Screenshot.<\/em><\/span><\/p>\n<p style=\"text-align: left;\"><span style=\"color: #000080;\">Whoopi Goldberg received pushback on Monday from her fellow co-hosts on \u201cThe View\u201d after repeatedly insisting on the morning talk show that the Holocaust was \u201cnot about race.\u201d<\/span><\/p>\n<p style=\"text-align: left;\"><span style=\"color: #000080;\">\u201cIf you\u2019re going to do this, then let\u2019s be truthful about it. The Holocaust isn\u2019t about race,\u201d Goldberg stated on air.<\/span><\/p>\n<p class=\"speakable\" style=\"text-align: left;\"><span style=\"color: #000080;\">The exchange came during a discussion on a&nbsp;<span style=\"text-decoration: underline;\"><strong><a style=\"color: #000080; text-decoration: underline;\" href=\"https:\/\/www.algemeiner.com\/2022\/01\/27\/author-of-acclaimed-holocaust-graphic-novel-maus-denounces-tennessee-school-boards-ban-as-orwellian\/\">Tennessee school district\u2019s decision<\/a><\/strong><\/span>&nbsp;to remove \u201cMaus,\u201d a Pulitzer Prize-winning graphic novel about the Holocaust, from its curriculum because of the book\u2019s \u201cinappropriate language\u201d and illustrated nudity.<\/span><\/p>\n<p style=\"text-align: left;\"><span style=\"color: #000080;\">\u201cI\u2019m surprised that\u2019s what made you uncomfortable, the fact that there was some nudity,\u201d Goldberg said. \u201cI mean, it\u2019s about the Holocaust, the killing of 6 million people, but that didn\u2019t bother you?\u201d<\/span><\/p>\n<p style=\"text-align: left;\"><span style=\"color: #000080;\">After co-host Ana Navarro brought up a Florida bill that could prevent conversations in schools that makes students feel uncomfortable about race or gender, Sunny Hostin wondered if Holocaust education could eventually be banned all together,&nbsp;<em>Fox News<\/em>&nbsp;reported.<\/span><\/p>\n<p style=\"text-align: left;\"><span style=\"color: #000080;\">\u201cIt\u2019s not about race,\u201d Goldberg then said about the Holocaust, before Joy Behar interrupted, telling the Oscar-winning actress that the Nazis \u201cconsidered Jews a different race.\u201d Goldberg again argued that Adolf Hitler\u2019s Final Solution was \u201cnot about race.\u201d She said, \u201cIt\u2019s about man\u2019s inhumanity to man. That\u2019s what it\u2019s about.\u201d<\/span><\/p>\n<p style=\"text-align: left;\"><span style=\"color: #000080;\">When Navarro explained that the Holocaust was \u201cabout a white supremacist going after Jews and Gypsies,\u201d Goldberg said, \u201cBut these are two white groups of people.\u201d Her comment prompted co-host Sara Haines to point out that the Nazis \u201cdidn\u2019t see them as white,\u201d while Behar noted that the Nazis also targeted black people.<\/span><\/p>\n<p style=\"text-align: left;\"><span style=\"color: #000080;\">\u201cBut you\u2019re missing the point. You\u2019re missing the point,\u201d Goldberg argued. \u201cThe minute you turn it into race, it goes down this alley. Let\u2019s talk about it for what it is. It\u2019s how people treat each other. It\u2019s a problem. It doesn\u2019t matter if you\u2019re black, or white, cause black, white, Jews, Italians, everybody eats each other.\u201d<\/span><\/p>\n<p style=\"text-align: left;\"><span style=\"color: #000080;\">She continued: \u201cSo is it \u2014 if you are uncomfortable if you hear about \u2018Maus,\u2019 should you be worried \u2014 should your child say, \u2018Oh my God, I wonder if that\u2019s me?\u2019 No. That\u2019s not what they\u2019re going to say. They\u2019re going to say, \u2018I don\u2019t want to be like that.\u2019 Most kids, they don\u2019t want to be cruel.\u201d<\/span><\/p>\n<p style=\"text-align: left;\"><span style=\"color: #000080;\">Navarro afterwards noted the outrage against those who compare COVID-19 vaccination cards to the yellow stars Jews were forced to wear by the Nazis, arguing, \u201cSo it is necessary for kids to learn about the Holocaust.\u201d<\/span><\/p>\n<p style=\"text-align: left;\"><span style=\"color: #000080;\">\u201cTo learn about man\u2019s inhumanity to man, however it exposes itself,\u201d Goldberg added, before the show went to commercial break.<\/span><\/p>\n<p align=\"center\">\n<iframe id=\"twitter-widget-0\" class=\"\" title=\"Twitter Tweet\" src=\"https:\/\/platform.twitter.com\/embed\/Tweet.html?dnt=false&amp;embedId=twitter-widget-0&amp;features=eyJ0ZndfZXhwZXJpbWVudHNfY29va2llX2V4cGlyYXRpb24iOnsiYnVja2V0IjoxMjA5NjAwLCJ2ZXJzaW9uIjpudWxsfSwidGZ3X2hvcml6b25fdHdlZXRfZW1iZWRfOTU1NSI6eyJidWNrZXQiOiJodGUiLCJ2ZXJzaW9uIjpudWxsfSwidGZ3X3NwYWNlX2NhcmQiOnsiYnVja2V0Ijoib2ZmIiwidmVyc2lvbiI6bnVsbH19&amp;frame=false&amp;hideCard=false&amp;hideThread=false&amp;id=1488191258598199301&amp;lang=en&amp;origin=https%3A%2F%2Fwww.algemeiner.com%2F2022%2F01%2F31%2Fthe-view-co-hosts-spar-with-whoopi-goldberg-for-saying-the-holocaust-isnt-about-race%2F&amp;sessionId=0adb47cf275079fe98a0a4a3245b98a7473ac5b3&amp;siteScreenName=Algemeiner&amp;theme=light&amp;widgetsVersion=75b3351%3A1642573356397&amp;width=550px\" frameborder=\"0\" scrolling=\"yes\" allowfullscreen=\"allowfullscreen\" data-tweet-id=\"1488191258598199301\" data-mce-fragment=\"1\"><\/iframe><\/p>\n<hr style=\"height: 15px; background: #d0e6fa; width: 100%;\">\n<div id=\"content\" class=\"content-alignment\">\n<div id=\"watch-description\" class=\"yt-uix-button-panel\">\n<div id=\"watch-description-text\" style=\"text-align: center;\">\n<p><em>Zawarto\u015b\u0107 publikowanych artyku\u0142\u00f3w i materia\u0142\u00f3w nie reprezentuje pogl\u0105d\u00f3w ani opinii Reunion&#8217;68,<\/em><em><br \/>\nani te\u017c webmastera Blogu Reunion&#8217;68, chyba ze jest to wyra\u017anie zaznaczone.<br \/>\nTwoje uwagi, linki, w\u0142asne artyku\u0142y lub wiadomo\u015bci prze\u015blij na adres:<br \/>\n<\/em><span style=\"color: #000080;\"><strong><em><a style=\"color: #000080;\" href=\"mailto:webmaster@reunion68.com\"><span style=\"text-decoration: underline;\">webmaster@reunion68.com<\/span><\/a><\/em><\/strong><\/span><\/p>\n<\/div>\n<\/div>\n<\/div>\n<hr style=\"width: 100%;\">\n","protected":false},"excerpt":{"rendered":"<p>\u2018The View\u2019 Co-Hosts Spar With Whoopi Goldberg for Asserting \u2018the Holocaust Isn\u2019t About Race\u2019 Shiryn Ghermezian Whoopi Goldberg on \u201cThe View\u201d on Jan. 31, 2022. Photo: Screenshot. Whoopi Goldberg received pushback on Monday from her fellow co-hosts on \u201cThe View\u201d after repeatedly insisting on the morning talk show that the Holocaust was \u201cnot about race.\u201d [&hellip;]<\/p>\n","protected":false},"author":1,"featured_media":0,"comment_status":"closed","ping_status":"closed","sticky":false,"template":"","format":"standard","meta":[],"categories":[6],"tags":[26,24],"_links":{"self":[{"href":"https:\/\/www.reunion68.se\/index.php?rest_route=\/wp\/v2\/posts\/92864"}],"collection":[{"href":"https:\/\/www.reunion68.se\/index.php?rest_route=\/wp\/v2\/posts"}],"about":[{"href":"https:\/\/www.reunion68.se\/index.php?rest_route=\/wp\/v2\/types\/post"}],"author":[{"embeddable":true,"href":"https:\/\/www.reunion68.se\/index.php?rest_route=\/wp\/v2\/users\/1"}],"replies":[{"embeddable":true,"href":"https:\/\/www.reunion68.se\/index.php?rest_route=%2Fwp%2Fv2%2Fcomments&post=92864"}],"version-history":[{"count":7,"href":"https:\/\/www.reunion68.se\/index.php?rest_route=\/wp\/v2\/posts\/92864\/revisions"}],"predecessor-version":[{"id":92879,"href":"https:\/\/www.reunion68.se\/index.php?rest_route=\/wp\/v2\/posts\/92864\/revisions\/92879"}],"wp:attachment":[{"href":"https:\/\/www.reunion68.se\/index.php?rest_route=%2Fwp%2Fv2%2Fmedia&parent=92864"}],"wp:term":[{"taxonomy":"category","embeddable":true,"href":"https:\/\/www.reunion68.se\/index.php?rest_route=%2Fwp%2Fv2%2Fcategories&post=92864"},{"taxonomy":"post_tag","embeddable":true,"href":"https:\/\/www.reunion68.se\/index.php?rest_route=%2Fwp%2Fv2%2Ftags&post=92864"}],"curies":[{"name":"wp","href":"https:\/\/api.w.org\/{rel}","templated":true}]}}