{"id":92974,"date":"2022-02-10T17:05:50","date_gmt":"2022-02-10T15:05:50","guid":{"rendered":"http:\/\/www.reunion68.se\/?p=92974"},"modified":"2022-02-09T11:55:46","modified_gmt":"2022-02-09T09:55:46","slug":"14-00-69","status":"publish","type":"post","link":"https:\/\/www.reunion68.se\/?p=92974","title":{"rendered":"Brooklyn Jews Remain on High Alert Following Two More Antisemitic Attacks Over Weekend"},"content":{"rendered":"<h5 style=\"text-align: center;\"><a href=\"https:\/\/www.algemeiner.com\/\" target=\"_blank\" rel=\"noopener noreferrer\"><img decoding=\"async\" class=\"center alignleft\" src=\"http:\/\/www.reunion68.com\/Biuletyn\/img\/algem.png\" alt=\"\" width=\"35%\"><\/a><span style=\"text-decoration: underline; color: #000080;\"><span><strong><a style=\"color: #000080; text-decoration: underline;\" href=\"https:\/\/www.algemeiner.com\/2022\/02\/07\/brooklyn-jews-remain-on-high-alert-following-two-more-antisemitic-attacks-over-weekend\/\" target=\"_blank\" rel=\"noopener noreferrer\">Brooklyn Jews Remain on High Alert Following Two More Antisemitic Attacks Over Weekend<\/a><\/strong><\/span><\/span><\/h5>\n<p style=\"text-align: center;\"><span style=\"color: #000000;\"><strong>Algemeiner Staff<\/strong><\/span><\/p>\n<hr style=\"height: 15px; background: #d0e6fa; width: 100%;\">\n<p style=\"text-align: center;\"><img decoding=\"async\" class=\"aligncenter\" src=\"https:\/\/www.algemeiner.com\/wp-content\/uploads\/2022\/02\/Screen-Shot-2022-02-07-at-10.05.01-AM.jpg\" width=\"100%\"><span style=\"color: #808080;\"><em>A yeshiva school bus in Brooklyn vandalized with swastika graffiti. Photo: Screenshot<\/em><\/span><\/p>\n<p style=\"text-align: left;\"><span style=\"color: #000080;\">The Orthodox Jewish community in Brooklyn is again on high alert following at least two antisemitic incidents over the weekend that involved violence and vandalism.<\/span><\/p>\n<p style=\"text-align: left;\"><span style=\"color: #000080;\">A Jewish man who was walking along Stockton Street in the Bedford-Stuyvesant section of the borough on Friday night was assaulted by a man who emerged from a minivan. CCTV footage of the attack, which occurred at 10:30 p.m., showed the assailant run from the van and punch his victim, who was identifiably Jewish through his traditional clothing. Medics treated the victim at the scene for injuries to his face.<\/span><\/p>\n<p style=\"text-align: left;\"><span style=\"color: #000080;\">On Sunday morning, multiple yeshiva school buses parked in the Williamsburg section of Brooklyn were discovered to have been vandalized with swastika graffiti.<\/span><\/p>\n<p style=\"text-align: left;\"><span style=\"color: #000080;\">New York City politicians and Brooklyn council members rushed to condemn both incidents.<\/span><\/p>\n<p style=\"text-align: left;\"><span style=\"color: #000080;\">\u201cAntisemitic acts of violence are an attack on every New Yorker and they will be met with the force of the entire city,\u201d New York City Mayor Eric Adams declared on Twitter.<\/span><\/p>\n<p style=\"text-align: left;\"><span style=\"color: #000080;\">New York City Public Advocate Jumaane Williams commented on the footage of Friday night\u2019s assault that it was \u201cdifficult to watch these videos that have become too frequent.\u201d<\/span><\/p>\n<p style=\"text-align: left;\"><span style=\"color: #000080;\">\u201cActs of hate continue. Antisemitism continues. The better New York must continue to stand up in face of bigotry,\u201d Williams urged.<\/span><\/p>\n<p style=\"text-align: left;\"><span style=\"color: #000080;\">Brooklyn Council member Lincoln Restler said that he was \u201cangry and heartbroken by two more antisemitic, violent incidents in our community over Shabbos.\u201d Restler\u2019s colleague Chi Oss\u00e9, who represents Bedford-Stuyvesant and North Crown Heights on the council, tweeted that \u201cantisemitism has no place in my district, or anywhere for that matter. No person should be assaulted because of their religion. Absolutely no one.\u201d<\/span><\/p>\n<p style=\"text-align: left;\"><span style=\"color: #000080;\">Jewish groups also condemned the incidents, with the Anti-Defamation League (ADL) offering a $7,500 reward for information leading to an arrest and conviction.<\/span><\/p>\n<p style=\"text-align: left;\"><span style=\"color: #000080;\">\u201cThe Jewish community is on extreme edge and this violence as got to stop,\u201d the ADL said in a statement. \u201cIt is becoming normalized, and we simply cannot accept that as the state of affairs.\u201d<\/span><\/p>\n<hr style=\"height: 15px; background: #d0e6fa; width: 100%;\">\n<div id=\"content\" class=\"content-alignment\">\n<div id=\"watch-description\" class=\"yt-uix-button-panel\">\n<div id=\"watch-description-text\" style=\"text-align: center;\">\n<p><em>Zawarto\u015b\u0107 publikowanych artyku\u0142\u00f3w i materia\u0142\u00f3w nie reprezentuje pogl\u0105d\u00f3w ani opinii Reunion&#8217;68,<\/em><em><br \/>\nani te\u017c webmastera Blogu Reunion&#8217;68, chyba ze jest to wyra\u017anie zaznaczone.<br \/>\nTwoje uwagi, linki, w\u0142asne artyku\u0142y lub wiadomo\u015bci prze\u015blij na adres:<br \/>\n<\/em><span style=\"color: #000080;\"><strong><em><a style=\"color: #000080;\" href=\"mailto:webmaster@reunion68.com\"><span style=\"text-decoration: underline;\">webmaster@reunion68.com<\/span><\/a><\/em><\/strong><\/span><\/p>\n<\/div>\n<\/div>\n<\/div>\n<hr style=\"width: 100%;\">\n","protected":false},"excerpt":{"rendered":"<p>Brooklyn Jews Remain on High Alert Following Two More Antisemitic Attacks Over Weekend Algemeiner Staff A yeshiva school bus in Brooklyn vandalized with swastika graffiti. Photo: Screenshot The Orthodox Jewish community in Brooklyn is again on high alert following at least two antisemitic incidents over the weekend that involved violence and vandalism. A Jewish man [&hellip;]<\/p>\n","protected":false},"author":1,"featured_media":0,"comment_status":"closed","ping_status":"closed","sticky":false,"template":"","format":"standard","meta":[],"categories":[6],"tags":[26,24],"_links":{"self":[{"href":"https:\/\/www.reunion68.se\/index.php?rest_route=\/wp\/v2\/posts\/92974"}],"collection":[{"href":"https:\/\/www.reunion68.se\/index.php?rest_route=\/wp\/v2\/posts"}],"about":[{"href":"https:\/\/www.reunion68.se\/index.php?rest_route=\/wp\/v2\/types\/post"}],"author":[{"embeddable":true,"href":"https:\/\/www.reunion68.se\/index.php?rest_route=\/wp\/v2\/users\/1"}],"replies":[{"embeddable":true,"href":"https:\/\/www.reunion68.se\/index.php?rest_route=%2Fwp%2Fv2%2Fcomments&post=92974"}],"version-history":[{"count":8,"href":"https:\/\/www.reunion68.se\/index.php?rest_route=\/wp\/v2\/posts\/92974\/revisions"}],"predecessor-version":[{"id":93048,"href":"https:\/\/www.reunion68.se\/index.php?rest_route=\/wp\/v2\/posts\/92974\/revisions\/93048"}],"wp:attachment":[{"href":"https:\/\/www.reunion68.se\/index.php?rest_route=%2Fwp%2Fv2%2Fmedia&parent=92974"}],"wp:term":[{"taxonomy":"category","embeddable":true,"href":"https:\/\/www.reunion68.se\/index.php?rest_route=%2Fwp%2Fv2%2Fcategories&post=92974"},{"taxonomy":"post_tag","embeddable":true,"href":"https:\/\/www.reunion68.se\/index.php?rest_route=%2Fwp%2Fv2%2Ftags&post=92974"}],"curies":[{"name":"wp","href":"https:\/\/api.w.org\/{rel}","templated":true}]}}