{"id":93018,"date":"2022-02-07T17:09:01","date_gmt":"2022-02-07T15:09:01","guid":{"rendered":"http:\/\/www.reunion68.se\/?p=93018"},"modified":"2022-02-07T17:02:00","modified_gmt":"2022-02-07T15:02:00","slug":"15-09-70","status":"publish","type":"post","link":"https:\/\/www.reunion68.se\/?p=93018","title":{"rendered":"Antysemici wszystkich kraj\u00f3w, \u0142\u0105czcie si\u0119!"},"content":{"rendered":"<p style=\"text-align: center;\"><img decoding=\"async\" class=\"aligncenter\" src=\"https:\/\/pbs.twimg.com\/media\/FKgiQR4XEAUajoi.jpg\" width=\"100%\" \/><br \/>\n<span style=\"color: #808080;\"><em>Amnesty Polska \/ @amnestyPL<\/em><\/span><\/p>\n<hr \/>\n<h5 style=\"text-align: center;\"><a href=\"https:\/\/studioopinii.pl\/\" target=\"_blank\" rel=\"noopener noreferrer\"><img decoding=\"async\" class=\"center alignleft\" src=\"http:\/\/www.reunion68.com\/Biuletyn\/img\/studio.png\" alt=\"\" width=\"35%\" \/><\/a><span style=\"text-decoration: underline; color: #000080;\"><strong><a style=\"color: #000080; text-decoration: underline;\" href=\"https:\/\/studioopinii.pl\/archiwa\/218922\" target=\"_blank\" rel=\"noopener noreferrer\">Antysemici wszystkich kraj\u00f3w, \u0142\u0105czcie si\u0119!<\/a><\/strong><\/span><\/h5>\n<p style=\"text-align: center;\"><span style=\"color: #000000;\"><strong>Andrzej Koraszewski<\/strong><\/span><\/p>\n<hr style=\"height: 15px; background: #d0e6fa; width: 100%;\" \/>\n<h5><strong>Bogdan Mi\u015b zada\u0142 mi pytanie: \u201eAndrzeju: warto chyba jako\u015b zracjonalizowa\u0107 ten wszechobecny antysemityzm. Sk\u0105d si\u0119 to bierze? Tylko z bzdur ko\u015bcielnych? \u017bydzi nie r\u00f3\u017cni\u0105 si\u0119 od innych wygl\u0105dem \u2013 a s\u0105 obiektem nienawi\u015bci wi\u0119kszej ni\u017c \u0142atwiejszy do wyt\u0142umaczenia pretekst koloru sk\u00f3ry \u2018innego\u2019, przez wieki nie mieli pa\u0144stwa, wi\u0119c nie mogli na nikogo napada\u0107 ani dawa\u0107 innego powodu negatywnych uczu\u0107. A jednak spo\u015br\u00f3d rasizm\u00f3w ten jest najsilniejszy. Dlaczego?\u201d<\/strong><\/h5>\n<p style=\"text-align: left;\"><span style=\"color: #000080;\">Tylu ludzi pr\u00f3bowa\u0142o ju\u017c odpowiedzie\u0107 na\u00a0to\u00a0pytanie i\u00a0nadal tocz\u0105 si\u0119 gniewne spory o\u00a0sam\u0105 definicj\u0119 antysemityzmu.\u00a0Zabawne, bo\u00a0dopiero co\u00a0ameryka\u0144ska aktorka, Whoopi Goldberg orzek\u0142a, \u017ce\u00a0Holokaust nie\u00a0mia\u0142 nic wsp\u00f3lnego z\u00a0rasizmem, \u017ce\u00a0by\u0142o to\u00a0z\u0142o wyrz\u0105dzone bia\u0142ym ludziom przez\u00a0bia\u0142ych ludzi. Wywo\u0142a\u0142o to\u00a0sporo z\u0142ej krwi i\u00a0kpin. Whoopi Goldberg jest czarna, nazwisko Goldberg jest jej artystycznym pseudonimem. Pewnie uczciwie postrzega \u017byd\u00f3w jako bia\u0142ych, a\u00a0ju\u017c z\u00a0pewno\u015bci\u0105 nic z\u00a0tego wszystkiego nie\u00a0rozumie i\u00a0nie\u00a0ma\u00a0si\u0119 z\u00a0czego \u015bmia\u0107, bo\u00a0jak wida\u0107 my\u00a0te\u017c nie.<\/span><\/p>\n<p style=\"text-align: left;\"><span style=\"color: #000080;\">Obecnie mamy wielkie zamieszanie wok\u00f3\u0142 najnowszego raportu Amnesty International, kt\u00f3ry\u00a0oskar\u017ca Izrael o\u00a0apartheid. Uwa\u017cna lektura tego raportu nie\u00a0pozostawia w\u0105tpliwo\u015bci, to\u00a0jest ci\u0105g dalszy konferencji w\u00a0Durban i\u00a0kontynuacja rezolucji Zgromadzenia Og\u00f3lnego ONZ nr\u00a03379, przyj\u0119tej 10 listopada 1975 r. zr\u00f3wnuj\u0105cej syjonizm z\u00a0rasizmem, nie\u00a0ma\u00a0r\u00f3wnie\u017c w\u0105tpliwo\u015bci, \u017ce\u00a0\u017ar\u00f3de\u0142 inspiracji tw\u00f3rc\u00f3w tego raportu nale\u017cy szuka\u0107 tam, gdzie wyprodukowano\u00a0<em>Protoko\u0142y M\u0119drc\u00f3w Syjonu<\/em>, czyli w\u00a0Moskwie, gdzie w\u00a0latach 70. ubieg\u0142ego wieku wypracowano strategi\u0119 antysyjonistycznej propagandy opartej na\u00a0oskar\u017ceniu Izraela o\u00a0apartheid.<\/span><\/p>\n<p style=\"text-align: left;\"><span style=\"color: #000080;\">Amnesty International Polska przet\u0142umaczy\u0142a ten raport na\u00a0j\u0119zyk polski i\u00a0dostarczy\u0142a go\u00a0spragnionym dobrej nowiny Polakom. (Raport zosta\u0142 r\u00f3wnocze\u015bnie opublikowany w\u00a0kilkunastu j\u0119zykach, akcj\u0119 propagandow\u0105 przygotowywano d\u0142ugo i\u00a0starannie i\u00a0za\u00a0ogromne pieni\u0105dze.) Mamy tu\u00a0ciekawe zjawisko \u2013 po\u00a0raz pierwszy w\u00a0historii ministerstwa spraw zagranicznych kilku kraj\u00f3w (Niemcy, Wielka Brytania, Stany Zjednoczone) zaprotestowa\u0142y, stwierdzaj\u0105c, \u017ce\u00a0ten raport przedstawia nieprawdziwy obraz Izraela.<\/span><\/p>\n<p style=\"text-align: left;\"><span style=\"color: #000080;\">Raport zosta\u0142 entuzjastycznie przyj\u0119ty przez\u00a0Hamas, Fatah, Ludowy Front Wyzwolenia Palestyny, Islamski D\u017cihad i\u00a0inne podobne. Poniewa\u017c raport starannie zaciera r\u00f3\u017cnic\u0119 mi\u0119dzy Palesty\u0144czykiem a\u00a0izraelskim Arabem, odpowied\u017a izraelskiego Araba wydaje si\u0119 ciekawsza ni\u017c dyskusje o\u00a0tym raporcie mi\u0119dzy nami Polakami, Joseph Haddad\u00a0<a class=\"extlink\" style=\"color: #000080;\" href=\"http:\/\/www.listyznaszegosadu.pl\/syjonizm\/amnesty-znieksztalca-moja-arabska-tozsamosc-i-niszczy-izrael\">pokazuje, dlaczego<\/a>\u00a0dla niego i\u00a0dla innych izraelskich Arab\u00f3w ten raport jest nie\u00a0tylko\u00a0zak\u0142amany, ale\u00a0oburzaj\u0105cy i\u00a0odra\u017caj\u0105cy.<\/span><\/p>\n<p style=\"text-align: left;\"><span style=\"color: #000080;\">Pani Aneta Sta\u0144czak-Bou\u017cyk oburzy\u0142a si\u0119 na\u00a0mnie straszliwie, jak mog\u0119 krytykowa\u0107 wspania\u0142e dzie\u0142o instytucji, (w\u00a0kt\u00f3rej\u00a0ona w\u00a0polskim oddziale pe\u0142ni funkcj\u0119 menad\u017cerki do\u00a0spraw komunikacji) i\u00a0poucza mnie:<\/span><\/p>\n<blockquote class=\"wp-block-quote\">\n<p style=\"text-align: left;\"><strong>Prosz\u0119 po\u015bwi\u0119ci\u0107 chwil\u0119, aby dowiedzie\u0107 si\u0119 wi\u0119cej i\u00a0wyci\u0105ga\u0107 m\u0105dre wnioski z\u00a0tego co\u00a0zosta\u0142o przez\u00a0amnestyjnych badaczy opracowane. Raport jest jednym z\u00a0najlepiej przygotowanych materia\u0142\u00f3w, bazuj\u0105cy na\u00a0badaniu sytuacji os\u00f3b narodowo\u015bci palesty\u0144skiej na\u00a0miejscu, a\u00a0nie\u00a0z\u00a0pozycji fotela w\u00a0Polsce.<\/strong><\/p>\n<\/blockquote>\n<p style=\"text-align: left;\"><span style=\"color: #000080;\">Pani Aneta ma\u00a0zapewne g\u0142\u0119bok\u0105 wiar\u0119, podpart\u0105 obszern\u0105 nieznajomo\u015bci\u0105 fakt\u00f3w i\u00a0s\u0105dzi, \u017ce\u00a0walczy o\u00a0prawa cz\u0142owieka.<\/span><\/p>\n<p style=\"text-align: left;\"><span style=\"color: #000080;\">Na\u00a0mojej\u00a0stronie Facebooka pan T. P.\u00a0(tu\u017c pod\u00a0pytaniem Bogdana Misia) napisa\u0142 m.in.: \u201eS\u0105dz\u0119, \u017ce\u00a0raporty\u00a0<span class=\"tooltipsall tooltipsincontent classtoolTips37\" data-hasqtip=\"1\">AI<\/span>, patrzenie na\u00a0r\u0119ce i\u00a0kontrola odgrywaj\u0105 tu\u00a0wa\u017cn\u0105 rol\u0119. Pokusa nadu\u017cy\u0107, szczeg\u00f3lnie w\u00a0konfliktach, kiedy ma\u00a0si\u0119 olbrzymi\u0105 przewag\u0119 technologiczn\u0105 i\u00a0finansow\u0105 jest ogromna\u201d.<\/span><\/p>\n<p style=\"text-align: left;\"><span style=\"color: #000080;\">Ten komentator nie\u00a0mia\u0142 wiele do\u00a0powiedzenia o\u00a0samym raporcie, chcia\u0142 tylko\u00a0przekaza\u0107 \u015bwiatu wiadomo\u015b\u0107, \u017ce\u00a0Izrael jest od\u00a0chwili swojego powstania w\u00a0stanie wojny, a\u00a0wojna demoralizuje, wi\u0119c\u00a0Izraelczycy s\u0105\u00a0zdemoralizowani, Izrael jest pot\u0119\u017cnym graczem, a\u00a0w\u00a0ko\u0144cu na\u00a0moje\u00a0stwierdzenie, \u017ce\u00a0wiara, i\u017c\u00a0k\u0142amstwa naprawiaj\u0105 \u015bwiat, jest do\u015b\u0107 optymistyczna, stwierdzi\u0142:<\/span><\/p>\n<blockquote class=\"wp-block-quote\">\n<p style=\"text-align: left;\"><strong>\u201eKompletnie przekr\u0119ca pan i\u00a0wyolbrzymia to, co\u00a0napisa\u0142em. W\u00a0ten spos\u00f3b tak\u00a0samo pana wybielanie i\u00a0idealizowanie Izraela mo\u017cna wy\u015bmia\u0107 i\u00a0sprowadzi\u0107 do\u00a0absurdu.<\/strong><\/p>\n<p style=\"text-align: left;\"><strong>Pisze pan o\u00a0stronniczo\u015bci korespondent\u00f3w z\u00a0Jerozolimy \u2013 tak\u00a0\u2013 s\u0105\u00a0stronniczy, poniewa\u017c pisz\u0105 z\u00a0Jerozolimy i\u00a0szukaj\u0105 informacji, kt\u00f3re nie\u00a0s\u0105\u00a0ju\u017c dostatecznie kolportowane przez\u00a0Izrael. Czy\u00a0korespondenci ze\u00a0wspomnianego Ramallah tak\u017ce s\u0105\u00a0tak\u00a0samo stronniczy?\u201d<\/strong><\/p>\n<\/blockquote>\n<p style=\"text-align: left;\"><span style=\"color: #000080;\">Mo\u017cna w\u00a0tym miejscu zapyta\u0107, dlaczego dyskusje z\u00a0przyzwoitymi lud\u017ami, kt\u00f3rzy\u00a0tylko\u00a0lubi\u0105 k\u0142amstwa o\u00a0\u017bydach, s\u0105\u00a0nieodmiennie tak\u00a0do\u00a0siebie podobne i\u00a0czy\u00a0jest to\u00a0dobry wst\u0119p do\u00a0pr\u00f3by odpowiedzi na\u00a0pytanie, dlaczego spo\u015br\u00f3d wielu rasizm\u00f3w ten jest najsilniejszy?<\/span><\/p>\n<p style=\"text-align: left;\"><span style=\"color: #000080;\">Dwa lata temu w\u00a0jednym z\u00a0moich\u00a0artyku\u0142\u00f3w\u00a0<a class=\"extlink\" style=\"color: #000080;\" href=\"http:\/\/www.listyznaszegosadu.pl\/brunatna-fala\/nie-dawaj-falszywego-swiadectwa-chyba-zea-s\"><strong>przywo\u0142a\u0142em<\/strong><\/a>\u00a0definicj\u0119 antysemityzmu brytyjskiego fizyka Davida Deutscha, Pisa\u0142em w\u00f3wczas (cytuj\u0105c za\u00a0Richardem Landesem):<\/span><\/p>\n<blockquote class=\"wp-block-quote\"><p>Brytyjski fizyk pr\u00f3buje odpowiedzie\u0107 na\u00a0pytanie, nad\u00a0kt\u00f3rym\u00a0g\u0142owi\u0142y si\u0119 ju\u017c setki innych autor\u00f3w, a\u00a0mianowicie \u2013 czym w\u0142a\u015bciwie jest antysemityzm i\u00a0dlaczego to\u00a0zdumiewaj\u0105ce zjawisko jest tak\u00a0trwa\u0142e?<\/p>\n<p><strong>Zdaniem Deutscha antysemityzm jest furtk\u0105 pozwalaj\u0105c\u0105 na\u00a0z\u0142amanie zakazu dawania fa\u0142szywego \u015bwiadectwa i\u00a0zakazu zabijania, jest otwartym lub cichym przyznaniem prawa do\u00a0pogardy i\u00a0krzywdzenia.\u00a0<\/strong>Ta\u00a0furtka, pocz\u0105tkowo ograniczona do\u00a0jednej grupy \u201enie ca\u0142kiem ludzi\u201d, pozwala r\u00f3wnie\u017c na\u00a0szybkie rozszerzenia i\u00a0wy\u0142\u0105czanie z\u00a0kategorii bli\u017anich r\u00f3wnie\u017c innych grup. T\u0119\u00a0furtk\u0119 otwiera zinstytucjonalizowane fa\u0142szywe \u015bwiadectwo o\u00a0ca\u0142ej grupie. T\u0105\u00a0wyj\u015bciow\u0105 grup\u0105 urz\u0119dowo zatwierdzonych \u201enie ca\u0142kiem bli\u017anich\u201d w\u00a0chrze\u015bcija\u0144stwie i\u00a0islamie s\u0105\u00a0\u017bydzi.<\/p>\n<p>Nie\u00a0wszyscy antysemici zajmuj\u0105 si\u0119 zabijaniem \u017byd\u00f3w, nie\u00a0wszyscy pochwalaj\u0105 zabijanie \u017byd\u00f3w, nie\u00a0wszyscy uczestnicz\u0105 w\u00a0kampaniach k\u0142amstw o\u00a0\u017bydach, wszyscy protestuj\u0105, kiedy kwestionuje si\u0119 prawo do\u00a0pogardy i\u00a0krzywdzenia \u017byd\u00f3w. To\u00a0prawo uwa\u017caj\u0105 za\u00a0niezbywalne, a\u00a0jego naruszenie za\u00a0uszczuplenie ich ludzkiej godno\u015bci. (W\u00a0najnowocze\u015bniejszej formie ukrywa si\u0119 cz\u0119sto za\u00a0pytaniem: \u201eCzy wolno krytykowa\u0107 Izrael?\u201d, kt\u00f3re oznacza nieodmiennie, czy\u00a0ju\u017c nie\u00a0wolno k\u0142ama\u0107 na\u00a0temat \u017byd\u00f3w).<\/p><\/blockquote>\n<p style=\"text-align: left;\"><span style=\"color: #000080;\">Ta\u00a0definicja, aczkolwiek jest podobna do\u00a0definicji Mi\u0119dzynarodowego Sojuszu na\u00a0rzecz Pami\u0119ci o\u00a0Holokau\u015bcie (IHRA)*, wydaje si\u0119 najbardziej pomocna, kiedy pr\u00f3bujemy rozwa\u017ca\u0107 pytanie o\u00a0trwa\u0142o\u015b\u0107 tego zjawiska. Potrzeba furtki na\u00a0z\u0142amanie zakazu dawania fa\u0142szywego \u015bwiadectwa i\u00a0krzywdzenia jest ponadczasowa i\u00a0znakomicie wyja\u015bnia obecno\u015b\u0107 antysemityzmu w\u00a0chrze\u015bcija\u0144stwie i\u00a0islamie (dw\u00f3ch religiach, kt\u00f3re swoje fundamenty po\u017cyczy\u0142y od\u00a0judaizmu i\u00a0maj\u0105cych swoje teologie zast\u0105pienia); w\u015br\u00f3d wielu ludzi O\u015bwiecenia (takich jak Wolter czy\u00a0nasz Staszic); w\u015br\u00f3d lewicy (od\u00a0Karola Marksa pocz\u0105wszy) i\u00a0w\u015br\u00f3d prawicy, gdzie widzimy zar\u00f3wno zacnych konserwatyst\u00f3w brytyjskich, Adolfa Hitlera, Ku\u00a0Klux Klan, jak i\u00a0naszych narodowc\u00f3w, nienawi\u015b\u0107 do\u00a0\u017byd\u00f3w jest nurtem wiecznie \u017cywym.\u00a0<\/span><\/p>\n<p style=\"text-align: left;\"><span style=\"color: #000080;\">\u017bydzi jako wz\u00f3r furtki pozwalaj\u0105cej wymkn\u0105\u0107 si\u0119 zasadzie \u201enie dawaj fa\u0142szywego \u015bwiadectwa\u201d i\u00a0pozosta\u0107 teoretycznie przyzwoitym mog\u0105 by\u0107 dalej dowolnie definiowani \u2013 jako religia, jako rasa, jako grupa etniczna z\u00a0paskudn\u0105 kultur\u0105, jako kapitali\u015bci, jako cuchn\u0105cy biedacy, roznosiciele chor\u00f3b, jako podst\u0119pni spiskowcy. Trzymaj\u0105 si\u0119 osobno \u2013 s\u0105\u00a0podejrzani. Integruj\u0105 si\u0119 \u2013 s\u0105\u00a0podejrzani. Zmieniaj\u0105 religi\u0119 \u2013 s\u0105\u00a0podejrzani, W\u0142\u0105czaj\u0105 si\u0119 lub inicjuj\u0105 ruchy na\u00a0rzecz innych (takie jak\u00a0<span class=\"tooltipsall tooltipsincontent classtoolTips37\" data-hasqtip=\"2\">AI<\/span>\u00a0czy\u00a0HRW) \u2013 s\u0105\u00a0podejrzani. S\u0105\u00a0zawsze potrzebni jako \u017bydzi, jako grupa, o\u00a0kt\u00f3rej\u00a0dawanie fa\u0142szywego \u015bwiadectwa jest dowodem cnoty.\u00a0<\/span><\/p>\n<p style=\"text-align: left;\"><span style=\"color: #000080;\">David Deutsch zwraca uwag\u0119 na\u00a0fakt, \u017ce\u00a0nigdy \u017caden inny nar\u00f3d nie\u00a0zosta\u0142 oskar\u017cony o\u00a0bogob\u00f3jstwo. Filozofia \u015bw.\u00a0Augustyna umocni\u0142a (i\u00a0u\u015bwi\u0119ci\u0142a) prawo, \u017ce\u00a0\u017byd\u00f3w nale\u017cy krzywdzi\u0107, a\u00a0ich upokorzenie jest dowodem, \u017ce\u00a0chrze\u015bcija\u0144stwo zwyci\u0119\u017cy\u0142o.<\/span><\/p>\n<p style=\"text-align: left;\"><span style=\"color: #000080;\">Utrwalona przez\u00a0kilkaset pokole\u0144 nienawi\u015b\u0107 nie\u00a0jest ju\u017c tylko\u00a0furtk\u0105, jest drug\u0105 natur\u0105 polityka, kap\u0142ana i\u00a0szarego cz\u0142owieka.<\/span><\/p>\n<p style=\"text-align: left;\"><span style=\"color: #000080;\">Ze\u00a0zdumieniem czytamy opisy \u015bredniowiecznych pogrom\u00f3w i\u00a0znajdujemy, \u017ce\u00a0zmieniaj\u0105 si\u0119 zewn\u0119trzne formy, zostaje istota morderczej nienawi\u015bci.<\/span><\/p>\n<p style=\"text-align: left;\"><span style=\"color: #000080;\">Zdumiewa trwa\u0142o\u015b\u0107 i\u00a0zdumiewa \u0142atwo\u015b\u0107 budzenia kolejnych fal nienawi\u015bci. Kiedy pytamy dlaczego, zaczynamy spekulowa\u0107, dlaczego nie\u00a0znikn\u0119li jak inne staro\u017cytne narody, jak zdo\u0142ali ocali\u0107 j\u0119zyk i\u00a0religi\u0119 mimo rozproszenia, dlaczego \u017byd ma\u00a0znami\u0119 \u017byda, kiedy jest przyjacielem i\u00a0kiedy jest wrogiem?<\/span><\/p>\n<p style=\"text-align: left;\"><span style=\"color: #000080;\">Chrze\u015bcija\u0144skim konwertytom nie\u00a0zapominano \u017cydowskich przodk\u00f3w, u\u00a0wrog\u00f3w (czasem na\u00a0si\u0142\u0119) poszukuje si\u0119 \u017cydowskich korzeni. (Robi\u0119 to\u00a0r\u00f3wnie\u017c i\u00a0kiedy na\u00a0przyk\u0142ad s\u0142ysz\u0119 o\u00a0polskoj\u0119zycznych mediach, odpowiadam, \u017ce\u00a0mojego\u00a0j\u0119zyka uczy\u0142em si\u0119 na\u00a0elementarzu tego \u017byda Falskiego, a\u00a0pierwsze wiersze, kt\u00f3re zna\u0142em na\u00a0pami\u0119\u0107, to\u00a0wiersze tego \u017byda Tuwima i\u00a0tego \u017byda Brzechwy). W\u00a0spekulacjach o\u00a0trwa\u0142o\u015bci antysemityzmu z\u00a0konieczno\u015bci powraca wyj\u0105tkowo\u015b\u0107. Mimo wszystkich prze\u015bladowa\u0144 s\u0105\u00a0zawsze widoczni, jako lekarze, jako bankierzy, jako rzemie\u015blnicy, naukowcy, pisarze. Byli listonoszami mi\u0119dzy cywilizacjami, s\u0105\u00a0zdumiewaj\u0105co nadreprezentowani w\u015br\u00f3d laureat\u00f3w nagr\u00f3d Nobla. Nienawi\u015b\u0107 oparta na\u00a0motywach religijnych czy\u00a0ideologicznych jest nieodmiennie podparta zazdro\u015bci\u0105, zazdro\u015bci\u0105 o\u00a0pozycj\u0119, pieni\u0105dze, wp\u0142ywy, zawi\u015bci\u0105 podszyt\u0105 paranoicznymi podejrzeniami, \u017ce\u00a0to\u00a0musi by\u0107 spisek. (Trudno przecie\u017c wyja\u015bnia\u0107 to\u00a0kultur\u0105 szacunku dla nauki i\u00a0pracowito\u015bci\u0105, bo\u00a0to\u00a0zmienia\u0142oby zazdro\u015b\u0107 w\u00a0samooskar\u017cenie).<\/span><\/p>\n<p style=\"text-align: left;\"><span style=\"color: #000080;\">To\u00a0trwanie wbrew wszystkim przeciwno\u015bciom nasila paranoj\u0119 antysemit\u00f3w, a\u00a0czasem i\u00a0samych \u017byd\u00f3w. Od\u00a0stuleci w\u00a0spo\u0142ecze\u0144stwach chrze\u015bcija\u0144skich i\u00a0muzu\u0142ma\u0144skich s\u0142owo \u017byd jest wyzwiskiem, kiedy stara forma antysemityzmu staje si\u0119 niemodna, potrzeba nienawidzenia musi znale\u017a\u0107 nowe uj\u015bcie, nowe koryto, now\u0105 formu\u0142\u0119. Potrzeba ucieczki przed\u00a0prze\u015bladowaniami rodzi r\u00f3wnie\u017c naturaln\u0105 sk\u0142onno\u015b\u0107 do\u00a0ucieczki, marzenie o\u00a0tym, \u017ceby\u00a0znikn\u0105\u0107, przesta\u0107 by\u0107 \u017bydem, czasem przez\u00a0pr\u00f3b\u0119 ukrycia si\u0119 w\u015br\u00f3d wrog\u00f3w.<\/span><\/p>\n<p style=\"text-align: left;\"><span style=\"color: #000080;\">Komunizm by\u0142 obietnic\u0105 braterstwa bez\u00a0wzgl\u0119du na\u00a0narodowo\u015b\u0107 i\u00a0ras\u0119. Natychmiast okaza\u0142o si\u0119, \u017ce\u00a0w\u00a0ka\u017cdej dyskusji mo\u017cna by\u0142o u\u017cy\u0107 s\u0142owa \u017byd jako najci\u0119\u017cszego argumentu, za\u015b dobrzy \u017cydowscy towarzysze w\u00a0Jewsekcji mieli si\u0119 zaj\u0105\u0107 wykorzenieniem \u017cydowskiej kultury.<\/span><\/p>\n<p style=\"text-align: left;\"><span style=\"color: #000080;\">Po\u00a0upadku Rosji, Austro-W\u0119gier i\u00a0Niemiec, budowa pa\u0144stw narodowych wymaga\u0142a czystek, by\u00a0osi\u0105gn\u0105\u0107 narodow\u0105 dominacj\u0119. Zaczynano od\u00a0\u017byd\u00f3w, grabi\u0105c, morduj\u0105c i\u00a0wysiedlaj\u0105c. Tak\u00a0by\u0142o w\u00a0Polsce, ale\u00a0tak\u00a0samo by\u0142o w\u00a0Grecji, gdzie nap\u0142yw Grek\u00f3w z\u00a0Turcji, Bu\u0142garii i\u00a0innych kraj\u00f3w wywo\u0142a\u0142 ogromny popyt na\u00a0\u017cydowsk\u0105 w\u0142asno\u015b\u0107. Tworz\u0105c pa\u0144stwa narodowe, pr\u00f3bowano pozby\u0107 si\u0119 mniejszo\u015bci pochodz\u0105cych z\u00a0s\u0105siednich kraj\u00f3w. \u017bydzi nie\u00a0mieli dok\u0105d i\u015b\u0107. Trzeba ich by\u0142o zniszczy\u0107.<\/span><\/p>\n<p style=\"text-align: left;\"><span style=\"color: #000080;\">W\u00a0Polsce antysemityzm kojarzy nam si\u0119 g\u0142\u00f3wnie z\u00a0nazizmem, wiemy tak\u00a0ma\u0142o o\u00a0antysemityzmie holenderskim, irlandzkim, brytyjskim, czy\u00a0hiszpa\u0144skim, o\u00a0nieustannym zlewaniu si\u0119 nienawi\u015bci p\u0142yn\u0105cej z\u00a0prawa z\u00a0ambon i\u00a0trybun politycznych i\u00a0nienawi\u015bci p\u0142yn\u0105cej z\u00a0lewa serwowanej w\u00a0broszurach i\u00a0wiecowych mowach, gdzie tak\u00a0dobrze znane s\u0142owo \u017byd mia\u0142o wzmocni\u0107\u00a0 nienawi\u015b\u0107 do\u00a0kapitalist\u00f3w i\u00a0wyzyskiwaczy. Ta\u00a0nienawi\u015b\u0107 trafia\u0142a nieodmiennie na\u00a0ch\u0142onne umys\u0142y. W\u00a0Grecji, \u017ceby\u00a0utrudni\u0107 \u017cycie \u017cydowskim kupcom, przeniesiono dzie\u0144 targowy na\u00a0soboty, a\u00a0wszystkie umowy handlowe musia\u0142y by\u0107 spisywane po\u00a0grecku. W\u0142adze cz\u0119sto przymyka\u0142y oczy na\u00a0akty gwa\u0142tu i\u00a0rabunku. Grupami zawodowymi, kt\u00f3re szczeg\u00f3lnie silnie nalega\u0142y na\u00a0administracyjne ograniczenia prawa \u017byd\u00f3w do\u00a0edukacji i\u00a0praktyki zawodowej, niemal we\u00a0wszystkich krajach europejskich byli prawnicy i\u00a0lekarze. W\u00a0tych zawodach nadreprezentacja \u017byd\u00f3w by\u0142a tak\u00a0uderzaj\u0105ca, \u017ce\u00a0na\u00a0przyk\u0142ad we\u00a0Francji, \u017ceby\u00a0przynajmniej zablokowa\u0107 drog\u0119 do\u00a0francuskiej edukacji \u017bydom z\u00a0Europy Wschodniej, podniesiono znacznie poziom egzamin\u00f3w wst\u0119pnych na\u00a0medycyn\u0119. (Okaza\u0142o si\u0119 jednak, \u017ce\u00a0ta\u00a0wy\u017cej ustawiona poprzeczka by\u0142a powa\u017cniejsz\u0105 przeszkod\u0105 dla m\u0142odzie\u017cy francuskiej ni\u017c dla m\u0142odzie\u017cy \u017cydowskiej z\u00a0Rumunii i\u00a0innych kraj\u00f3w).<\/span><\/p>\n<p style=\"text-align: left;\"><span style=\"color: #000080;\">Po\u00a0drugiej wojnie \u015bwiatowej tysi\u0105ce osieroconych dzieci \u017cydowskich by\u0142o wychowywanych w\u00a0sieroci\u0144cach b\u0105d\u017a w\u00a0rodzinach bez\u00a0\u017cadnej tradycji intelektualnej. Losy tych dzieci wydaj\u0105 si\u0119 wskazywa\u0107, \u017ce\u00a0\u017cydowskie sukcesy maj\u0105 swoje \u017ar\u00f3d\u0142o nie\u00a0tylko\u00a0w\u00a0kulturze ksi\u0105\u017cki, ale\u00a0mog\u0105 mie\u0107 zwi\u0105zek z\u00a0wyposa\u017ceniem genetycznym. Tak\u00a0czy\u00a0inaczej, kiedy pytamy o\u00a0trwa\u0142o\u015b\u0107 nienawi\u015bci, warto pami\u0119ta\u0107, \u017ce\u00a0ten sukces prze\u015bladowanych jest trudny do\u00a0wybaczenia.<\/span><\/p>\n<p style=\"text-align: left;\"><span style=\"color: #000080;\">Na\u00a0to\u00a0wszystko nak\u0142adaj\u0105 si\u0119 kolejne dwa czynniki \u2013 pierwszy cz\u0119ste przypadki sojuszu prze\u015bladowanych z\u00a0aktualnie silniejszymi (w\u00a0bloku komunistycznym nadreprezentacja \u017byd\u00f3w w\u00a0bezpiece by\u0142a faktem), drugi czynnik jest trudniejszy do\u00a0wyja\u015bnienia, mianowicie nienawi\u015b\u0107 do\u00a0ofiar. W\u00a0miejscowo\u015bciach, gdzie by\u0142y masowe mordy \u017byd\u00f3w, pami\u0119\u0107 trwa przez\u00a0stulecia nawet mimo wymiany ludno\u015bci.<\/span><\/p>\n<p style=\"text-align: left;\"><span style=\"color: #000080;\">Mo\u017cna zapyta\u0107, jak si\u0119 to\u00a0wszystko zmieni\u0142o po\u00a0powstaniu \u017cydowskiego pa\u0144stwa. Pierwszym odruchem by\u0142o doko\u0144czenie ostatecznego rozwi\u0105zania kwestii \u017cydowskiej przez\u00a0atak kilku armii arabskich na\u00a0jednodniowe pa\u0144stwo \u017cydowskie (Najsilniejsz\u0105 z\u00a0tych armii by\u0142a wyszkolona, uzbrojona przez\u00a0Brytyjczyk\u00f3w oraz\u00a0dowodzona przez\u00a0brytyjskich oficer\u00f3w armia jorda\u0144ska, kt\u00f3ra\u00a0walczy\u0142a rami\u0119 w\u00a0rami\u0119 ze\u00a0szkolonymi przez\u00a0oficer\u00f3w SS armiami egipsk\u0105 i\u00a0syryjsk\u0105). Na\u00a0kolejnym etapie widzieli\u015bmy pe\u0142n\u0105 czystk\u0119 etniczn\u0105 \u017byd\u00f3w w\u00a0krajach arabskich, z\u00a0kt\u00f3rych\u00a0oko\u0142o 800 tysi\u0119cy obrabowanych z\u00a0wszelkiej w\u0142asno\u015bci trafi\u0142o do\u00a0Izraela.<\/span><\/p>\n<p style=\"text-align: left;\"><span style=\"color: #000080;\">Na\u00a0male\u0144kim skrawku ziemi wielko\u015bci wojew\u00f3dztwa bia\u0142ostockiego powsta\u0142o pa\u0144stwo, kt\u00f3re narusza\u0142o podstawowe prawo cz\u0142owieka \u2013 prawo do\u00a0bezkarnego krzywdzenia \u017byd\u00f3w. Po\u00a0raz pierwszy od\u00a0dw\u00f3ch tysi\u0119cy lat \u017bydzi mieli swoje pa\u0144stwo i\u00a0swoj\u0105 armi\u0119, co\u00a0gwa\u0142ci\u0142o honor chrze\u015bcijan i\u00a0muzu\u0142man\u00f3w, nazist\u00f3w i\u00a0komunist\u00f3w, wszystkich ludzi dobrej woli. Watykan podj\u0105\u0142 wielk\u0105 akcj\u0119, \u017ceby\u00a0przypadkiem Jerozolima nie\u00a0wpad\u0142a w\u00a0r\u0119ce \u017byd\u00f3w. (Z\u00a0kraj\u00f3w europejskich Watykan by\u0142 ostatni, kt\u00f3ry\u00a0zgodzi\u0142 si\u0119 na\u00a0nawi\u0105zanie stosunk\u00f3w dyplomatycznych z\u00a0\u201eTel Awiwem\u201d i\u00a0zrobi\u0142 to\u00a0dopiero w\u00a01993 roku).<\/span><\/p>\n<p style=\"text-align: left;\"><span style=\"color: #000080;\">Podczas gdy\u00a0w\u00a0pierwszych latach istnienia Izraela antysemityzm zachodniej Europy prowadzi\u0142 do\u00a0embarga na\u00a0bro\u0144 i\u00a0cichego wspierania pa\u0144stw arabskich w\u00a0walce z\u00a0\u017bydami, od\u00a01956 roku widzieli\u015bmy odwr\u00f3cenie biegun\u00f3w i\u00a0plany ostatecznego rozwi\u0105zania kwestii \u017cydowskiej opracowywane by\u0142y w\u00a0Moskwie. Tam przygotowywano dwie wielkie wojny z\u00a0pa\u0144stwem \u017cydowskim (1967 i\u00a01973), tam opracowywano kampanie dyplomatyczne w\u00a0ONZ, tam powsta\u0142a idea narodu palesty\u0144skiego i\u00a0tam powsta\u0142a strategia oskar\u017cenia Izraela o\u00a0apartheid.<\/span><\/p>\n<p style=\"text-align: left;\"><span style=\"color: #000080;\">Kiedy Generalna Sekretarka Amnesty International, Agnes Callamard z dum\u0105 3 lutego prezentowa\u0142a sw\u00f3j raport dyktatorowi Autonomii Palesty\u0144skiej Mahmoudowi Abbasowi, zapewne nie pami\u0119ta\u0142a nie tylko tego, \u017ce to ju\u017c osiemnasty rok czteroletniej kadencji tego \u201eprezydenta\u201d, ale \u017ce wr\u0119cza go by\u0142emu agentowi KGB oraz uczonemu, kt\u00f3ry doktoryzowa\u0142 si\u0119 w Moskwie, dowodz\u0105c, i\u017c tego Holokaustu w\u0142a\u015bciwie nie by\u0142o. Atmosfera spotkania by\u0142a serdeczna i pe\u0142na wzajemnego zrozumienia.\u00a0<\/span><\/p>\n<p><img decoding=\"async\" class=\"aligncenter\" src=\"http:\/\/www.listyznaszegosadu.pl\/upload\/article\/bild\/4920\/917835\/_00aa4_s.png\" alt=\"\" width=\"100%\" \/><\/p>\n<p style=\"text-align: left;\"><span style=\"color: #000080;\">Khaled Abu Toameh, znany dziennikarz izraelski pochodzenia arabskiego\u00a0<a class=\"extlink https\" style=\"color: #000080;\" href=\"https:\/\/www.jpost.com\/arab-israeli-conflict\/article-695172\">pisz\u0105c\u00a0<\/a>o\u00a0raporcie Amnesty, koncentrowa\u0142 uwag\u0119 na\u00a0tym, co\u00a0i\u00a0dlaczego ucieszy\u0142o w\u00a0tym raporcie palesty\u0144skie organizacje terrorystyczne.<\/span><\/p>\n<p style=\"text-align: left;\"><span style=\"color: #000080;\">Ameryka\u0144ski badacz Dexter Van Zile w\u00a0artykule pod\u00a0tytu\u0142em\u00a0<span style=\"text-decoration: underline;\"><strong><a class=\"extlink https\" style=\"color: #000080; text-decoration: underline;\" href=\"https:\/\/www.algemeiner.com\/2022\/02\/03\/when-israel-cant-be-blamed-no-one-cares-about-human-rights\/\"><em>Kiedy nie\u00a0mo\u017cna wini\u0107 Izraela, \u201eprawa cz\u0142owieka\u201d nikogo nie\u00a0<\/em><\/a><em><a class=\"extlink https\" style=\"color: #000080; text-decoration: underline;\" href=\"https:\/\/www.algemeiner.com\/2022\/02\/03\/when-israel-cant-be-blamed-no-one-cares-about-human-rights\/\">obchodz\u0105<\/a>\u00a0<\/em><\/strong><\/span>pisa\u0142:<\/span><\/p>\n<blockquote class=\"wp-block-quote\"><p><strong>Czytaj\u0105c, w\u00a0jaki spos\u00f3b antyizraelscy aktywi\u015bci opisuj\u0105 Palesty\u0144czyk\u00f3w, mo\u017cna by\u00a0pomy\u015ble\u0107, \u017ce\u00a0ludzie \u017cyj\u0105cy na\u00a0Zachodnim Brzegu i\u00a0w\u00a0Strefie Gazy s\u0105\u00a0najbardziej pokojowymi, \u017cyczliwymi, go\u015bcinnymi lud\u017ami, jakich kiedykolwiek spotka\u0142e\u015b.<\/strong><\/p>\n<p style=\"text-align: left;\">\n<p style=\"text-align: left;\"><strong>To\u00a0co, \u017ce\u00a0ostrzeliwuj\u0105 izraelskie miasta rakietami, przeprowadzaj\u0105 ataki no\u017cownicze, taranuj\u0105 \u00a0samochodami izraelskich cywil\u00f3w?\u00a0To jest w\u00a0porz\u0105dku \u2014\u00a0poniewa\u017c atakowanie \u017byd\u00f3w pod\u00a0pretekstem uzyskania tego, co\u00a0wielokrotnie by\u0142o oferowane przy stole negocjacyjnym, jest prawem cz\u0142owieka.<\/strong><\/p>\n<p style=\"text-align: left;\"><strong>Ale\u00a0\u017cydowskie samostanowienie jest zbrodni\u0105 przeciwko ludzko\u015bci.<\/strong><\/p>\n<\/blockquote>\n<p style=\"text-align: left;\"><span style=\"color: #000080;\">W\u00a0rezultacie Palesty\u0144czycy mog\u0105 robi\u0107 straszne rzeczy \u017bydom bez\u00a0wi\u0119kszego uszczerbku na\u00a0ich reputacji w\u015br\u00f3d dzia\u0142aczy \u201epraw cz\u0142owieka\u201d.<\/span><\/p>\n<p style=\"text-align: left;\"><span style=\"color: #000080;\">No\u00a0kolejnym etapie chrze\u015bcija\u0144skiego i\u00a0muzu\u0142ma\u0144skiego antysemityzmu stara sowiecka taktyka jest czystym z\u0142otem. Europa jest nowoczesna, m\u00f3wi \u201enigdy wi\u0119cej\u201d, a\u00a0w\u00a0kwestii \u017cydowskiej stosuje outsourcing.<\/span><\/p>\n<p style=\"text-align: left;\"><span style=\"color: #000080;\">Dlaczego to\u00a0trwa? Najwyra\u017aniej nie\u00a0godzimy si\u0119 na\u00a0rezygnacj\u0119 z\u00a0podstawowego prawa cz\u0142owieka, prawa do\u00a0dawania fa\u0142szywego \u015bwiadectwa i\u00a0wspierania naszym szczodrym groszem wszystkich, kt\u00f3rzy\u00a0s\u0105\u00a0gotowi zabija\u0107 \u017byd\u00f3w w\u00a0naszym imieniu.<\/span><\/p>\n<hr \/>\n<p><strong>*<\/strong>\u00a0Definicja Mi\u0119dzynarodowego Sojuszu na\u00a0rzecz Pami\u0119ci o\u00a0Holokau\u015bcie (IHRA) brzmi:<strong>\u201eAntysemityzm to\u00a0okre\u015blone postrzeganie \u017byd\u00f3w, kt\u00f3re mo\u017ce si\u0119 wyra\u017ca\u0107 jako nienawi\u015b\u0107 do\u00a0nich. Antysemityzm przejawia si\u0119 zar\u00f3wno w\u00a0s\u0142owach, jak i\u00a0czynach skierowanych przeciwko \u017bydom lub osobom, kt\u00f3re nie\u00a0s\u0105\u00a0\u017bydami, oraz\u00a0ich w\u0142asno\u015bci, a\u00a0tak\u017ce przeciw instytucjom i\u00a0obiektom religijnym spo\u0142eczno\u015bci \u017cydowskiej.\u201d<\/strong><\/p>\n<hr style=\"height: 15px; background: #d0e6fa; width: 100%;\" \/>\n<div id=\"content\" class=\"content-alignment\">\n<div id=\"watch-description\" class=\"yt-uix-button-panel\">\n<div id=\"watch-description-text\" style=\"text-align: center;\">\n<p><em>Zawarto\u015b\u0107 publikowanych artyku\u0142\u00f3w i materia\u0142\u00f3w nie reprezentuje pogl\u0105d\u00f3w ani opinii Reunion&#8217;68,<\/em><em><br \/>\nani te\u017c webmastera Blogu Reunion&#8217;68, chyba ze jest to wyra\u017anie zaznaczone.<br \/>\nTwoje uwagi, linki, w\u0142asne artyku\u0142y lub wiadomo\u015bci prze\u015blij na adres:<br \/>\n<\/em><span style=\"color: #000080;\"><strong><em><a style=\"color: #000080;\" href=\"mailto:webmaster@reunion68.com\"><span style=\"text-decoration: underline;\">webmaster@reunion68.com<\/span><\/a><\/em><\/strong><\/span><\/p>\n<\/div>\n<\/div>\n<\/div>\n<hr style=\"width: 100%;\" \/>\n","protected":false},"excerpt":{"rendered":"<p>Amnesty Polska \/ @amnestyPL Antysemici wszystkich kraj\u00f3w, \u0142\u0105czcie si\u0119! Andrzej Koraszewski Bogdan Mi\u015b zada\u0142 mi pytanie: \u201eAndrzeju: warto chyba jako\u015b zracjonalizowa\u0107 ten wszechobecny antysemityzm. Sk\u0105d si\u0119 to bierze? Tylko z bzdur ko\u015bcielnych? \u017bydzi nie r\u00f3\u017cni\u0105 si\u0119 od innych wygl\u0105dem \u2013 a s\u0105 obiektem nienawi\u015bci wi\u0119kszej ni\u017c \u0142atwiejszy do wyt\u0142umaczenia pretekst koloru sk\u00f3ry \u2018innego\u2019, przez wieki [&hellip;]<\/p>\n","protected":false},"author":1,"featured_media":0,"comment_status":"closed","ping_status":"closed","sticky":false,"template":"","format":"standard","meta":[],"categories":[6],"tags":[26,24],"_links":{"self":[{"href":"https:\/\/www.reunion68.se\/index.php?rest_route=\/wp\/v2\/posts\/93018"}],"collection":[{"href":"https:\/\/www.reunion68.se\/index.php?rest_route=\/wp\/v2\/posts"}],"about":[{"href":"https:\/\/www.reunion68.se\/index.php?rest_route=\/wp\/v2\/types\/post"}],"author":[{"embeddable":true,"href":"https:\/\/www.reunion68.se\/index.php?rest_route=\/wp\/v2\/users\/1"}],"replies":[{"embeddable":true,"href":"https:\/\/www.reunion68.se\/index.php?rest_route=%2Fwp%2Fv2%2Fcomments&post=93018"}],"version-history":[{"count":7,"href":"https:\/\/www.reunion68.se\/index.php?rest_route=\/wp\/v2\/posts\/93018\/revisions"}],"predecessor-version":[{"id":93027,"href":"https:\/\/www.reunion68.se\/index.php?rest_route=\/wp\/v2\/posts\/93018\/revisions\/93027"}],"wp:attachment":[{"href":"https:\/\/www.reunion68.se\/index.php?rest_route=%2Fwp%2Fv2%2Fmedia&parent=93018"}],"wp:term":[{"taxonomy":"category","embeddable":true,"href":"https:\/\/www.reunion68.se\/index.php?rest_route=%2Fwp%2Fv2%2Fcategories&post=93018"},{"taxonomy":"post_tag","embeddable":true,"href":"https:\/\/www.reunion68.se\/index.php?rest_route=%2Fwp%2Fv2%2Ftags&post=93018"}],"curies":[{"name":"wp","href":"https:\/\/api.w.org\/{rel}","templated":true}]}}