{"id":93116,"date":"2022-04-07T17:09:04","date_gmt":"2022-04-07T15:09:04","guid":{"rendered":"http:\/\/www.reunion68.se\/?p=93116"},"modified":"2022-03-30T08:36:56","modified_gmt":"2022-03-30T06:36:56","slug":"19-09-74","status":"publish","type":"post","link":"https:\/\/www.reunion68.se\/?p=93116","title":{"rendered":"Nie oskar\u017cam, tylko przypominam"},"content":{"rendered":"<p style=\"text-align: center;\"><img decoding=\"async\" class=\"aligncenter\" src=\"http:\/\/www.listyznaszegosadu.pl\/upload\/article\/bild\/1191\/918475\/_00aa2_s.png\" alt=\"Zrzut z&nbsp;ekranu wideo Tygodnika Poradnika Rolniczego.&nbsp;&nbsp;\" width=\"100%\" data-hasqtip=\"5\"><span style=\"color: #808080;\"><em>Zrzut z ekranu wideo Tygodnika Poradnika Rolniczego.<\/em><\/span><\/p>\n<hr>\n<h5 style=\"text-align: center;\"><a href=\"https:\/\/studioopinii.pl\/\" target=\"_blank\" rel=\"noopener noreferrer\"><img decoding=\"async\" class=\"center alignleft\" src=\"http:\/\/www.reunion68.com\/Biuletyn\/img\/studio.png\" alt=\"\" width=\"35%\"><\/a><span style=\"text-decoration: underline; color: #000080;\"><strong><a style=\"color: #000080; text-decoration: underline;\" href=\"https:\/\/studioopinii.pl\/archiwa\/219036\" target=\"_blank\" rel=\"noopener noreferrer\">Nie oskar\u017cam, tylko przypominam<\/a><\/strong><\/span><\/h5>\n<p style=\"text-align: center;\"><span style=\"color: #000000;\"><strong>Andrzej Koraszewski<\/strong><\/span><\/p>\n<hr style=\"height: 15px; background: #d0e6fa; width: 100%;\">\n<h4 style=\"text-align: center;\"><span style=\"color: #808080;\"><strong>Publicy\u015bci lubi\u0105 s\u0142owo \u201eoskar\u017cam\u201d, czasem u\u017cywaj\u0105 francuskiego <em>J\u2019accuse<\/em>, kt\u00f3re kiedy\u015b poruszy\u0142o tak&nbsp;wielu, ale&nbsp;mocne s\u0142owa powtarzane zbyt cz\u0119sto trac\u0105 swoj\u0105 si\u0142\u0119. Ogl\u0105dam sonda\u017ce, z&nbsp;kt\u00f3rych&nbsp;wynika, \u017ce&nbsp;kolejne skandale i&nbsp;wyczyny rz\u0105dz\u0105cego obozu s\u0142abo wp\u0142ywaj\u0105 na&nbsp;postawy i&nbsp;pogl\u0105dy polskiego spo\u0142ecze\u0144stwa. Trwa wojna pozycyjna, w&nbsp;kt\u00f3rej&nbsp;wrogie obozy wydaj\u0105 si\u0119 dobrze okopane i&nbsp;nie&nbsp;maj\u0105 koncepcji jak przeci\u0105gn\u0105\u0107 wyborc\u00f3w na&nbsp;swoj\u0105 stron\u0119.<\/strong><\/span><\/h4>\n<p>.<\/p>\n<p style=\"text-align: left;\"><span style=\"color: #000080;\">Ponad 30 lat temu, kiedy m\u00f3wi\u0142em <span style=\"color: #800000;\"><strong>Adamowi Michnikowi<\/strong><\/span> w&nbsp;Londynie o&nbsp;niekt\u00f3rych aspektach chi\u0144skich reform gospodarczych, m\u00f3j&nbsp;przyjaciel machn\u0105\u0142 lekcewa\u017c\u0105co r\u0119k\u0105, stwierdzaj\u0105c, \u017ce&nbsp;to&nbsp;inne spo\u0142ecze\u0144stwo i&nbsp;inna kultura. Kiedy p\u00f3\u017aniej&nbsp; pisa\u0142em do&nbsp;niego, \u017ce&nbsp;z&nbsp;\u201eGazety Wyborczej\u201d zieje pogarda dla mieszka\u0144c\u00f3w wsi, brak zainteresowania i&nbsp; zdumiewaj\u0105cy brak wiedzy o&nbsp;kierunkach rozwoju rolnictwa, Michnik odpowiada\u0142 \u2013 przesadzasz. Kiedy pisa\u0142em, \u017ce&nbsp;wie\u015b zmiecie Uni\u0119 Demokratyczn\u0105 z&nbsp;politycznej sceny, przesta\u0142 odpowiada\u0107.<\/span><\/p>\n<p style=\"text-align: left;\"><span style=\"color: #000080;\">Adam Michnik to&nbsp;wp\u0142ywowa posta\u0107, kt\u00f3r\u0105 nadal darz\u0119 ciep\u0142ymi uczuciami; jest klasycznym polskim inteligentem, z&nbsp;wszystkimi zaletami i&nbsp;wadami warstwy aspiruj\u0105cej do&nbsp;wielkiego \u015bwiata i&nbsp;maj\u0105cej trudno\u015bci ze&nbsp;zrozumieniem kraju, w&nbsp;kt\u00f3rym&nbsp;mieszkaj\u0105. Kiedy wspania\u0142y prawnik i&nbsp;cudowny cz\u0142owiek, Krzysztof Skubiszewski pojecha\u0142 jako minister spraw zagranicznych na&nbsp;rozmowy z&nbsp;Uni\u0105 Europejsk\u0105, wr\u00f3ci\u0142 zdumiony i&nbsp;rozgoryczony, bo&nbsp;on&nbsp;chcia\u0142 rozmawia\u0107 o&nbsp;zasadach moralnych, a&nbsp;oni o&nbsp;pietruszce i&nbsp;wo\u0142owinie. Kiedy w&nbsp;1992 roku opublikowa\u0142em ksi\u0105\u017ck\u0119 o&nbsp;mi\u0119dzynarodowym handlu i&nbsp;reformach gospodarczych, Leszek Balcerowicz powiedzia\u0142, \u017ce&nbsp;buntuj\u0119 ch\u0142op\u00f3w. Kiedy Ryszard Miazek, wtedy jeszcze jako naczelny \u201eZielonego Sztandaru\u201d, zapyta\u0142 mnie, czy&nbsp;m\u00f3g\u0142bym pom\u00f3c w&nbsp;doprowadzeniu do&nbsp;okr\u0105g\u0142ego sto\u0142u mi\u0119dzy \u201emiastem i&nbsp;wsi\u0105\u201d, musia\u0142em si\u0119 roze\u015bmia\u0107 i&nbsp;powiedzie\u0107 mu, do&nbsp;jakiego stopnia by\u0142bym przy takiej pr\u00f3bie niew\u0142a\u015bciw\u0105 osob\u0105. Na&nbsp;moj\u0105 rad\u0119, \u017ceby&nbsp;najpierw przygotowali zestaw problem\u00f3w do&nbsp;om\u00f3wienia i&nbsp;prezentacj\u0119 stanowiska \u015brodowisk wiejskich w&nbsp;kwestiach, o&nbsp;kt\u00f3rych&nbsp;chcieliby rozmawia\u0107, Miazek roz\u0142o\u017cy\u0142 r\u0119ce i&nbsp;stwierdzi\u0142, \u017ce&nbsp;nikt nie&nbsp;b\u0119dzie chcia\u0142 nic zrobi\u0107, p\u00f3ki nie&nbsp;b\u0119dzie pewne, \u017ce&nbsp;dojdzie do&nbsp;rozm\u00f3w.<\/span><\/p>\n<p style=\"text-align: left;\"><span style=\"color: #000080;\">Patrzy\u0142em z&nbsp;rozpacz\u0105 na&nbsp;umizgi liberalnej partii pod&nbsp;adresem Ko\u015bcio\u0142a, na&nbsp;grabie\u017c ziemi i&nbsp;maj\u0105tku przez&nbsp;by\u0142ych dzia\u0142aczy ZSL, na&nbsp;brak pr\u00f3b odbudowania sp\u00f3\u0142dzielczo\u015bci i&nbsp;wpadanie skupu, przetw\u00f3rstwa oraz&nbsp;zaopatrzenia rolnictwa w&nbsp;\u0142apy ludzi przyzwyczajonych do&nbsp;\u017cycia na&nbsp;kradzionym chlebie. Kiedy m\u00f3wi\u0142em o&nbsp;rolniczej sp\u00f3\u0142dzielczo\u015bci w&nbsp;Szwecji, w&nbsp;Danii, we&nbsp;Francji, moi utytu\u0142owani koledzy z&nbsp;miejskich kawiarni, machali r\u0119k\u0105 i&nbsp;prawili, \u017ce&nbsp;sp\u00f3\u0142dzielczo\u015b\u0107 to&nbsp;komunistyczny wymys\u0142, od&nbsp;kt\u00f3rego&nbsp;ich zdaniem \u015bwiat odszed\u0142. Znajomi z&nbsp;ruchu ludowego kiwali g\u0142owami i&nbsp;zapewniali mnie, \u017ce&nbsp;sp\u00f3\u0142dzielczo\u015b\u0107 by\u0142aby dobra, ale&nbsp;ch\u0142opi s\u0105&nbsp;nieufni i&nbsp;to&nbsp;si\u0119 nie&nbsp;przyjmie. Kiedy pan prezydent Lech Wa\u0142\u0119sa powiedzia\u0142, \u017ce&nbsp;on&nbsp;nie&nbsp;chcia\u0142by, \u017ceby&nbsp;by\u0142a tylko&nbsp;jedna partia ch\u0142opska, bo&nbsp;wtedy \u201e<strong>rolnicy nie&nbsp;dadz\u0105 nam chleba<\/strong>\u201d, nikt z&nbsp;moich&nbsp;koleg\u00f3w dziennikarzy nie&nbsp;us\u0142ysza\u0142, co&nbsp;on&nbsp;w\u0142a\u015bciwie powiedzia\u0142. A&nbsp;powiedzia\u0142 to, na&nbsp;czym opiera si\u0119 mentalno\u015b\u0107 mieszka\u0144c\u00f3w miast, \u017ce&nbsp;rolnik ma&nbsp;da\u0107 chleb. O&nbsp;kierunkach rozwoju rolnictwa perorowali w&nbsp;mediach teatrolodzy, literaci, socjolodzy, domoro\u015bli ekolodzy i&nbsp;specjali\u015bci od&nbsp;walki z&nbsp;korporacjami.<\/span><\/p>\n<p style=\"text-align: left;\"><span style=\"color: #000080;\">Panienki z&nbsp;bardzo dobrych dom\u00f3w publikowa\u0142y wypracowania o&nbsp;organicznym rolnictwie. Socjologowie domagali si\u0119 rolnictwa wielkoobszarowego, ministrowie finans\u00f3w z&nbsp;r\u00f3\u017cnych oboz\u00f3w powtarzali to&nbsp;samo puste has\u0142o, \u017ceby&nbsp;mieszka\u0144cy wsi porzucili rolnictwo nie&nbsp;porzucaj\u0105c wsi.<\/span><\/p>\n<p style=\"text-align: left;\"><span style=\"color: #000080;\">Rolnicze bunty zacz\u0119\u0142y si\u0119 niemal natychmiast po&nbsp;upadku komunizmu. Rolnicy niesk\u0142adnie formu\u0142owali swoje \u017c\u0105dania, co&nbsp;nie&nbsp;mia\u0142o znaczenia, bo&nbsp;nikt ich nie&nbsp;pr\u00f3bowa\u0142 zrozumie\u0107. W&nbsp;mediach ros\u0142a pogarda do&nbsp;wsi, a&nbsp;tytu\u0142y w&nbsp;stylu \u201eDo&nbsp; kasy i&nbsp;w&nbsp;pole\u201d by\u0142y codzienno\u015bci\u0105. W&nbsp;kolejnych wyborach obecno\u015b\u0107 liberalnej inteligencji na&nbsp;polskiej arenie politycznej zanika\u0142a. Rodzi\u0142o to&nbsp;dalsz\u0105 niech\u0119\u0107 do&nbsp;suwerena i&nbsp;znudzenie skargami rolnik\u00f3w.<\/span><\/p>\n<p style=\"text-align: left;\"><span style=\"color: #000080;\">Kiedy po&nbsp;27 latach nieobecno\u015bci wr\u00f3ci\u0142em do&nbsp;Polski, chcia\u0142em ogl\u0105da\u0107 przemiany tam, gdzie s\u0105&nbsp;one najlepiej widoczne, osiad\u0142em w&nbsp;miasteczku bez&nbsp;przemys\u0142u, zaniedbanym, \u017ale zarz\u0105dzanym, obs\u0142uguj\u0105cym bardzo tradycyjne rolnictwo na&nbsp;kiepskich gruntach. Za\u0142o\u017cy\u0142em sad wi\u015bniowy i&nbsp;przygl\u0105da\u0142em si\u0119 niewidzialnej r\u0119ce, kt\u00f3rej&nbsp;niedow\u0142ad w&nbsp;takich miejscach jak to, kt\u00f3re wybra\u0142em, jest z&nbsp;natury rzeczy lepiej widoczny ni\u017c przez&nbsp;okno miejskiego bloku, czy&nbsp;apartamentowca.<\/span><\/p>\n<p style=\"text-align: left;\"><span style=\"color: #000080;\">Dziewi\u0105tego lutego br.&nbsp;w&nbsp;\u201eGazecie Wyborczej\u201d ukaza\u0142 si\u0119&nbsp;<a class=\"extlink https\" style=\"color: #000080;\" href=\"https:\/\/poznan.wyborcza.pl\/poznan\/7,36001,28089027,agrounia-blouje-drogi-w-calym-kraju-kilkadziesiat-protestow.html?_ga=2.198236975.1433070140.1644245184-351463624.1577863814#S.DT-K.C-B.2-L.1.duzy\">artyku\u0142&nbsp;<\/a>&nbsp;napisany przez&nbsp;czw\u00f3rk\u0119 dziennikarzy: Paul\u0119 Skalnick\u0105-Kirpsza, Mart\u0119 Danielewicz, Tomasza Cylka i&nbsp;Sandr\u0119 Kmieciak, pod&nbsp;tytu\u0142em \u201eAgrounia blokuje drogi prawie w&nbsp;ca\u0142ym kraju\u201d. W&nbsp;pierwszych s\u0142owach licz\u0105cego 666 s\u0142\u00f3w tekstu dziennikarska brygada informuje:<\/span><\/p>\n<blockquote class=\"wp-block-quote\">\n<p style=\"text-align: left;\"><strong>\u2013 Rolnicy nie&nbsp;chc\u0105 umiera\u0107 w&nbsp;ciszy. Rolnicy nie&nbsp;pozwalaj\u0105 na&nbsp;to, \u017ceby&nbsp;inni nie&nbsp;widzieli ich problem\u00f3w \u2013 m\u00f3wi\u0142 Micha\u0142 Ko\u0142odziejczak, lider Agrounii, zapowiadaj\u0105c na&nbsp;\u015brod\u0119 9 lutego blisko 50 blokad dr\u00f3g, tak\u017ce w&nbsp;centrach miast. Pierwsze rozpoczynaj\u0105 si\u0119 o&nbsp;godz.&nbsp;9.<\/strong><\/p>\n<\/blockquote>\n<p style=\"text-align: left;\"><span style=\"color: #000080;\">Dalej dowiadujemy si\u0119, \u017ce&nbsp;cz\u0119\u015b\u0107 protest\u00f3w b\u0119dzie mia\u0142a charakter stacjonarny inne ruchomy, potem wyja\u015bniaj\u0105, o&nbsp;co&nbsp;chodzi protestuj\u0105cym rolnikom:<\/span><\/p>\n<blockquote class=\"wp-block-quote\">\n<p style=\"text-align: left;\"><strong>\u2013 Agrounia widzi narastaj\u0105c\u0105 dro\u017cyzn\u0119, na&nbsp;kt\u00f3r\u0105 si\u0119 nie&nbsp;zgadza. Ceny w&nbsp;sklepach nie&nbsp;przek\u0142adaj\u0105 si\u0119 na&nbsp;zarobki rolnik\u00f3w. Dro\u017cyzna dotyka wszystkich. Nie&nbsp;zgadzamy si\u0119 na&nbsp;wysokie ceny: pr\u0105du, gazu, nawoz\u00f3w. Nie&nbsp;zgadzamy si\u0119 te\u017c na&nbsp;tak&nbsp;niskie zarobki, kt\u00f3re nie&nbsp;id\u0105 w&nbsp;parze z&nbsp;rosn\u0105cym cenami \u2013<span style=\"text-decoration: underline; color: #000000;\">&nbsp;<a class=\"extlink https\" style=\"color: #000000; text-decoration: underline;\" href=\"https:\/\/poznan.wyborcza.pl\/poznan\/7,36001,28062331,agrounia-mowi-stop-drozyznie-rolnicy-planuja-w-przyszlym.html\">wylicza Filip Pawlik, wielkopolski koordynator Agrounii.<\/a><\/span><\/strong><\/p>\n<p style=\"text-align: left;\"><strong>Rolnikom nie&nbsp;podobaj\u0105 si\u0119 tak\u017ce ceny skupu produkt\u00f3w rolniczych (Pawlik: \u2013 Jako producenci \u017cywno\u015bci za&nbsp;kilogram tucznika, kt\u00f3rego&nbsp;nie&nbsp;mo\u017cemy sprzeda\u0107, otrzymujemy 4 z\u0142 za&nbsp;kilogram. Wy&nbsp;p\u0142acicie za&nbsp;ten sam kilogram 40 z\u0142. Dzi\u015b za&nbsp;ziemniaki, jaja otrzymujemy 70 gr, za&nbsp;cebul\u0119 \u2013 60 gr. W&nbsp;sklepach ta&nbsp;cebula kosztuje 4 z\u0142, ziemniaki \u2013 3,50).<\/strong><\/p>\n<p style=\"text-align: left;\"><strong>Kolejny problem to&nbsp;ceny nawoz\u00f3w (dzi\u015b saletra kosztuje ponad 3 tys. z\u0142 za&nbsp;ton\u0119, a&nbsp;mocznik ju\u017c ok. 4,5 tys. z\u0142. W&nbsp;styczniu 2021 r. ceny tych nawoz\u00f3w wynosi\u0142y odpowiednio ok. 1,2 tys. i&nbsp;2 tys. z\u0142). Rolnicy twierdz\u0105 te\u017c, \u017ce&nbsp;rz\u0105d nie&nbsp;ma&nbsp;kontroli nad&nbsp;importem \u017cywno\u015bci.<\/strong><\/p>\n<p style=\"text-align: left;\"><strong>Cz\u0142onkowie Agrounii gro\u017c\u0105, \u017ce&nbsp;je\u015bli ich postulaty nie&nbsp;zostan\u0105 spe\u0142nione, zorganizuj\u0105 strajk generalny w&nbsp;Warszawie. Lider ugrupowania, Micha\u0142 Ko\u0142odziejczak, oczekuje spotkania z&nbsp;premierem Mateuszem Morawieckim.<\/strong><\/p>\n<\/blockquote>\n<p style=\"text-align: left;\"><span style=\"color: #000080;\"><strong>Dalej mamy mapki<\/strong> i&nbsp;wiele stron komentarzy, kt\u00f3re opowiadaj\u0105 wi\u0119cej ni\u017c sam artyku\u0142. Komentarzy jest du\u017co, bardzo du\u017co. Mi\u0119dzy godzin\u0105 8.11 a&nbsp;8.21 czytamy:<\/span><\/p>\n<blockquote class=\"wp-block-quote\">\n<p style=\"text-align: left;\"><strong>bra-tanki<\/strong><\/p>\n<p style=\"text-align: left;\">Ciarka, powiedz prosz\u0119, ilu ju\u017c przydusi\u0142e\u015b, pobi\u0142e\u015b, w&nbsp;kocio\u0142 zagna\u0142e\u015b, na&nbsp;do\u0142ek zawlok\u0142e\u015b, teleskopem dobrodzieja pobi\u0142e\u015b, wod\u0105 obla\u0142e\u015b, ile r\u0105k po\u0142ama\u0142e\u015b, ile wniosk\u00f3w o&nbsp;ukaranie za&nbsp;przeklinanie napisa\u0142e\u015b?<br \/>\nTak, mniej wi\u0119cej, no&nbsp;ilu?<br \/>\nStrach, bo&nbsp;odwin\u0105?<br \/>\nA&nbsp;to&nbsp;przepraszam.<\/p>\n<p style=\"text-align: left;\"><strong>she_is_the_girl<\/strong><\/p>\n<p style=\"text-align: left;\">To&nbsp;rolnikom zawdzi\u0119czamy&nbsp;<span class=\"tooltipsall tooltipsincontent classtoolTips33\" data-hasqtip=\"2\">PiS<\/span>&nbsp;przy korycie, wi\u0119c&nbsp;teraz, zamiast drze\u0107 pyski, powinni si\u0119 zamkn\u0105\u0107 i&nbsp;schowa\u0107 ze&nbsp;wstydu w&nbsp;stodole.<\/p>\n<p style=\"text-align: left;\"><strong>moozq<\/strong><\/p>\n<p style=\"text-align: left;\">Koszty romansu z&nbsp;pisem.<\/p>\n<p style=\"text-align: left;\"><strong>Leo767<\/strong><\/p>\n<p style=\"text-align: left;\">Zapytam biednych rolnik\u00f3w: kiedy zaczniecie p\u0142aci\u0107 sk\u0142adki ZUS w&nbsp;pe\u0142nej wysoko\u015bci? Na&nbsp;razie wasze emerytury i&nbsp;leczenie funduj\u0105 wam pracuj\u0105cy Polacy.<\/p>\n<p style=\"text-align: left;\"><strong>Vito(ld)60<\/strong><\/p>\n<p style=\"text-align: left;\">Ci&nbsp;jak zawsze pokrzywdzeni. Ju\u017c trzydzie\u015bci lat na&nbsp;stratach jad\u0105. Zastanawia mnie, sk\u0105d maj\u0105 na&nbsp;dok\u0142adnie do&nbsp;interesu.<\/p>\n<p style=\"text-align: left;\"><strong>amb123<\/strong><\/p>\n<p style=\"text-align: left;\">wiocha g\u0142osowa\u0142a na&nbsp;<span class=\"tooltipsall tooltipsincontent classtoolTips33\" data-hasqtip=\"3\">PiS<\/span><br \/>\nwie\u015b jest g\u0142\u00f3wnym beneficjentem pisowskiego socjalu<br \/>\nblokujcie sobie remiz\u0119 Panowie Rolnicy<\/p><\/blockquote>\n<p style=\"text-align: left;\">&nbsp;<span style=\"color: #000080;\">Przegl\u0105daj\u0105c p\u00f3\u017aniejsze komentarze znalaz\u0142em jeden jedyny wpis odbiegaj\u0105cy od&nbsp;reszty. Internauta pyta\u0142: \u201eSk\u0105d tyle hejtu do&nbsp;Agrounii?\u201d&nbsp;&nbsp;<\/span><\/p>\n<p style=\"text-align: left;\"><span style=\"color: #000080;\">Chcia\u0142em zajrze\u0107 czy&nbsp;socjolodzy pr\u00f3bowali odpowiedzie\u0107 na&nbsp;to, jak powszechne s\u0105&nbsp;te&nbsp;postawy mieszka\u0144c\u00f3w miast, ale&nbsp;socjolodzy miast i&nbsp;wsi nie&nbsp;podj\u0119li tego tematu, zastanawia\u0142em si\u0119 przelotnie, czy&nbsp;mo\u017ce NIK podejmowa\u0142 kiedy\u015b problematyk\u0119 skupu p\u0142od\u00f3w rolnych i&nbsp;handlu nawozami oraz&nbsp;\u015brodkami ochrony ro\u015blin, ale&nbsp;niczego nie&nbsp;znalaz\u0142em (chocia\u017c mog\u0142em \u017ale szuka\u0107), zastanawia\u0142em si\u0119, czy&nbsp;mo\u017ce rolnicy zwracali si\u0119 z&nbsp;tymi problemami do&nbsp;Urz\u0119du Ochrony Konkurencji i&nbsp;Konsument\u00f3w (ale&nbsp;mog\u0105 podejrzewa\u0107, \u017ce&nbsp;ten Urz\u0105d chroni tylko&nbsp;konkurencj\u0119). Przypomnia\u0142em sobie opowie\u015b\u0107 J\u00f3zefa Ku\u015bmierka jak tu\u017c przed&nbsp;wyborami w&nbsp;1989 roku pewien zwi\u0105zany z&nbsp;\u201eSolidarno\u015bci\u0105\u201d senator pojecha\u0142 na&nbsp;wie\u015b agitowa\u0107 i&nbsp;s\u0142uchacze przerwali mu&nbsp;d\u0142ug\u0105 uczon\u0105 mow\u0119 stwierdzeniem: \u201epanie senatorze, pan tyle nie&nbsp;m\u00f3wi, b\u0119dziemy g\u0142osowali nawet na&nbsp;krow\u0119, byle mia\u0142a znaczek \u2018Solidarno\u015bci\u2019\u201d.<\/span><\/p>\n<p style=\"text-align: left;\"><span style=\"color: #000080;\">Wtedy wie\u015b zawiod\u0142a&nbsp;<span class=\"tooltipsall tooltipsincontent classtoolTips25\" data-hasqtip=\"0\"><span class=\"tooltipsall tooltipsincontent classtoolTips28\" data-hasqtip=\"1\">PZPR<\/span><\/span>&nbsp;i&nbsp;przewa\u017cy\u0142a szal\u0119 w&nbsp;stopniu, kt\u00f3ry&nbsp;wprowadzi\u0142 w&nbsp;os\u0142upienie r\u00f3wnie\u017c nasz\u0105 stron\u0119. Nie&nbsp;oznacza\u0142o to&nbsp;jednak, \u017ce&nbsp;wtedy polska inteligencja zacz\u0119\u0142a chcie\u0107 rozumie\u0107 problemy wsi, albo&nbsp;przynajmniej sens traktowania wsi jak partnera.<\/span><\/p>\n<p style=\"text-align: left;\"><span style=\"color: #000080;\">Tak&nbsp;wiele spraw posz\u0142o w&nbsp;zapomnienie. Niedawno min\u0119\u0142o czterdziestolecie rolniczego strajku w&nbsp;Bydgoszczy. Przez&nbsp;lata pyta\u0142em czasem jak to&nbsp;pami\u0119taj\u0105 rolnicy i&nbsp;jak to&nbsp;pami\u0119taj\u0105 libera\u0142owie. Rolnicy pami\u0119tali, \u017ce&nbsp;miejska \u201eSolidarno\u015b\u0107\u201d ich zdradzi\u0142a. Libera\u0142owie pami\u0119tali, \u017ce&nbsp;p\u00f3\u017aniej rolnicy szli z&nbsp;transparentem \u201eJaruzelski z&nbsp;ch\u0142opami jak Ko\u015bciuszko pod&nbsp;Rac\u0142awicami\u201d. Jedni i&nbsp;drudzy pami\u0119tali poprawnie. (Ani jedni, ani drudzy nie&nbsp;pami\u0119tali, \u017ce&nbsp;robotnicy szczeci\u0144skiej stoczni domagali si\u0119 uczciwej wymiany towarowej mi\u0119dzy przemys\u0142em i&nbsp;rolnictwem). Cofanie si\u0119 do&nbsp;patriotycznych zryw\u00f3w przeciw zniesieniu pa\u0144szczyzny nie&nbsp;ma&nbsp;wielkiego sensu, ani te\u017c do&nbsp;mi\u0119dzywojennych zabieg\u00f3w, \u017ceby&nbsp;ograniczy\u0107 reform\u0119 roln\u0105 do&nbsp;pozor\u00f3w, ani do&nbsp;szczeg\u00f3\u0142\u00f3w komunistycznego sojuszu robotnik\u00f3w i&nbsp;ch\u0142op\u00f3w, \u017ceby&nbsp;awangardzie proletariatu by\u0142o dobrze. Te&nbsp;komentarze pod&nbsp;cytowanym artyku\u0142em nie&nbsp;wzi\u0119\u0142y si\u0119 znik\u0105d, to&nbsp;d\u0142uga i&nbsp;dobrze okopana tradycja, kt\u00f3ra&nbsp;jest stale podsycana.<\/span><\/p>\n<p style=\"text-align: left;\"><span style=\"color: #000080;\">Wyb\u00f3r \u015bcie\u017cki rozwoju polskiego rolnictwa, podyktowany by\u0142 g\u0142\u00f3wnie przez&nbsp;Uni\u0119 Europejsk\u0105, co&nbsp;wywo\u0142ywa\u0142o ogromne niezadowolenie pisarzy, dziennikarzy i&nbsp;artyst\u00f3w, \u017ce&nbsp;Unia ho\u0142ubi ch\u0142op\u00f3w i&nbsp;nie&nbsp;dba o&nbsp;nasz\u0105 wspania\u0142\u0105 kultur\u0119. Kilka razy zaprasza\u0142em moich&nbsp;starych przyjaci\u00f3\u0142 z&nbsp;Warszawy, \u017ceby&nbsp;kiedy\u015b przyjechali do&nbsp;Polski, ale&nbsp;mogli takie zaproszenie uzna\u0107 za&nbsp;obra\u017aliwe. T\u0142umaczenie na&nbsp;odleg\u0142o\u015b\u0107, \u017ce&nbsp;rolnik nie&nbsp;po\u015bwi\u0119ca kilku godzin dziennie na&nbsp;czytanie gazet, s\u0142uchanie radia, ogl\u0105danie wiadomo\u015bci, \u017ce&nbsp;nie&nbsp;siedzi godzinami na&nbsp;Facebooku, ani nie&nbsp;obmy\u015bla, co&nbsp;tu&nbsp;napisa\u0107 na&nbsp;Twitterze, \u017ce&nbsp;pr\u00f3buje by\u0107 m\u0105dry i&nbsp;przetrwa\u0107 na&nbsp;podstawie informacji znajomych, opinii lokalnych doradc\u00f3w, strz\u0119p\u00f3w wiadomo\u015bci docieraj\u0105cych z&nbsp;otwartego przy obiedzie i&nbsp;kolacji telewizora. Z&nbsp;krajowych medi\u00f3w, kt\u00f3rymi \u017cyje awangarda narodu, dociera tylko&nbsp;\u015bwiadomo\u015b\u0107 pogardy. Nie&nbsp;jestem pewien jak, ale&nbsp;dociera.<\/span><\/p>\n<p style=\"text-align: left;\"><span style=\"color: #000080;\">Opowiadanie o&nbsp;afryka\u0144skich i&nbsp;azjatyckich rolnikach wyrzucaj\u0105cych europejskich agitator\u00f3w opowiadaj\u0105cych im&nbsp;bzdury o&nbsp;strasznym GMO i&nbsp;biotechnice s\u0105&nbsp;dla nich zbyt dziwne, zbyt egzotyczne. Ich przyw\u00f3dcy nie&nbsp;maj\u0105 kontaktu z&nbsp;nauk\u0105, powtarzaj\u0105 g\u0142upstwa zas\u0142yszane na&nbsp;uczelniach, w&nbsp;ko\u015bciele i&nbsp;w&nbsp;gazetach. Dyskusja o&nbsp;uczciwym handlu i&nbsp;demokracji opartej na&nbsp;wiedzy nie&nbsp;jest jeszcze mo\u017cliwa. Moi liberalni przyjaciele kochaj\u0105 demokracj\u0119, ale&nbsp;nie&nbsp;na&nbsp;tyle, \u017ceby&nbsp;uczy\u0107 si\u0119 s\u0142ucha\u0107, nie&nbsp;tylko&nbsp;nie&nbsp;umiej\u0105 m\u00f3wi\u0107 zrozumia\u0142ym j\u0119zykiem do&nbsp;zwyk\u0142ych ludzi, ale&nbsp;nie&nbsp;maj\u0105 nic wsi do&nbsp;powiedzenia, pr\u00f3cz tego, \u017ce&nbsp;ni\u0105 gardz\u0105.<\/span><\/p>\n<p style=\"text-align: left;\"><span style=\"color: #000080;\"><strong>Moje&nbsp;pokolenie odchodzi, wygrali\u015bmy, \u017ceby&nbsp;przegra\u0107 niesamowite zwyci\u0119stwo.<\/strong>&nbsp;Czy&nbsp;jest sens przypominanie czegokolwiek tym, kt\u00f3rzy&nbsp;nie&nbsp;maj\u0105 ju\u017c wp\u0142ywu na&nbsp;decyzje? M\u0142odsze pokolenie nie&nbsp;ma&nbsp;ochoty wraca\u0107 do&nbsp;przesz\u0142o\u015bci, nie&nbsp;interesuj\u0105 ich nasze b\u0142\u0119dy, nie&nbsp;wiedz\u0105 r\u00f3wnie\u017c, \u017ce&nbsp;zostali odci\u0119ci od&nbsp;rzetelnej informacji o&nbsp;rozwoju g\u0142\u00f3wnej dziedziny gospodarki, od&nbsp;kt\u00f3rej&nbsp;zdrowia zale\u017cy funkcjonowanie ca\u0142ej reszty. Pomy\u015bla\u0142em, \u017ce&nbsp;nic si\u0119 nie&nbsp;da zrobi\u0107 i&nbsp;przypomnia\u0142em sobie, co&nbsp;siedemdziesi\u0105t lat temu powtarza\u0142 mi&nbsp;m\u00f3j&nbsp;nieprzebieraj\u0105cy w&nbsp;s\u0142owach ojciec: Nie&nbsp;da si\u0119 parasola w&nbsp;dupie otworzy\u0107, reszta jest kwesti\u0105 strategii, logistyki i&nbsp;matematyki. I&nbsp;dodawa\u0142, \u017ceby&nbsp;nie&nbsp;zapomina\u0107 o&nbsp;tej&nbsp;ostatniej, bo&nbsp;bez&nbsp;niej \u0142atwo si\u0119 przeliczy\u0107. &nbsp;&nbsp;&nbsp;&nbsp;&nbsp;&nbsp;&nbsp;&nbsp;&nbsp;&nbsp;&nbsp;&nbsp;&nbsp;&nbsp;&nbsp;<\/span><\/p>\n<p style=\"text-align: left;\"><span style=\"color: #000080;\">Kto wie, mo\u017ce ten protest zrozpaczonych kogo\u015b obudzi, co\u015b przypomni, sk\u0142oni do&nbsp;rachunku?<\/span><\/p>\n<div class=\"post-views post-219036 entry-meta\">\n<hr>\n<\/div>\n<div>\n<div class=\"wp-block-image is-style-rounded\">\n<figure class=\"alignleft size-full is-resized\"><img decoding=\"async\" loading=\"lazy\" class=\"wp-image-180999 alignleft\" src=\"https:\/\/studioopinii.pl\/wp-content\/uploads\/2017\/06\/Koraszewski.jpg\" alt=\"\" width=\"142\" height=\"145\"><\/figure>\n<\/div>\n<h1 class=\"has-luminous-vivid-amber-background-color has-background\"><span class=\"tooltipsall tooltipsincontent classtoolTips3\">Andrzej Koraszewski<\/span><\/h1>\n<p style=\"text-align: left;\"><span style=\"color: #808080;\"><em><strong>Publicysta i&nbsp;pisarz ekonomiczno-spo\u0142eczny.<br \/>\n<\/strong>Ur. 26 marca&nbsp;<strong>1940&nbsp;<\/strong>w&nbsp;Szymbarku, by\u0142y dziennikarz&nbsp;<a class=\"extlink https\" style=\"color: #808080;\" href=\"https:\/\/www.wikiwand.com\/pl\/BBC\">BBC<\/a>, wiceszef polskiej sekcji BBC, i&nbsp;publicysta paryskiej \u201e<a class=\"extlink https\" style=\"color: #808080;\" href=\"https:\/\/www.wikiwand.com\/pl\/Kultura_(miesi%C4%99cznik)\">Kultury<\/a>\u201d.<\/em><\/span><\/p>\n<\/div>\n<hr style=\"height: 15px; background: #d0e6fa; width: 100%;\">\n<div id=\"content\" class=\"content-alignment\">\n<div id=\"watch-description\" class=\"yt-uix-button-panel\">\n<div id=\"watch-description-text\" style=\"text-align: center;\">\n<p><em>Zawarto\u015b\u0107 publikowanych artyku\u0142\u00f3w i materia\u0142\u00f3w nie reprezentuje pogl\u0105d\u00f3w ani opinii Reunion&#8217;68,<\/em><em><br \/>\nani te\u017c webmastera Blogu Reunion&#8217;68, chyba ze jest to wyra\u017anie zaznaczone.<br \/>\nTwoje uwagi, linki, w\u0142asne artyku\u0142y lub wiadomo\u015bci prze\u015blij na adres:<br \/>\n<\/em><span style=\"color: #000080;\"><strong><em><a style=\"color: #000080;\" href=\"mailto:webmaster@reunion68.com\"><span style=\"text-decoration: underline;\">webmaster@reunion68.com<\/span><\/a><\/em><\/strong><\/span><\/p>\n<\/div>\n<\/div>\n<\/div>\n<hr style=\"width: 100%;\">\n","protected":false},"excerpt":{"rendered":"<p>Zrzut z ekranu wideo Tygodnika Poradnika Rolniczego. Nie oskar\u017cam, tylko przypominam Andrzej Koraszewski Publicy\u015bci lubi\u0105 s\u0142owo \u201eoskar\u017cam\u201d, czasem u\u017cywaj\u0105 francuskiego J\u2019accuse, kt\u00f3re kiedy\u015b poruszy\u0142o tak&nbsp;wielu, ale&nbsp;mocne s\u0142owa powtarzane zbyt cz\u0119sto trac\u0105 swoj\u0105 si\u0142\u0119. Ogl\u0105dam sonda\u017ce, z&nbsp;kt\u00f3rych&nbsp;wynika, \u017ce&nbsp;kolejne skandale i&nbsp;wyczyny rz\u0105dz\u0105cego obozu s\u0142abo wp\u0142ywaj\u0105 na&nbsp;postawy i&nbsp;pogl\u0105dy polskiego spo\u0142ecze\u0144stwa. Trwa wojna pozycyjna, w&nbsp;kt\u00f3rej&nbsp;wrogie obozy wydaj\u0105 si\u0119 dobrze [&hellip;]<\/p>\n","protected":false},"author":1,"featured_media":0,"comment_status":"closed","ping_status":"closed","sticky":false,"template":"","format":"standard","meta":[],"categories":[6],"tags":[26,24],"_links":{"self":[{"href":"https:\/\/www.reunion68.se\/index.php?rest_route=\/wp\/v2\/posts\/93116"}],"collection":[{"href":"https:\/\/www.reunion68.se\/index.php?rest_route=\/wp\/v2\/posts"}],"about":[{"href":"https:\/\/www.reunion68.se\/index.php?rest_route=\/wp\/v2\/types\/post"}],"author":[{"embeddable":true,"href":"https:\/\/www.reunion68.se\/index.php?rest_route=\/wp\/v2\/users\/1"}],"replies":[{"embeddable":true,"href":"https:\/\/www.reunion68.se\/index.php?rest_route=%2Fwp%2Fv2%2Fcomments&post=93116"}],"version-history":[{"count":8,"href":"https:\/\/www.reunion68.se\/index.php?rest_route=\/wp\/v2\/posts\/93116\/revisions"}],"predecessor-version":[{"id":93272,"href":"https:\/\/www.reunion68.se\/index.php?rest_route=\/wp\/v2\/posts\/93116\/revisions\/93272"}],"wp:attachment":[{"href":"https:\/\/www.reunion68.se\/index.php?rest_route=%2Fwp%2Fv2%2Fmedia&parent=93116"}],"wp:term":[{"taxonomy":"category","embeddable":true,"href":"https:\/\/www.reunion68.se\/index.php?rest_route=%2Fwp%2Fv2%2Fcategories&post=93116"},{"taxonomy":"post_tag","embeddable":true,"href":"https:\/\/www.reunion68.se\/index.php?rest_route=%2Fwp%2Fv2%2Ftags&post=93116"}],"curies":[{"name":"wp","href":"https:\/\/api.w.org\/{rel}","templated":true}]}}