{"id":93137,"date":"2022-03-31T17:09:51","date_gmt":"2022-03-31T15:09:51","guid":{"rendered":"http:\/\/www.reunion68.se\/?p=93137"},"modified":"2022-03-24T19:15:16","modified_gmt":"2022-03-24T17:15:16","slug":"20-09-70","status":"publish","type":"post","link":"https:\/\/www.reunion68.se\/?p=93137","title":{"rendered":"Pieni\u0105dze i antykomunizm, podszyty przekonaniem o wy\u017cszo\u015bci bia\u0142ych chrze\u015bcijan, to sie\u0107 oplataj\u0105ca ca\u0142y \u015bwiat"},"content":{"rendered":"<h5 style=\"text-align: center;\"><a href=\"https:\/\/wyborcza.pl\/\" target=\"_blank\" rel=\"noopener noreferrer\"><img decoding=\"async\" class=\"center alignleft\" src=\"http:\/\/www.reunion68.com\/Biuletyn\/img\/wyborcza-ale.png\" alt=\"\" width=\"35%\"><\/a><span style=\"text-decoration: underline; color: #000080;\"><strong><a style=\"color: #000080; text-decoration: underline;\" href=\"https:\/\/wyborcza.pl\/alehistoria\/7,121681,28074948,pieniadze-i-antykomunizm-podszyty-przekonaniem-o-wyzszosci.html\" target=\"_blank\" rel=\"noopener noreferrer\">Pieni\u0105dze i antykomunizm, podszyty przekonaniem o wy\u017cszo\u015bci bia\u0142ych chrze\u015bcijan, to sie\u0107 oplataj\u0105ca ca\u0142y \u015bwiat<\/a><\/strong><\/span><\/h5>\n<p style=\"text-align: center;\"><span style=\"color: #000000;\"><strong>Andrzej Brzeziecki<\/strong><\/span><\/p>\n<hr style=\"height: 15px; background: #d0e6fa; width: 100%;\">\n<p style=\"text-align: center;\"><img decoding=\"async\" class=\"aligncenter\" src=\"https:\/\/bi.im-g.pl\/im\/6d\/c6\/1a\/z28075373V,Roberto-Calvi--1920-1982---Oscar-Romero--1917-1980.jpg\" width=\"100%\"><span style=\"color: #808080;\"><em>Roberto Calvi (1920-1982), \u00d3scar Romero (1917-1980), Olof Palme (1927-1986) (Wikimedia Commons)<\/em><\/span><\/p>\n<h3 style=\"text-align: center;\"><span style=\"color: #808080;\"><strong>Kto pr\u00f3bowa\u0142 przeci\u0105\u0107 t\u0119 sie\u0107 &#8211; gin\u0105\u0142.<\/strong><\/span><\/h3>\n<p>.<\/p>\n<p style=\"text-align: left;\"><span style=\"color: #000080;\">Zazwyczaj to ludzie o pogl\u0105dach skrajnie prawicowych ch\u0119tniej daj\u0105 si\u0119 uwie\u015b\u0107 teoriom spiskowym i gotowi s\u0105 dostrzega\u0107 \u201euk\u0142ad&#8221; tam, gdzie go nie by\u0142o. Ostatnio jednak w wielu krajach prawica zaj\u0119ta jest rz\u0105dzeniem albo przynajmniej cieszy si\u0119 wielk\u0105 popularno\u015bci\u0105, i teraz to autorzy liberalni szukaj\u0105 ukrytych przyczyn tego stanu rzeczy.<\/span><\/p>\n<h5 class=\"art_sub_title\" style=\"text-align: left;\"><strong>Rzeczywisto\u015b\u0107 okazuje si\u0119 bardziej skomplikowana, ni\u017c si\u0119 wydaje<\/strong><\/h5>\n<p class=\"art_paragraph\" style=\"text-align: left;\"><span style=\"color: #000080;\">Prof. Arkadiusz Stempin, historyk, politolog oraz watykanista, w swojej ksi\u0105\u017cce \u201eWi\u0119ksze z\u0142o&#8221; przyjrza\u0142 si\u0119 serii spisk\u00f3w i politycznych morderstw z okresu XX w. Wniosek? Przez dekady idea powstrzymywania komunizmu za wszelk\u0105 cen\u0119 sprawi\u0142a, \u017ce tak\u017ce na Zachodzie nie wahano si\u0119 przed zbrodni\u0105. I cho\u0107 Stempin wspomina tak\u017ce zamachowc\u00f3w z Baader-Meinhoff czy przypadki zab\u00f3jstw przypisywanych dzisiejszej Rosji, to najciekawsze i zajmuj\u0105ce wi\u0119kszo\u015b\u0107 ksi\u0105\u017cki s\u0105 opisane powi\u0105zania mi\u0119dzy konserwatywnymi politykami, s\u0142u\u017cbami specjalnymi, Watykanem (zw\u0142aszcza jego bankierami), handlarzami broni\u0105 oraz mafi\u0105. Niekt\u00f3rzy bohaterowie ksi\u0105\u017cki \u2013 mo\u017cna mie\u0107 wra\u017cenie \u2013 nale\u017celi do wszystkich tych bran\u017cy jednocze\u015bnie.<\/span><\/p>\n<div class=\"paywall\">\n<p class=\"art_paragraph\" style=\"text-align: left;\"><span style=\"color: #000080;\">Stempin pisze ze swad\u0105, co sprawia, \u017ce ksi\u0105\u017ck\u0119 czyta si\u0119 tak, jak ogl\u0105da si\u0119 najlepszy serial na platformie internetowej. Tyle \u017ce zamiast wszystkich sezon\u00f3w poch\u0142aniamy ca\u0142e rozdzia\u0142y. Uprzed\u017amy od razu \u2013 wiele z teorii, kt\u00f3re prezentuje Stempin, to zwyk\u0142a fantazja, co zreszt\u0105 sam autor nieraz zaznacza. Niekt\u00f3re wyja\u015bnienia tajemniczych zamach\u00f3w politycznych sobie nawzajem przecz\u0105.<\/span><\/p>\n<p class=\"art_paragraph\" style=\"text-align: left;\"><span style=\"color: #000080;\">Jednocze\u015bnie w swej ksi\u0105\u017cce Stempin przywo\u0142uje teksty, ksi\u0105\u017cki i raporty powa\u017cnych dziennikarzy \u015bledczych, prokurator\u00f3w i naukowc\u00f3w, kt\u00f3rych nie spos\u00f3b skwitowa\u0107 pukaniem si\u0119 w czo\u0142o. Nawet je\u015bli tylko po\u0142owa z tego, co opisa\u0142 Stempin, jest prawd\u0105, to jest to prawda wyj\u0105tkowo pora\u017caj\u0105ca. Stempinowi przy\u015bwiecaj\u0105 s\u0142owa w\u0142oskiego eksperta do s\u0142u\u017cb specjalnych Aldo Giannulego: \u201eRzeczywisto\u015b\u0107 okazuje si\u0119 bardziej skomplikowana, ni\u017c si\u0119 wydaje na pierwszy rzut oka&#8221;.<\/span><\/p>\n<h5 class=\"art_sub_title\" style=\"text-align: left;\"><strong>Kto pr\u00f3bowa\u0142 przeci\u0105\u0107 t\u0119 sie\u0107 \u2013 gin\u0105\u0142<\/strong><\/h5>\n<p class=\"art_paragraph\" style=\"text-align: left;\"><span style=\"color: #000080;\">Historycznie rzecz bior\u0105c, wszystko zacz\u0119\u0142o si\u0119 w chwili upadku III Rzeszy \u2013 wielu dygnitarzy tego pa\u0144stwa przechowa\u0142o si\u0119 albo w Niemczech, albo znalaz\u0142o schronienie w Ameryce Po\u0142udniowej. Tamtejsze prawicowe re\u017cimy, najcz\u0119\u015bciej wojskowe, mog\u0142y za\u015b liczy\u0107 na wsparcie Waszyngtonu, kt\u00f3ry po rewolucji na Kubie panicznie ba\u0142 si\u0119 ofensywy komunizmu na zachodniej p\u00f3\u0142kuli.<\/span><\/p>\n<blockquote class=\"art_blockquote\">\n<p style=\"text-align: left;\"><strong>Watykan odznacza\u0142 si\u0119 spor\u0105 tolerancj\u0105 wobec wielu faszyst\u00f3w, a kraje Ameryki Po\u0142udniowej zamieszkuj\u0105 ludzie najcz\u0119\u015bciej religijni.<\/strong><\/p>\n<\/blockquote>\n<p class=\"art_paragraph\" style=\"text-align: left;\"><span style=\"color: #000080;\">Z w\u0142osk\u0105 mafi\u0105, ostentacyjnie religijn\u0105, Amerykanie dogadali si\u0119 jeszcze w czasie II wojny \u015bwiatowej po l\u0105dowaniu na Sycylii. I tu spotyka\u0142y si\u0119 losy bohater\u00f3w naszej ksi\u0105\u017cki. Pieni\u0105dze i antykomunizm, podszyty przekonaniem o wy\u017cszo\u015bci bia\u0142ych chrze\u015bcijan nad innymi, to spoiwo sieci oplataj\u0105cej ca\u0142y \u015bwiat.<\/span><\/p>\n<p class=\"art_paragraph\" style=\"text-align: left;\"><span style=\"color: #000080;\">Kto pr\u00f3bowa\u0142 przeci\u0105\u0107 t\u0119 sie\u0107 \u2013 gin\u0105\u0142. Jak abp San Salvadoru&nbsp;<a style=\"color: #000080;\" href=\"http:\/\/wyborcza.pl\/7,143363,24489691,oscary-2019-zimna-wojna-bez-nagrody-green-book-najlepszym.html#anchorLink\">Oscar<\/a>&nbsp;Romero, kt\u00f3rego Jan Pawe\u0142 II ostrzega\u0142 przed flirtem z komunizmem, a kt\u00f3ry zosta\u0142 zastrzelony w zamachu zorganizowanym przez prawicowy rz\u0105d swego kraju. Popularna w\u015br\u00f3d chrze\u015bcijan Ameryki Po\u0142udniowej teologia wyzwolenia zalatywa\u0142a papie\u017cowi naukami Marksa, dlatego sprzeciwia\u0142 si\u0119 zaanga\u017cowaniu duchownych w ruchy spo\u0142eczne. Wojty\u0142a \u201erodem z komunistycznej Polski, uprzedzony do ruch\u00f3w rewolucyjnych, w pierwszych latach pontyfikatu antykomunizm wyni\u00f3s\u0142 do rangi obowi\u0105zuj\u0105cej doktryny Ko\u015bcio\u0142a&#8221; \u2013 pisze Stempin. Polakom \u017cyj\u0105cym pod gen. Jaruzelskim to si\u0119 podoba\u0142o, ale dla wiernych na drugiej p\u00f3\u0142kuli taka postawa Watykanu by\u0142a rozczarowaniem. Zw\u0142aszcza gdy potem \u015blimaczy\u0142a si\u0119 sprawa beatyfikacji Romero. Jak pisze Stempin, ten duchowny dra\u017cni\u0142 konserwatyst\u00f3w w Watykanie oraz duet Wojty\u0142a &#8211; Ratzinger. Przekonywano, \u017ce Romero zgin\u0105\u0142 nie za warto\u015bci ewangeliczne, ale jako dzia\u0142acz polityczny. Jeden z teolog\u00f3w wyzwolenia skwitowa\u0142 ten argument stwierdzeniem, \u017ce zgodnie z tak\u0105 logik\u0105 Jezus te\u017c nie kwalifikowa\u0142by si\u0119 jako m\u0119czennik\u2026<\/span><\/p>\n<h5 class=\"art_sub_title\" style=\"text-align: left;\">\u015amier\u0107&nbsp;bankiera Roberta Calviego<\/h5>\n<p class=\"art_paragraph\" style=\"text-align: left;\"><span style=\"color: #000080;\">Jeszcze szerzej watyka\u0144sk\u0105 spi\u017cow\u0105 bram\u0119 otwiera historia bankiera&nbsp;<a class=\"art_link\" style=\"color: #000080;\" href=\"https:\/\/wyborcza.pl\/7,75399,4209445.html\" rel=\"dofollow\"><span style=\"text-decoration: underline;\"><strong>Roberta Calviego<\/strong><\/span><\/a>, kt\u00f3rego ostatecznie znaleziono martwego i uwieszonego pod jednym z most\u00f3w w Londynie. Calvi robi\u0142 brudne interesy do sp\u00f3\u0142ki z abp. Paulem Marcinkusem. Gdy jednak wpad\u0142 w finansowe tarapaty, zacz\u0105\u0142 si\u0119 odgra\u017ca\u0107, \u017ce gdy zacznie m\u00f3wi\u0107 prawd\u0119, papie\u017c b\u0119dzie musia\u0142 ust\u0105pi\u0107, a Watykan b\u0119dzie musia\u0142 sprzeda\u0107 bazylik\u0119 \u015bw. Piotra. \u201eBez w\u0105tpienia Calvi zamierza\u0142 ujawni\u0107 uwik\u0142anie Watykanu we wschodnioeuropejsk\u0105 krucjat\u0119 finansowan\u0105 z jego \u015brodk\u00f3w, kt\u00f3rych mu p\u00f3\u017aniej zabrak\u0142o (\u2026) Zbyt wiele wiedzia\u0142 o praniu mafijnych pieni\u0119dzy i powi\u0105zaniach w\u0142osko-ameryka\u0144sko-watyka\u0144skich&#8221;. Calvi, jak czytamy w ksi\u0105\u017cce, mia\u0142 m.in. przekaza\u0107 sto tysi\u0119cy dolar\u00f3w dla \u201eSolidarno\u015bci&#8221; przez przyjaci\u00f3\u0142k\u0119 Wojty\u0142y \u2013 Wand\u0119 Gawro\u0144sk\u0105. Warto doda\u0107, \u017ce w\u00f3wczas na szczytach CIA byli katolicy z Williamem Casey&#8217;em na czele i kt\u00f3rym patronowa\u0142 by\u0142y szef CIA, wiceprezydent, a potem prezydent USA George Bush senior. Teczk\u0119, w kt\u00f3rej Calvi mia\u0142 trzyma\u0107 dokumenty, Watykan wykupi\u0142 \u2013 misj\u0119 t\u0119 powierzono zaufanemu Jana Paw\u0142a II bp. Pavlovi Hnilicy. Stolica \u015bw. Piotra nie chcia\u0142a wsp\u00f3\u0142pracowa\u0107 ze \u015bledczymi badaj\u0105cymi \u015bmier\u0107 Calviego.<\/span><\/p>\n<p class=\"art_paragraph\" style=\"text-align: left;\"><span style=\"color: #000080;\">Wspomniany ju\u017c abp Marcinkus odpowiada\u0142 nie tylko za kas\u0119 Watykanu, ale te\u017c za bezpiecze\u0144stwo papie\u017ca \u2013 z jego nazwiskiem oraz z kardyna\u0142em Agostino Casarolim wi\u0105\u017ce si\u0119 \u201ewatyka\u0144ski trop&#8221; w zamachu na papie\u017ca. Brzmi to fantastycznie.<\/span><\/p>\n<blockquote class=\"art_blockquote\">\n<p style=\"text-align: left;\"><strong>Watykan jednak nie przekaza\u0142 nigdy do ekspertyzy jednej z kul wystrzelonych w momencie zamachu na papie\u017ca.<\/strong><\/p>\n<\/blockquote>\n<p class=\"art_paragraph\" style=\"text-align: left;\"><span style=\"color: #000080;\">Jak by\u0142o \u2013 nie wiemy. Za to potem FBI poszukiwa\u0142a listem go\u0144czym abp. Marcinkusa za machlojki finansowe \u2013 ekscelencja nigdy jednak nie stan\u0105\u0142 przed s\u0105dem. Chroni\u0142 go immunitet Watykanu.<\/span><\/p>\n<h5 class=\"art_sub_title\" style=\"text-align: left;\"><strong>Jak zgin\u0105\u0142&nbsp;Olof Palme?<\/strong><\/h5>\n<p class=\"art_paragraph\" style=\"text-align: left;\"><span style=\"color: #000080;\">R\u00f3wnie sensacyjnie brzmi\u0105 argumenty za tym, \u017ce premier Szwecji Olof Palme nie zgin\u0105\u0142 z r\u0105k pojedynczego zamachowca, ale pad\u0142 ofiar\u0105 prawicowego spisku. Przy okazji tej \u015bmierci pojawiaj\u0105 si\u0119 w tle jeszcze maso\u0144ska lo\u017ca, kt\u00f3ra mia\u0142a swych ludzi w Waszyngtonie przy Bushu seniorze, oraz organizacja Gladio, kontrolowana przez si\u0142y NATO. \u201eArmia najemnik\u00f3w szkoli\u0142a si\u0119 na kursach prowadzonych przez agent\u00f3w CIA i MI w u\u017cywaniu materia\u0142\u00f3w wybuchowych, technikach dezinformacji, przeprowadzaniu zamach\u00f3w&#8221; \u2013 pisze Stempin. Gladio aktywna by\u0142a m.in. we W\u0142oszech, gdzie bardzo obawiano si\u0119 komunist\u00f3w. Ale to tak\u017ce Gladio mia\u0142a sta\u0107 za zabiciem Palmego \u2013 sypi\u0105cemu piach w szprychy dobrze prosperuj\u0105cego interesowi handlu broni\u0105 \u2013 nieraz wbrew embargu, czego przyk\u0142adem afera Iran-Contras. Usuni\u0119cie premiera by\u0142o te\u017c na r\u0119k\u0119 szwedzkim s\u0142u\u017cbom, w kt\u00f3rych pierwsze skrzypce grali ultraprawicowcy lubuj\u0105cy si\u0119 w faszystowskiej symbolice. Jeden z policjant\u00f3w na wie\u015b\u0107 o \u015bmierci Palmego mia\u0142 wznie\u015b\u0107 toast szampanem: \u201eWreszcie \u015bwinia jest martwa!&#8221;. Wiele poszlak wskazuje na to, \u017ce szwedzcy str\u00f3\u017ce porz\u0105dku mogli mie\u0107 zwi\u0105zek z zamachem.<\/span><\/p>\n<p class=\"art_paragraph\" style=\"text-align: left;\"><span style=\"color: #000080;\">Stempin opisuje wiele podobnych zab\u00f3jstw, jak&nbsp;<span style=\"text-decoration: underline;\"><strong><a class=\"art_link\" style=\"color: #000080; text-decoration: underline;\" href=\"https:\/\/wyborcza.pl\/7,75248,140748.html\" rel=\"dofollow\">zamordowanie Icchaka Rabina<\/a><\/strong><\/span>. Dodaje te\u017c te na zlecenie Kremla. Wiele z tych historii to wcale nie odleg\u0142a przesz\u0142o\u015b\u0107 \u2013 maj\u0105 one swoje kontynuacje, wielu \u015bwiadk\u00f3w \u017cyje do dzi\u015b (niekt\u00f3rzy za kratami), niekt\u00f3re sprawy s\u0105 wznawiane, wyp\u0142ywaj\u0105 nowe dowody.<\/span><\/p>\n<p class=\"art_paragraph\" style=\"text-align: left;\"><span style=\"color: #000080;\">Zmieni\u0142o si\u0119 jednak sporo. Komunizm upad\u0142, niekt\u00f3re prawicowe re\u017cimy w Ameryce Po\u0142udniowej tak\u017ce. Europa Wschodnia przy\u0142\u0105czy\u0142a si\u0119 do \u015bwiata Zachodu. Pojawi\u0142y si\u0119 rysy na sojuszu Watykanu z mafi\u0105. Gdy Ko\u015bci\u00f3\u0142 przesta\u0142 ba\u0107 si\u0119 bezbo\u017cnego komunizmu, przypomnia\u0142 sobie o uci\u015bnionych wyznawcach i zacz\u0105\u0142 pot\u0119pia\u0107 mafi\u0119, a ta j\u0119\u0142a strzela\u0107 do ksi\u0119\u017cy.<\/span><\/p>\n<p class=\"art_paragraph\" style=\"text-align: left;\"><span style=\"color: #000080;\">Papie\u017c Franciszek w ostatnich latach zrobi\u0142 jednak sporo, by odda\u0107 ho\u0142d ofiarom mafijno-politycznej przemocy. Czy jednak sam nie padnie jej ofiar\u0105?<\/span><\/p>\n<hr>\n<p class=\"art_sub_title\"><strong><em><span style=\"color: #808080;\">&#8211; Arkadiusz Stempin<\/span><\/em><\/strong><br \/>\n<strong><em><span style=\"color: #808080;\">&#8211; Wi\u0119ksze z\u0142o. Polityczne zab\u00f3jstwa, krwawe zamachy, ko\u015bcielne spiski<\/span><\/em><\/strong><br \/>\n<strong><em><span style=\"color: #808080;\">&#8211; Wydawnictwo Agora<\/span><\/em><\/strong><\/p>\n<p class=\"art_paragraph\" style=\"text-align: center;\"><span class=\"imageUOM parent-box-label-related\"><img decoding=\"async\" class=\"aligncenter\" src=\"https:\/\/bi.im-g.pl\/im\/2c\/c6\/1a\/z28075308IH,Arkadiusz-Stempin--Wieksze-zlo--Polityczne-zabojst.jpg\" alt=\"Arkadiusz Stempin, Wi\u0119ksze z\u0142o. Polityczne zab\u00f3jstwa, krwawe zamachy, ko\u015bcielne spiski\" width=\"100%\"><span style=\"color: #808080;\"><em><span class=\"photoAuthor\"><span class=\"photoTitle\">Arkadiusz Stempin, Wi\u0119ksze z\u0142o. Polityczne zab\u00f3jstwa, krwawe zamachy, ko\u015bcielne spiski<\/span> Wydawnictwo Agora<\/span><\/em><\/span><\/span><\/p>\n<hr style=\"height: 15px; background: #d0e6fa; width: 100%;\">\n<div id=\"content\" class=\"content-alignment\">\n<div id=\"watch-description\" class=\"yt-uix-button-panel\">\n<div id=\"watch-description-text\" style=\"text-align: center;\">\n<p><em>Zawarto\u015b\u0107 publikowanych artyku\u0142\u00f3w i materia\u0142\u00f3w nie reprezentuje pogl\u0105d\u00f3w ani opinii Reunion&#8217;68,<\/em><em><br \/>\nani te\u017c webmastera Blogu Reunion&#8217;68, chyba ze jest to wyra\u017anie zaznaczone.<br \/>\nTwoje uwagi, linki, w\u0142asne artyku\u0142y lub wiadomo\u015bci prze\u015blij na adres:<br \/>\n<\/em><span style=\"color: #000080;\"><strong><em><a style=\"color: #000080;\" href=\"mailto:webmaster@reunion68.com\"><span style=\"text-decoration: underline;\">webmaster@reunion68.com<\/span><\/a><\/em><\/strong><\/span><\/p>\n<\/div>\n<\/div>\n<\/div>\n<hr style=\"width: 100%;\">\n<\/div>\n","protected":false},"excerpt":{"rendered":"<p>Pieni\u0105dze i antykomunizm, podszyty przekonaniem o wy\u017cszo\u015bci bia\u0142ych chrze\u015bcijan, to sie\u0107 oplataj\u0105ca ca\u0142y \u015bwiat Andrzej Brzeziecki Roberto Calvi (1920-1982), \u00d3scar Romero (1917-1980), Olof Palme (1927-1986) (Wikimedia Commons) Kto pr\u00f3bowa\u0142 przeci\u0105\u0107 t\u0119 sie\u0107 &#8211; gin\u0105\u0142. . Zazwyczaj to ludzie o pogl\u0105dach skrajnie prawicowych ch\u0119tniej daj\u0105 si\u0119 uwie\u015b\u0107 teoriom spiskowym i gotowi s\u0105 dostrzega\u0107 \u201euk\u0142ad&#8221; tam, gdzie [&hellip;]<\/p>\n","protected":false},"author":1,"featured_media":0,"comment_status":"closed","ping_status":"closed","sticky":false,"template":"","format":"standard","meta":[],"categories":[6],"tags":[26,24],"_links":{"self":[{"href":"https:\/\/www.reunion68.se\/index.php?rest_route=\/wp\/v2\/posts\/93137"}],"collection":[{"href":"https:\/\/www.reunion68.se\/index.php?rest_route=\/wp\/v2\/posts"}],"about":[{"href":"https:\/\/www.reunion68.se\/index.php?rest_route=\/wp\/v2\/types\/post"}],"author":[{"embeddable":true,"href":"https:\/\/www.reunion68.se\/index.php?rest_route=\/wp\/v2\/users\/1"}],"replies":[{"embeddable":true,"href":"https:\/\/www.reunion68.se\/index.php?rest_route=%2Fwp%2Fv2%2Fcomments&post=93137"}],"version-history":[{"count":6,"href":"https:\/\/www.reunion68.se\/index.php?rest_route=\/wp\/v2\/posts\/93137\/revisions"}],"predecessor-version":[{"id":93340,"href":"https:\/\/www.reunion68.se\/index.php?rest_route=\/wp\/v2\/posts\/93137\/revisions\/93340"}],"wp:attachment":[{"href":"https:\/\/www.reunion68.se\/index.php?rest_route=%2Fwp%2Fv2%2Fmedia&parent=93137"}],"wp:term":[{"taxonomy":"category","embeddable":true,"href":"https:\/\/www.reunion68.se\/index.php?rest_route=%2Fwp%2Fv2%2Fcategories&post=93137"},{"taxonomy":"post_tag","embeddable":true,"href":"https:\/\/www.reunion68.se\/index.php?rest_route=%2Fwp%2Fv2%2Ftags&post=93137"}],"curies":[{"name":"wp","href":"https:\/\/api.w.org\/{rel}","templated":true}]}}