{"id":93211,"date":"2022-02-23T17:09:35","date_gmt":"2022-02-23T15:09:35","guid":{"rendered":"http:\/\/www.reunion68.se\/?p=93211"},"modified":"2022-02-14T14:19:46","modified_gmt":"2022-02-14T12:19:46","slug":"23-09-70","status":"publish","type":"post","link":"https:\/\/www.reunion68.se\/?p=93211","title":{"rendered":"Herbarium Polonorum (Heimatphotographie)"},"content":{"rendered":"<p><img decoding=\"async\" class=\"alignleft\" src=\"https:\/\/ispan.waw.pl\/default\/wp-content\/uploads\/dr-elzbieta-janicka-z-wykladem-na-uniwersytecie-w-ottawie-oraz-na-konferencji-lessons-and-legacies-w-saint-louis-usa-1.png\" width=\"50%\" \/> <strong>Dr El\u017cbieta Janicka<\/strong> (<em>Instytut Slawistyki PAN.<\/em>) z wyk\u0142adem na Uniwersytecie w Ottawie oraz na konferencji \u201eLessons and legacies\u201d w Saint Louis (USA)<\/p>\n<p>Absolwentka wydzia\u0142u literatury nowo\u017cytnej Universit\u00e9 Paris VII Denis Diderot (1994) oraz\u00a0<span style=\"text-decoration: underline;\"><a title=\"Uniwersytet Warszawski\" href=\"https:\/\/pl.wikipedia.org\/wiki\/Uniwersytet_Warszawski\">Uniwersytetu Warszawskiego<\/a><\/span>\u00a0(2004). Autorka\u00a0<a title=\"Dysertacja\" href=\"https:\/\/pl.wikipedia.org\/wiki\/Dysertacja\">dysertacji<\/a>\u00a0<i>Sztuka czy Nar\u00f3d? Monografia pisarska Andrzeja Trzebi\u0144skiego<\/i>\u00a0(Universitas,\u00a0<span style=\"text-decoration: underline;\"><a title=\"Krak\u00f3w\" href=\"https:\/\/pl.wikipedia.org\/wiki\/Krak%C3%B3w\">Krak\u00f3w<\/a>\u00a0<a title=\"2006\" href=\"https:\/\/pl.wikipedia.org\/wiki\/2006\">2006<\/a><\/span>). Jej prace fotograficzne prezentowane by\u0142y m.in. w ramach wystawach indywidualnych\u00a0<i>Ja, fotografia<\/i>\u00a0\u2013 Galeria FF, \u0141\u00f3d\u017a 1998 oraz\u00a0<i>Miejsce Nieparzyste<\/i>\u00a0\u2013 Atlas Sztuki, \u0141\u00f3d\u017a 2006. Wyk\u0142ada\u0142a w Collegium Civitas oraz w\u00a0<a title=\"Akademia Sztuk Pi\u0119knych im. W\u0142adys\u0142awa Strzemi\u0144skiego w \u0141odzi\" href=\"https:\/\/pl.wikipedia.org\/wiki\/Akademia_Sztuk_Pi%C4%99knych_im._W%C5%82adys%C5%82awa_Strzemi%C5%84skiego_w_%C5%81odzi\"><span style=\"text-decoration: underline;\">Akademii Sztuk Pi\u0119knych im. W\u0142adys\u0142awa<\/span> Strzemi\u0144skiego<\/a>\u00a0w\u00a0<a title=\"\u0141\u00f3d\u017a\" href=\"https:\/\/pl.wikipedia.org\/wiki\/%C5%81%C3%B3d%C5%BA\">\u0141odzi<\/a>. Obecnie jest asystentem naukowym w\u00a0<span style=\"text-decoration: underline;\"><a title=\"Instytut Slawistyki Polskiej Akademii Nauk\" href=\"https:\/\/pl.wikipedia.org\/wiki\/Instytut_Slawistyki_Polskiej_Akademii_Nauk\">Instytucie Slawistyki Polskiej Akademii Nauk<\/a><\/span>\u00a0(Zak\u0142ad Bada\u0144 Narodowo\u015bciowych)<sup id=\"cite_ref-autonazwa1_1-1\" class=\"reference\"><a href=\"https:\/\/pl.wikipedia.org\/wiki\/El%C5%BCbieta_Janicka#cite_note-autonazwa1-1\">[1]<\/a><\/sup><sup id=\"cite_ref-2\" class=\"reference\"><a href=\"https:\/\/pl.wikipedia.org\/wiki\/El%C5%BCbieta_Janicka#cite_note-2\">[2]<\/a><\/sup>.<\/p>\n<p><strong><span id=\"Fotografia\" class=\"mw-headline\">Fotografia<\/span><\/strong><\/p>\n<p style=\"text-align: left;\">Jako fotografka Janicka dzia\u0142a na przed\u0142u\u017ceniu eksperyment\u00f3w awangardy lat 70. (<span style=\"text-decoration: underline;\"><a title=\"Konceptualizm\" href=\"https:\/\/pl.wikipedia.org\/wiki\/Konceptualizm\">konceptualizm<\/a>,\u00a0<a class=\"new\" title=\"Medializm (strona nie istnieje)\" href=\"https:\/\/pl.wikipedia.org\/w\/index.php?title=Medializm&amp;action=edit&amp;redlink=1\">medializm<\/a>,\u00a0<a title=\"Minimalizm (sztuki plastyczne)\" href=\"https:\/\/pl.wikipedia.org\/wiki\/Minimalizm_(sztuki_plastyczne)\">minimal art<\/a><\/span>). W swoich cyklach (m.in.<i>+\/-<\/i>;\u00a0<i>f2<\/i>) autorka d\u0105\u017cy przede wszystkim do rekonstytuowania poj\u0119cia obrazu oraz uniezale\u017cnienia medium, jakim jest fotografia, od jego stereotypowych zastosowa\u0144 i wynikaj\u0105cych ze\u0144 mylnych interpretacji. Fotografie Janickiej s\u0105 zaprzeczeniem fotografii rozumianej jako odwzorowanie rzeczywisto\u015bci<sup id=\"cite_ref-3\" class=\"reference\"><a href=\"https:\/\/pl.wikipedia.org\/wiki\/El%C5%BCbieta_Janicka#cite_note-3\">[<\/a><\/sup><\/p>\n<hr \/>\n<h5 style=\"text-align: left;\"><a href=\"https:\/\/archive.org\/\" target=\"_blank\" rel=\"noopener noreferrer\"><img decoding=\"async\" class=\"center alignleft\" src=\"https:\/\/archive.org\/offshoot_assets\/assets\/ia-logo-2c2c2c.03bd7e88c8814d63d0fcb35fc01f37c3.svg\" alt=\"\" width=\"15%\" \/><strong><span style=\"color: #000000;\">INTERNET<\/span><\/strong><br \/>\n<span style=\"color: #000000;\"><strong>ARCHIVE<\/strong><\/span><\/a><\/h5>\n<h5 style=\"text-align: center;\"><span style=\"text-decoration: underline; color: #000080;\"><span style=\"text-decoration: underline;\"><strong><a style=\"color: #000080; text-decoration: underline;\" href=\"https:\/\/archive.org\/details\/slh.2266\" target=\"_blank\" rel=\"noopener noreferrer\">Herbarium Polonorum (Heimatphotographie)<\/a><\/strong><\/span><\/span><\/h5>\n<p style=\"text-align: center;\"><span style=\"color: #000000;\"><strong> El\u017cbieta Janicka<\/strong><\/span><\/p>\n<hr style=\"height: 15px; background: #d0e6fa; width: 100%;\" \/>\n<object class=\"vanilla-pdf-embed\" data=\"http:\/\/www.reunion68.com\/Biuletyn\/img\/temp\/Janicka-Herbarium.pdf#page=1&view=FitH\" type=\"application\/pdf\" width=\"700px\" height=\"950em\">\n    <p><a href=\"http:\/\/www.reunion68.com\/Biuletyn\/img\/temp\/Janicka-Herbarium.pdf\">Download the PDF file .<\/a><\/p>\n<\/object>\n<hr style=\"height: 15px; background: #d0e6fa; width: 100%;\" \/>\n<div id=\"content\" class=\"content-alignment\">\n<div id=\"watch-description\" class=\"yt-uix-button-panel\">\n<div id=\"watch-description-text\" style=\"text-align: center;\">\n<p><em>Zawarto\u015b\u0107 publikowanych artyku\u0142\u00f3w i materia\u0142\u00f3w nie reprezentuje pogl\u0105d\u00f3w ani opinii Reunion&#8217;68,<\/em><em><br \/>\nani te\u017c webmastera Blogu Reunion&#8217;68, chyba ze jest to wyra\u017anie zaznaczone.<br \/>\nTwoje uwagi, linki, w\u0142asne artyku\u0142y lub wiadomo\u015bci prze\u015blij na adres:<br \/>\n<\/em><span style=\"color: #000080;\"><strong><em><a style=\"color: #000080;\" href=\"mailto:webmaster@reunion68.com\"><span style=\"text-decoration: underline;\">webmaster@reunion68.com<\/span><\/a><\/em><\/strong><\/span><\/p>\n<\/div>\n<\/div>\n<\/div>\n<hr style=\"width: 100%;\" \/>\n","protected":false},"excerpt":{"rendered":"<p>Dr El\u017cbieta Janicka (Instytut Slawistyki PAN.) z wyk\u0142adem na Uniwersytecie w Ottawie oraz na konferencji \u201eLessons and legacies\u201d w Saint Louis (USA) Absolwentka wydzia\u0142u literatury nowo\u017cytnej Universit\u00e9 Paris VII Denis Diderot (1994) oraz\u00a0Uniwersytetu Warszawskiego\u00a0(2004). Autorka\u00a0dysertacji\u00a0Sztuka czy Nar\u00f3d? Monografia pisarska Andrzeja Trzebi\u0144skiego\u00a0(Universitas,\u00a0Krak\u00f3w\u00a02006). Jej prace fotograficzne prezentowane by\u0142y m.in. w ramach wystawach indywidualnych\u00a0Ja, fotografia\u00a0\u2013 Galeria FF, \u0141\u00f3d\u017a [&hellip;]<\/p>\n","protected":false},"author":1,"featured_media":0,"comment_status":"closed","ping_status":"closed","sticky":false,"template":"","format":"standard","meta":[],"categories":[6],"tags":[26,24],"_links":{"self":[{"href":"https:\/\/www.reunion68.se\/index.php?rest_route=\/wp\/v2\/posts\/93211"}],"collection":[{"href":"https:\/\/www.reunion68.se\/index.php?rest_route=\/wp\/v2\/posts"}],"about":[{"href":"https:\/\/www.reunion68.se\/index.php?rest_route=\/wp\/v2\/types\/post"}],"author":[{"embeddable":true,"href":"https:\/\/www.reunion68.se\/index.php?rest_route=\/wp\/v2\/users\/1"}],"replies":[{"embeddable":true,"href":"https:\/\/www.reunion68.se\/index.php?rest_route=%2Fwp%2Fv2%2Fcomments&post=93211"}],"version-history":[{"count":12,"href":"https:\/\/www.reunion68.se\/index.php?rest_route=\/wp\/v2\/posts\/93211\/revisions"}],"predecessor-version":[{"id":93233,"href":"https:\/\/www.reunion68.se\/index.php?rest_route=\/wp\/v2\/posts\/93211\/revisions\/93233"}],"wp:attachment":[{"href":"https:\/\/www.reunion68.se\/index.php?rest_route=%2Fwp%2Fv2%2Fmedia&parent=93211"}],"wp:term":[{"taxonomy":"category","embeddable":true,"href":"https:\/\/www.reunion68.se\/index.php?rest_route=%2Fwp%2Fv2%2Fcategories&post=93211"},{"taxonomy":"post_tag","embeddable":true,"href":"https:\/\/www.reunion68.se\/index.php?rest_route=%2Fwp%2Fv2%2Ftags&post=93211"}],"curies":[{"name":"wp","href":"https:\/\/api.w.org\/{rel}","templated":true}]}}