{"id":93258,"date":"2022-02-17T17:09:10","date_gmt":"2022-02-17T15:09:10","guid":{"rendered":"http:\/\/www.reunion68.se\/?p=93258"},"modified":"2022-02-17T11:26:03","modified_gmt":"2022-02-17T09:26:03","slug":"25-09-65","status":"publish","type":"post","link":"https:\/\/www.reunion68.se\/?p=93258","title":{"rendered":"W Senacie otwarto wystaw\u0119 \u201eW\u0142adys\u0142aw Bartoszewski. Pod tym samym niebem\u201d"},"content":{"rendered":"<p style=\"text-align: center;\"><img decoding=\"async\" class=\"aligncenter\" src=\"https:\/\/dzieje.pl\/sites\/default\/files\/styles\/open_article_750x0_\/public\/202202\/W_Bartoszewski_.jpg?itok=4LOoaP7n\" width=\"100%\" \/><span style=\"color: #808080;\"><em>Warszawa, 16.02.2022. Pose\u0142 PSL W\u0142adys\u0142aw Teofil Bartoszewski wzi\u0105\u0142 udzia\u0142 w otwarciu wystawy PT. &#8220;W\u0142adys\u0142aw Bartoszewski. Pod tym samym Niebem&#8221;, 16 bm. w Senacie w Warszawie. Wystawa prezentuje posta\u0107 prof. W\u0142adys\u0142awa Bartoszewskiego &#8211; historyka, pisarza, dziennikarza, polityka, dyplomaty i dzia\u0142acza spo\u0142ecznego &#8211; jako cz\u0142owieka. Fot. PAP\/P. Nowak<\/em><\/span><\/p>\n<hr \/>\n<h5 style=\"text-align: center;\"><a href=\"https:\/\/dzieje.pl\/\" target=\"_blank\" rel=\"noopener noreferrer\"><img decoding=\"async\" class=\"center alignleft\" src=\"http:\/\/www.reunion68.com\/Biuletyn\/img\/dzieje_logo.png\" alt=\"\" width=\"35%\" \/><\/a><span style=\"text-decoration: underline; color: #000080;\"><span style=\"text-decoration: underline;\"><strong><a style=\"color: #000080; text-decoration: underline;\" href=\"https:\/\/dzieje.pl\/wiadomosci\/w-senacie-otwarto-wystawe-wladyslaw-bartoszewski-pod-tym-samym-niebem\" target=\"_blank\" rel=\"noopener noreferrer\">W Senacie otwarto wystaw\u0119 \u201eW\u0142adys\u0142aw Bartoszewski. Pod tym samym niebem\u201d<\/a><\/strong><\/span><\/span><\/h5>\n<p style=\"text-align: center;\"><span style=\"color: #000000;\"><strong>Anna Kruszy\u0144ska<\/strong><\/span><\/p>\n<hr style=\"height: 15px; background: #d0e6fa; width: 100%;\" \/>\n<p><strong>W Senacie otwarto w \u015brod\u0119 wystaw\u0119 &#8220;W\u0142adys\u0142aw Bartoszewski. Pod tym samym niebem&#8221;. Bartoszewski by\u0142 \u015bwiadkiem i uczestnikiem historii &#8211; powiedzia\u0142 marsza\u0142ek Senatu Tomasz Grodzki podczas uroczysto\u015bci.<\/strong><\/p>\n<div class=\"field field--name-body field--type-text-with-summary field--label-hidden field__item\">\n<p style=\"text-align: left;\"><span style=\"color: #000080;\">Wystawa zosta\u0142a przygotowana przez Muzeum Sopotu. W Senacie jest zaprezentowana z inicjatywy senator Haliny Biedy (KO) z okazji uchwalenia przez Senat roku 2022 Rokiem W\u0142adys\u0142awa Bartoszewskiego. Na 24 planszach zaprezentowano dokumenty dotycz\u0105ce Bartoszewskiego oraz jego fotografie z r\u00f3\u017cnych okres\u00f3w \u017cycia.<\/span><\/p>\n<p style=\"text-align: left;\"><span style=\"color: #000080;\">Podczas uroczysto\u015bci otwarcia wystawy marsza\u0142ek Senatu Tomasz Grodzki podkre\u015bli\u0142, \u017ce &#8220;<a style=\"color: #000080;\" href=\"https:\/\/dzieje.pl\/postacie\/wladyslaw-bartoszewski-1922-2015\">W\u0142adys\u0142aw Bartoszewski<\/a>\u00a0by\u0142 \u015bwiadkiem i uczestnikiem historii&#8221;. Zaznaczy\u0142 tak\u017ce, \u017ce &#8220;to on dawa\u0142 \u015bwiadectwo Holokaustu i bohaterstwa Armii Krajowej oraz dawa\u0142 \u015bwiadectwo swoj\u0105 postaw\u0105 i cierpieniem w latach wojny i komunizmu, buduj\u0105c cierpliwie sw\u00f3j jedyny w swoim rodzaju niebywa\u0142y autorytet moralny&#8221;. Marsza\u0142ek Senatu wskaza\u0142 ponadto, \u017ce &#8220;jego dokonania mo\u017cna wymienia\u0107 godzinami&#8221;.<\/span><\/p>\n<p style=\"text-align: left;\"><span style=\"color: #000080;\">&#8220;Natomiast dokona\u0142 rzeczy niebywa\u0142ej \u2013 by\u0142 bohaterem i autorytetem dla wielu pokole\u0144, od tych najm\u0142odszych do najstarszych. By\u0142 tak\u017ce bohaterem kilku narod\u00f3w, poniewa\u017c ma\u0142o kto zrobi\u0142 wi\u0119cej dla zasypania row\u00f3w i pojednania narod\u00f3w niemieckiego, izraelskiego i polskiego&#8221; &#8211; podkre\u015bli\u0142 Grodzki. Zwr\u00f3ci\u0142 r\u00f3wnie\u017c uwag\u0119, \u017ce &#8220;jego autorytet powodowa\u0142, \u017ce by\u0142 s\u0142uchany, gdy\u017c zawsze wnosi\u0142 swoj\u0105 wiedz\u0105 i m\u0105dro\u015bci\u0105, a tak\u017ce poszukiwaniem dialogu i kompromisu do ka\u017cdej dyskusji co\u015b, co czasami otwiera\u0142o drzwi z pozoru zamkni\u0119te&#8221;.<\/span><\/p>\n<p style=\"text-align: left;\"><span style=\"color: #000080;\">Natomiast pose\u0142 W\u0142adys\u0142aw Teofil Bartoszewski zaznaczy\u0142, \u017ce jego ojca w \u017cyciu ukszta\u0142towa\u0142o kilka spraw. Na pocz\u0105tku zwr\u00f3ci\u0142 uwag\u0119 na rol\u0119, jak\u0105 odegrali rodzice. Jak powiedzia\u0142, &#8220;ojciec mia\u0142 wyj\u0105tkowo rozumnych, tolerancyjnych i spokojnych rodzic\u00f3w&#8221;. Podkre\u015bli\u0142 tak\u017ce, \u017ce &#8220;jego rodzice przyja\u017anili si\u0119 z Polakami \u017cydowskiego pochodzenia, kt\u00f3rzy przychodzili do nich do domu&#8221;. Bartoszewski zwr\u00f3ci\u0142 tak\u017ce uwag\u0119 na szko\u0142\u0119, poniewa\u017c jego ojciec uczestniczy\u0142 w jezuickim gimnazjum i liceum. &#8220;Mia\u0142 fenomenalnych nauczycieli, kt\u00f3rzy nauczyli go podstaw dekalogu. Ta przyzwoito\u015b\u0107, o kt\u00f3rej m\u00f3wi\u0142, wywodzi\u0142a si\u0119 z g\u0142\u0119bokiej wiary chrze\u015bcija\u0144skiej&#8221; &#8211; zaznaczy\u0142.<\/span><\/p>\n<p style=\"text-align: left;\"><span style=\"color: #000080;\">&#8220;Kolejna rzecz to Auschwitz. Zawsze m\u00f3wi\u0142em, \u017ce m\u00f3j ojciec wyszed\u0142 z Auschwitz, ale Auschwitz nigdy nie wysz\u0142o z mojego ojca. To by\u0142 czas pr\u00f3by, kt\u00f3ry pozwoli\u0142 mu zrozumie\u0107, jak si\u0119 nale\u017cy zachowywa\u0107 i jak zachowywa\u0107 si\u0119 nie wolno&#8221; &#8211; podkre\u015bli\u0142 Bartoszewski. Zaznaczy\u0142 tak\u017ce, \u017ce &#8220;dla ojca wa\u017cny by\u0142 tak\u017ce ks.\u00a0<a style=\"color: #000080;\" href=\"https:\/\/dzieje.pl\/postacie\/jan-zieja-1897-1991\">Jan Zieja<\/a>, kt\u00f3ry by\u0142 jego spowiednikiem po wyj\u015bciu z Auschwitz. To on powiedzia\u0142 mojemu ojcu, aby si\u0119 nie u\u017cala\u0142, tylko pomaga\u0142 ludziom, kt\u00f3rzy s\u0105 w gorszej sytuacji&#8221;. Bartoszewski wyja\u015bni\u0142, \u017ce to ks. Zieja powiedzia\u0142 jego ojcu, aby zainteresowa\u0142 si\u0119 tym, co dzia\u0142o si\u0119 za murami getta. &#8220;Od tego czasu i po spotkaniu z Zofi\u0105 Kossak ojciec zacz\u0105\u0142 pomaga\u0107 \u017bydom w spos\u00f3b zorganizowany&#8221; &#8211; powiedzia\u0142.<\/span><\/p>\n<p style=\"text-align: left;\"><span style=\"color: #000080;\">Senator Bogdan Klich, przewodnicz\u0105cy Komisji Spraw Zagranicznych i Unii Europejskiej, zaznaczy\u0142, \u017ce &#8220;ta wystawa jest wystaw\u0105 o patriotyzmie, dlatego \u017ce\u00a0<a style=\"color: #000080;\" href=\"https:\/\/dzieje.pl\/postacie\/wladyslaw-bartoszewski-1922-2015\">W\u0142adys\u0142aw Bartoszewski<\/a>\u00a0jest jednym z najwspanialszych uosobie\u0144 polskiego patriotyzmu&#8221;. &#8220;Bartoszewski to jednocze\u015bnie znak firmowy i ikona polskiego patriotyzmu, kt\u00f3ra \u0142\u0105czy ze sob\u0105 trzy r\u00f3\u017cne czasy \u2013 okres II Rzeczpospolitej, okres walki o niepodleg\u0142o\u015b\u0107 i buntu w czasach stalinowskich i wreszcie okres, kiedy m\u00f3g\u0142 rozwin\u0105\u0107 skrzyd\u0142a po roku 1989&#8221;. &#8220;Jego \u017cyciorys jest jak klamra, kt\u00f3ra spaja te trzy okresy i powoduje, \u017ce mo\u017cna by\u0142o przenie\u015b\u0107 wychowanie patriotyczne w przysz\u0142o\u015b\u0107&#8221; &#8211; doda\u0142 Klich.<\/span><\/p>\n<p style=\"text-align: left;\"><span style=\"color: #000080;\">Wiceprezydent miasta Sopotu Magdalena Czarzy\u0144ska-Jachim podkre\u015bli\u0142a, \u017ce Bartoszewski &#8220;by\u0142 osob\u0105 niezwyk\u0142\u0105, poniewa\u017c mimo dramatycznych prze\u017cy\u0107 nie by\u0142o w nim nienawi\u015bci i potrafi\u0142 wsp\u00f3\u0142pracowa\u0107 z bardzo r\u00f3\u017cnymi osobami&#8221;. &#8220;Przede wszystkim budowa\u0142, a nie dzieli\u0142&#8221; \u2013 doda\u0142a. Czarzy\u0144ska-Jachim zaapelowa\u0142 r\u00f3wnie\u017c, aby &#8220;pami\u0119\u0107 o panu profesorze i jego przes\u0142anie by\u0142o ci\u0105gle dost\u0119pne dla m\u0142odych ludzi&#8221;.<\/span><\/p>\n<p style=\"text-align: left;\"><span style=\"color: #000080;\">Z kolei dyrektor Muzeum Sopotu Karolina Babicz-Kaczmarek przypomnia\u0142a, \u017ce wystawa powsta\u0142a z okazji ods\u0142oni\u0119cia pomnika W\u0142adys\u0142awa Bartoszewskiego w Sopocie w 2020 r. &#8220;Ma charakter biograficzny i pokazuje prof. Bartoszewskiego jako osob\u0119 prywatn\u0105, dzia\u0142acza opozycji, publicyst\u0119 i polityka&#8221; &#8211; wyja\u015bni\u0142a. &#8220;Przez nieca\u0142e dwa lata, jakie min\u0119\u0142y od otwarcia wystawy w Sopocie, by\u0142a ona prezentowana w wielu miejscach. Zainteresowanie t\u0105 wystaw\u0105 i liczne pro\u015bby o udost\u0119pnienie utwierdzaj\u0105 nas w przekonaniu, jak wa\u017cn\u0105 postaci\u0105 by\u0142 i nadal jest dla Polak\u00f3w prof. Bartoszewski&#8221; &#8211; powiedzia\u0142a dyrektorka sopockiego muzeum.<\/span><\/p>\n<p style=\"text-align: left;\"><span style=\"color: #000080;\"><a style=\"color: #000080;\" href=\"https:\/\/dzieje.pl\/postacie\/wladyslaw-bartoszewski-1922-2015\">W\u0142adys\u0142aw Bartoszewski<\/a>\u00a0urodzi\u0142 si\u0119 w Warszawie 19 lutego 1922 r. Jego ojciec by\u0142 jednym z dyrektor\u00f3w Narodowego Banku Polskiego, matka &#8211; urz\u0119dniczk\u0105 miejsk\u0105. W wieku o\u015bmiu lat rozpocz\u0105\u0142 nauk\u0119 w prywatnym katolickim Gimnazjum im. \u015bw. Stanis\u0142awa Kostki. W 1937 r. uzyska\u0142 tzw. ma\u0142\u0105 matur\u0119 i kontynuowa\u0142 nauk\u0119 w Liceum Towarzystwa Wychowawczo-O\u015bwiatowego. W maju 1939 r. sko\u0144czy\u0142 liceum. Po wybuchu drugiej wojny \u015bwiatowej zosta\u0142 pracownikiem Polskiego Czerwonego Krzy\u017ca w Warszawie.<\/span><\/p>\n<p style=\"text-align: left;\"><span style=\"color: #000080;\">Od 22 wrze\u015bnia 1940 r. do 8 kwietnia 1941 r. Bartoszewski by\u0142 wi\u0119\u017aniem KL Auschwitz (numer obozowy 4427); zosta\u0142 uwolniony z obozu w wyniku zabieg\u00f3w PCK w Mi\u0119dzynarodowym Czerwonym Krzy\u017cu. Od lata 1942 r. uczestniczy\u0142 w walce przeciwko okupantowi dzia\u0142aj\u0105c w Armii Krajowej i w Delegaturze Rz\u0105du na Kraj (Departament Spraw Wewn\u0119trznych).<\/span><\/p>\n<p style=\"text-align: left;\"><span style=\"color: #000080;\">W latach 1942-1944 wsp\u00f3\u0142organizowa\u0142 tajn\u0105 Rad\u0119 Pomocy \u017bydom (kryptonim \u017begota). By\u0142 wsp\u00f3\u0142redaktorem podziemnej prasy, dzia\u0142aczem katolickiego Frontu Odrodzenia Polski; uczestniczy\u0142 w Powstaniu Warszawskim.<\/span><\/p>\n<p style=\"text-align: left;\"><span style=\"color: #000080;\">Po wojnie Bartoszewski by\u0142 wsp\u00f3\u0142pracownikiem G\u0142\u00f3wnej Komisji Badania Zbrodni Niemieckich w Polsce, a tak\u017ce cz\u0142onkiem PSL &#8220;Miko\u0142ajczykowskiego&#8221;. Lata powojennej Polski to tak\u017ce trudny okres w \u017cyciorysie Bartoszewskiego. Prze\u015bladowany przez re\u017cim komunistyczny i skazany pod zarzutem szpiegostwa, od listopada 1946 r. do sierpnia 1954 r. by\u0142 w wi\u0119zieniach. Zosta\u0142 zrehabilitowany w 1955 r.<\/span><\/p>\n<p style=\"text-align: left;\"><span style=\"color: #000080;\">Wsp\u00f3\u0142pracowa\u0142 z &#8220;Tygodnikiem Powszechnym&#8221;. W latach 80. uczestniczy\u0142 w r\u00f3\u017cnych dzia\u0142aniach opozycyjnych, by\u0142 m.in. wsp\u00f3\u0142za\u0142o\u017cycielem Towarzystwa Kurs\u00f3w Naukowych i wyk\u0142adowc\u0105 &#8220;Uniwersytetu Lataj\u0105cego&#8221;, w latach 1974-1985 wyk\u0142ada\u0142 histori\u0119 Polski na Katolickim Uniwersytecie Lubelskim. Aktywny w okresie tworzenia NSZZ &#8220;Solidarno\u015b\u0107&#8221;, internowany od 13 grudnia 1981 do 28 kwietnia 1982 r. W latach 1983-1990 by\u0142 profesorem go\u015bcinnym nauk politycznych na trzech uniwersytetach w RFN: w Monachium, Eichstaett i Augsburgu.<\/span><\/p>\n<p style=\"text-align: left;\"><span style=\"color: #000080;\">W latach 1990-1995 Bartoszewski by\u0142 ambasadorem RP w Austrii, dwukrotnie by\u0142 ministrem spraw zagranicznych: od marca do grudnia 1995 r. i ponownie od lipca 2000 do pa\u017adziernika 2001 r. By\u0142 przewodnicz\u0105cym Mi\u0119dzynarodowej Rady O\u015bwi\u0119cimskiej i Rady Ochrony Pami\u0119ci Walk i M\u0119cze\u0144stwa, a tak\u017ce prezesem Polskiego PEN Clubu.<\/span><\/p>\n<p style=\"text-align: left;\"><span style=\"color: #000080;\">To autor oko\u0142o 40 ksi\u0105\u017cek na temat historii najnowszej Polski i Europy, w szczeg\u00f3lno\u015bci dotycz\u0105cych problematyki polsko-niemieckiej i polsko-\u017cydowskiej, m.in. &#8220;Ten jest z ojczyzny mojej&#8221;, &#8220;1859 dni Warszawy&#8221;, &#8220;Dni walcz\u0105cej stolicy&#8221;, &#8220;Moja Jerozolima, m\u00f3j Izrael&#8221;, &#8220;Dziennik z internowania&#8221;.<\/span><\/p>\n<p style=\"text-align: left;\"><span style=\"color: #000080;\">Bartoszewski za swoje zas\u0142ugi otrzyma\u0142 wiele najwy\u017cszych odznacze\u0144 w kraju i za granic\u0105, w tym Order Or\u0142a Bia\u0142ego, Krzy\u017c Wielki Orderu Zas\u0142ugi RFN za prac\u0119 na rzecz pojednania mi\u0119dzy Polakami, Niemcami i \u017bydami oraz Wielki Krzy\u017c Zakonu Rycerskiego i Szpitalnego \u015bw. \u0141azarza z Jerozolimy. By\u0142 honorowym obywatelem Izraela, odznaczonym medalem &#8220;Sprawiedliwy w\u015br\u00f3d Narod\u00f3w \u015awiata&#8221;.(PAP)<\/span><\/p>\n<\/div>\n<hr style=\"height: 15px; background: #d0e6fa; width: 100%;\" \/>\n<div id=\"content\" class=\"content-alignment\">\n<div id=\"watch-description\" class=\"yt-uix-button-panel\">\n<div id=\"watch-description-text\" style=\"text-align: center;\">\n<p><em>Zawarto\u015b\u0107 publikowanych artyku\u0142\u00f3w i materia\u0142\u00f3w nie reprezentuje pogl\u0105d\u00f3w ani opinii Reunion&#8217;68,<\/em><em><br \/>\nani te\u017c webmastera Blogu Reunion&#8217;68, chyba ze jest to wyra\u017anie zaznaczone.<br \/>\nTwoje uwagi, linki, w\u0142asne artyku\u0142y lub wiadomo\u015bci prze\u015blij na adres:<br \/>\n<\/em><span style=\"color: #000080;\"><strong><em><a style=\"color: #000080;\" href=\"mailto:webmaster@reunion68.com\"><span style=\"text-decoration: underline;\">webmaster@reunion68.com<\/span><\/a><\/em><\/strong><\/span><\/p>\n<\/div>\n<\/div>\n<\/div>\n<hr style=\"width: 100%;\" \/>\n","protected":false},"excerpt":{"rendered":"<p>Warszawa, 16.02.2022. Pose\u0142 PSL W\u0142adys\u0142aw Teofil Bartoszewski wzi\u0105\u0142 udzia\u0142 w otwarciu wystawy PT. &#8220;W\u0142adys\u0142aw Bartoszewski. Pod tym samym Niebem&#8221;, 16 bm. w Senacie w Warszawie. Wystawa prezentuje posta\u0107 prof. W\u0142adys\u0142awa Bartoszewskiego &#8211; historyka, pisarza, dziennikarza, polityka, dyplomaty i dzia\u0142acza spo\u0142ecznego &#8211; jako cz\u0142owieka. Fot. PAP\/P. Nowak W Senacie otwarto wystaw\u0119 \u201eW\u0142adys\u0142aw Bartoszewski. Pod tym samym [&hellip;]<\/p>\n","protected":false},"author":1,"featured_media":0,"comment_status":"closed","ping_status":"closed","sticky":false,"template":"","format":"standard","meta":[],"categories":[6],"tags":[26,24],"_links":{"self":[{"href":"https:\/\/www.reunion68.se\/index.php?rest_route=\/wp\/v2\/posts\/93258"}],"collection":[{"href":"https:\/\/www.reunion68.se\/index.php?rest_route=\/wp\/v2\/posts"}],"about":[{"href":"https:\/\/www.reunion68.se\/index.php?rest_route=\/wp\/v2\/types\/post"}],"author":[{"embeddable":true,"href":"https:\/\/www.reunion68.se\/index.php?rest_route=\/wp\/v2\/users\/1"}],"replies":[{"embeddable":true,"href":"https:\/\/www.reunion68.se\/index.php?rest_route=%2Fwp%2Fv2%2Fcomments&post=93258"}],"version-history":[{"count":8,"href":"https:\/\/www.reunion68.se\/index.php?rest_route=\/wp\/v2\/posts\/93258\/revisions"}],"predecessor-version":[{"id":93270,"href":"https:\/\/www.reunion68.se\/index.php?rest_route=\/wp\/v2\/posts\/93258\/revisions\/93270"}],"wp:attachment":[{"href":"https:\/\/www.reunion68.se\/index.php?rest_route=%2Fwp%2Fv2%2Fmedia&parent=93258"}],"wp:term":[{"taxonomy":"category","embeddable":true,"href":"https:\/\/www.reunion68.se\/index.php?rest_route=%2Fwp%2Fv2%2Fcategories&post=93258"},{"taxonomy":"post_tag","embeddable":true,"href":"https:\/\/www.reunion68.se\/index.php?rest_route=%2Fwp%2Fv2%2Ftags&post=93258"}],"curies":[{"name":"wp","href":"https:\/\/api.w.org\/{rel}","templated":true}]}}