{"id":93369,"date":"2022-02-25T17:09:41","date_gmt":"2022-02-25T15:09:41","guid":{"rendered":"http:\/\/www.reunion68.se\/?p=93369"},"modified":"2022-02-24T21:34:36","modified_gmt":"2022-02-24T19:34:36","slug":"02-09-68","status":"publish","type":"post","link":"https:\/\/www.reunion68.se\/?p=93369","title":{"rendered":"Tal Ben &#8211; Ari Yaalon: Ca\u0142a prawda o raporcie Amnesty International"},"content":{"rendered":"<h5 style=\"text-align: center;\"><a href=\"https:\/\/www.rp.pl\/\" target=\"_blank\" rel=\"noopener noreferrer\"><img decoding=\"async\" class=\"center alignleft\" src=\"http:\/\/www.reunion68.com\/Biuletyn\/img\/rzepa.png\" alt=\"\" width=\"35%\" \/><\/a><span style=\"text-decoration: underline; color: #000080;\"><strong><a style=\"color: #000080; text-decoration: underline;\" href=\"https:\/\/www.rp.pl\/opinie-polityczno-spoleczne\/art35643141-tal-ben-ari-yaalon-cala-prawda-o-raporcie-amnesty-international\" target=\"_blank\" rel=\"noopener noreferrer\">Tal Ben &#8211; Ari Yaalon: Ca\u0142a prawda o raporcie Amnesty International<\/a><\/strong><\/span><\/h5>\n<p style=\"text-align: center;\"><span style=\"color: #000000;\"><strong>Tal Ben &#8211; Ari Yaalon<\/strong><\/span><\/p>\n<hr style=\"height: 15px; background: #d0e6fa; width: 100%;\" \/>\n<h4 style=\"text-align: center;\"><span style=\"color: #808080;\"><strong>Zarzuty Amnesty International wobec Izraela s\u0105 oparte na b\u0142\u0119dnych za\u0142o\u017ceniach i fa\u0142szowaniu historii \u2013 pisze charg\u00e9 d&#8217;affaires ambasady Izraela w Polsce Tal Ben &#8211; Ari Yaalon.<\/strong><\/span><\/h4>\n<p style=\"text-align: center;\">.<br \/>\n<img decoding=\"async\" class=\"aligncenter\" src=\"https:\/\/i.gremicdn.pl\/image\/free\/25e6510002bb2edb8aef34992d484a9e\/?t=crop:1451:900:nowe:81.478791219325:0,resize:fill:948:592,enlarge:1\" width=\"100%\" \/><span style=\"color: #808080;\"><em>Tal Ben &#8211; Ari Yaalon \/ Foto: Materia\u0142y Prasowe<\/em><\/span><\/p>\n<p style=\"text-align: left;\"><span style=\"color: #000080;\">W swoim raporcie Amnesty International szkaluje Izrael w nadziei, \u017ce je\u015bli pewne stwierdzenia powt\u00f3rzy si\u0119 wystarczaj\u0105co wiele razy, w ko\u0144cu do niego przylgn\u0105. Prawda jest jednak taka, \u017ce Izrael od pocz\u0105tku opiera si\u0119 na warto\u015bciach demokratycznych i otwarto\u015bci, w tym otwarto\u015bci na krytyk\u0119. Ta otwarto\u015b\u0107 nie obejmuje jawnego obra\u017cania. \u017baden kraj nie tolerowa\u0142by takiego przeinaczania fakt\u00f3w o sobie, wzywam wi\u0119c Amnesty do wycofania tego zwodniczego raportu, cho\u0107by po to, by uratowa\u0142o swoj\u0105 reputacj\u0119.<\/span><\/p>\n<h5 id=\"block-id-0w-9wz0piw\" class=\"articleBodyBlock article--header\" style=\"text-align: left;\"><strong>R\u00f3wno\u015b\u0107 niezale\u017cnie od wyznania<\/strong><\/h5>\n<p id=\"block-id-FHfc1wgEO6\" class=\"articleBodyBlock article--paragraph\" style=\"text-align: left;\"><span style=\"color: #000080;\">1 lutego Amnesty International (AI) wystrzeli\u0142o kolejn\u0105 salw\u0119 w wojnie ideologicznej wymierzonej w Izrael. Londy\u0144ski oddzia\u0142 organizacji przygotowa\u0142 raport mijaj\u0105cy si\u0119 z prawd\u0105, pe\u0142en przeinacze\u0144 i stwierdze\u0144 nie podpartych dowodami. Powiedzie\u0107, \u017ce jest on \u201estronniczy&#8221; lub \u201eniesprawiedliwy&#8221; nie oddaje w pe\u0142ni skali zwi\u0105zanych z nim problem\u00f3w.<\/span><\/p>\n<p id=\"block-id-z5bex73JNr\" class=\"articleBodyBlock article--paragraph\" style=\"text-align: left;\"><span style=\"color: #000080;\">Jednym z wielu podstawowych b\u0142\u0119d\u00f3w raportu jest \u0142\u0105czenie izraelskich Arab\u00f3w i Palesty\u0144czyk\u00f3w, dw\u00f3ch powi\u0105zanych, lecz bardzo r\u00f3\u017cnych grup. AI narzuca niechcian\u0105 to\u017csamo\u015b\u0107 ca\u0142ej spo\u0142eczno\u015bci izraelskich Arab\u00f3w, z kt\u00f3rych tylko niewielki odsetek okre\u015bla si\u0119 jako Palesty\u0144czycy.<\/span><\/p>\n<p id=\"block-id-0ZN0bORche\" class=\"articleBodyBlock article--paragraph\" style=\"text-align: left;\"><span style=\"color: #000080;\">Co wi\u0119cej, codzienno\u015b\u0107 i sytuacja prawna tych dw\u00f3ch grup jest zupe\u0142nie odmienna. Palesty\u0144czycy od dziesi\u0119cioleci s\u0105 rz\u0105dzeni przez autorytarn\u0105 Autonomi\u0119 Palesty\u0144sk\u0105 i organizacj\u0119 terrorystyczn\u0105 Hamas, podczas gdy izraelscy Arabowie s\u0105 obywatelami demokratycznego Pa\u0144stwa Izrael, a ich demokratyczne prawa i wolno\u015bci s\u0105 chronione w takim samym stopniu, jak innych obywateli. Izrael, jako pa\u0144stwo stabilnej demokracji, zapewnia pe\u0142n\u0105 r\u00f3wno\u015b\u0107 spo\u0142eczn\u0105 i polityczn\u0105 wszystkim swoim obywatelom, niezale\u017cnie od ich wyznania czy etniczno\u015bci.<\/span><\/p>\n<p id=\"block-id-YAXmtYkbFz\" class=\"articleBodyBlock article--paragraph\" style=\"text-align: left;\"><span style=\"color: #000080;\">Jednym z problem\u00f3w raportu jest decyzja Amnesty, by sztucznie zmiesza\u0107 te dwie grupy, kt\u00f3ra jest elementem strategii, by nie tylko oczerni\u0107 Izrael w sprawie Palesty\u0144czyk\u00f3w, ale te\u017c zakwestionowa\u0107 jego to\u017csamo\u015b\u0107 jako pa\u0144stwa \u017cydowskiego.<\/span><\/p>\n<h5 id=\"block-id-m5O5uFbIwp\" class=\"articleBodyBlock article--header\" style=\"text-align: left;\"><strong>Polityczne przes\u0142anki<\/strong><\/h5>\n<p id=\"block-id-bHYGS3WlRK\" class=\"articleBodyBlock article--paragraph\" style=\"text-align: left;\"><span style=\"color: #000080;\">Izrael powsta\u0142 jako pa\u0144stwo narodu \u017cydowskiego w 1948 roku z szerokim poparciem spo\u0142eczno\u015bci mi\u0119dzynarodowej, cz\u0119\u015bciowo wynikaj\u0105cym z lekcji, kt\u00f3r\u0105 \u015bwiat wyci\u0105gn\u0105\u0142 z Holokaustu. U podstaw izraelskiej demokracji zawsze le\u017ca\u0142a r\u00f3wno\u015b\u0107, a Pa\u0144stwo Izrael uznaje 15 r\u00f3\u017cnych grup wyznaniowych, chroni\u0105c ich tradycje, \u015bwi\u0119ta i miejsca kultu.<\/span><\/p>\n<p id=\"block-id-5zrY0YN1Ae\" class=\"articleBodyBlock article--paragraph\" style=\"text-align: left;\"><span style=\"color: #000080;\">Jednak zgodnie z logik\u0105 Amnesty International samostanowienie \u017byd\u00f3w jest z definicji nieuprawnione. Wymowne jest, \u017ce Amnesty nie stosuje tego rozumowania wobec jakiegokolwiek innego pa\u0144stwa. Nie podwa\u017ca te\u017c prawa do istnienia innych kraj\u00f3w zaanga\u017cowanych w wieloletnie konflikty.<\/span><\/p>\n<p id=\"block-id-t3s_Nm-JEq\" class=\"articleBodyBlock article--paragraph\" style=\"text-align: left;\"><span style=\"color: #000080;\">Gdy sprawa dotyczy Izraela, Amnesty ulega politycznym przes\u0142ankom, wbrew swojemu oficjalnemu obowi\u0105zkowi dostarczania bezstronnych i wywa\u017conych relacji. Zamiast zbiera\u0107 wiarygodne informacje, opiera si\u0119 na doniesieniach z najbardziej w\u0105tpliwych \u017ar\u00f3de\u0142 i powtarza propagand\u0119 grup terrorystycznych d\u0105\u017c\u0105cych do zniszczenia Izraela. Amnesty wykorzystuje te\u017c materia\u0142y publikowane przez antyizraelskie organizacje, kt\u00f3rych celem jest podwa\u017canie prawa Izraela do istnienia.<\/span><\/p>\n<h5 id=\"block-id-9iHHF5vjD5\" class=\"articleBodyBlock article--header\" style=\"text-align: left;\"><strong>Podw\u00f3jne standardy<\/strong><\/h5>\n<p id=\"block-id-9_4BF7rKU4\" class=\"articleBodyBlock article--paragraph\" style=\"text-align: left;\"><span style=\"color: #000080;\">W ostatnich latach reputacja i wiarygodno\u015b\u0107 Amnesty by\u0142a kilkukrotnie podwa\u017cana i nie jest zaskoczeniem, \u017ce ten raport zosta\u0142 sporz\u0105dzony przez londy\u0144ski oddzia\u0142 AI. To w\u0142a\u015bnie ten oddzia\u0142 os\u0142awi\u0142 si\u0119 swoj\u0105 ksenofobi\u0105, a teraz tak\u017ce antysemityzmem. Wielu jego pracownik\u00f3w wyst\u0105pi\u0142o ostatnio przeciwko panuj\u0105cej tam atmosferze rasizmu.<\/span><\/p>\n<p id=\"block-id-GiCIq6EeUm\" class=\"articleBodyBlock article--paragraph\" style=\"text-align: left;\"><span style=\"color: #000080;\">Dokument ignoruje te\u017c kwesti\u0119 traktowania Palesty\u0144czyk\u00f3w w innych krajach Bliskiego Wschodu, takich jak Liban, gdzie podstawowe prawa licznej ludno\u015bci palesty\u0144skiej s\u0105 ograniczane z mocy tamtejszego prawa. Raport tylko pobie\u017cnie wspomina o drastycznych pogwa\u0142ceniach praw Palesty\u0144czyk\u00f3w w Strefie Gazy, kt\u00f3ra od 2007 roku jest rz\u0105dzona przez Hamas \u2013 fundamentalistyczn\u0105, d\u017cihadystyczn\u0105 organizacj\u0119 terrorystyczn\u0105.<\/span><\/p>\n<p id=\"block-id-so3kAbQ93t\" class=\"articleBodyBlock article--paragraph\" style=\"text-align: left;\"><span style=\"color: #000080;\">Zamiast tego AI skupia si\u0119 tylko i wy\u0142\u0105cznie na Izraelu. Cho\u0107 Izrael nie jest idealny, jest oddany misji wspierania praw cz\u0142owieka, prawa mi\u0119dzynarodowego i liberalnych warto\u015bci, w tym otwarto\u015bci i r\u00f3wno\u015bci. Na ich stra\u017cy stoj\u0105 wolne media, r\u00f3\u017cnorodna reprezentacja polityczna czy niezale\u017cny s\u0105d najwy\u017cszy. Amnesty International szkaluje Izrael w nadziei, \u017ce je\u015bli pewne stwierdzenia powt\u00f3rzy si\u0119 wystarczaj\u0105co wiele razy, w ko\u0144cu do niego przylgn\u0105.<\/span><\/p>\n<p id=\"block-id-8StSphCIVw\" class=\"articleBodyBlock article--paragraph\" style=\"text-align: left;\"><span style=\"color: #000080;\">Nieca\u0142y tydzie\u0144 po Mi\u0119dzynarodowym Dniu Pami\u0119ci o Ofiarach Holokaustu AI demonizuje Izrael, przyprawiaj\u0105c mu straszliw\u0105 g\u0119b\u0119 i stosuj\u0105c podw\u00f3jne standardy. W czasie gdy problem antysemickich atak\u00f3w narasta na ca\u0142ym \u015bwiecie, nie do obrony jest wysuwanie tak prowokuj\u0105cych stwierdze\u0144 przeciwko jedynemu istniej\u0105cemu pa\u0144stwu \u017cydowskiemu.<\/span><\/p>\n<p id=\"block-id-HNyxuLdrLv\" class=\"articleBodyBlock article--paragraph\" style=\"text-align: left;\"><span style=\"color: #000080;\">Izrael kategorycznie odrzuca zawarte w raporcie zarzuty. Sformu\u0142owane zosta\u0142y w z\u0142ej wierze, s\u0105 oderwane od rzeczywisto\u015bci oraz w oczywisty spos\u00f3b oparte na b\u0142\u0119dnych za\u0142o\u017ceniach i fa\u0142szowaniu historii. Organizacja, kt\u00f3ra szczerze wspiera demokracj\u0119 i prawa cz\u0142owieka, nigdy nie opublikowa\u0142aby takiego raportu. Amnesty International powinno natychmiast usun\u0105\u0107 t\u0119 rys\u0119 ze swojego wizerunku, w przeciwnym razie organizacja b\u0119dzie tylko dolewa\u0142a oliwy do ognia antyizraelskiej i anty\u017cydowskiej nienawi\u015bci.<\/span><\/p>\n<hr \/>\n<p id=\"block-id-z8cF5bmQvP\" class=\"articleBodyBlock article--paragraph\" style=\"text-align: left;\"><span style=\"color: #808080;\"><i>Tytu\u0142 i \u015br\u00f3dtytu\u0142y pochodz\u0105 od redakcji<\/i><\/span><\/p>\n<hr style=\"height: 15px; background: #d0e6fa; width: 100%;\" \/>\n<div id=\"content\" class=\"content-alignment\">\n<div id=\"watch-description\" class=\"yt-uix-button-panel\">\n<div id=\"watch-description-text\" style=\"text-align: center;\">\n<p><em>Zawarto\u015b\u0107 publikowanych artyku\u0142\u00f3w i materia\u0142\u00f3w nie reprezentuje pogl\u0105d\u00f3w ani opinii Reunion&#8217;68,<\/em><em><br \/>\nani te\u017c webmastera Blogu Reunion&#8217;68, chyba ze jest to wyra\u017anie zaznaczone.<br \/>\nTwoje uwagi, linki, w\u0142asne artyku\u0142y lub wiadomo\u015bci prze\u015blij na adres:<br \/>\n<\/em><span style=\"color: #000080;\"><strong><em><a style=\"color: #000080;\" href=\"mailto:webmaster@reunion68.com\"><span style=\"text-decoration: underline;\">webmaster@reunion68.com<\/span><\/a><\/em><\/strong><\/span><\/p>\n<\/div>\n<\/div>\n<\/div>\n<hr style=\"width: 100%;\" \/>\n","protected":false},"excerpt":{"rendered":"<p>Tal Ben &#8211; Ari Yaalon: Ca\u0142a prawda o raporcie Amnesty International Tal Ben &#8211; Ari Yaalon Zarzuty Amnesty International wobec Izraela s\u0105 oparte na b\u0142\u0119dnych za\u0142o\u017ceniach i fa\u0142szowaniu historii \u2013 pisze charg\u00e9 d&#8217;affaires ambasady Izraela w Polsce Tal Ben &#8211; Ari Yaalon. . Tal Ben &#8211; Ari Yaalon \/ Foto: Materia\u0142y Prasowe W swoim raporcie [&hellip;]<\/p>\n","protected":false},"author":1,"featured_media":0,"comment_status":"closed","ping_status":"closed","sticky":false,"template":"","format":"standard","meta":[],"categories":[6],"tags":[26,24],"_links":{"self":[{"href":"https:\/\/www.reunion68.se\/index.php?rest_route=\/wp\/v2\/posts\/93369"}],"collection":[{"href":"https:\/\/www.reunion68.se\/index.php?rest_route=\/wp\/v2\/posts"}],"about":[{"href":"https:\/\/www.reunion68.se\/index.php?rest_route=\/wp\/v2\/types\/post"}],"author":[{"embeddable":true,"href":"https:\/\/www.reunion68.se\/index.php?rest_route=\/wp\/v2\/users\/1"}],"replies":[{"embeddable":true,"href":"https:\/\/www.reunion68.se\/index.php?rest_route=%2Fwp%2Fv2%2Fcomments&post=93369"}],"version-history":[{"count":5,"href":"https:\/\/www.reunion68.se\/index.php?rest_route=\/wp\/v2\/posts\/93369\/revisions"}],"predecessor-version":[{"id":93380,"href":"https:\/\/www.reunion68.se\/index.php?rest_route=\/wp\/v2\/posts\/93369\/revisions\/93380"}],"wp:attachment":[{"href":"https:\/\/www.reunion68.se\/index.php?rest_route=%2Fwp%2Fv2%2Fmedia&parent=93369"}],"wp:term":[{"taxonomy":"category","embeddable":true,"href":"https:\/\/www.reunion68.se\/index.php?rest_route=%2Fwp%2Fv2%2Fcategories&post=93369"},{"taxonomy":"post_tag","embeddable":true,"href":"https:\/\/www.reunion68.se\/index.php?rest_route=%2Fwp%2Fv2%2Ftags&post=93369"}],"curies":[{"name":"wp","href":"https:\/\/api.w.org\/{rel}","templated":true}]}}