{"id":93451,"date":"2022-02-28T17:09:32","date_gmt":"2022-02-28T15:09:32","guid":{"rendered":"http:\/\/www.reunion68.se\/?p=93451"},"modified":"2022-02-28T10:37:17","modified_gmt":"2022-02-28T08:37:17","slug":"06-05-75","status":"publish","type":"post","link":"https:\/\/www.reunion68.se\/?p=93451","title":{"rendered":"Po co Putinowi Kij\u00f3w? Ru\u015b od pocz\u0105tku by\u0142a Kijowska, a Rosja tylko moskiewska"},"content":{"rendered":"<p style=\"text-align: center;\"><img decoding=\"async\" class=\"aligncenter\" src=\"https:\/\/bi.im-g.pl\/im\/93\/db\/1a\/z28163219V,Wladimir-Putin-i-Sergej-Lawrow.jpg\" width=\"100%\" \/><span style=\"color: #808080;\"><em>W\u0142adimir Putin i Sergej \u0141awrow (Sergei Karpukhin \/ AP \/ AP)<\/em><\/span><\/p>\n<hr \/>\n<h5 style=\"text-align: center;\"><a href=\"https:\/\/wyborcza.pl\/a\" target=\"_blank\" rel=\"noopener noreferrer\"><img decoding=\"async\" class=\"center alignleft\" src=\"http:\/\/www.reunion68.com\/Biuletyn\/img\/wyborcza-ale.png\" alt=\"\" width=\"35%\" \/><\/a><span style=\"text-decoration: underline; color: #000080;\"><strong><a style=\"color: #000080; text-decoration: underline;\" href=\"https:\/\/wyborcza.pl\/alehistoria\/7,121681,28162877,po-co-putinowi-kijow-rus-od-poczatku-byla-kijowska-a-rosja.html\" target=\"_blank\" rel=\"noopener noreferrer\">Po co Putinowi Kij\u00f3w? Ru\u015b od pocz\u0105tku by\u0142a Kijowska, a Rosja tylko moskiewska<\/a><\/strong><\/span><\/h5>\n<p style=\"text-align: center;\"><span style=\"color: #000000;\"><strong>Przemys\u0142aw Urba\u0144czyk<\/strong><\/span><\/p>\n<hr style=\"height: 15px; background: #d0e6fa; width: 100%;\" \/>\n<h4 style=\"text-align: center;\"><span style=\"color: #808080;\"><strong>Car tyje, \u0142ysieje i siwieje, a \u017ce dobiega ju\u017c siedemdziesi\u0105tki, to pewnie z coraz wi\u0119kszym frasunkiem patrzy w lustro i zastanawia si\u0119: Co po mnie zostanie?<\/strong><\/span><\/h4>\n<p>.<\/p>\n<p class=\"art_paragraph\" style=\"text-align: left;\"><span style=\"color: #000080;\">Ru\u015b od pocz\u0105tku by\u0142a Kijowska, a Rosja tylko moskiewska. Rosjanie pr\u00f3buj\u0105 wi\u0119c odwr\u00f3ci\u0107 logik\u0119 dziejow\u0105, bo cho\u0107 historycznie m\u0142odsi, chc\u0105 by\u0107 starszymi bra\u0107mi Ukrai\u0144c\u00f3w osiedlonych wok\u00f3\u0142 Kijowa.<\/span><\/p>\n<p class=\"art_paragraph\" style=\"text-align: left;\"><span style=\"color: #000080;\">Putin, jak wielu polityk\u00f3w, my\u015bl\u0105c o przysz\u0142o\u015bci, grzebie w przesz\u0142o\u015bci, szukaj\u0105c inspiracji i usprawiedliwie\u0144. Mniej lub bardziej udolne manipulowanie argumentami historycznymi jest wszak por\u0119cznym narz\u0119dziem zar\u00f3wno w sporach wewn\u0119trznych, jak i w kontaktach zewn\u0119trznych \u2013 szczeg\u00f3lnie z s\u0105siadami. Chodzi o wzmacnianie dysputy politycznej i geopolitycznej przez wykazanie, \u017ce \u201etak powinno by\u0107, bo tak przecie\u017c (zawsze\/kiedy\u015b) by\u0142o&#8221;.<\/span><\/p>\n<div class=\"paywall\">\n<p class=\"art_paragraph\" style=\"text-align: left;\"><span style=\"color: #000080;\">Wbrew wielu komentatorom nie s\u0105dz\u0119, aby czujne oko\u00a0<a style=\"color: #000080;\" href=\"https:\/\/wyborcza.pl\/0,128956.html?tag=w%B3adimir+putin#anchorLink\">W\u0142adimira Putina<\/a>, kt\u00f3ry w ostatnich latach mianowa\u0142 sam siebie Wielkim Historykiem, zatrzymywa\u0142o si\u0119 na czasach Zwi\u0105zku Sowieckiego. Uzna\u0142 wprawdzie rozpad ZSRR za \u201enajwi\u0119ksz\u0105 tragedi\u0119 w historii&#8221;, ale on potrzebuje czego\u015b wi\u0119cej ni\u017c przywr\u00f3cenia dobrego imienia Stalinowi, kt\u00f3ry go fascynuje nieokie\u0142znan\u0105 swobod\u0105 operowania przemoc\u0105, utylitarnym traktowaniem zwyk\u0142ych ludzi i geopolitycznym cynizmem.<\/span><\/p>\n<p class=\"art_paragraph\" style=\"text-align: left;\"><span style=\"color: #000080;\">Tu chodzi raczej o leczenie kompleksu ma\u0142o\u015bci, trawi\u0105cego tego wnuka Spiridona Iwanowicza Putina, kt\u00f3ry pono\u0107 by\u0142 kucharzem Lenina. Tego W\u0142adimir W\u0142adimirowicz nigdy W\u0142adimirowi Iljiczowi nie zapomni, chocia\u017c na pocz\u0105tku nawet si\u0119 tym chwali\u0142. Trawi go g\u0142\u0119boki kompleks \u201ecz\u0142owieka znik\u0105d&#8221;, kt\u00f3rego nie w\u0142asne zas\u0142ugi, lecz kaprys Borysa Jelcyna wyni\u00f3s\u0142 na wy\u017cyny wielkiej polityki. Szuka wi\u0119c sposobu zapracowania na osobist\u0105 wielko\u015b\u0107 odpowiednio podczepion\u0105 pod chwalebn\u0105 przesz\u0142o\u015b\u0107.<\/span><\/p>\n<h5 class=\"art_sub_title\" style=\"text-align: left;\"><strong>Putin pr\u00f3buje naprawi\u0107 b\u0142\u0119dy Lenina<\/strong><\/h5>\n<p class=\"art_paragraph\" style=\"text-align: left;\"><span style=\"color: #000080;\">Car tyje, \u0142ysieje i siwieje, a \u017ce dobiega ju\u017c siedemdziesi\u0105tki, to pewnie z coraz wi\u0119kszym frasunkiem patrzy w lustro i zastanawia si\u0119: Co po mnie zostanie? Chodzi nie o pieni\u0105dze, lecz o pami\u0119\u0107, kt\u00f3ra zapewnia swoiste \u201e\u017cycie po \u017cyciu&#8221;. Chcia\u0142by sam sobie zbudowa\u0107 \u201epomnik trwalszy od spi\u017cu&#8221;. Kombinuje wi\u0119c, jak by si\u0119 samemu upami\u0119tni\u0107. Jak wypali\u0107 swoje imi\u0119 na kartach historii? Jak wej\u015b\u0107 na pomniki? Jak sprawi\u0107, \u017ceby sw\u00f3j grobowiec uczyni\u0107 miejscem narodowych pielgrzymek?<\/span><\/p>\n<p style=\"text-align: left;\"><span style=\"color: #000080;\">Niestety, historia umie\u015bci\u0142a W\u0142adimira Putina w czasie zadziwiaj\u0105co spokojnym, w kt\u00f3rym licz\u0105 si\u0119 g\u0142\u00f3wnie pieni\u0105dze. Ale pieni\u0105dze powy\u017cej pewnego poziomu ju\u017c wcale nie ciesz\u0105, bo ani je wyda\u0107, ani do grobu zabra\u0107. Od kilku lat z determinacj\u0105 grzebie wi\u0119c w historii, szukaj\u0105c stosownych punkt\u00f3w odniesienia dla w\u0142asnego wywy\u017cszenia. Chcia\u0142by pewnie zosta\u0107 trzecim z wielkich W\u0142adimir\u00f3w, kt\u00f3rzy pot\u0119\u017cnie wstrz\u0105sn\u0119li wschodem Europy \u2013 jak ksi\u0105\u017c\u0119 kijowski W\u0142adimir Wielki, kt\u00f3ry w X w. wprowadzi\u0142 Ru\u015b do cywilizowanego \u015bwiata, i jak W\u0142adimir Lenin, kt\u00f3ry w XX w. Rosj\u0119 ze \u015bwiata cywilizowanego wyprowadzi\u0142.<\/span><\/p>\n<p class=\"art_paragraph\" style=\"text-align: left;\"><span style=\"color: #000080;\">Zosta\u0107 W\u0142adimirem Gro\u017anym to nie sztuka, je\u015bli ma si\u0119 do dyspozycji \u201eoprycznin\u0119&#8221;, o jakiej carowi Iwanowi si\u0119 nie \u015bni\u0142o. Jak jednak zosta\u0107 drugim W\u0142adimirem Wielkim, kt\u00f3rego rodacy na \u015bwiecki spos\u00f3b te\u017c \u201ekanonizuj\u0105&#8221; w uznaniu oczywistych zas\u0142ug? Wzorem swojego wielkiego imiennika sprzed tysi\u0105ca lat zmusi\u0142 ju\u017c swoich s\u0105siad\u00f3w, \u017ceby si\u0119 go bali, a swoich poddanych zawraca z drogi bezbo\u017cnego ateizmu z powrotem ku prawos\u0142awnej ortodoksji. Ale nie w\u0142ada Kijowem, gdzie wszystko si\u0119 zacz\u0119\u0142o. Nie ma pod stopami kamienia w\u0119gielnego historii narodowej.<\/span><\/p>\n<p class=\"art_paragraph\" style=\"text-align: left;\"><span style=\"color: #000080;\">Pr\u00f3buje naprawi\u0107 b\u0142\u0119dy Lenina, kt\u00f3ry nie skorzysta\u0142 z okazji, aby Kij\u00f3w formalnie wcieli\u0107 do Rosji, i Gorbaczowa, kt\u00f3ry pozwoli\u0142, aby Kij\u00f3w od Rosji odpad\u0142 i sta\u0142 si\u0119 stolic\u0105 niepodleg\u0142ego pa\u0144stwa. Pr\u00f3buje ponownie zebra\u0107 per\u0142y, kt\u00f3re wypad\u0142y z imperialnej korony, ale Abchazja, Osetia Po\u0142udniowa, Krym czy wschodnie obwody Ukrainy nie maj\u0105 odpowiedniego \u0142adunku symbolicznego, kt\u00f3ry by z\u0142\u0105czy\u0142 przesz\u0142o\u015b\u0107, tera\u017aniejszo\u015b\u0107 i przysz\u0142o\u015b\u0107 w jeden kr\u0105g wielko\u015bci. Wci\u0105\u017c nie ma najwa\u017cniejszej per\u0142y w koronie, czyli Kijowa.<\/span><\/p>\n<p class=\"art_paragraph\" style=\"text-align: left;\"><span style=\"color: #000080;\">Jakkolwiek by jaskrawo pomalowa\u0142 stoj\u0105cego na placu Czerwonym sob\u00f3r B\u0142ogos\u0142awionego Wasyla, to nie odbierze si\u0142y symbolicznej kijowskiemu soborowi M\u0105dro\u015bci Bo\u017cej, zbudowanemu przez W\u0142adimira Wielkiego. Ilekolwiek by z\u0142ota u\u017cy\u0142 do zwi\u0119kszenia nachalnego blichtru swojej moskiewskiej siedziby, to nie przy\u0107mi pami\u0119ci o kijowskiej Z\u0142otej Bramie, kt\u00f3rej budow\u0119 zainicjowa\u0142 W\u0142adimir Wielki. Jakiekolwiek by sobie zbudowa\u0142 mauzoleum, to nie dor\u00f3wna wielko\u015bci\u0105 pami\u0119ci historycznej W\u0142adimirowi Wielkiemu pochowanemu w kijowskiej cerkwi Dziesi\u0119cinnej.<\/span><\/p>\n<p class=\"art_paragraph\" style=\"text-align: center;\"><span class=\"imageUOM parent-box-label-related\"><img decoding=\"async\" class=\"aligncenter\" src=\"https:\/\/bi.im-g.pl\/im\/69\/c9\/1a\/z28089193IH,Sobor-Madrosci-Bozej-w-Kijowie--2017-r-.jpg\" alt=\"Sob\u00f3r M\u0105dro\u015bci Bo\u017cej w Kijowie, 2017 r.\" width=\"100%\" \/><span style=\"color: #808080;\"><em><span class=\"photoAuthor\"><span class=\"photoTitle\">Sob\u00f3r M\u0105dro\u015bci Bo\u017cej w Kijowie, 2017 r.<\/span>\u00a0Rbrechko, CC BY-SA 4.0 , via Wikimedia Commons<\/span><\/em><\/span><\/span><\/p>\n<h5 class=\"art_sub_title\" style=\"text-align: left;\"><strong>Rosja potrzebuje korzeni, kt\u00f3re wyrastaj\u0105 z Kijowa<\/strong><\/h5>\n<p class=\"art_paragraph\" style=\"text-align: left;\"><span style=\"color: #000080;\">Ru\u015b od pocz\u0105tku by\u0142a Kijowska, a Rosja tylko moskiewska. Kij\u00f3w jest polityczn\u0105 kolebk\u0105 Rusi i symbolem jej pierwotnej wielko\u015bci.<\/span><\/p>\n<blockquote class=\"art_blockquote\">\n<p style=\"text-align: left;\"><strong>Bez Kijowa Rosja jest pozbawiona \u015bredniowiecznych korzeni. To przecie\u017c tam wszystko si\u0119 zacz\u0119\u0142o i nie zmieni\u0142o tego kilkaset lat budowania od zera mitu prowincjonalnej wszak Moskwy, kt\u00f3ra po upadku Konstantynopola nawet chcia\u0142a by\u0107 \u201etrzecim Rzymem&#8221;.<\/strong><\/p>\n<\/blockquote>\n<p class=\"art_paragraph\" style=\"text-align: left;\"><span style=\"color: #000080;\">Ros\u0142a i pot\u0119\u017cnia\u0142a pod rz\u0105dami kolejnych car\u00f3w, ale nie by\u0142a Kijowem z jego nimbem pierwotnego gniazda. Nigdy nie pozby\u0142a si\u0119 (jak i Putin) kompleksu nuworysza bez odpowiedniego \u017cyciorysu.<\/span><\/p>\n<p class=\"art_paragraph\" style=\"text-align: left;\"><span style=\"color: #000080;\">Nie bez powodu rosyjskie wojsko zagrzewa\u0142o si\u0119 w 1812 r. do walki z Napoleonem, \u015bpiewaj\u0105c: \u201eMat\u2019 rodnaja eto Ru\u015b sviataja&#8221;. Dzisiaj moskiewscy wielkorz\u0105dcy co rusz przypominaj\u0105, \u017ce Rosjanie s\u0105 przecie\u017c Wielkorusami. Odwracaj\u0105 przy tym logik\u0119 dziejow\u0105, bo cho\u0107 historycznie m\u0142odsi, chc\u0105 by\u0107 starszymi bra\u0107mi Ma\u0142orus\u00f3w, czyli Ukrai\u0144c\u00f3w osiedlonych wok\u00f3\u0142 Kijowa. Maj\u0105 problem z samoidentyfikacj\u0105, co wida\u0107 po niezrozumia\u0142ych dla zewn\u0119trznych obserwator\u00f3w niuansach znaczeniowych etnonim\u00f3w:<\/span><\/p>\n<\/div>\n<p class=\"art_paragraph\" style=\"text-align: left;\"><span style=\"color: #000080;\">Rosjanom potrzebne s\u0105 g\u0142\u0119bsze od moskiewskich korzenie historyczne, kt\u00f3re wszak wyrastaj\u0105 z Kijowa. W ostatnim czasie sta\u0142o si\u0119 to chyba obsesj\u0105 W\u0142adimira W\u0142adimirowicza, kt\u00f3ry chce odcisn\u0105\u0107 sw\u00f3j \u015blad w historii jako ten, kt\u00f3ry kijowsk\u0105 \u201emacierz&#8221; podporz\u0105dkowa\u0142 moskiewskiej \u201ec\u00f3rce&#8221;. Mo\u017ce nie planuje, \u017ceby wjecha\u0107 do Kijowa przez Z\u0142ot\u0105 Bram\u0119, jak Boles\u0142aw Chrobry w 1018 r., ale pewnie wymarzy\u0142 sobie, \u017ce wejdzie do cerkwi Dziesi\u0119cinnej i powie W\u0142adimirowi Wielkiemu: \u201eNo i co? Kijowem zn\u00f3w rz\u0105dzi W\u0142adimir. Teraz Ru\u015b jest moja. Ja, W\u0142adimir Zjednoczyciel, naprawi\u0142em dziejowy b\u0142\u0105d W\u0142adimira Lenina. Zamkn\u0105\u0142em wielkie ko\u0142o historii i przywr\u00f3ci\u0142em Rosji jej rusk\u0105 wielko\u015b\u0107&#8221;.<\/span><\/p>\n<p class=\"art_paragraph\" style=\"text-align: left;\"><span style=\"color: #000080;\">Ale w g\u0142\u0119bi duszy pewnie sam nie wierzy w trwa\u0142o\u015b\u0107 swojego krwawego dzie\u0142a. Je\u015bli nawet zdob\u0119dzie Kij\u00f3w, to na pewno nie pozwoli si\u0119 tam pochowa\u0107 z obawy o przysz\u0142y los swoich doczesnych szcz\u0105tk\u00f3w. Raczej nie spocznie te\u017c na placu Czerwonym ko\u0142o W\u0142adimira Iljicza, kt\u00f3rym gardzi. Mo\u017ce wi\u0119c w Petersburgu? Gdziekolwiek by sta\u0142 jego grobowiec, trzeba go b\u0119dzie dobrze pilnowa\u0107, \u017ceby swawolni m\u0142odzie\u0144cy nie pisali na nim \u201eTu le\u017cy wnuk kucharza Lenina&#8221;.<\/span><\/p>\n<hr \/>\n<p class=\"art_paragraph\" style=\"text-align: left;\"><span style=\"color: #808080;\"><i>Artyku\u0142 napisany 26 lutego<\/i><\/span><\/p>\n<p class=\"art_paragraph\" style=\"text-align: left;\"><span style=\"color: #808080;\"><i><b>Prof. Przemys\u0142aw\u00a0Urba\u0144czyk &#8211;<\/b>\u00a0zwi\u0105zany z UKSW i PAN, jeden z najbardziej znanych polskich mediewist\u00f3w, autor wielu ksi\u0105\u017cek, m.in. \u201eRok 1000. Milenijna podr\u00f3\u017c transkontynentalna&#8221;, \u201eZanim Polska zosta\u0142a Polsk\u0105&#8221;, \u201eMieszko Pierwszy Tajemniczy&#8221;, \u201eCo si\u0119 sta\u0142o w 966 roku?&#8221;, &#8220;Boles\u0142aw Chrobry &#8211; lew rycz\u0105cy&#8221; i najnowszej &#8220;Trudna historia zw\u0142ok&#8221; oraz kilkuset artyku\u0142\u00f3w<\/i><\/span><\/p>\n<hr style=\"height: 15px; background: #d0e6fa; width: 100%;\" \/>\n<div id=\"content\" class=\"content-alignment\">\n<div id=\"watch-description\" class=\"yt-uix-button-panel\">\n<div id=\"watch-description-text\" style=\"text-align: center;\">\n<p><em>Zawarto\u015b\u0107 publikowanych artyku\u0142\u00f3w i materia\u0142\u00f3w nie reprezentuje pogl\u0105d\u00f3w ani opinii Reunion&#8217;68,<\/em><em><br \/>\nani te\u017c webmastera Blogu Reunion&#8217;68, chyba ze jest to wyra\u017anie zaznaczone.<br \/>\nTwoje uwagi, linki, w\u0142asne artyku\u0142y lub wiadomo\u015bci prze\u015blij na adres:<br \/>\n<\/em><span style=\"color: #000080;\"><strong><em><a style=\"color: #000080;\" href=\"mailto:webmaster@reunion68.com\"><span style=\"text-decoration: underline;\">webmaster@reunion68.com<\/span><\/a><\/em><\/strong><\/span><\/p>\n<\/div>\n<\/div>\n<\/div>\n<hr style=\"width: 100%;\" \/>\n","protected":false},"excerpt":{"rendered":"<p>W\u0142adimir Putin i Sergej \u0141awrow (Sergei Karpukhin \/ AP \/ AP) Po co Putinowi Kij\u00f3w? Ru\u015b od pocz\u0105tku by\u0142a Kijowska, a Rosja tylko moskiewska Przemys\u0142aw Urba\u0144czyk Car tyje, \u0142ysieje i siwieje, a \u017ce dobiega ju\u017c siedemdziesi\u0105tki, to pewnie z coraz wi\u0119kszym frasunkiem patrzy w lustro i zastanawia si\u0119: Co po mnie zostanie? . Ru\u015b od [&hellip;]<\/p>\n","protected":false},"author":1,"featured_media":0,"comment_status":"closed","ping_status":"closed","sticky":false,"template":"","format":"standard","meta":[],"categories":[6],"tags":[26,24],"_links":{"self":[{"href":"https:\/\/www.reunion68.se\/index.php?rest_route=\/wp\/v2\/posts\/93451"}],"collection":[{"href":"https:\/\/www.reunion68.se\/index.php?rest_route=\/wp\/v2\/posts"}],"about":[{"href":"https:\/\/www.reunion68.se\/index.php?rest_route=\/wp\/v2\/types\/post"}],"author":[{"embeddable":true,"href":"https:\/\/www.reunion68.se\/index.php?rest_route=\/wp\/v2\/users\/1"}],"replies":[{"embeddable":true,"href":"https:\/\/www.reunion68.se\/index.php?rest_route=%2Fwp%2Fv2%2Fcomments&post=93451"}],"version-history":[{"count":6,"href":"https:\/\/www.reunion68.se\/index.php?rest_route=\/wp\/v2\/posts\/93451\/revisions"}],"predecessor-version":[{"id":93481,"href":"https:\/\/www.reunion68.se\/index.php?rest_route=\/wp\/v2\/posts\/93451\/revisions\/93481"}],"wp:attachment":[{"href":"https:\/\/www.reunion68.se\/index.php?rest_route=%2Fwp%2Fv2%2Fmedia&parent=93451"}],"wp:term":[{"taxonomy":"category","embeddable":true,"href":"https:\/\/www.reunion68.se\/index.php?rest_route=%2Fwp%2Fv2%2Fcategories&post=93451"},{"taxonomy":"post_tag","embeddable":true,"href":"https:\/\/www.reunion68.se\/index.php?rest_route=%2Fwp%2Fv2%2Ftags&post=93451"}],"curies":[{"name":"wp","href":"https:\/\/api.w.org\/{rel}","templated":true}]}}