{"id":9356,"date":"2014-11-22T19:00:24","date_gmt":"2014-11-22T17:00:24","guid":{"rendered":"http:\/\/www.reunion68.se\/?p=9356"},"modified":"2014-11-22T13:54:22","modified_gmt":"2014-11-22T11:54:22","slug":"9356","status":"publish","type":"post","link":"https:\/\/www.reunion68.se\/?p=9356","title":{"rendered":"Gar\u015b\u0107 refleksji o proporcjonalno\u015bci"},"content":{"rendered":"<h4 style=\"text-align: center;\"><a href=\"http:\/\/www.listyznaszegosadu.pl\/\" target=\"_blank\"><img decoding=\"async\" class=\"center alignleft\" src=\"http:\/\/www.reunion68.com\/Biuletyn\/img\/z-naszego.jpg\" alt=\"\" width=\"350\" \/><\/a><span style=\"text-decoration: underline; color: #000080;\"><span style=\"text-decoration: underline;\"><strong><a style=\"color: #000080; text-decoration: underline;\" href=\"http:\/\/www.listyznaszegosadu.pl\/garsc-refleksji-o-proporcjonalnosci\" target=\"_blank\">Gar\u015b\u0107 refleksji o proporcjonalno\u015bci<\/a><\/strong><\/span><\/span><\/h4>\n<p style=\"text-align: center;\"><span style=\"color: #333333;\"><strong>Andrzej Koraszewski<\/strong><\/span><\/p>\n<hr style=\"height: 15px; background: #d0e6fa; width: 710px;\" \/>\n<div style=\"width: 360px\" class=\"wp-caption alignright\"><img decoding=\"async\" src=\"http:\/\/www.listyznaszegosadu.pl\/upload\/article\/bild\/9612\/602786\/For-World-Peace-Israel-Must-Be-Destroyed_s.jpg\" alt=\"\" width=\"350\" border=\"0\" \/><p class=\"wp-caption-text\"><em>\u00a0\u00a0<\/em><\/p><\/div>\n<p style=\"text-align: left;\"><strong><span style=\"color: #333333;\">Daniela Passenta lubi\u0119 i szanuj\u0119, co oznacza, \u017ce niezale\u017cnie o czym pisze, czytam, \u017ceby wiedzie\u0107, co s\u0105dzi. Jeden z niedawno czytanych jego tekst\u00f3w traktowa\u0142 o Muzeum Historii \u017byd\u00f3w Polskich. Ma\u0142o tego, \u017ce nie ma takiego muzeum, kt\u00f3re mog\u0142oby pomie\u015bci\u0107 t\u0119 histori\u0119, ale uczciwie m\u00f3wi\u0105c mam alergi\u0119 na muzea i pomniki. (Oczywi\u015bcie nie na wszystkie muzea i nie na wszystkie pomniki.)<\/span><\/strong><\/p>\n<p style=\"text-align: left;\"><span style=\"color: #000080;\">Chwilami mam wra\u017cenie, \u017ce wciskanie historii w kamie\u0144 jest doskona\u0142ym sposobem na usprawiedliwienie braku odwagi spojrzenia na rzeczywisto\u015b\u0107 i dostrze\u017cenia, \u017ce wczorajsze upiory wracaj\u0105 ze zdwojon\u0105 moc\u0105.<\/span><\/p>\n<p style=\"text-align: left;\"><span style=\"color: #000080;\">Sp\u0119dzi\u0142em prawie trzydzie\u015bci lat na Zachodzie i po powrocie do Polski osiad\u0142em w male\u0144kim miasteczku, kt\u00f3re jest bardzo osobliwym Muzeum Historii \u017byd\u00f3w Polskich. Dobrzy\u0144 nad Wis\u0142\u0105, miasto do kt\u00f3rego, jak uczono nas w szkole, Konrad Mazowiecki sprowadzi\u0142 Krzy\u017cak\u00f3w, \u017ceby pomogli broni\u0107 granic chrze\u015bcija\u0144stwa przed ci\u0105g\u0142ymi atakami poga\u0144skich Prus\u00f3w i Litwin\u00f3w. Dzi\u015b Dobrzy\u0144 jest muzeum milczenia, nie jedynym, jednym z tysi\u0119cy.<\/span><\/p>\n<p style=\"text-align: left;\"><span style=\"color: #000080;\">Jak si\u0119 wydaje, wszystko wygl\u0105da\u0142o nieco inaczej, Dobrzy\u0144 zosta\u0142 podarowany przez Konrada Zakonowi Braci Dobrzy\u0144skich, kt\u00f3rzy nie radzili sobie z jego obron\u0105 i \u00f3wczesny Mistrz Zakonu Krzy\u017cackiego zaproponowa\u0142 im po\u0142\u0105czenie si\u0119. W efekcie Krzy\u017cacy uznali, \u017ce wraz z Zakonem Braci Dobrzy\u0144skich nabyli prawa do miasta, za\u015b Konrad Mazowiecki by\u0142 zdania, \u017ce skoro Zakon Braci Dobrzy\u0144skich przesta\u0142 by\u0107 jednostk\u0105 samodzieln\u0105, darowizna traci moc i 19 pa\u017adziernika 1235 roku, decyzj\u0105 papie\u017ca, Dobrzy\u0144 powr\u00f3ci\u0142 pod w\u0142adz\u0119 mazowieckiego ksi\u0119cia. Jest to o tyle istotne, \u017ce od tamtej pory Dobrzy\u0144 jest silnie obecny w \u015bwiadomo\u015bci historyk\u00f3w i polityk\u00f3w niemieckich, nie tylko z powodu tamtego incydentu, ale i p\u00f3\u017aniejszych los\u00f3w miasta, kt\u00f3re wielokrotnie przechodzi\u0142o z r\u0105k do r\u0105k.<\/span><\/p>\n<p style=\"text-align: left;\"><span style=\"color: #000080;\">Dobrzy\u0144 by\u0142 tak silnie obecny w niemieckiej \u015bwiadomo\u015bci, \u017ce d\u0142ugo przed 1 wrze\u015bnia 1939 roku gotowe by\u0142y plany utworzenia z niego du\u017cego miasta garnizonowego.<\/span><\/p>\n<p style=\"text-align: left;\"><span style=\"color: #000080;\">W doskonale udokumentowanej pracy licencjackiej z 2013 roku, Agnieszka Witkowska pisze:<\/span><\/p>\n<p style=\"text-align: left; padding-left: 30px;\"><em><span style=\"color: #000080;\">\u201eNa pocz\u0105tku wrze\u015bnia 1939 roku do Dobrzynia wkroczy\u0142y oddzia\u0142y armii niemieckiej.<\/span><\/em><\/p>\n<p style=\"text-align: left; padding-left: 30px;\"><em><span style=\"color: #000080;\">Jeszcze w tym miesi\u0105cu ludno\u015b\u0107 \u017cydowska otrzyma\u0142a nakaz opuszczenia miasta. Prawdopodobnie wysiedlono j\u0105 gromadami do Kutna, W\u0142oc\u0142awka i \u017bychlina, umieszczaj\u0105c w tamtejszych gettach. Wed\u0142ug M. Krajewskiego pewna grupa ludno\u015bci \u017cydowskiej z Dobrzynia trafi\u0142a do bydgoskich koszar 15 PAL, a nast\u0119pnie zosta\u0142a rozstrzelana w Tryszczynie lub w Rynkowie, niedaleko Bydgoszczy.<\/span><\/em><\/p>\n<p style=\"text-align: left; padding-left: 30px;\"><em><span style=\"color: #000080;\">Wed\u0142ug relacji mieszka\u0144c\u00f3w Dobrzynia, Niemcy zachowywali si\u0119 niezwykle brutalnie w stosunku do ludno\u015bci \u017cydowskiej. Wiadomo, i\u017c nad Wis\u0142\u0105 hitlerowcy rozstrzelali grup\u0119 \u017byd\u00f3w \u2013 ich cia\u0142a wrzucono do rzeki. Prawdopodobnie Niemcy zamordowali tak\u017ce kilkoro \u017byd\u00f3w, si\u0142\u0105 zmuszonych do rozbi\u00f3rki synagogi.<\/span><\/em><\/p>\n<p style=\"text-align: left; padding-left: 30px;\"><em><span style=\"color: #000080;\">Dnia 24 wrze\u015bnia oddzia\u0142y niemieckie podpali\u0142y dobrzy\u0144sk\u0105 b\u00f3\u017cnic\u0119 i beit midrasz, sp\u0142on\u0105\u0142 tak\u017ce sztybel chasyd\u00f3w z Gur. Ludno\u015b\u0107 \u017cydowska zosta\u0142a wyp\u0119dzona z miasta w pierwszych dniach pa\u017adziernika 1939 roku, jako ostatni opu\u015bci\u0142 Dobrzy\u0144 rabin Josek Wolf Sender.\u201d<\/span><\/em><\/p>\n<p style=\"text-align: left;\"><span style=\"color: #000080;\">Tak zako\u0144czy\u0142a si\u0119 historia dobrzy\u0144skiej gminy \u017cydowskiej, kt\u00f3rej pocz\u0105tki si\u0119ga\u0142y osadnictwa \u017cydowskiego w XIV wieku i o kt\u00f3rej by\u0142y zapisy w dokumentach historycznych od pocz\u0105tku XVI wieku.<\/span><\/p>\n<p style=\"text-align: right;\"><span style=\"color: #000080;\">Czytaj dalej tu: \u00a0<span style=\"text-decoration: underline;\"><strong><a style=\"color: #000080; text-decoration: underline;\" href=\"http:\/\/www.listyznaszegosadu.pl\/garsc-refleksji-o-proporcjonalnosci\" target=\"_blank\">Gar\u015b\u0107 refleksji o proporcjonalno\u015bci<\/a><\/strong><\/span><\/span><\/p>\n<hr style=\"height: 15px; background: #d0e6fa; width: 710px;\" \/>\n<div id=\"content\" class=\"  content-alignment&lt;br \/&gt;&lt;br \/&gt; \">\n<div id=\"watch-description\" class=\"yt-uix-button-panel\">\n<div id=\"watch-description-text\">\n<p style=\"text-align: center;\"><span style=\"color: #808080;\"> twoje uwagi, linki, wlasne artykuly, lub wiadomosci przeslij do: <strong><span style=\"text-decoration: underline;\"><span style=\"color: #808080; text-decoration: underline;\"><a href=\"mailto:webmaster@reunion68.com\">webmaster@reunion68.com<\/a><\/span><\/span><\/strong><\/span><\/p>\n<\/div>\n<\/div>\n<\/div>\n<p>&nbsp;<\/p>\n<hr style=\"width: 710px;\" \/>\n","protected":false},"excerpt":{"rendered":"<p>Gar\u015b\u0107 refleksji o proporcjonalno\u015bci Andrzej Koraszewski Daniela Passenta lubi\u0119 i szanuj\u0119, co oznacza, \u017ce niezale\u017cnie o czym pisze, czytam, \u017ceby wiedzie\u0107, co s\u0105dzi. Jeden z niedawno czytanych jego tekst\u00f3w traktowa\u0142 o Muzeum Historii \u017byd\u00f3w Polskich. Ma\u0142o tego, \u017ce nie ma takiego muzeum, kt\u00f3re mog\u0142oby pomie\u015bci\u0107 t\u0119 histori\u0119, ale uczciwie m\u00f3wi\u0105c mam alergi\u0119 na muzea i [&hellip;]<\/p>\n","protected":false},"author":1,"featured_media":0,"comment_status":"closed","ping_status":"closed","sticky":false,"template":"","format":"standard","meta":[],"categories":[6],"tags":[24],"_links":{"self":[{"href":"https:\/\/www.reunion68.se\/index.php?rest_route=\/wp\/v2\/posts\/9356"}],"collection":[{"href":"https:\/\/www.reunion68.se\/index.php?rest_route=\/wp\/v2\/posts"}],"about":[{"href":"https:\/\/www.reunion68.se\/index.php?rest_route=\/wp\/v2\/types\/post"}],"author":[{"embeddable":true,"href":"https:\/\/www.reunion68.se\/index.php?rest_route=\/wp\/v2\/users\/1"}],"replies":[{"embeddable":true,"href":"https:\/\/www.reunion68.se\/index.php?rest_route=%2Fwp%2Fv2%2Fcomments&post=9356"}],"version-history":[{"count":20,"href":"https:\/\/www.reunion68.se\/index.php?rest_route=\/wp\/v2\/posts\/9356\/revisions"}],"predecessor-version":[{"id":9377,"href":"https:\/\/www.reunion68.se\/index.php?rest_route=\/wp\/v2\/posts\/9356\/revisions\/9377"}],"wp:attachment":[{"href":"https:\/\/www.reunion68.se\/index.php?rest_route=%2Fwp%2Fv2%2Fmedia&parent=9356"}],"wp:term":[{"taxonomy":"category","embeddable":true,"href":"https:\/\/www.reunion68.se\/index.php?rest_route=%2Fwp%2Fv2%2Fcategories&post=9356"},{"taxonomy":"post_tag","embeddable":true,"href":"https:\/\/www.reunion68.se\/index.php?rest_route=%2Fwp%2Fv2%2Ftags&post=9356"}],"curies":[{"name":"wp","href":"https:\/\/api.w.org\/{rel}","templated":true}]}}