{"id":93651,"date":"2022-03-06T17:05:24","date_gmt":"2022-03-06T15:05:24","guid":{"rendered":"http:\/\/www.reunion68.se\/?p=93651"},"modified":"2022-03-06T08:13:40","modified_gmt":"2022-03-06T06:13:40","slug":"13-09-53","status":"publish","type":"post","link":"https:\/\/www.reunion68.se\/?p=93651","title":{"rendered":"Combo pod wezwaniem Wowy"},"content":{"rendered":"<p style=\"text-align: center;\"><img decoding=\"async\" class=\"aligncenter\" src=\"https:\/\/i.gremicdn.pl\/image\/free\/76effcd3c243598ee8af0c1cc2796c9b\/?t=resize:fill:948:592,enlarge:1\" width=\"100%\"><span style=\"color: #808080;\"><em>Foto: AFP<\/em><\/span><\/p>\n<hr>\n<h5 style=\"text-align: center;\"><a href=\"https:\/\/www.rp.pl\" target=\"_blank\" rel=\"noopener noreferrer\"><img decoding=\"async\" class=\"center alignleft\" src=\"http:\/\/www.reunion68.com\/Biuletyn\/img\/rzecz-p.png\" alt=\"\" width=\"35%\"><\/a><span style=\"text-decoration: underline; color: #000080;\"><span><strong><a style=\"color: #000080; text-decoration: underline;\" href=\"https:\/\/www.rp.pl\/plus-minus\/art35800491-robert-mazurek-combo-pod-wezwaniem-wowy\" target=\"_blank\" rel=\"noopener noreferrer\">Combo pod wezwaniem Wowy<\/a><\/strong><\/span><\/span><\/h5>\n<p style=\"text-align: center;\"><span style=\"color: #000000;\"><strong>Robert Mazurek<\/strong><\/span><\/p>\n<hr style=\"height: 15px; background: #d0e6fa; width: 100%;\">\n<h4 style=\"text-align: center;\"><span style=\"color: #808080;\"><strong>Masz\u0119 co\u015b uwiera\u0142o. To by\u0142a wojna. W j\u0119zyku Maszy operacja specjalna, bo w jej kraju s\u0142owo na W jest r\u00f3wnie zakazane jak w Ameryce s\u0142owo na M. My\u015bla\u0142a wi\u0119c Maria Zacharowa, rzeczniczka Ministerstwa Spraw Zagranicznych, i wymy\u015bli\u0142a, \u017ce zachodnie media w relacjo-nowaniu rosyjskiej agresji przyjmuj\u0105 wy\u0142\u0105cznie optyk\u0119 ukrai\u0144sk\u0105.<\/strong><\/span><\/h4>\n<p>.<\/p>\n<p style=\"text-align: left;\"><span style=\"color: #000080;\">I wiecie co, Mario W\u0142adimirowna, macie racj\u0119! Powiem wi\u0119cej, odkry\u0142em, \u017ce to nie teraz tak si\u0119 porobi\u0142o, tak by\u0142o zawsze, zero r\u00f3wnego dystan-su. We\u017amy tak\u0105 II wojn\u0119 \u015bwiatow\u0105 czy w og\u00f3le nazizm. Wszyscy od razu, \u017ce mordowa\u0107 \u017byd\u00f3w jest \u017ale i nikt, niestety, kompromisu nie szuka\u0142. A mo\u017cna by\u0142o napomkn\u0105\u0107, \u017ce przecie\u017c \u017bydzi maj\u0105 swoje wady, wyliczy\u0107 je skrupulatnie i ze zrozumieniem podej\u015b\u0107 do niemieckiej polityki narodo-wo\u015bciowej, tego by\u015bcie oczekiwali, nieprawda\u017c? \u017be wi\u0119\u017aniowie w obozach g\u0142odowali, prawda, pisali, ale czy taki \u201eNew York Times&#8221; wspomnia\u0142 o trudno\u015bciach w zaopatrzeniu obozu w Auschwitz w gaz? \u017beby Tobie, Maszo, na bli\u017cszym przyk\u0142adzie wyja\u015bni\u0107, to we\u017amy takie obl\u0119\u017cenie Leningra-du. Wszystkie filmy masz o tym, jak cierpieli biedni mieszka\u0144cy. No tak, ale czy kto\u015b cho\u0107 s\u0142\u00f3wkiem si\u0119 zaj\u0105kn\u0105\u0142, \u017ce Niemcom te\u017c by\u0142o zimno?<\/span><\/p>\n<p id=\"block-id-UHQfz6j62Y\" class=\"articleBodyBlock article--paragraph\" style=\"text-align: left;\"><span style=\"color: #000080;\">Oj nie, \u015bwiat r\u00f3wnowagi nie szuka. To zdaje si\u0119 V\u00e1clav Havel powiedzia\u0142, \u017ce Rosja ma taki problem, \u017ce nigdy nie wie, gdzie si\u0119 ko\u0144czy. I co, czy kto\u015b okazuje tej Rosji zrozumienie, jak\u0105\u015b grup\u0119 wsparcia jej proponuje? Sk\u0105d\u017ce! A przecie\u017c to, i\u017c przypad\u0142o\u015b\u0107 tak\u0105 ma, to nie jej wina, to choroba. \u015awiat powinien usi\u0105\u015b\u0107 i terapi\u0119 zaproponowa\u0107, powiedzie\u0107, \u017ce nie, Rosjo, w tym roku nic, bo w zesz\u0142ym jad\u0142a\u015b, ale w 2025 roku damy ci Mo\u0142dawi\u0119. W nast\u0119pnej pi\u0119ciolatce \u0142ykniesz Gruzj\u0119, ale powoli, \u017ceby\u015b si\u0119 nie zad\u0142awi\u0142a.<\/span><\/p>\n<p id=\"block-id-H4xg98g_5L\" class=\"articleBodyBlock article--paragraph\" style=\"text-align: left;\"><span style=\"color: #000080;\">Cho\u0107 b\u0105d\u017amy szczerzy, s\u0105 jask\u00f3\u0142ki nadziei. Oto BBC World pochyli\u0142o si\u0119 z trosk\u0105 nad Ukrain\u0105, konkretnie nad jej rasizmem si\u0119 pochyli\u0142o. I to akurat w dniu, w kt\u00f3rym prezydent Ze\u0142enski przemawia\u0142 do Parlamentu Europejskiego, apeluj\u0105c o przyj\u0119cie Ukrainy do Unii. Taka zbie\u017cno\u015b\u0107 to, naturalnie, czysty przypadek i nie ma nic wsp\u00f3lnego z tym, \u017ce Masza przyjaci\u00f3\u0142 ma wsz\u0119dzie, a oni zawsze zrozumiej\u0105. Ba, zapewne p\u00f3jd\u0105 dalej, wszak jest na Ukrainie antysemityzm i niech nas nie zwiedzie mi\u0142o\u015b\u0107 tego narodu do Ze\u0142enskiego \u2013 dumnego \u017byda. Jest i nad Dnieprem homofobia, kt\u00f3rej nie zma\u017c\u0105 oklaski dla Vlada \u2013 ukrai\u0144skiego drag queen, kt\u00f3ry zaci\u0105gn\u0105\u0142 si\u0119 do armii. To wszystko tam jest \u2013 ca\u0142kiem serio jest \u2013 i \u015bwiatowe media ochoczo b\u0119d\u0105 to roztrz\u0105sa\u0107. W\u0142a\u015bnie teraz.<\/span><\/p>\n<div id=\"block-id-vk_if5rAU_\" class=\"articleBodyBlock excerpt--article center customHeight\">\n<div class=\"excerpt w-2\/3 sm:w-54\">\n<p class=\"title\" style=\"padding-left: 80px;\"><strong>Cho\u0107 b\u0105d\u017amy szczerzy, s\u0105 jask\u00f3\u0142ki nadziei.<br \/>\nOto BBC World pochyli\u0142o si\u0119 z trosk\u0105 nad Ukrain\u0105,<br \/>\nkonkretnie nad jej rasizmem si\u0119 pochyli\u0142o.<br \/>\nI to akurat w dniu,<br \/>\nw kt\u00f3rym prezydent Ze\u0142enski przemawia\u0142<br \/>\ndo Parlamentu Europejskiego,<br \/>\napeluj\u0105c o przyj\u0119cie Ukrainy do Unii.<br \/>\nTaka zbie\u017cno\u015b\u0107 to, naturalnie,<br \/>\nczysty przypadek i nie ma nic<br \/>\nwsp\u00f3lnego z tym, \u017ce Masza przyjaci\u00f3\u0142<br \/>\nma wsz\u0119dzie, a oni zawsze zrozumiej\u0105.<\/strong><\/p>\n<p style=\"text-align: left;\"><span style=\"color: #000080;\">Ale b\u0105d\u017amy sprawiedliwi, nie tylko Masz\u0119 wojna uwiera. Pana Mariusza te\u017c. Najbardziej go boli, \u017ce im bardziej Putin atakuje, tym lepsze s\u0105 noto-wania PiS-u, opinia o nim. \u201eW cieniu wojny w Ukrainie trwa przyspieszony proces kanonizacji PiS. Partia Kaczy\u0144skiego w zasadzie ju\u017c sta\u0142a si\u0119 \u015bwi\u0119ta&#8221; \u2013 bije na alarm w \u201ePolity-ce&#8221; Mariusz Janicki. Tym razem r\u00f3wnie\u017c nie podaje przyk\u0142ad\u00f3w, furda rzeczywisto\u015b\u0107, za wszystko starczy mu imaginacja \u2013 tak od 30 lat. C\u00f3\u017c, ob\u0142\u0105ka-nymi nieprzyjaci\u00f3\u0142mi Kaczafiego od lat prowadz\u0105cymi swe szale\u0144cze krucjaty zapchane s\u0105 media, sk\u0105din\u0105d \u0142amy \u201eRzeczpospolitej&#8221; r\u00f3wnie\u017c. Bo widzisz, Masza, ka\u017cdy ma swojego \u017cydobanderowc\u0119, z kt\u00f3rym walczy, a nasz ma na imi\u0119 Jaros\u0142aw. Tu jednak poszli\u015bmy o krok dalej, bo doprawdy, c\u00f3\u017c trzeba mie\u0107 w g\u0142owie albo raczej z g\u0142ow\u0105, by w chwili, gdy bombardowane s\u0105 bloki w Charkowie, gdy gin\u0105 dzieci w Mariupolu, zastanawia\u0107 si\u0119, jak to wp\u0142ynie na postrzeganie PiS-u? To najwa\u017cniejszy dzi\u015b temat, serio? C\u00f3\u017c, przed polsk\u0105 psychiatri\u0105 mn\u00f3stwo pracy.<\/span><\/p>\n<p id=\"block-id-7NlnJ3DEAW\" class=\"articleBodyBlock article--paragraph\" style=\"text-align: left;\"><span style=\"color: #000080;\">Tak, co poniekt\u00f3rzy akolici Kaczy\u0144skiego i teraz wykorzystuj\u0105 ten czas, by tryumfowa\u0107. \u201eA nie m\u00f3wi\u0142em?!&#8221; \u2013 che\u0142pi\u0105 si\u0119. I to prawda, maj\u0105 powo-dy, bo dzi\u015b, cho\u0107by nie wiem jak nie podoba\u0142o si\u0119 to zajad\u0142ym antykaczystom, to jemu \u015bwiat przyznaje s\u0142uszno\u015b\u0107. Nie, nie we wszystkim, ale akurat w podej\u015bciu do Rosji mia\u0142 racj\u0119. I to dzi\u015b polski premier mo\u017ce jecha\u0107 do Berlina, publicznie beszta\u0107 kanclerza Niemiec i wym\u00f3c na nim zmian\u0119 polity-ki. \u015awietnie, b\u0119dzie, drodzy akolici, czas o tym m\u00f3wi\u0107, ale teraz?! Teraz z takich rozwa\u017ca\u0144 cieszy si\u0119 tylko kremlowski Wowa.<\/span><\/p>\n<div id=\"block-id-6JBSzvZBem\" class=\"articleBodyBlock content--excerpt clear-both\" style=\"text-align: left;\">\n<div class=\"article\">\n<div class=\"flex-1\">\n<div class=\"article--featured--text \">\n<div class=\"hidden md:block\">\n<p class=\"line-clamp-2 lead--30 text-gray-50\"><span style=\"color: #000080;\">Przegrywaj\u0105, jeszcze nie w wyborach, ale w kultur\u0119 przegrywaj\u0105 po ca\u0142o\u015bci. Pal licho wysok\u0105, t\u0105 si\u0119 nikt nie przejmuje, ale w popularn\u0105 straszne b\u0119cki dostaj\u0105 nasi konserwaty\u015bci. Film\u00f3w nie zrobi\u0105, nie ma mowy, zreszt\u0105 nie ma kim, bo aktorzy nie s\u0105 mo\u017ce zbyt bystrzy, ale sw\u00f3j rozum maj\u0105 i wiedz\u0105, kogo k\u0105sa\u0107 nale\u017cy, dlatego k\u0105saj\u0105 ministra Gli\u0144skiego wraz ze wszystkim, co im si\u0119 z PiS-em kojarzy. Kas\u0119 wezm\u0105, na wycieraczk\u0119 nasikaj\u0105, tacy niewdzi\u0119cznicy.<\/span><\/p>\n<\/div>\n<\/div>\n<\/div>\n<\/div>\n<\/div>\n<p id=\"block-id-Oq01MpnSV0\" class=\"articleBodyBlock article--paragraph\" style=\"text-align: left;\"><span style=\"color: #000080;\">C\u00f3\u017c, widocznie po jednych jeste\u015bcie pieni\u0105dzach, powiedzia\u0142aby moja \u015bwi\u0119tej pami\u0119ci ciocia. I c\u00f3\u017c to za urocze combo: Janicki et consortes, \u201eWiadomo\u015bci&#8221; i Masza Zacharowa. R\u0119ce same sk\u0142adaj\u0105 si\u0119 do oklask\u00f3w.<\/span><\/p>\n<\/div>\n<\/div>\n<hr style=\"height: 15px; background: #d0e6fa; width: 100%;\">\n<div id=\"content\" class=\"content-alignment\">\n<div id=\"watch-description\" class=\"yt-uix-button-panel\">\n<div id=\"watch-description-text\" style=\"text-align: center;\">\n<p><em>Zawarto\u015b\u0107 publikowanych artyku\u0142\u00f3w i materia\u0142\u00f3w nie reprezentuje pogl\u0105d\u00f3w ani opinii Reunion&#8217;68,<\/em><em><br \/>\nani te\u017c webmastera Blogu Reunion&#8217;68, chyba ze jest to wyra\u017anie zaznaczone.<br \/>\nTwoje uwagi, linki, w\u0142asne artyku\u0142y lub wiadomo\u015bci prze\u015blij na adres:<br \/>\n<\/em><span style=\"color: #000080;\"><strong><em><a style=\"color: #000080;\" href=\"mailto:webmaster@reunion68.com\"><span style=\"text-decoration: underline;\">webmaster@reunion68.com<\/span><\/a><\/em><\/strong><\/span><\/p>\n<\/div>\n<\/div>\n<\/div>\n<hr style=\"width: 100%;\">\n","protected":false},"excerpt":{"rendered":"<p>Foto: AFP Combo pod wezwaniem Wowy Robert Mazurek Masz\u0119 co\u015b uwiera\u0142o. To by\u0142a wojna. W j\u0119zyku Maszy operacja specjalna, bo w jej kraju s\u0142owo na W jest r\u00f3wnie zakazane jak w Ameryce s\u0142owo na M. My\u015bla\u0142a wi\u0119c Maria Zacharowa, rzeczniczka Ministerstwa Spraw Zagranicznych, i wymy\u015bli\u0142a, \u017ce zachodnie media w relacjo-nowaniu rosyjskiej agresji przyjmuj\u0105 wy\u0142\u0105cznie optyk\u0119 [&hellip;]<\/p>\n","protected":false},"author":1,"featured_media":0,"comment_status":"closed","ping_status":"closed","sticky":false,"template":"","format":"standard","meta":[],"categories":[6],"tags":[26,24],"_links":{"self":[{"href":"https:\/\/www.reunion68.se\/index.php?rest_route=\/wp\/v2\/posts\/93651"}],"collection":[{"href":"https:\/\/www.reunion68.se\/index.php?rest_route=\/wp\/v2\/posts"}],"about":[{"href":"https:\/\/www.reunion68.se\/index.php?rest_route=\/wp\/v2\/types\/post"}],"author":[{"embeddable":true,"href":"https:\/\/www.reunion68.se\/index.php?rest_route=\/wp\/v2\/users\/1"}],"replies":[{"embeddable":true,"href":"https:\/\/www.reunion68.se\/index.php?rest_route=%2Fwp%2Fv2%2Fcomments&post=93651"}],"version-history":[{"count":4,"href":"https:\/\/www.reunion68.se\/index.php?rest_route=\/wp\/v2\/posts\/93651\/revisions"}],"predecessor-version":[{"id":93662,"href":"https:\/\/www.reunion68.se\/index.php?rest_route=\/wp\/v2\/posts\/93651\/revisions\/93662"}],"wp:attachment":[{"href":"https:\/\/www.reunion68.se\/index.php?rest_route=%2Fwp%2Fv2%2Fmedia&parent=93651"}],"wp:term":[{"taxonomy":"category","embeddable":true,"href":"https:\/\/www.reunion68.se\/index.php?rest_route=%2Fwp%2Fv2%2Fcategories&post=93651"},{"taxonomy":"post_tag","embeddable":true,"href":"https:\/\/www.reunion68.se\/index.php?rest_route=%2Fwp%2Fv2%2Ftags&post=93651"}],"curies":[{"name":"wp","href":"https:\/\/api.w.org\/{rel}","templated":true}]}}