{"id":93653,"date":"2022-03-06T17:09:05","date_gmt":"2022-03-06T15:09:05","guid":{"rendered":"http:\/\/www.reunion68.se\/?p=93653"},"modified":"2022-03-06T08:24:44","modified_gmt":"2022-03-06T06:24:44","slug":"13-05-74","status":"publish","type":"post","link":"https:\/\/www.reunion68.se\/?p=93653","title":{"rendered":"Uchod\u017ac\u00f3w b\u0119dzie 5 milion\u00f3w i oni, w przeciwie\u0144stwie do Irakijczyk\u00f3w, nie wyjad\u0105 do Niemiec"},"content":{"rendered":"<p style=\"text-align: center;\"><img decoding=\"async\" class=\"aligncenter\" src=\"https:\/\/bi.im-g.pl\/im\/ee\/e1\/1a\/z28185070V,Punkt-Zbiorki-Darow-dla-uchodzcow-z-Ukrainy--Pozna.jpg\" width=\"100%\" \/><span style=\"color: #808080;\"><em>Punkt Zbiorki Dar\u00f3w dla uchod\u017ac\u00f3w z Ukrainy. Pozna\u0144 MTP, 3 marca 2022 (Fot. Piotr Sk\u00f3rnicki \/ Agencja Wyborcza.pl)<\/em><\/span><\/p>\n<hr \/>\n<h5 style=\"text-align: center;\"><a href=\"https:\/\/wyborcza.pl\/\" target=\"_blank\" rel=\"noopener noreferrer\"><img decoding=\"async\" class=\"center alignleft\" src=\"http:\/\/www.reunion68.com\/Biuletyn\/img\/wyborcza-wolna.png\" alt=\"\" width=\"35%\" \/><\/a><span style=\"text-decoration: underline; color: #000080;\"><strong><a style=\"color: #000080; text-decoration: underline;\" href=\"https:\/\/wyborcza.pl\/magazyn\/7,124059,28178159,klaus-bachmann-uchodzcow-bedzie-5-milionow-i-oni-w-przeciwienstwie.html#S.main_topic_ua-K.C-B.3-L.2.duzy\" target=\"_blank\" rel=\"noopener noreferrer\">Uchod\u017ac\u00f3w b\u0119dzie 5 milion\u00f3w i oni, w przeciwie\u0144stwie do Irakijczyk\u00f3w, nie wyjad\u0105 do Niemiec<\/a><\/strong><\/span><\/h5>\n<p style=\"text-align: center;\"><span style=\"color: #000000;\"><strong>laus Bachmann<\/strong><\/span><\/p>\n<hr style=\"height: 15px; background: #d0e6fa; width: 100%;\" \/>\n<h4 style=\"text-align: center;\"><span style=\"color: #808080;\"><strong>Ukrai\u0144cy w Polsce zasil\u0105 szeregi partii lewicy i populistycznej prawicy<\/strong><\/span><\/h4>\n<p>.<\/p>\n<p class=\"art_paragraph\" style=\"text-align: left;\"><span style=\"color: #000080;\">W tydzie\u0144 przez polskie granice przesz\u0142o tylu uchod\u017ac\u00f3w, ilu przez granic\u0119 austriacko-niemieck\u0105 w miesi\u0105c jesieni\u0105 2015 roku. Tym razem nikt nie ostrzeg\u0142, \u017ce mog\u0105 przywlec zara\u017aliwe choroby, nikt nie odkry\u0142 u nich \u201edewiacji w kierunku zoofilii&#8221; i nikt ich nie uwa\u017ca za terroryst\u00f3w. Rz\u0105d Polski wpu\u015bci\u0142 wszystkich.<\/span><\/p>\n<p class=\"art_paragraph\" style=\"text-align: left;\"><span style=\"color: #000080;\">Przez Polsk\u0119 przetacza si\u0119 podobna fala entuzjazmu, \u017cyczliwo\u015bci i empatii jak jesieni\u0105 2015 przez Niemcy.<\/span><\/p>\n<h5 class=\"art_sub_title\" style=\"text-align: left;\"><strong>Sk\u0105d wzi\u0105\u0107 mieszkania dla 5 milion\u00f3w<\/strong><\/h5>\n<p class=\"art_paragraph\" style=\"text-align: left;\"><span style=\"color: #000080;\">Owo pospolite ruszenie, kt\u00f3re si\u0119 obecnie przetacza przez Polsk\u0119, niesamowicie poprawia wizerunek Polski i Polak\u00f3w na \u015bwiecie \u2013 ale z kilku powod\u00f3w jest bardzo problematyczne. Jest tak bardzo oddolne, spontaniczne i \u017cywio\u0142owe, \u017ce nie da si\u0119 tego d\u0142ugo podtrzymywa\u0107. I przez to jest te\u017c ma\u0142o skuteczne. Samorz\u0105dy wzywaj\u0105 mieszka\u0144c\u00f3w, aby robili zakupy \u017cywno\u015bci i \u015brodk\u00f3w higienicznych dla ostrzeliwanego Kijowa. Tysi\u0105ce ludzi rusza wtedy do supermarket\u00f3w, kupuje po cenach detalicznych, co si\u0119 da wynie\u015b\u0107, zawozi to tysi\u0105cami samochod\u00f3w do punkt\u00f3w zbi\u00f3rki, gdzie trzeba to ponownie przepakowa\u0107 i \u0142adowa\u0107 na ci\u0119\u017car\u00f3wki, kt\u00f3re potem przez \u015brodek miasta jad\u0105 do granicy. Gdyby samorz\u0105dy wzywa\u0142y do wp\u0142acenia na okre\u015blone konto, z kt\u00f3rego samorz\u0105d wtedy kupuje \u2013 po cenach hurtowych, ewentualnie nawet z upustem \u2013 te same towary w handlu hurtowym, za\u0142adowa\u0142 je ju\u017c odpowiednio zapakowane na ci\u0119\u017car\u00f3wki w centrach logistycznych poza miastem, Kij\u00f3w (albo inne ukrai\u0144skie miasto) otrzyma\u0142oby wi\u0119cej pomocy w kr\u00f3tszym czasie za te same pieni\u0105dze, a darczy\u0144cy mogliby swoje dary nawet odpisa\u0107 od podatku.<\/span><\/p>\n<div class=\"paywall\">\n<p class=\"art_paragraph\" style=\"text-align: left;\"><span style=\"color: #000080;\">Podobnie wygl\u0105da odbieranie uchod\u017ac\u00f3w na granicy: tysi\u0105ce kierowc\u00f3w zatyka drogi i szuka pasa\u017cer\u00f3w. Ju\u017c pojawi\u0142y si\u0119 doniesienia o pierwszych napadach na uchod\u017ac\u00f3w, kt\u00f3rzy zbyt \u0142atwowiernie wsiadali do samochod\u00f3w, i organizacje charytatywne wzywaj\u0105, aby uczciwi kierowcy kazali siebie i swoje prawo jazdy sfotografowa\u0107 pasa\u017cerom przed podr\u00f3\u017c\u0105. Pomijam, \u017ce indywidualne odbieranie w\u0142asnym samochodem jest bardzo sympatyczne, ale o niebo mniej ekonomiczne ni\u017c odbieranie uchod\u017ac\u00f3w autokarami.<\/span><\/p>\n<p class=\"art_paragraph\" style=\"text-align: left;\"><span style=\"color: #000080;\">Zamiast spo\u0142ecznych komitet\u00f3w pomocy powinien powsta\u0107 jeden centralny sztab kryzysowy z udzia\u0142em przedstawicieli samorz\u0105d\u00f3w i organizacji spo\u0142ecznych, kt\u00f3ry koordynuje ca\u0142\u0105 operacj\u0119 od momentu, kiedy kto\u015b przekracza granic\u0119, do momentu, kiedy znajduje schronienie.<\/span><\/p>\n<p class=\"art_paragraph\" style=\"text-align: left;\"><span style=\"color: #000080;\">Na zasadzie \u201epospolitego ruszenia&#8221; mo\u017cna przyjmowa\u0107 kilka tysi\u0119cy ludzi, ale nie kilkaset. Polacy s\u0105 w stanie co drugi dzie\u0144 jecha\u0107 do supermarketu i wozi\u0107 dary do punkt\u00f3w zbi\u00f3rki \u2013 ale czy b\u0119d\u0105 w stanie to robi\u0107 tygodniami i miesi\u0105cami? Wszyscy maj\u0105 rodziny, prac\u0119 i ograniczone zasoby. Innymi s\u0142owy: w obliczu takiego kryzysu pa\u0144stwo nie mo\u017ce si\u0119 ograniczy\u0107 do darmowych przejazd\u00f3w dla Ukrai\u0144c\u00f3w i do kierowania ruchem na drogach wok\u00f3\u0142 Przemy\u015bla.<\/span><\/p>\n<p class=\"art_paragraph\" style=\"text-align: left;\"><span style=\"color: #000080;\">Ju\u017c w pierwszym tygodniu walk Ukrain\u0119 opu\u015bci\u0142o prawie 900 tysi\u0119cy ludzi, wi\u0119kszo\u015b\u0107 przez Polsk\u0119. UNHCR oraz CIA szacuj\u0105, \u017ce w nast\u0119pnych tygodniach ich liczba wro\u015bnie do 5 milion\u00f3w. Czy ich te\u017c chcemy odbiera\u0107 indywidualnie i wozi\u0107 w\u0142asnymi samochodami po Polsce, aby ich umie\u015bci\u0107 w prywatnych mieszkaniach? Nie ma co liczy\u0107 \u2013 jak w 2015 roku \u2013 \u017ce i tak wszyscy jad\u0105 do Niemiec. Uchod\u017acy zawsze je\u017cd\u017c\u0105 tam, gdzie maj\u0105 krewnych i znajomych, kt\u00f3rzy mog\u0105 im pomoc, gdzie jest praca. Bogatsi mo\u017ce wylec\u0105 do Kanady i USA, ale ukrai\u0144ska klasa \u015brednia zostanie w Polsce. Dlatego warto si\u0119 zastanowi\u0107 nad czym\u015b, czego ka\u017cdy polski rz\u0105d dot\u0105d unikn\u0105\u0142 jak ognia: przyznaniem, \u017ce Polska jest krajem imigracyjnym i opracowaniem polityki integracyjnej.<\/span><\/p>\n<h5 class=\"art_sub_title\" style=\"text-align: left;\"><strong>Kto tu w og\u00f3le przyje\u017cd\u017ca?<\/strong><\/h5>\n<p class=\"art_paragraph\" style=\"text-align: left;\"><span style=\"color: #000080;\">W ostatnich latach debat\u0119 publiczn\u0105 w Polsce cechowa\u0142 podzia\u0142 na tych, kt\u00f3rzy traktowali uchod\u017ac\u00f3w i imigrant\u00f3w jako wyzwanie humanitarne, i na tych, kt\u00f3rzy traktowali ich jako potencjalne zagro\u017cenie dla bezpiecze\u0144stwa publicznego. Jedni i drudzy zazwyczaj m\u00f3wi\u0105 o nich pod jednym k\u0105tem tak samo: \u201eoni&#8221;, w przeciwie\u0144stwie do nas. Traktuj\u0105 wi\u0119c wszystkich migrant\u00f3w jako jedn\u0105 zwart\u0105 grup\u0119, cho\u0107 w przeciwie\u0144stwie do nas, kt\u00f3rzy mamy w\u0142asne pa\u0144stwo i mo\u017cemy podejmowa\u0107 kolektywne decyzje, ka\u017cdy imigrant mo\u017ce decydowa\u0107 tylko o sobie. Znikaj\u0105 w tym nazewnictwie te\u017c r\u00f3\u017cnice mi\u0119dzy lud\u017ami. Polacy te\u017c nie s\u0105 wszyscy tacy sami, to dlaczego traktujemy uchod\u017ac\u00f3w, kt\u00f3rzy cz\u0119sto pochodz\u0105 z r\u00f3\u017cnych kraj\u00f3w, jako zwart\u0105 grup\u0119?<\/span><\/p>\n<p class=\"art_paragraph\" style=\"text-align: left;\"><span style=\"color: #000080;\">W przypadku Ukrai\u0144c\u00f3w polska opinia publiczna, media, komentatorzy i politycy ju\u017c sobie poradzili. Wykszta\u0142ci\u0142 si\u0119 wyra\u017any podzia\u0142: \u201euchod\u017acami&#8221; s\u0105 ci, kt\u00f3rzy w 2015 roku przyjechali szlakiem ba\u0142ka\u0144skim, i ci, kt\u00f3rych \u0141ukaszenka zwabi\u0142 na Bia\u0142oru\u015b. To s\u0105 podejrzani ludzie, o kt\u00f3rych niewiele wiadomo, a wi\u0119c \u201eoni&#8221;. Ukrai\u0144cy, kt\u00f3rzy tak samo uciekaj\u0105 przed wojn\u0105 jak Syryjczycy i Afga\u0144czycy, nie s\u0105 uchod\u017acami. Oni w polskich mediach i wypowiedziach polityk\u00f3w (opozycji i rz\u0105du) wyst\u0119puj\u0105 jako \u201eUkrai\u0144cy&#8221;.<\/span><\/p>\n<p class=\"art_paragraph\" style=\"text-align: left;\"><span style=\"color: #000080;\">Mo\u017cna by powiedzie\u0107: dobre i to. Przecie\u017c w Polsce \u2013 i w obozie rz\u0105dz\u0105cym \u2013 by\u0142o mn\u00f3stwo ludzi j\u0105trz\u0105cych przeciwko Ukrainie i Ukrai\u0144com, kt\u00f3rzy swoje prorosyjskie pogl\u0105dy zakamuflowali jako niech\u0119\u0107 do \u201ebanderowc\u00f3w&#8221;, \u201enacjonalist\u00f3w ukrai\u0144skich&#8221;, szermuj\u0105c \u201eludob\u00f3jstwem na Wo\u0142yniu&#8221;. Problem tkwi gdzie indziej. Polacy s\u0105 narodem etnicznym. Polska jest pa\u0144stwem narodowym Polak\u00f3w. W walkach politycznych przeciwnikowi odmawia si\u0119 bycia Polakiem, je\u015bli Polak albo Polacy robili co\u015b z\u0142ego, to tych z\u0142oczy\u0144c\u00f3w wyklucza si\u0119 symbolicznie z polsko\u015bci. Przez takie etniczne okulary patrzy si\u0119 na inne kraje: w Niemczech jest Polonia albo polska mniejszo\u015b\u0107, kt\u00f3ra jest taka jak my, tylko \u017cyje na emigracji, w \u201eobcym pa\u0144stwie&#8221;. Na Ukrainie mieszka mniejszo\u015b\u0107 polska. Nie s\u0105 to obywatele ukrai\u0144scy m\u00f3wi\u0105cy (czasami) po polsku, dla Polak\u00f3w w Polsce s\u0105 to Polacy na Ukrainie. Ale Ukraina jest narodem politycznym, nie etnicznym. Po og\u0142oszeniu niepodleg\u0142o\u015bci ka\u017cdy, kto mieszka\u0142 na Ukrainie, mia\u0142 prawo do obywatelstwa; dlatego dzi\u015b mieszkaj\u0105 tam obywatele ukrai\u0144scy m\u00f3wi\u0105cy po rosyjsku, po polsku, po rumu\u0144sku, po rusi\u0144sku, po w\u0119giersku, po bu\u0142garsku, po turecku i gruzi\u0144sku. Nale\u017c\u0105 do r\u00f3\u017cnych wyzna\u0144, w\u015br\u00f3d kt\u00f3rych te\u017c s\u0105 islam i judaizm.<\/span><\/p>\n<p class=\"art_paragraph\" style=\"text-align: left;\"><span style=\"color: #000080;\">Tylko na zachodniej Ukrainie \u2013 kt\u00f3r\u0105 Polacy znaj\u0105 najlepiej \u2013 s\u0105 \u015brodowiska, kt\u00f3re lansuj\u0105 pogl\u0105d, \u017ce Ukrai\u0144cy to nar\u00f3d etniczny. Tak nie jest. Ludzie z ukrai\u0144skimi paszportami mog\u0105 by\u0107 ateistami, katolikami, prawos\u0142awnymi z r\u00f3\u017cnych patriarchat\u00f3w, mog\u0105 by\u0107 Rosjanami, kt\u00f3rych rosyjskie pociski wygna\u0142y ze swoich dom\u00f3w, mog\u0105 by\u0107 Romami, \u017bydami. Innymi s\u0142owy: mityczne \u201emulti-kulti&#8221;, kt\u00f3re si\u0119 na Zachodzie rzekomo nie sprawdzi\u0142o, teraz zawita do Polski od wschodu.<\/span><\/p>\n<h5 class=\"art_sub_title\" style=\"text-align: left;\"><strong>Uchod\u017acy nie s\u0105 biednymi ofiarami<\/strong><\/h5>\n<p class=\"art_paragraph\" style=\"text-align: left;\"><span style=\"color: #000080;\">W ka\u017cdym kraju, kt\u00f3ry ma do czynienia z imigracj\u0105, na pocz\u0105tku spieraj\u0105 si\u0119 zwolennicy otwartych granic i humanitarnego podej\u015bcia z obro\u0144cami bezpiecze\u0144stwa i porz\u0105dku. Jedni widz\u0105 w uchod\u017acach tylko biedne ofiary, drudzy &#8211; tylko zagro\u017cenie. Dopiero na nast\u0119pnym etapie ta o\u015b si\u0119 przesuwa: okazuje si\u0119, \u017ce imigranci mog\u0105 m\u00f3wi\u0107 za siebie, nie chc\u0105 by\u0107 postrzegani jako ofiary, lecz jako panowie i panie swojego losu, chc\u0105 wsp\u00f3\u0142decydowa\u0107, nie zagra\u017caj\u0105 nikomu, ale maj\u0105 w\u0142asne interesy, w\u0142asny gust i bardzo nie lubi\u0105, kiedy si\u0119 im nakazuje pokor\u0119 albo okazuje lito\u015b\u0107.<\/span><\/p>\n<p class=\"art_paragraph\" style=\"text-align: left;\"><span style=\"color: #000080;\">Okazuje si\u0119 te\u017c, \u017ce ich obecno\u015b\u0107 stwarza du\u017co konkretnych problem\u00f3w, kt\u00f3rych nie da si\u0119 zamie\u015b\u0107 pod dywan, udaj\u0105c, \u017ce \u201emy&#8221; nic nie musimy zmieni\u0107, je\u015bli tylko \u201eoni&#8221; dostosowuj\u0105 si\u0119 do nas. Wtedy okazuje si\u0119 na przyk\u0142ad, \u017ce to zwolennicy wsp\u00f3\u0142\u017cycia multikulturowego mimowolnie doprowadzaj\u0105 do gettoizacji i segregacji imigrant\u00f3w albo \u017ce konserwatywni politycy stosuj\u0105 autorytarn\u0105 polityk\u0119 imigracyjn\u0105 i liberalne metody integracji, a sami imigranci g\u0142osuj\u0105 na partie przeciwne imigracji.<\/span><\/p>\n<h5 class=\"art_sub_title\" style=\"text-align: left;\"><strong>Kiedy uchod\u017acy oddadz\u0105 sale gimnastyczne<\/strong><\/h5>\n<p class=\"art_paragraph\" style=\"text-align: left;\"><span style=\"color: #000080;\">Obecnie ca\u0142a dyskusja kr\u0119ci si\u0119 wok\u00f3\u0142 imigracji, to znaczy przyjmowania i ulokowania uchod\u017ac\u00f3w. Samorz\u0105dy umieszcz\u0105 ich w szko\u0142ach, salach gimnastycznych, budynkach komunalnych i pustych biurowcach, je\u015bli sami nie znajd\u0105 sobie mieszkania. Tam b\u0119d\u0105 materace i kuchnie polowe, a obywatele, przesi\u0105kni\u0119ci poczuciem obywatelskiego obowi\u0105zku i solidarno\u015bci z Ukrain\u0105 przynios\u0105 ubrania z drugiej r\u0119ki, gry dla dzieci i ksi\u0105\u017cki. Tak jak traktowali ofiary powodzi, tak jak samorz\u0105dy i organizacje obywatelskie zajmuj\u0105 si\u0119 migrantami na Podlasiu. Ale ofiar powodzi nie trzeba by\u0142o integrowa\u0107: oni byli obywatelami polskimi, znali j\u0119zyk, obyczaje, ich dzieci chodzi\u0142y do szko\u0142y, rodzice pracowali. Migrant\u00f3w przys\u0142anych przez \u0141ukaszenk\u0119 te\u017c integrowa\u0107 nie trzeba, absolutna wi\u0119kszo\u015b\u0107 jest ju\u017c w Niemczech, cz\u0119\u015b\u0107 zosta\u0142a \u201ezawr\u00f3cona&#8221; na Bia\u0142oru\u015b, liczba pozosta\u0142ych jest zbyt ma\u0142a, aby sk\u0142oni\u0107 w\u0142adze do opracowania polityki integracyjnej. Z Ukrai\u0144cami tak si\u0119 nie da.<\/span><\/p>\n<h5 class=\"art_sub_title\" style=\"text-align: left;\"><strong>Rosja we\u017amie odwet za partyzant\u00f3w?<\/strong><\/h5>\n<p class=\"art_paragraph\" style=\"text-align: left;\"><span style=\"color: #000080;\">Wyobra\u017camy sobie \u2013 i zwykli ludzie, i w\u0142adze &#8211; \u017ce to imigranci potrzebuj\u0105 polityki integracyjnej. Nic bardziej b\u0142\u0119dnego: to spo\u0142ecze\u0144stwu przyjmuj\u0105cemu polityka integracyjna jest potrzebna, aby rozwi\u0105za\u0107 konflikty i korzystnie zarz\u0105dza\u0107 imigracj\u0105. Wida\u0107 to ju\u017c na samym pocz\u0105tku. Kiedy uczniowie, nauczyciele i kluby sportowe b\u0119d\u0105 mog\u0142y wr\u00f3ci\u0107 do tych budynk\u00f3w, kt\u00f3re samorz\u0105dy szykuj\u0105 dla Ukrai\u0144c\u00f3w? Na ile urz\u0105d ds. cudzoziemc\u00f3w i urz\u0119dy wojew\u00f3dzkie zosta\u0142y finansowo i kadrowo wzmocnione, aby procedowa\u0107 wnioski o azyl, ochron\u0119, wizy humanitarne, prawo pobytu dla takiej rzeszy ludzi? To mi\u0142o, \u017ce UE wygrzeba\u0142a stare rozporz\u0105dzenie z czas\u00f3w wojny w Jugos\u0142awii, kt\u00f3re pozwala Ukrai\u0144com zosta\u0107 w Unii przez rok bez z\u0142o\u017cenia wniosku o ochron\u0119 albo azyl. A potem? Rosja \u0107wiczy\u0142a kolejne fazy wojny w Syrii. Wojna tam trwa ju\u017c 11. rok. Naprawd\u0119 mo\u017cemy zak\u0142ada\u0107, \u017ce po roku Ukrai\u0144cy wr\u00f3c\u0105 do siebie? Nadal b\u0119d\u0105 koczowa\u0107 w szko\u0142ach, czekaj\u0105c na decyzje administracyjne?<\/span><\/p>\n<p class=\"art_paragraph\" style=\"text-align: left;\"><span style=\"color: #000080;\">Czasami integracja jest wr\u0119cz niemo\u017cliwa, bo ludzi jest za du\u017co, rynek pracy jest za ma\u0142o elastyczny albo niech\u0119\u0107 lokalnej ludno\u015bci zbyt du\u017ca. Wtedy uchod\u017acy zostaj\u0105 latami w obozach, cz\u0119\u015b\u0107 w\u0119druje do innych kraj\u00f3w albo tworzy zbrojne ugrupowania, kt\u00f3re przenikaj\u0105 przez granic\u0119 do ojczyzny. To scenariusz na rozszerzenie wojny na Polsk\u0119, na wywo\u0142anie kontratak\u00f3w na takie obozy. Z tego powodu &#8211; zbyt du\u017cej liczby niedaj\u0105cych si\u0119 integrowa\u0107 i cz\u0119\u015bciowo uzbrojonych uchod\u017ac\u00f3w w krajach s\u0105siednich &#8211; wybuch\u0142a pierwsza wojna o Kongo pod koniec lat 80., kt\u00f3ra poch\u0142on\u0119\u0142a miliony ofiar. R\u00f3wnie\u017c z tego powodu integracja le\u017cy bardziej w naszym ni\u017c w Ukrai\u0144c\u00f3w interesie.<\/span><\/p>\n<h5 class=\"art_sub_title\" style=\"text-align: left;\"><strong>Uchod\u017acy nie chc\u0105 mieszka\u0107 w getcie<\/strong><\/h5>\n<p class=\"art_paragraph\" style=\"text-align: left;\"><span style=\"color: #000080;\">Kolejna pomy\u0142ka w polskich debatach to przekonanie, \u017ce getta mieszkaniowe, jakie powsta\u0142y na przedmie\u015bciach francuskich miast i w niekt\u00f3rych dzielnicach Sztokholmu, Kolonii, Berlina i Brukseli, to skutki b\u0142\u0119dnej polityki imigracyjnej i liberalnego podej\u015bcia do integracji pa\u0144stw gospodarzy. Nie &#8211; we Francji i Belgii s\u0105 one przede wszystkim skutkiem dekolonizacji, a wsz\u0119dzie \u2013 w Niemczech i Szwecji te\u017c \u2013 b\u0142\u0119dnej polityki spo\u0142ecznej i mieszkaniowej. Ludzie, kt\u00f3rzy mieszkaj\u0105 w wielkiej p\u0142ycie w niemal zamkni\u0119tych dzielnicach, gdzie panuje du\u017ce bezrobocie, przest\u0119pczo\u015b\u0107 i bieda, w przewa\u017caj\u0105cej wi\u0119kszo\u015bci nie przyjechali tam jako uchod\u017acy, lecz jako imigranci zarobkowi albo po to, aby korzysta\u0107 ze \u015bwiadcze\u0144. To pierwsze jest skutkiem dekolonizacji (ludziom z dawnych kolonii \u0142atwiej jest przyjecha\u0107 w ramach \u201e\u0142\u0105czenia rodzin&#8221; do dawnych centr\u00f3w kolonialnych), to drugie dotyczy albo ludzi, kt\u00f3rzy s\u0105 ju\u017c obywatelami danego kraju (we Francji i w Niemczech) albo obywatelami z innych kraj\u00f3w Unii (np. Bu\u0142garii, Rumunii i Polski) kt\u00f3rzy mog\u0105 swobodnie i bez wiz przekracza\u0107 wewn\u0119trzne granice i korzysta\u0107 z cz\u0119\u015bci \u015bwiadcze\u0144 w innych krajach UE. Dla nich biedne dzielnice z niskimi czynszami s\u0105 atrakcyjne, bo pozwalaj\u0105 oszcz\u0119dza\u0107 i wysy\u0142a\u0107 cz\u0119\u015b\u0107 zarobk\u00f3w do domu. A lepsze wynagrodzenie nie rozwi\u0105zuje problemu, bo beneficjenci podwy\u017cki po prostu wi\u0119cej przekazuj\u0105 do domu, ale nadal zostaj\u0105 tam, gdzie jest biednie, ale tanio. Natomiast uciekaj\u0105cym przed wojn\u0105 i prze\u015bladowaniami na pocz\u0105tku swojego pobytu nie wolno legalnie pracowa\u0107, \u015bwiadczenia spo\u0142eczne dla nich s\u0105 skrajne niskie i kiedy ju\u017c maj\u0105 uregulowany status, interesuje ich przede wszystkim awans spo\u0142eczny, a nie trwanie w tanich, zdezelowanych mieszkaniach w najgorszych dzielnicach.<\/span><\/p>\n<p class=\"art_paragraph\" style=\"text-align: left;\"><span style=\"color: #000080;\">Ale dylemat, gdzie umie\u015bci\u0107 du\u017c\u0105 liczb\u0119 uchod\u017ac\u00f3w, i tak si\u0119 pojawi.<\/span><\/p>\n<p class=\"art_paragraph\" style=\"text-align: left;\"><span style=\"color: #000080;\">Poniewa\u017c w Niemczech wie\u015b si\u0119 wyludnia, a osiedlanie zwartych grup uchod\u017ac\u00f3w w miastach grozi\u0142o tworzeniem gett, w\u0142adze w 2015 roku du\u017co uchod\u017ac\u00f3w osiedla\u0142y w ma\u0142ych miastach, gdzie by\u0142o wi\u0119cej tanich mieszka\u0144, a mo\u017cliwo\u015bci tworzenia gett nie ma. Mo\u017cna to robi\u0107, je\u015bli jest wystarczaj\u0105co du\u017co ofert pracy na prowincji, bo z niemieckich wsi te\u017c jest trudno doje\u017cd\u017ca\u0107 do wi\u0119kszych miast, a bez pracy integracji nie ma. Z tego wzgl\u0119du warto rozwa\u017cy\u0107, czy wobec Ukrai\u0144c\u00f3w nie znie\u015b\u0107 zakazu pracy dla ubiegaj\u0105cych si\u0119 o ochron\u0119 w trakcie post\u0119powania przed UdsC \u2013 robi\u0142a to na przyk\u0142ad Szwecja. To bardzo przyspiesza integracj\u0119 autentycznych uchod\u017ac\u00f3w, ale jednocze\u015bnie przyci\u0105ga te\u017c ludzi, kt\u00f3rzy sk\u0142adaj\u0105 wnioski o ochron\u0119 tylko po to, aby m\u00f3c legalnie pracowa\u0107 i kt\u00f3rzy s\u0142usznie licz\u0105, \u017ce przeci\u0105\u017cony UdsC nie b\u0119dzie w stanie ich wniosk\u00f3w szybko odrzuci\u0107.<\/span><\/p>\n<h5 class=\"art_sub_title\" style=\"text-align: left;\"><strong>Kto b\u0119dzie uczy\u0142 ukrai\u0144skie dzieci<\/strong><\/h5>\n<p class=\"art_paragraph\" style=\"text-align: left;\"><span style=\"color: #000080;\">Dzieci imigrant\u00f3w musz\u0105 chodzi\u0107 do szko\u0142y, a to nie jest tylko kwestia transportu i egzekwowania obowi\u0105zku szkolnego, to przede wszystkim kwestia uznawalno\u015bci \u015bwiadectw, oferty kurs\u00f3w j\u0119zykowych i przygotowania nauczycieli do tego, \u017ce w wieloetnicznej klasie prowadzi si\u0119 inn\u0105 dydaktyk\u0119 ni\u017c w jednorodnej. Obecne radykalne pr\u00f3by centralizacji szkolnictwa, wyrugowania organizacji spo\u0142ecznych z klas i przekszta\u0142cenia szk\u00f3\u0142 w pasmo transmisyjne rz\u0105du do przekazywania z g\u00f3ry na d\u00f3\u0142 archaicznych tre\u015bci patriotycznych ju\u017c w\u015br\u00f3d Polak\u00f3w budzi spore niepokoje. Gdy w klasie co czwarty ucze\u0144 b\u0119dzie z Ukrainy, opowiadanie mu u Bohunie, konfliktach polsko-ukrai\u0144skich, Wo\u0142yniu i katechizmie Ko\u015bcio\u0142a katolickiego to program rozkr\u0119cania antagonizm\u00f3w narodowo\u015bciowych. Dobrze, \u017ce prezydent Duda zawetowa\u0142 &#8220;lex Czarnek&#8221;. Bez organizacji pozarz\u0105dowych integracja ukrai\u0144skich uczni\u00f3w by\u0142aby jeszcze trudniejsza.<\/span><\/p>\n<p class=\"art_paragraph\" style=\"text-align: left;\"><span style=\"color: #000080;\">Od wymiaru ideologicznego jeszcze wa\u017cniejszy jest przyziemny fakt, \u017ce nowi przybysze w \u0142awach szkolnych nieco gorzej b\u0119d\u0105 m\u00f3wi\u0107 i pisa\u0107 po polsku ni\u017c ich koledzy i kole\u017canki. W krajach, gdzie rodzice mog\u0105 swobodnie wybiera\u0107 szko\u0142y, mo\u017ce to mie\u0107 fatalne skutki. Nawet najbardziej przyja\u017ani wobec \u201eobcych&#8221; i idealizuj\u0105cy wsp\u00f3\u0142\u017cycie wielokulturowe rodzice b\u0119d\u0105 si\u0119 obawia\u0107, \u017ce szko\u0142a, aby da\u0107 r\u00f3wne szanse dzieciom imigrant\u00f3w, zani\u017ca poziom dla ich pociech i z obawy, \u017ce to mo\u017ce kiedy\u015b szkodzi\u0107 ich dzieciom na kolejnych etapach edukacji i na rynku pracy, przenios\u0105 je do szk\u00f3\u0142 z mniejszym odsetkiem imigrant\u00f3w. W ten spos\u00f3b, niechc\u0105cy, powstaj\u0105 szkolne getta i szanse edukacyjne dzieci uchod\u017ac\u00f3w jeszcze bardziej spadaj\u0105. Nie dlatego, \u017ce \u201eimigranci si\u0119 nie integruj\u0105&#8221;, lecz dlatego, \u017ce ich sympatycy bardziej ni\u017c o wielokulturowo\u015b\u0107 dbaj\u0105 o szanse w\u0142asnych dzieci. Mo\u017cna temu zapobiec, ograniczaj\u0105c wolno\u015b\u0107 wyboru szko\u0142y \u2013 lecz wtedy rodzice b\u0119d\u0105 w\u015bciekli na rz\u0105d, nie na imigrant\u00f3w.<\/span><\/p>\n<h5 class=\"art_sub_title\" style=\"text-align: left;\"><strong>Ukrainiec musi z czego\u015b \u017cy\u0107<\/strong><\/h5>\n<p class=\"art_paragraph\" style=\"text-align: left;\"><span style=\"color: #000080;\">Naj\u0142atwiej integracja przebiega na rynku pracy. Obecny brak r\u0105k do pracy w krajach, gdzie ju\u017c obecnie jest du\u017co Ukrai\u0144c\u00f3w, sprzyja integracji, inaczej ni\u017c w przypadku wojny w Jugos\u0142awii, kiedy uchod\u017acy trafili do kraj\u00f3w z wysokim bezrobociem. Mo\u017cna w\u0105tpi\u0107, czy polski rynek jest w stanie wch\u0142on\u0105\u0107 kilka milion\u00f3w ludzi naraz, ale problem jest mniejszy ni\u017c w czasach, kiedy bezrobocie w Polsce wynosi\u0142o 10 lub wi\u0119cej procent.<\/span><\/p>\n<p class=\"art_paragraph\" style=\"text-align: left;\"><span style=\"color: #000080;\">Ukrai\u0144cy w Polsce dot\u0105d pracowali w zawodach, gdzie ich prawie nie by\u0142o wida\u0107: w us\u0142ugach, rolnictwie. I cho\u0107 przybywa\u0142o np. informatyk\u00f3w, pa\u0144stwo mog\u0142o udawa\u0107, \u017ce Ukrai\u0144c\u00f3w nie ma, Polska jest nadal krajem monoetnicznym i nie ma potrzeby tworzenia akt\u00f3w prawnych zapobiegaj\u0105cych dyskryminacji i zapewniaj\u0105cych udzia\u0142 przedstawicieli ukrai\u0144skich imigrant\u00f3w w administracyjnych procesach decyzyjnych. W wielu innych krajach te\u017c tego nie ma &#8211; tam imigranci-pracownicy po prostu wchodz\u0105 w sk\u0142ad miejscowych zwi\u0105zk\u00f3w zawodowych i w ten spos\u00f3b uczestnicz\u0105 w negocjacjach z rz\u0105dem, z pracodawcami i samorz\u0105dami.<\/span><\/p>\n<p class=\"art_paragraph\" style=\"text-align: left;\"><span style=\"color: #000080;\">Ale to funkcjonuje w krajach opartych na politycznej definicji narodu, gdzie obywatelem zostaje ten, kt\u00f3ry tego chce i podziela pewne warto\u015bci. Ukrai\u0144cy trafiaj\u0105 do kraju, gdzie wi\u0119kszo\u015b\u0107 wi\u0105\u017ce etniczne pochodzenie z obywatelstwem i gdzie rz\u0105d w ostatnich latach robi\u0142 co w swojej mocy, aby umocni\u0107 przekonanie, \u017ce Polakiem jest tylko ten, kt\u00f3ry ma polskie pochodzenie. Dlatego ukrai\u0144scy pracownicy zacz\u0119li tworzy\u0107 ukrai\u0144ski zwi\u0105zek zawodowy, dlatego za par\u0119 lat mo\u017cemy te\u017c mie\u0107 parti\u0119 Ukrai\u0144c\u00f3w w Polsce.<\/span><\/p>\n<h5 class=\"art_sub_title\" style=\"text-align: left;\"><strong>Imigranci g\u0142osuj\u0105 nawet bez praw wyborczych<\/strong><\/h5>\n<p class=\"art_paragraph\" style=\"text-align: left;\"><span style=\"color: #000080;\">W Niemczech Turcy, muzu\u0142manie, Arabowie i Polacy nie uczestnicz\u0105 czynnie w polityce, jest tam tylko jedna grupa etniczna b\u0119d\u0105ca jednocze\u015bnie komitetem wyborczym &#8211; to Zwi\u0105zek Wyborc\u00f3w Po\u0142udniowego Szlezwiku, kt\u00f3ry reprezentuje interesy mniejszo\u015bci du\u0144skiej w parlamencie regionalnym Szlezwiku-Holsztyna. W polityce bardzo czynnie uczestnicz\u0105 natomiast \u2013 w ramach og\u00f3lnokrajowych partii &#8211; obywatele niemieccy arabskiego, tureckiego, ira\u0144skiego, brytyjskiego, w\u0142oskiego, polskiego i greckiego pochodzenia. Podobnie we Francji i w Stanach Zjednoczonych. Imigranci \u2013 kiedy ju\u017c maj\u0105 obywatelstwo \u2013 g\u0142osuj\u0105 inaczej ni\u017c wi\u0119kszo\u015b\u0107, cho\u0107 niekoniecznie tak, jak oczekuje opinia publiczna. Wielu obserwator\u00f3w w Stanach my\u015bla\u0142o, \u017ce imigranci z po\u0142udnia, przewa\u017cnie katoliccy, b\u0119d\u0105 g\u0142osowa\u0107 na Demokrat\u00f3w, poniewa\u017c ich polityka bardziej sprzyja imigracji i szanuje odmienno\u015bci. Ale wdzi\u0119czno\u015b\u0107 nie jest kryterium, wed\u0142ug kt\u00f3rego wyborcy rozdzielaj\u0105 g\u0142osy. W pierwszym pokoleniu imigranci cz\u0119sto g\u0142osuj\u0105 na partie lewicowe, bo zale\u017c\u0105 bardziej od pomocy pa\u0144stwa i redystrybucji ni\u017c p\u00f3\u017aniej, kiedy maj\u0105 ju\u017c w\u0142asne biznesy i miejsca pracy. Dzieci imigrant\u00f3w g\u0142osuj\u0105 tak jak wi\u0119kszo\u015b\u0107: je\u015bli maj\u0105 w\u0142asne biznesy, to na partie liberalne i konserwatywne, je\u015bli pracuj\u0105 w administracji albo s\u0105 bezrobotni, to g\u0142osuj\u0105 na lewic\u0119. Niespodzianki si\u0119 zdarzaj\u0105: masowe odej\u015bcie latynoskich wyborc\u00f3w od Demokrat\u00f3w w wyborach prezydenckich 2020 roku by\u0142o tak\u0105 niespodziank\u0105 w Stanach, podobnie jak du\u017ce poparcie, jakim si\u0119 cieszy Erdogan w\u015br\u00f3d tych Niemc\u00f3w tureckiego pochodzenia, kt\u00f3rzy zachowali obywatelstwo tureckie. S\u0105dz\u0105c po strukturze ukrai\u0144skiego krajobrazu partyjnego, Ukrai\u0144cy w Polsce, kiedy zyskuj\u0105 prawa wyborcze, raczej b\u0119d\u0105 zasila\u0107 szeregi partii lewicy i populistycznej prawicy, bo s\u0105 one tak samo sceptyczne wobec rynku i proredystrybucyjne jak wi\u0119kszo\u015b\u0107 partii w Werchownej Radzie.<\/span><\/p>\n<p class=\"art_paragraph\" style=\"text-align: left;\"><span style=\"color: #000080;\">Jedna z najcz\u0119stszych pomy\u0142ek w debatach o integracji polega na za\u0142o\u017ceniu, \u017ce imigrantom wystarczy nie dawa\u0107 obywatelstwa, aby unikn\u0105\u0107 problemu z ich zaanga\u017cowaniem politycznym. To te\u017c si\u0119 zwraca przeciwko \u201erodzimej&#8221; ludno\u015bci. Je\u015bli imigranci nie mog\u0105 wp\u0142ywa\u0107 na polityk\u0119, oddaj\u0105c g\u0142os, je\u015bli partie nie reprezentuj\u0105 ich interes\u00f3w, to przeforsuj\u0105 swoje interesy innymi kana\u0142ami: przez grupy nacisku, zwi\u0105zki zawodowe, wyznaniowe albo poprzez masowe odwo\u0142ywanie si\u0119 do s\u0105d\u00f3w. Dylemat polega wi\u0119c tylko na tym, czy Ukrai\u0144cy mog\u0105 by\u0107 pos\u0142ami (i Ukrai\u0144cy g\u0142osowa\u0107 na innych Ukrai\u0144c\u00f3w), czy te\u017c ukrai\u0144skie grupy nacisku b\u0119d\u0105 realizowa\u0107 swoje interesy za pomoc\u0105 przyjaznych wobec nich polskich pos\u0142\u00f3w (i Ukrai\u0144cy b\u0119d\u0105 wtedy g\u0142osowa\u0107 na proukrai\u0144skich Polak\u00f3w). Wp\u0142yw na polityk\u0119 i na kszta\u0142t legislacji i tak b\u0119d\u0105 mieli.<\/span><\/p>\n<h5 class=\"art_sub_title\" style=\"text-align: left;\"><strong>PiS zamiecie problem pod wolny rynek<\/strong><\/h5>\n<p class=\"art_paragraph\" style=\"text-align: left;\"><span style=\"color: #000080;\">Te dylematy mo\u017cna rozwi\u0105za\u0107 w dwojaki spos\u00f3b: mo\u017cna je zostawi\u0107 rynkowi i ich nie uregulowa\u0107. Rz\u0105d, kt\u00f3ry udaje (jak na przyk\u0142ad rz\u0105dy Kohla w Niemczech albo PiS w Polsce), \u017ce imigracji nie ma, nie musi wtedy zmieni\u0107 polityki. Tak zachowuj\u0105 si\u0119 najcz\u0119\u015bciej partie niech\u0119tne wobec imigracji, czyli konserwatywne i populistyczne. Imigranci sami szukaj\u0105 sobie pracy, sami decyduj\u0105, gdzie chc\u0105 mieszka\u0107, u\u017cywaj\u0105 swojej si\u0142y nabywczej i swoich organizacji do wymuszenia uznania dla ich praw i dla ich j\u0119zyka. W ten spos\u00f3b Stany Zjednoczone sta\u0142y si\u0119 dwuj\u0119zyczne i z wielu us\u0142ug zdominowanych przez Latynos\u00f3w bia\u0142y, protestancki Amerykanin mo\u017ce korzysta\u0107 tylko, je\u015bli zna hiszpa\u0144ski.<\/span><\/p>\n<p class=\"art_paragraph\" style=\"text-align: left;\"><span style=\"color: #000080;\">Lewica woli podej\u015bcie bardziej pa\u0144stwocentryczne i biurokratyczne. To pa\u0144stwo dba o prawa imigrant\u00f3w za pomoc\u0105 ustaw i rozbudowanej biurokracji. Wtedy o pozycji poszczeg\u00f3lnego imigranta nie decyduje si\u0142a nabywcza jego wsp\u00f3lnoty, lecz jego znajomo\u015b\u0107 prawa i sie\u0107 jego kontakt\u00f3w. Wtedy kraj te\u017c mo\u017ce si\u0119 sta\u0107 dwuj\u0119zyczny, ale na podstawie tak skomplikowanych regulacji jak w Belgii. W\u00f3wczas nie uczymy si\u0119 ukrai\u0144skiego dlatego, \u017ce wsz\u0119dzie spotykamy Ukrai\u0144c\u00f3w i chcemy im co\u015b sprzeda\u0107, lecz dlatego, \u017ce rz\u0105d wprowadzi\u0142 ukrai\u0144ski do szk\u00f3\u0142, a samorz\u0105dy dwuj\u0119zyczne nazwy ulic.<\/span><\/p>\n<p class=\"art_paragraph\" style=\"text-align: left;\"><span style=\"color: #000080;\">\u0141atwo przewidzie\u0107, jak to b\u0119dzie wygl\u0105da\u0107 w Polsce, gdzie ju\u017c bez \u017cadnej regulacji ustawowej bankomaty, banki, strony internetowe, sklepy, punkty us\u0142ugowe og\u0142aszaj\u0105 si\u0119 po ukrai\u0144sku i rosyjsku. W tym zakresie te\u017c wszystko b\u0119dzie polega\u0107 na pospolitym ruszeniu, na oddolnych inicjatywach i na prawach rynku, a pa\u0144stwo b\u0119dzie sta\u0142o obok i si\u0119 przygl\u0105da\u0142o. Dzi\u0119ki temu rz\u0105d b\u0119dzie m\u00f3g\u0142 udawa\u0107, \u017ce Polska nie jest krajem imigracyjnym, \u017ce \u201emulti-kulti&#8221; to mrzonka liberalnych elit i \u017ce integracja Ukrai\u0144c\u00f3w ma polega\u0107 na ich asymilacji.<\/span><\/p>\n<p class=\"art_paragraph\" style=\"text-align: left;\"><span style=\"color: #000080;\">I po kilku latach b\u0119dzie si\u0119 dziwi\u0107, \u017ce mamy w Polsce partie ukrai\u0144skie, ukrai\u0144skie zwi\u0105zki zawodowe, ukrai\u0144skie kluby sportowe, dzielnice ukrai\u0144skie, a nauczycieli, urz\u0119dnik\u00f3w i policjant\u00f3w m\u00f3wi\u0105cych po ukrai\u0144sku nie ma.<\/span><\/p>\n<hr \/>\n<p class=\"art_paragraph\" style=\"text-align: left;\"><span style=\"color: #808080;\"><i><b>Klaus Bachmann\u00a0<\/b>\u2013 politolog, historyk, publicysta, profesor nauk spo\u0142ecznych Uniwersytetu SWPS<\/i><\/span><\/p>\n<\/div>\n<hr style=\"height: 15px; background: #d0e6fa; width: 100%;\" \/>\n<div id=\"content\" class=\"content-alignment\">\n<div id=\"watch-description\" class=\"yt-uix-button-panel\">\n<div id=\"watch-description-text\" style=\"text-align: center;\">\n<p><em>Zawarto\u015b\u0107 publikowanych artyku\u0142\u00f3w i materia\u0142\u00f3w nie reprezentuje pogl\u0105d\u00f3w ani opinii Reunion&#8217;68,<\/em><em><br \/>\nani te\u017c webmastera Blogu Reunion&#8217;68, chyba ze jest to wyra\u017anie zaznaczone.<br \/>\nTwoje uwagi, linki, w\u0142asne artyku\u0142y lub wiadomo\u015bci prze\u015blij na adres:<br \/>\n<\/em><span style=\"color: #000080;\"><strong><em><a style=\"color: #000080;\" href=\"mailto:webmaster@reunion68.com\"><span style=\"text-decoration: underline;\">webmaster@reunion68.com<\/span><\/a><\/em><\/strong><\/span><\/p>\n<\/div>\n<\/div>\n<\/div>\n<hr style=\"width: 100%;\" \/>\n","protected":false},"excerpt":{"rendered":"<p>Punkt Zbiorki Dar\u00f3w dla uchod\u017ac\u00f3w z Ukrainy. Pozna\u0144 MTP, 3 marca 2022 (Fot. Piotr Sk\u00f3rnicki \/ Agencja Wyborcza.pl) Uchod\u017ac\u00f3w b\u0119dzie 5 milion\u00f3w i oni, w przeciwie\u0144stwie do Irakijczyk\u00f3w, nie wyjad\u0105 do Niemiec laus Bachmann Ukrai\u0144cy w Polsce zasil\u0105 szeregi partii lewicy i populistycznej prawicy . W tydzie\u0144 przez polskie granice przesz\u0142o tylu uchod\u017ac\u00f3w, ilu przez [&hellip;]<\/p>\n","protected":false},"author":1,"featured_media":0,"comment_status":"closed","ping_status":"closed","sticky":false,"template":"","format":"standard","meta":[],"categories":[6],"tags":[26,24],"_links":{"self":[{"href":"https:\/\/www.reunion68.se\/index.php?rest_route=\/wp\/v2\/posts\/93653"}],"collection":[{"href":"https:\/\/www.reunion68.se\/index.php?rest_route=\/wp\/v2\/posts"}],"about":[{"href":"https:\/\/www.reunion68.se\/index.php?rest_route=\/wp\/v2\/types\/post"}],"author":[{"embeddable":true,"href":"https:\/\/www.reunion68.se\/index.php?rest_route=\/wp\/v2\/users\/1"}],"replies":[{"embeddable":true,"href":"https:\/\/www.reunion68.se\/index.php?rest_route=%2Fwp%2Fv2%2Fcomments&post=93653"}],"version-history":[{"count":9,"href":"https:\/\/www.reunion68.se\/index.php?rest_route=\/wp\/v2\/posts\/93653\/revisions"}],"predecessor-version":[{"id":93669,"href":"https:\/\/www.reunion68.se\/index.php?rest_route=\/wp\/v2\/posts\/93653\/revisions\/93669"}],"wp:attachment":[{"href":"https:\/\/www.reunion68.se\/index.php?rest_route=%2Fwp%2Fv2%2Fmedia&parent=93653"}],"wp:term":[{"taxonomy":"category","embeddable":true,"href":"https:\/\/www.reunion68.se\/index.php?rest_route=%2Fwp%2Fv2%2Fcategories&post=93653"},{"taxonomy":"post_tag","embeddable":true,"href":"https:\/\/www.reunion68.se\/index.php?rest_route=%2Fwp%2Fv2%2Ftags&post=93653"}],"curies":[{"name":"wp","href":"https:\/\/api.w.org\/{rel}","templated":true}]}}