{"id":93676,"date":"2022-03-07T17:05:32","date_gmt":"2022-03-07T15:05:32","guid":{"rendered":"http:\/\/www.reunion68.se\/?p=93676"},"modified":"2022-03-07T14:05:21","modified_gmt":"2022-03-07T12:05:21","slug":"14-05-80","status":"publish","type":"post","link":"https:\/\/www.reunion68.se\/?p=93676","title":{"rendered":"IDF to End Holocaust Delegations to Poland, Chooses Lithuania Instead"},"content":{"rendered":"<p>h5 style=&#8221;text-align: center;&#8221;&gt;<a href=\"underline;\" target=\"_blank\" rel=\"noopener noreferrer\"><img decoding=\"async\" class=\"center alignleft\" src=\"http:\/\/www.reunion68.com\/Biuletyn\/img\/j-press.png\" alt=\"\" width=\"35%\" \/><\/a><span style=\"text-decoration: underline; color: #000080;\"><span><strong><a style=\"color: #000080; text-decoration: underline;\" href=\"https:\/\/www.jewishpress.com\/news\/jewish-news\/holocaust\/idf-to-end-holocaust-delegations-to-poland-chooses-lithuania-instead\/2022\/03\/07\/\" target=\"_blank\" rel=\"noopener noreferrer\">IDF to End Holocaust Delegations to Poland, Chooses Lithuania Instead<\/a><\/strong><\/span><\/span><\/p>\n<p style=\"text-align: center;\"><span style=\"color: #000000;\"><strong>Yoav Limor<\/strong><\/span><\/p>\n<hr style=\"height: 15px; background: #d0e6fa; width: 100%;\" \/>\n<p style=\"text-align: center;\"><img decoding=\"async\" class=\"aligncenter\" src=\"https:\/\/www.jewishpress.com\/wp-content\/uploads\/IDF-in-Auschwitz-Poland-696x392.jpg\" width=\"100%\" \/><span style=\"color: #808080;\"><em>An IDF delegation at Auschwitz, Poland.<\/em><\/span><\/p>\n<p style=\"text-align: left;\"><span style=\"color: #808080;\">(Israel Hayom via JNS)<\/span>\u00a0<span style=\"color: #000080;\"> In a decision that could undermine already strained relations with Warsaw, the Israel Defense Forces will no longer send delegations to Poland to learn about the Holocaust. Instead, officer delegations will visit Lithuania, in a decision that has also drawn criticism.<\/span><\/p>\n<p style=\"text-align: left;\"><span style=\"color: #000080;\">Named \u201cWitnesses in Uniform,\u201d the project began around two decades ago as a Holocaust remembrance program for military personnel. Within its framework, career officers and commanders, reserve soldiers, family members of fallen soldiers and Holocaust survivors comprise delegations that visit the sites of death camps in Poland and participate in memorial services.<\/span><\/p>\n<p style=\"text-align: left;\"><span style=\"color: #000080;\">Throughout the years, the IDF has sent hundreds of these delegations to Poland. Other security agencies, including the Israel Police, Israel Security Agency (Shin Bet), Israel Prison Service and others have joined the initiative and have sent similar delegations.<\/span><\/p>\n<p style=\"text-align: left;\"><span style=\"color: #000080;\">Over the past two years, however, all delegations from Israel to Poland were frozen due to the COVID pandemic, including high-school delegations organized by the Israeli Education Ministry. Every attempt to renew the initiative, meanwhile, was upended by a new wave of the coronavirus.<\/span><\/p>\n<div class=\"jeg_ad jeg_ad_article jnews_content_inline_2_ads \">\n<div class=\"ads-wrapper align-center \">\n<p class=\"_99712\" style=\"text-align: left;\"><span style=\"color: #000080;\">As stated, the IDF recently decided to relaunch the program but will send its delegations to Lithuania instead of Poland. The move stunned many inside and outside the IDF, both due to the unilateral nature of the decision and because of the choice of alternative destination.<\/span><\/p>\n<p style=\"text-align: left;\"><span style=\"color: #000080;\">IDF officials gave varying explanations for the decision. One explanation pertains to difficulties in coordinating the renewal of the program with the Poles, amid the ongoing diplomatic crisis between the countries. The second, more relevant, explanation is that the IDF is falling in step with the Israeli Foreign Ministry, which is waging a harsh diplomatic battle with Poland over the Polish government\u2019s policies and new laws it has passed, which Foreign Minister Yair Lapid has slammed as \u201cbordering on Holocaust denial.\u201d<\/span><\/p>\n<p style=\"text-align: left;\"><span style=\"color: #000080;\">Lapid was largely taking aim at Polish legislation that restricts the rights of Holocaust survivors or their descendants to reclaim property seized by the country\u2019s former communist regime. Consequently, both countries have recalled their respective ambassadors.<\/span><\/p>\n<p style=\"text-align: left;\"><span style=\"color: #000080;\">However, the ministry\u2019s position was never approved as official government policy, and no formal decision was taken that would require the delegations to Poland to be canceled.<\/span><\/p>\n<p style=\"text-align: left;\"><span style=\"color: #000080;\">\u201cSomeone is confused here,\u201d said one senior IDF official. \u201cYes, relations with Poland have been sputtering politically and diplomatically for quite some time, but the army is not independent, to make such a decision on its own. This is not a military decision. This needs to be a political decision, made by the government or at the very least the Defense Ministry.\u201d<\/span><\/p>\n<p style=\"text-align: left;\"><span style=\"color: #000080;\">He added: \u201cThe Holocaust happened in Poland. It would have been better to wait for a solution, instead of going somewhere else. It\u2019s just not serious conduct.\u201d<\/span><\/p>\n<p style=\"text-align: left;\"><span style=\"color: #000080;\">Another official expressed concern that the decision would exacerbate diplomatic tensions with Poland, whose help Israel now needs amid the war in Ukraine and efforts to rescue Jews and Israelis from that country.<\/span><\/p>\n<p class=\"_99712\" style=\"text-align: left;\"><span style=\"color: #000080;\">Yet another official questioned the choice of Lithuania.<\/span><\/p>\n<p class=\"_99712\" style=\"text-align: left;\"><span style=\"color: #000080;\">\u201cThe Holocaust was planned in Germany and carried out in Poland. It\u2019s true that Jews were murdered in Lithuania, but this is also true of almost every other country in Europe. How is Lithuania different from Hungary, Holland, or Austria? And if Poland is off the table, why not go to Germany?,\u201d the official said.<\/span><\/p>\n<p style=\"text-align: left;\"><span style=\"color: #000080;\">At time of publication, it was still unclear how the Poles would react to the decision. It also wasn\u2019t clear what the Education Ministry would do as a result.<\/span><\/p>\n<p style=\"text-align: left;\"><span style=\"color: #000080;\">The IDF said in a statement: \u201cThe \u2018Witnesses in Uniform\u2019 journey is an important part of fostering Holocaust remembrance in the IDF. Until the \u2018Witnesses in Uniform\u2019 program to Poland is reinstated, [the army] is examining the option of holding it in Lithuania, a country with a rich Jewish history, along with memorial and heritage sites that currently allow the memory of the Holocaust to be taught to IDF commanders in an optimal manner. The recommendation will be presented to [IDF chief of staff Lt. Gen. Aviv Kochavi] soon.\u201d<\/span><\/p>\n<hr \/>\n<p style=\"text-align: left;\"><span style=\"color: #808080;\"><em>This article first appeared in\u00a0<a style=\"color: #808080;\" href=\"https:\/\/www.israelhayom.com\/?utm_source=JNS\" target=\"_blank\" rel=\"noopener noreferrer\">I<span style=\"text-decoration: underline;\"><strong>srael Hayom<\/strong><\/span><\/a>.<\/em><\/span><\/p>\n<\/div>\n<\/div>\n<hr style=\"height: 15px; background: #d0e6fa; width: 100%;\" \/>\n<div id=\"content\" class=\"content-alignment\">\n<div id=\"watch-description\" class=\"yt-uix-button-panel\">\n<div id=\"watch-description-text\" style=\"text-align: center;\">\n<p><em>Zawarto\u015b\u0107 publikowanych artyku\u0142\u00f3w i materia\u0142\u00f3w nie reprezentuje pogl\u0105d\u00f3w ani opinii Reunion&#8217;68,<\/em><em><br \/>\nani te\u017c webmastera Blogu Reunion&#8217;68, chyba ze jest to wyra\u017anie zaznaczone.<br \/>\nTwoje uwagi, linki, w\u0142asne artyku\u0142y lub wiadomo\u015bci prze\u015blij na adres:<br \/>\n<\/em><span style=\"color: #000080;\"><strong><em><a style=\"color: #000080;\" href=\"mailto:webmaster@reunion68.com\"><span style=\"text-decoration: underline;\">webmaster@reunion68.com<\/span><\/a><\/em><\/strong><\/span><\/p>\n<\/div>\n<\/div>\n<\/div>\n<hr style=\"width: 100%;\" \/>\n","protected":false},"excerpt":{"rendered":"<p>h5 style=&#8221;text-align: center;&#8221;&gt;IDF to End Holocaust Delegations to Poland, Chooses Lithuania Instead Yoav Limor An IDF delegation at Auschwitz, Poland. (Israel Hayom via JNS)\u00a0 In a decision that could undermine already strained relations with Warsaw, the Israel Defense Forces will no longer send delegations to Poland to learn about the Holocaust. Instead, officer delegations will [&hellip;]<\/p>\n","protected":false},"author":1,"featured_media":0,"comment_status":"closed","ping_status":"closed","sticky":false,"template":"","format":"standard","meta":[],"categories":[3],"tags":[26,24],"_links":{"self":[{"href":"https:\/\/www.reunion68.se\/index.php?rest_route=\/wp\/v2\/posts\/93676"}],"collection":[{"href":"https:\/\/www.reunion68.se\/index.php?rest_route=\/wp\/v2\/posts"}],"about":[{"href":"https:\/\/www.reunion68.se\/index.php?rest_route=\/wp\/v2\/types\/post"}],"author":[{"embeddable":true,"href":"https:\/\/www.reunion68.se\/index.php?rest_route=\/wp\/v2\/users\/1"}],"replies":[{"embeddable":true,"href":"https:\/\/www.reunion68.se\/index.php?rest_route=%2Fwp%2Fv2%2Fcomments&post=93676"}],"version-history":[{"count":3,"href":"https:\/\/www.reunion68.se\/index.php?rest_route=\/wp\/v2\/posts\/93676\/revisions"}],"predecessor-version":[{"id":93681,"href":"https:\/\/www.reunion68.se\/index.php?rest_route=\/wp\/v2\/posts\/93676\/revisions\/93681"}],"wp:attachment":[{"href":"https:\/\/www.reunion68.se\/index.php?rest_route=%2Fwp%2Fv2%2Fmedia&parent=93676"}],"wp:term":[{"taxonomy":"category","embeddable":true,"href":"https:\/\/www.reunion68.se\/index.php?rest_route=%2Fwp%2Fv2%2Fcategories&post=93676"},{"taxonomy":"post_tag","embeddable":true,"href":"https:\/\/www.reunion68.se\/index.php?rest_route=%2Fwp%2Fv2%2Ftags&post=93676"}],"curies":[{"name":"wp","href":"https:\/\/api.w.org\/{rel}","templated":true}]}}