{"id":93817,"date":"2022-03-13T17:09:39","date_gmt":"2022-03-13T15:09:39","guid":{"rendered":"http:\/\/www.reunion68.se\/?p=93817"},"modified":"2022-03-13T12:57:45","modified_gmt":"2022-03-13T10:57:45","slug":"21-09-73","status":"publish","type":"post","link":"https:\/\/www.reunion68.se\/?p=93817","title":{"rendered":"Je\u015bli sytuacja w Ukrainie si\u0119 nie poprawi, to uchod\u017acy mog\u0105 sta\u0107 si\u0119 cz\u0119\u015bci\u0105 naszego spo\u0142ecze\u0144stwa"},"content":{"rendered":"<p style=\"text-align: center;\"><img decoding=\"async\" class=\"aligncenter\" src=\"https:\/\/edceah5uf5z.exactdn.com\/wp-content\/uploads\/2022\/03\/ukraina-wojna-uchodzcy-1.jpg?strip=all&amp;lossy=1&amp;ssl=1\" width=\"100%\"><span style=\"color: #808080;\"><em>Ukrai\u0144scy uchod\u017acy w Medyce Fot. Monika Bryk<\/em><\/span><\/p>\n<hr>\n<h5 style=\"text-align: center;\"><a href=\"https:\/\/krytykapolityczna.pl\/\" target=\"_blank\" rel=\"noopener noreferrer\"><img decoding=\"async\" class=\"center alignleft\" src=\"http:\/\/www.reunion68.com\/Biuletyn\/img\/krytyka-p.png\" alt=\"\" width=\"35%\"><\/a><span style=\"text-decoration: underline; color: #000080;\"><span style=\"text-decoration: underline;\"><strong><a style=\"color: #000080; text-decoration: underline;\" href=\"https:\/\/krytykapolityczna.pl\/swiat\/maciej-duszczyk-ukraina-uchodzcy-migracje-unia-europejska-pomoc-rozmowa-sutowskiego\/\" target=\"_blank\" rel=\"noopener noreferrer\">Je\u015bli sytuacja w Ukrainie si\u0119 nie poprawi, to uchod\u017acy mog\u0105 sta\u0107 si\u0119 cz\u0119\u015bci\u0105 naszego spo\u0142ecze\u0144stwa<\/a><\/strong><\/span><\/span><\/h5>\n<p style=\"text-align: center;\"><span style=\"color: #000000;\"><strong>Micha\u0142 Sutowski<\/strong><\/span><\/p>\n<hr style=\"height: 15px; background: #d0e6fa; width: 100%;\">\n<h4 class=\"post-lead\" style=\"text-align: center;\"><span style=\"color: #808080;\"><strong>W moim scenariuszu b\u0119dziemy mieli znacz\u0105co wi\u0119cej obywateli Ukrainy w Polsce \u2013 nawet wi\u0119cej ni\u017c ten milion, kt\u00f3ry przed wojna ju\u017c mieszka\u0142 w Polsce. Zak\u0142adam, \u017ce wi\u0119kszo\u015b\u0107 uciekinier\u00f3w powr\u00f3ci, ale na pewno nie wszyscy. W efekcie za dwa-trzy lata b\u0119dziemy krajem mo\u017ce 40-, ale nie np. 44-milionowym \u2013 m\u00f3wi ekspertem do spraw migracji Maciej Duszczyk.<\/strong><\/span><\/h4>\n<p><strong>Micha\u0142 Sutowski: Jak wielu uciekinier\u00f3w przed wojn\u0105 przyjedzie do Polski? Ilu z nich u nas zostanie?<\/strong><\/p>\n<p style=\"text-align: left;\"><span style=\"color: #000080;\"><strong>Maciej Duszczyk:<\/strong>&nbsp;Tego nie jeste\u015bmy w stanie przewidzie\u0107. Wa\u017cniejsze pytanie brzmi raczej, ilu mo\u017cemy odpowiedzialnie przyj\u0105\u0107 i da\u0107 im godne schronienie przez d\u0142u\u017cszy czas. Gdyby\u015bmy po prostu chcieli, jak teraz zapowiadaj\u0105 wojewodowie, gromadzi\u0107 ich w r\u00f3\u017cnych halach sportowych czy targowych, gdzie stoi \u0142\u00f3\u017cko polowe przy \u0142\u00f3\u017cku, to pewnie zmie\u015bci\u0142oby si\u0119 ich jeszcze sporo. Tylko nie wiemy, jak d\u0142ugo ludzie mog\u0105 wytrzyma\u0107 w tych warunkach \u2013 tydzie\u0144? Miesi\u0105c?<\/span><\/p>\n<h5 style=\"text-align: left;\"><strong>To co powinni\u015bmy zrobi\u0107?<\/strong><\/h5>\n<p style=\"text-align: left;\"><span style=\"color: #000080;\">Pa\u0144stwo powinno odpowiedzialnie oszacowa\u0107, ile ma do dyspozycji infrastruktury, w kt\u00f3rej te osoby mog\u0142yby mieszka\u0107 przez co najmniej kilka miesi\u0119cy, a nie tylko nocowa\u0107. Chodzi o hotele, pensjonaty, akademiki, r\u00f3\u017cne o\u015brodki \u2013 umownie, Fundusz Wczas\u00f3w Pracowniczych, ale te\u017c pustostany.<\/span><\/p>\n<h5 style=\"text-align: left;\"><strong>Prywatne?<\/strong><\/h5>\n<p style=\"text-align: left;\"><span style=\"color: #000080;\">Nie, publiczne. Prywatnej w\u0142asno\u015bci bym nie dotyka\u0142, bo to nam bardzo szybko zburzy akceptacj\u0119 spo\u0142eczn\u0105 dla przyjmowania tu Ukrai\u0144c\u00f3w. Ponadto&nbsp;<a style=\"color: #000080;\" href=\"https:\/\/krytykapolityczna.pl\/kraj\/czy-biznes-odda-puste-biura-na-mieszkania-dla-uchodzcow\/\">w\u0142asno\u015b\u0107 prywatna musi by\u0107 \u015bwi\u0119to\u015bci\u0105<\/a>. Musimy my\u015ble\u0107 nie w kr\u00f3tkiej, lecz co najmniej \u015bredniej perspektywie \u2013 z my\u015bl\u0105, \u017ce opiekujemy si\u0119 nimi przez kilka-kilkana\u015bcie tygodni jako go\u015b\u0107mi, ale je\u015bli sytuacja w&nbsp;<a style=\"color: #000080;\" href=\"https:\/\/krytykapolityczna.pl\/temat\/ukraina\/\">Ukrainie<\/a>&nbsp;si\u0119 nie poprawi, to oni mog\u0105 sta\u0107 si\u0119 cz\u0119\u015bci\u0105 naszego spo\u0142ecze\u0144stwa.<\/span><\/p>\n<h5 style=\"text-align: left;\"><strong>Co to konkretnie znaczy?<\/strong><\/h5>\n<p style=\"text-align: left;\"><span style=\"color: #000080;\">Mamy dzi\u015b do czynienia z rozdzielonymi rodzinami: przede wszystkim kobiety z dzie\u0107mi w Polsce oraz m\u0119\u017cczy\u017ani w Ukrainie. Nie dzi\u015b, nie jutro, ale z czasem oni zechc\u0105 si\u0119 po\u0142\u0105czy\u0107 i nie wiemy, gdzie to nast\u0105pi. W scenariuszu negatywnego dla Ukrainy fina\u0142u tej wojny wielu tamtejszych m\u0119\u017cczyzn przyjedzie do Polski. Przy rozstrzygni\u0119ciu pozytywnym wiele kobiet wr\u00f3ci na Ukrain\u0119, ale te\u017c przyjad\u0105 z powrotem ci m\u0119\u017cczy\u017ani, kt\u00f3rzy tu dot\u0105d pracowali, a teraz b\u0119d\u0105 mieli \u015bci\u0105gni\u0119te ju\u017c rodziny, kt\u00f3re jako\u015b si\u0119 zaaklimatyzowa\u0142y. Kr\u00f3tko m\u00f3wi\u0105c, bardzo trudno wnikn\u0105\u0107 dzi\u015b w ludzkie g\u0142owy i przewidzie\u0107, jak si\u0119 zachowaj\u0105. To zale\u017cy od sytuacji w Ukrainie, ale pewne scenariusze nale\u017cy ju\u017c opracowywa\u0107.<\/span><\/p>\n<h5 style=\"text-align: left;\"><strong>Trudno przewidywa\u0107, ale co pan prognozuje?<\/strong><\/h5>\n<p style=\"text-align: left;\"><span style=\"color: #000080;\">W moim scenariuszu b\u0119dziemy mieli znacz\u0105co wi\u0119cej obywateli Ukrainy w Polsce \u2013 nawet wi\u0119cej ni\u017c ten milion, kt\u00f3ry przed wojn\u0105 ju\u017c mieszka\u0142 w Polsce. Zak\u0142adam, \u017ce wi\u0119kszo\u015b\u0107 uciekinier\u00f3w powr\u00f3ci, ale na pewno nie wszyscy. W efekcie za dwa-trzy lata b\u0119dziemy krajem mo\u017ce 40-, ale nie a przyk\u0142ad 44-milionowym.<\/span><\/p>\n<h5 style=\"text-align: left;\"><strong>W jednym z wywiad\u00f3w m\u00f3wi\u0142 pan: nie r\u00f3bmy z nich Polak\u00f3w na si\u0142\u0119, czyli nie zak\u0142adajmy z g\u00f3ry, \u017ce maj\u0105 tu zosta\u0107 na sta\u0142e. Ale by\u0142y w historii takie kraje, kt\u00f3re udawa\u0142y przez lata, \u017ce imigranci kiedy\u015b wyjad\u0105 \u201edo siebie\u201d, nie prowadzi\u0142y polityki integracyjnej. A to rodzi na przyk\u0142ad wykluczenie i r\u00f3\u017cne problemy spo\u0142eczne<\/strong>.<\/h5>\n<p style=\"text-align: left;\"><span style=\"color: #000080;\">Musimy zak\u0142ada\u0107 r\u00f3\u017cne scenariusze wydarze\u0144. Ja proponuj\u0119, by na razie traktowa\u0107 ich jako go\u015bci, a wi\u0119c takich przybysz\u00f3w, kt\u00f3rzy przy zmianie sytuacji w kraju wr\u00f3c\u0105 do siebie, bo tam maj\u0105 ulokowane swoje interesy \u017cyciowe. To jest przy imigracji kluczowe poj\u0119cie \u2013 \u201einteresy \u017cyciowe\u201d znacz\u0105 tyle mniej wi\u0119cej: \u201egdzie jest m\u00f3j dom\u201d.<\/span><\/p>\n<h5 style=\"text-align: left;\"><strong>I my nie wiemy, gdzie jest dom tego miliona ludzi, kt\u00f3rzy tu przyjechali?<\/strong><\/h5>\n<p style=\"text-align: left;\"><span style=\"color: #000080;\">Nie mamy na to twardych bada\u0144 i nie mo\u017cemy mie\u0107, bo jest po prostu za wcze\u015bnie. Intuicyjnie powiedzia\u0142bym, \u017ce wi\u0119kszo\u015b\u0107 tych Ukrainek z dzie\u0107mi wci\u0105\u017c widzi sw\u00f3j dom w Ukrainie, ale jak do\u0142\u0105cz\u0105 do nich m\u0119\u017cowie i powiedz\u0105: w Mariupolu nie ma ju\u017c naszego bloku, a odbudowa pa\u0144stwa potrwa wiele lat; albo \u017ce re\u017cim tam panuj\u0105cy nie daje perspektyw \u017cyciowych; albo wreszcie, \u017ce po prostu trwa tam ci\u0105g\u0142a wojna i terror \u2013 to mog\u0105 wsp\u00f3lnie przenie\u015b te swoje \u201einteresy \u017cyciowe\u201d do Polski lub innych pa\u0144stw, w kt\u00f3rych si\u0119 znajd\u0105.<\/span><\/p>\n<h5 style=\"text-align: left;\"><strong>Ale co, zanim te decyzje zostan\u0105 podj\u0119te?<\/strong><\/h5>\n<p style=\"text-align: left;\"><span style=\"color: #000080;\">Do ko\u0144ca tego roku szkolnego powinni\u015bmy ukrai\u0144skie dzieci traktowa\u0107 jako go\u015bci, kt\u00f3rzy z tak zwanych niezale\u017cnych przyczyn nie mog\u0105 realizowa\u0107 programu szkolnego w Ukrainie, wi\u0119c trzeba si\u0119 postara\u0107, by mog\u0142y go realizowa\u0107 tutaj i nie traci\u0107 semestru. I do tego celu na kolejne miesi\u0105ce trzeba przykroi\u0107 nasz system wsparcia, oczywi\u015bcie z pomoc\u0105 nauczycielek czy pedago\u017cek, kt\u00f3rych w\u015br\u00f3d uchod\u017aczy\u0144 jest niema\u0142o.<\/span><\/p>\n<h5 style=\"text-align: left;\"><strong>Czyli ucz\u0105 si\u0119 jak w Ukrainie, tyle \u017ce w Polsce?<\/strong><\/h5>\n<p style=\"text-align: left;\"><span style=\"color: #000080;\">Ucz\u0105 si\u0119 matematyki czy fizyki po ukrai\u0144sku, w miar\u0119 mo\u017cliwo\u015bci innych swoich przedmiot\u00f3w te\u017c \u2013 na pewno nie wpycha\u0142bym ich na polsk\u0105 histori\u0119 czy j\u0119zyk polski, cho\u0107 powinny si\u0119 go uczy\u0107 jako j\u0119zyka obcego. M\u00f3wi\u0119 o tym z punktu widzenia naszych interes\u00f3w: kluczowa dla Polski jest silna Ukraina, a jak ich zaczniemy mniej czy bardziej \u201epolonizowa\u0107\u201d i jeszcze nam si\u0119 uda, to ci ludzie nie wr\u00f3c\u0105 do siebie i os\u0142abi\u0105 to pa\u0144stwo. Nie b\u0119dzie komu budowa\u0107 demokratycznej, prozachodniej Ukrainy \u2013 to wszystko opieram na za\u0142o\u017ceniu, \u017ce Ukraina w tej wojnie jako\u015b da sobie rad\u0119. Nie mo\u017cemy jej wtedy os\u0142abia\u0107 zasysaj\u0105c od niej kapita\u0142 ludzki.<\/span><\/p>\n<h5 style=\"text-align: left;\"><strong>Ale kto to mia\u0142by konkretnie zrobi\u0107? W polskich szko\u0142ach brakuje polskich nauczycieli, a co dopiero ukrai\u0144skich\u2026<\/strong><\/h5>\n<p><span style=\"color: #000080;\">Mo\u017cliwo\u015bci s\u0105 trzy. Pierwsza to filie szk\u00f3\u0142 polskich prowadzone na terenie o\u015brodk\u00f3w recepcyjnych. Je\u015bli jest w nich, powiedzmy, trzydzie\u015bcioro dzieci, to organizuje si\u0119 uczenie na miejscu. To b\u0119d\u0105 pewnie po trzy roczniki w jednej klasie, niemniej w sytuacji kryzysowej, do czerwca, da si\u0119 tym zarz\u0105dza\u0107 realizuj\u0105c program ukrai\u0144ski. Drugi pomys\u0142, trudniejszy, to klasy zerowe przy istniej\u0105cych szko\u0142ach polskich, kiedy nie da rady zorganizowa\u0107 nauki w o\u015brodku, oczywi\u015bcie tak\u017ce z pomoc\u0105 nauczycielek ukrai\u0144skich.<\/span><\/p>\n<h5 style=\"text-align: left;\"><strong>To jest w og\u00f3le wykonalne kadrowo?<\/strong><\/h5>\n<p style=\"text-align: left;\"><span style=\"color: #000080;\">Nie wiemy jeszcze. Optymalnych warunk\u00f3w nauki nie da si\u0119 szybko stworzy\u0107, to pewne, ale mo\u017ce przy trzydziestoosobowych klasach, z jednym nauczycielem i jak\u0105\u015b doszkolon\u0105 asyst\u0105, to by\u0142oby mo\u017cliwe. No bo jest jeszcze trzeci model, dzi\u015b chyba preferowany, tyle \u017ce zarazem najdro\u017cszy i najtrudniejszy.<\/span><\/p>\n<h5 style=\"text-align: left;\"><strong>To znaczy?<\/strong><\/h5>\n<p style=\"text-align: left;\"><span style=\"color: #000080;\">Wprowadzamy dzieci ukrai\u0144skie do polskich klas. To si\u0119 na samym pocz\u0105tku, cho\u0107by za spraw\u0105 ciekawo\u015bci i \u017cyczliwej atmosfery sprawdza \u2013 tyle \u017ce mam ju\u017c sygna\u0142y, \u017ce rodzice do szk\u00f3\u0142 dzwoni\u0105 i pytaj\u0105: a czemu nie przyj\u0119li\u015bcie mojego syna dwa miesi\u0105ce temu, bo jest spoza regionu, za to przyj\u0119li\u015bcie Ukrai\u0144c\u00f3w?! A im wi\u0119cej b\u0119dzie takich sytuacji, tym zdolno\u015b\u0107 do empatii b\u0119dzie spada\u0142a, czego bardzo trzeba unika\u0107, gdy zarz\u0105dzamy kryzysem humanitarnym.<\/span><\/p>\n<h5 style=\"text-align: left;\"><strong>To wszystko opcje na teraz. A potem?<\/strong><\/h5>\n<p style=\"text-align: left;\"><span style=\"color: #000080;\">Je\u015bli w maju, w zwi\u0105zku z sytuacj\u0105 na wschodzie oka\u017ce si\u0119, \u017ce wi\u0119kszo\u015b\u0107 dzieci p\u00f3jdzie do szk\u00f3\u0142 od wrze\u015bnia, to trzeba b\u0119dzie w czasie wakacji przygotowa\u0107 infrastruktur\u0119, by do szk\u00f3\u0142 wszed\u0142 mniej wi\u0119cej dodatkowy rocznik dzieci. 350 tysi\u0119cy na ca\u0142\u0105 Polsk\u0119 to nie wydaje si\u0119 strasznie du\u017co, ale w samej Warszawie to mo\u017ce by\u0107 nawet 50 tysi\u0119cy. \u0141atwo nie b\u0119dzie.<\/span><\/p>\n<h5 style=\"text-align: left;\"><strong>W ochronie zdrowia chyba jeszcze trudniej. Po pandemii stan zdrowia ludno\u015bci to jaki\u015b dramat.<\/strong><\/h5>\n<p style=\"text-align: left;\"><span style=\"color: #000080;\">Tutaj podstawow\u0105 spraw\u0105 jest wyst\u0105pienie o pomoc solidarno\u015bciow\u0105 do pa\u0144stw Unii Europejskiej. Skoro rz\u0105d nie jego got\u00f3w tego zrobi\u0107, to same miasta mog\u0105: Warszawa mo\u017ce zwr\u00f3ci\u0107 si\u0119 do miast partnerskich, jak Berlin czy Oslo, Krak\u00f3w na przyk\u0142ad do Rzymu o przys\u0142anie szpitali polowych z wyposa\u017ceniem i lekarzami, kt\u00f3rzy mogliby tu zosta\u0107 przez kilka miesi\u0119cy. Bez tego nie widz\u0119 mo\u017cliwo\u015bci, jak sobie poradzi\u0107 z milionem os\u00f3b wi\u0119cej w systemie ochrony zdrowia.<\/span><\/p>\n<h5 style=\"text-align: left;\"><strong>A czemu rz\u0105d nie jest got\u00f3w?<\/strong><\/h5>\n<p style=\"text-align: left;\"><span style=\"color: #000080;\">Nie wiem, jedyne co mi przychodzi do g\u0142owy, to te same powody, dla kt\u00f3rych nie chcia\u0142 Fronteksu na granicy bia\u0142oruskiej. Nie chc\u0105 pokaza\u0107, \u017ce antyunijna narracja si\u0119 za\u0142ama\u0142a i \u017ce UE mo\u017ce si\u0119 jednak do czego\u015b przyda\u0107, a wr\u0119cz jest niezb\u0119dna.<\/span><\/p>\n<h5 style=\"text-align: left;\"><strong>Unia mo\u017ce da\u0107 pieni\u0105dze, mo\u017ce nawet przys\u0142a\u0107 lekarzy \u2013 ale mieszka\u0144 nam nie przy\u015ble.<\/strong><\/h5>\n<p style=\"text-align: left;\"><span style=\"color: #000080;\">Rozwi\u0105zaniem \u2013 cho\u0107 raczej na 800 tysi\u0119cy uchod\u017ac\u00f3w, ale nie 1,5 miliona czy wi\u0119cej \u2013 s\u0105, znane cho\u0107by z Australii czy Kanady, to znaczy wsp\u00f3lnoty wsparcia. Chodzi o to, \u017ce jakie\u015b spo\u0142eczno\u015bci, na przyk\u0142ad gminy bior\u0105 odpowiedzialno\u015b\u0107 za konkretne osoby znajduj\u0105ce si\u0119 na ich terytorium. Kiedy ci ludzie ju\u017c opuszcz\u0105 rodziny, kt\u00f3re w pierwszym okresie przyj\u0119\u0142y ich pod sw\u00f3j dach, trzeba ich relokowa\u0107. Ale nie mog\u0105 przecie\u017c miesi\u0105cami mieszka\u0107 jak szprotki w puszce \u2013 cho\u0107 mo\u017ce cz\u0119\u015b\u0107 hal da si\u0119 podzieli\u0107 na jakie\u015b boksy, daj\u0105ce minimum prywatno\u015bci. Docelowo zatem powinni trafia\u0107 do mniejszych wsp\u00f3lnot.<\/span><\/p>\n<h5 style=\"text-align: left;\"><strong>Ale to jest znowu dzia\u0142anie oddolne i spontaniczne.<\/strong><\/h5>\n<p style=\"text-align: left;\"><span style=\"color: #000080;\">Troch\u0119 tak, ale&nbsp;<a style=\"color: #000080;\" href=\"https:\/\/krytykapolityczna.pl\/kraj\/psychiczne-skutki-wyczerpujacej-pracy-wolontariuszy\/\">na poziomie spo\u0142eczno\u015bci<\/a>, a nie czysto prywatnym. W zale\u017cno\u015bci od regionu, na po\u0142udniu Polski organizatorem mog\u0105 by\u0107 parafie, na zachodzie organizacje pozarz\u0105dowe, albo po prostu samorz\u0105dy. Jaki\u015b burmistrz czy w\u00f3jt, albo inny lider spo\u0142eczno\u015bci zapowiada, \u017ce chcieliby\u015bmy na przyk\u0142ad za miesi\u0105c przyj\u0105\u0107 pi\u0119\u0107 rodzin z Mariupola. Pokazuje ich zdj\u0119cia, m\u00f3wi, kto to jest, jak si\u0119 nazywa. I \u017ce chodzi o to, by\u015bmy zaopiekowali si\u0119 nimi nie tylko dora\u017anie, \u201ehumanitarnie\u201d, ale \u017ceby tworzyli t\u0119 spo\u0142eczno\u015b\u0107 razem z nami: byli na rynku pracy, a ich dzieci chodzi\u0142y do szk\u00f3\u0142.<\/span><\/p>\n<h5 style=\"text-align: left;\"><strong>To si\u0119 da zrobi\u0107 na wi\u0119ksz\u0105 skal\u0119?<\/strong><\/h5>\n<p style=\"text-align: left;\"><span style=\"color: #000080;\">W ten spos\u00f3b ogranicza si\u0119 animozje, a relokacja dobrowolna sprawia, \u017ce tacy ludzie staj\u0105 si\u0119 \u201enaszymi\u201d uchod\u017acami, poznaje si\u0119 ich bezpo\u015brednio. Jak si\u0119 ludzi w\u0142\u0105czy do pomocy \u2013 a pami\u0119tajmy, \u017ce w wielu miejscowo\u015bciach wci\u0105\u017c nikt na oczy uchod\u017acy nie widzia\u0142, tylko w mediach \u2013 to b\u0119dzie szansa na przyj\u0119cie kilkuset tysi\u0119cy os\u00f3b. Ale podkre\u015blam, nie milion\u00f3w.<\/span><\/p>\n<h5 style=\"text-align: left;\"><strong>Zanim o tym, co z milionami, to zapytam o finansowanie pomocy w obecnej formie. 1200 za przyj\u0119cie rodziny to dobry pomys\u0142?<\/strong><\/h5>\n<p style=\"text-align: left;\"><span style=\"color: #000080;\">Polskie rodziny spontanicznie przyj\u0119\u0142y do siebie pod dach tysi\u0105ce ludzi i kupi\u0142y w ten spos\u00f3b rz\u0105dowi czas. I za to powinny dosta\u0107 cho\u0107by cz\u0119\u015bciowe wyr\u00f3wnanie koszt\u00f3w. Tyle \u017ce diabe\u0142 tkwi w szczeg\u00f3\u0142ach. Je\u015bli podstaw\u0105 do wyp\u0142at ma by\u0107 jaka\u015b enigmatyczna umowa z gmin\u0105, a kto\u015b przyj\u0105\u0142 do wolnego pokoju matk\u0119 z dw\u00f3jk\u0105 dzieci, to w og\u00f3le nie p\u00f3jdzie do urz\u0119du, bo nawet nie wie, do czego ma si\u0119 zobowi\u0105za\u0107. Za to p\u00f3jdzie tam cwaniaczek, kt\u00f3ry powie, \u017ce 20 os\u00f3b przyj\u0105\u0142 i zbierze od jakich\u015b Ukrai\u0144c\u00f3w podpisy na dow\u00f3d. A potem skasuje pieni\u0105dze i odpali im jakie\u015b och\u0142apy. Dlatego przepis w formie zapowiedzianej przez rz\u0105d stwarza pole do nadu\u017cy\u0107.<\/span><\/p>\n<h5 style=\"text-align: left;\"><strong>To jak nale\u017ca\u0142oby to przeprowadzi\u0107?<\/strong><\/h5>\n<p style=\"text-align: left;\"><span style=\"color: #000080;\">Wesprze\u0107 rodziny kwot\u0105 rz\u0119du kilkuset z\u0142otych niezale\u017cnie od tego, ile os\u00f3b przyj\u0119\u0142a. Nie symboliczn\u0105, ale tak\u0105 kt\u00f3ra troch\u0119 zrekompensuje koszty, ale te\u017c nie pozwoli cwaniakom zarabia\u0107. Jak jeszcze we\u017amiemy pod uwag\u0119, \u017ce nie wiadomo, kto by mia\u0142 kontrolowa\u0107 warunki mieszkaniowe, to wygl\u0105da na to, \u017ce szykujemy sobie biurokratyczny koszmar.<\/span><\/p>\n<h5 style=\"text-align: left;\"><strong>Lepiej da\u0107 uchod\u017acom pieni\u0105dze bezpo\u015brednio?<\/strong><\/h5>\n<p style=\"text-align: left;\"><span style=\"color: #000080;\">Tak, pami\u0119tajmy, \u017ce wi\u0119kszo\u015b\u0107 z nich posiada paszporty biometryczne. Nale\u017ca\u0142oby im umo\u017cliwi\u0107 za\u0142o\u017cenie konta w banku bez czekania na PESEL lub przyspieszy\u0107 procedur\u0119 nadania tymczasowego PESEL-u na kilka miesi\u0119cy. I na takie konta bankowe mo\u017cna przelewa\u0107 \u015brodki pomocowe, na zasadzie podobnej do 500+. Wtedy mogliby sami decydowa\u0107, czy wykorzysta\u0107 je na przyk\u0142ad na do\u0142o\u017cenie si\u0119 do mieszkania czy inne wydatki. Jakie\u015b nadu\u017cycia zawsze b\u0119d\u0105, ale skala patologicznych praktyk na pewno b\u0119dzie mniejsza ni\u017c przy p\u0142aceniu Polakom za udzielanie schronienia od osoby.<\/span><\/p>\n<h5 style=\"text-align: left;\"><strong>Rozumiem, \u017ce w ci\u0105gu kilku miesi\u0119cy trzeba ludzi mieszkaj\u0105cych k\u0105tem u innych rozlokowa\u0107 albo do konkretnych wsp\u00f3lnot, albo umo\u017cliwi\u0107 zamieszkanie w o\u015brodkach publicznych.<\/strong><\/h5>\n<p style=\"text-align: left;\"><span style=\"color: #000080;\">Tak, organizowanych przez pa\u0144stwo, cho\u0107 z wykorzystaniem infrastruktury wskazanej na miejscu przez samorz\u0105dy \u2013 bo pami\u0119tajmy, \u017ce to wojewoda koordynuje takie dzia\u0142ania i zarz\u0105dza kryzysem. Musi te\u017c zapewni\u0107 odpowiednie \u015brodki na pokrycie koszt\u00f3w.<\/span><\/p>\n<h5 style=\"text-align: left;\"><strong>M\u00f3wi pan, \u017ce ludzie udzielaj\u0105c schronienia u siebie, urz\u0105dzaj\u0105c zbi\u00f3rki czy wo\u017c\u0105c ludzi spod granicy kupili rz\u0105dowi czas na dzia\u0142anie. Ale czy takie pomys\u0142y, jak wynagrodzenia za schronienie w domach prywatnych nie znacz\u0105, \u017ce rz\u0105d postanowi\u0142 raczej podtrzyma\u0107 ten stan? Tzn. prywatyzacj\u0119 pomocy?<\/strong><\/h5>\n<p style=\"text-align: left;\"><span style=\"color: #000080;\">Mo\u017ce to robi\u0107 w kr\u00f3tkim okresie, ale entuzjazm za tydzie\u0144-dwa raczej opadnie, no i obywatele nie ud\u017awign\u0105 ca\u0142ej pomocy finansowo. Nie m\u00f3wi\u0105c ju\u017c o koordynacji dzia\u0142a\u0144.<\/span><\/p>\n<h5 style=\"text-align: left;\"><strong>Wida\u0107 jakie\u015b zmiany podej\u015bcia rz\u0105du w ostatnich dniach?<\/strong><\/h5>\n<p style=\"text-align: left;\"><span style=\"color: #000080;\">Na poziomie mikro \u2013 c\u00f3\u017c, na warszawskim Dworcu Centralnym sytuacja troch\u0119 si\u0119 poprawi\u0142a. Pojawia\u0142 si\u0119 dodatkowy namiot, jest wi\u0119cej policji czy WOT, ale ja w og\u00f3le nie widz\u0119 systemowego my\u015blenia. W zarz\u0105dzaniu kryzysowym ujawniaj\u0105 si\u0119 wszystkie wady Polski resortowej: mamy odr\u0119bne silosy instytucjonalne, za to nie ma miejsca, kt\u00f3re spina\u0142oby wszystkie ogniwa, podejmowa\u0142o decyzj\u0119 zgodnie z jakim\u015b scenariuszem, kt\u00f3ry jest na bie\u017c\u0105co modyfikowany.<\/span><\/p>\n<h5 style=\"text-align: left;\"><strong>Pa\u0144stwo samo nie wie co robi?<\/strong><\/h5>\n<p style=\"text-align: left;\"><span style=\"color: #000080;\">Minister Czarnek wydaje rozporz\u0105dzenie na temat liczby dzieci w klasach nie bior\u0105c w og\u00f3le pod uwag\u0119, ile tych dzieci za chwil\u0119 mo\u017ce by\u0107. Jest tak szczeg\u00f3\u0142owe, \u017ce ogranicza dyrektor\u00f3w w elastycznym zarzadzaniu sytuacj\u0105. Potem jeden minister m\u00f3wi, \u017ce szczepienia przeciw COVID b\u0119d\u0105 wykonywane w dotychczasowych punktach, a drugi, \u017ce b\u0119d\u0105 specjalne punkty w o\u015brodkach recepcyjnych. Jeden polityk m\u00f3wi, \u017ce w Polsce nie ma o\u015brodk\u00f3w dla uchod\u017ac\u00f3w, a potem wojewoda warszawski otwiera kolejne punkty w Nadarzynie i na \u017beraniu. Nikt nad tym nie panuje, brakuje elementarnej sp\u00f3jno\u015bci komunikacyjnej.<\/span><\/p>\n<h5 style=\"text-align: left;\"><strong>A czemu rz\u0105d nie chce o\u015brodk\u00f3w dla uchod\u017ac\u00f3w?&nbsp;<\/strong><\/h5>\n<p style=\"text-align: left;\"><span style=\"color: #000080;\">Bo jest zak\u0142adnikiem tego, co jego politycy m\u00f3wi\u0105, nie zdaj\u0105c sobie sprawy ze skali wyzwania, z jakim si\u0119 mierzy. My, to znaczy Polska rz\u0105dzona przez rz\u0105d Prawa i Sprawiedliwo\u015bci, jeste\u015bmy przecie\u017c fenomenem na miar\u0119 \u015bwiatow\u0105: najlepiej poradzili\u015bmy sobie w pandemii, najlepiej radzimy sobie z odbudow\u0105 gospodarki, mamy najni\u017csze bezrobocie, najszybciej rosn\u0105 nam wynagrodzenia, inflacja jest w pe\u0142ni zale\u017cna od czynnik\u00f3w zewn\u0119trznych, a z uchod\u017acami poradzimy sobie bez dedykowanych im centr\u00f3w pobytu tymczasowego. Chocia\u017c z tak\u0105 ich liczb\u0105 nikt sobie nie poradzi\u0142 bez jakiej\u015b formy o\u015brodk\u00f3w tymczasowego pobytu.<\/span><\/p>\n<h5 style=\"text-align: left;\"><strong>A jak by mia\u0142y wygl\u0105da\u0107 te o\u015brodki tymczasowego pobytu? I co to jest ten\u2026 \u201etymczas\u201d?<\/strong><\/h5>\n<p style=\"text-align: left;\"><span style=\"color: #000080;\">Kilka, ale raczej 2-3 ni\u017c 9 miesi\u0119cy.<\/span><\/p>\n<h5 style=\"text-align: left;\"><strong>A co trzeba zrobi\u0107, \u017ceby nie dochodzi\u0142o w nich do sytuacji znanych z Europy Zachodniej i Po\u0142udniowej? Czy w polskich o\u015brodkach dla uchod\u017ac\u00f3w z innych kraj\u00f3w?<\/strong><\/h5>\n<p style=\"text-align: left;\"><span style=\"color: #000080;\">Ryzyko wyst\u0105pienia r\u00f3\u017cnych patologii by\u0142oby du\u017co ni\u017csze ni\u017c np. w obozach w Turcji czy w du\u017cej cz\u0119\u015bci w Libanie, bo tam wiele os\u00f3b nie mo\u017ce ich w og\u00f3le opuszcza\u0107, ze wzgl\u0119du na nieustalony status, Nie maj\u0105 dost\u0119pu do rynku pracy i edukacji, siedz\u0105 na kupie w jednym miejscu, cz\u0119sto w z\u0142ych warunkach i bez perspektyw. Tutaj wygl\u0105da\u0142oby to zupe\u0142nie inaczej: umownie, dzieci wstaj\u0105 rano, myj\u0105 z\u0119by, jedz\u0105 kanapk\u0119 i id\u0105 do szko\u0142y, a ich rodzice do jakiej\u015b pracy. W takich warunkach \u2013 przede wszystkim dost\u0119pu do edukacji i pracy \u2013 funkcjonujemy normalnie, cho\u0107 nasze interesy \u017cyciowe wci\u0105\u017c nie zosta\u0142y przeniesione. To jest optymalne rozwi\u0105zanie na pierwsze kilka miesi\u0119cy, zanim si\u0119 rozstrzygnie, co dalej.<\/span><\/p>\n<h5 style=\"text-align: left;\"><strong>Unijna regulacja z 4 marca nadaje uchod\u017acom z Ukrainy mo\u017cliwo\u015b\u0107 pracy przed najbli\u017cszy rok i prawo legalnego pobytu. Czy nawet, je\u015bli nie zak\u0142adamy, \u017ce oni tu zostan\u0105 na sta\u0142e, powinni\u015bmy d\u0105\u017cy\u0107 do tego, by jak najwi\u0119cej ich pracowa\u0142o?<\/strong><\/h5>\n<p style=\"text-align: left;\"><span style=\"color: #000080;\">Szukanie pracy to jedna rzecz, ale za chwil\u0119 powinni\u015bmy te\u017c uruchomi\u0107 du\u017ce programy przekwalifikowa\u0144 i szkole\u0144. Ponadto cz\u0119\u015b\u0107 z przyby\u0142ych os\u00f3b \u2013 ju\u017c to wiemy \u2013 pracuje zdalnie, wi\u0119c trzeba wyposa\u017cy\u0107 ich miejsca pracy, tzn. komputer z internetem. Natomiast trzeba powiedzie\u0107, \u017ce sprawa nie b\u0119dzie prosta ze wzgl\u0119du na niedopasowanie ich kwalifikacji do rynku pracy.<\/span><\/p>\n<h5 style=\"text-align: left;\"><strong>Na czym ono polega?<\/strong><\/h5>\n<p style=\"text-align: left;\"><span style=\"color: #000080;\">Mamy dzi\u015b w Polsce 137 tysi\u0119cy wolnych miejsc pracy, ale z nich oko\u0142o 100 tysi\u0119cy to budownictwo, przemys\u0142, przetw\u00f3rstwo, a zatem potrzebni s\u0105 cz\u0119\u015bciej m\u0119\u017cczy\u017ani o okre\u015blonej charakterystyce i kwalifikacjach. Owszem, jest jeszcze sektor opieku\u0144czy, ale nie jest oczywiste, \u017ce kobiety b\u0119d\u0105ce w Polsce maj\u0105 w nim do\u015bwiadczenie \u2013 nasze stereotypy niekoniecznie si\u0119 tu sprawdz\u0105. Poza tym popyt na to b\u0119dzie wynosi\u0142 kilkana\u015bcie tysi\u0119cy miejsc pracy, a nie kilkaset tysi\u0119cy. A do tego wielu rodzin polskich \u2013 z polskim \u0142adem, inflacj\u0105 prowadz\u0105c\u0105 do ubo\u017cenia, sankcjami na Rosje \u2013 mo\u017ce nie by\u0107 sta\u0107, by zap\u0142aci\u0107 za opiek\u0119 nad dzie\u0107mi czy osobami starszymi.<\/span><\/p>\n<h5 style=\"text-align: left;\"><strong>Unijne przepisy, do\u015b\u0107 korzystne dla ofiar tej wojny, m\u00f3wi\u0105 o prawach dla uciekinier\u00f3w z Ukrainy. Polska przyj\u0119\u0142a polityk\u0119 otwartych drzwi, ale dla Ukrai\u0144c\u00f3w, ewentualnie ich ma\u0142\u017conk\u00f3w, a to nie to samo. Sk\u0105d to rozr\u00f3\u017cnienie?<\/strong><\/h5>\n<p style=\"text-align: left;\"><span style=\"color: #000080;\">Nie rozumiem go, zw\u0142aszcza, \u017ce wi\u0119kszo\u015b\u0107 cudzoziemc\u00f3w i tak wyjedzie do swych kraj\u00f3w \u2013 np. do\u015b\u0107 liczni w Ukrainie zagraniczni studenci. To jest dzielenie os\u00f3b pod k\u0105tem narodowo\u015bciowym uciekaj\u0105cych przed rosyjskimi bombami. Polska powinna udziela\u0107 schronienia ka\u017cdemu w tej sytuacji, bez wzgl\u0119du na obywatelstwo.<\/span><\/p>\n<h5 style=\"text-align: left;\"><strong>Z wizyt\u0105 w Warszawie by\u0142 premier Kanady, Justin Trudeau. To mo\u017ce by\u0107 istotny kierunek wyjazd\u00f3w Ukrai\u0144c\u00f3w?<\/strong><\/h5>\n<p style=\"text-align: left;\"><span style=\"color: #000080;\">Trudeau zapowiedzia\u0142, \u017ce b\u0119dzie ich przyjmowa\u0107, co jest zreszt\u0105 zrozumia\u0142e, bo tam ukrai\u0144ska diaspora liczy 1,2 miliona ludzi w kraju, kt\u00f3ry ma mniej ludno\u015bci ni\u017c Polska. Przy czym oni, jak wyjad\u0105, to ju\u017c raczej tam zostan\u0105 \u2013 to nie jest wyjazd do Niemiec, gdzie po paru godzinach busem czy poci\u0105giem mo\u017cna by\u0107 z powrotem w domu. Pytanie brzmi tylko, czy to nie b\u0119dzie ze szkod\u0105 dla Ukrainy \u2013 kanadyjska polityka imigracyjna mo\u017ce prowadzi\u0107 do drena\u017cu m\u00f3zg\u00f3w, bo tam najch\u0119tniej przyjmuje si\u0119 ludzi dobrze wykszta\u0142conych.<\/span><\/p>\n<h5 style=\"text-align: left;\"><strong>Co trzeba w sprawie uchod\u017ac\u00f3w zrobi\u0107 bardzo pilnie, a si\u0119 wci\u0105\u017c nie robi?<\/strong><\/h5>\n<p style=\"text-align: left;\"><span style=\"color: #000080;\">Po pierwsze, uruchomi\u0107 system solidarno\u015bciowy w ramach Unii Europejskiej, a wi\u0119c przynajmniej zebra\u0107 deklaracje pa\u0144stw co do liczby ludzi, kt\u00f3rych gotowe b\u0119d\u0105 przyj\u0105\u0107 po wyczerpaniu si\u0119 naszych mo\u017cliwo\u015bci. A po drugie, prawdopodobnie musimy przygotowani na drug\u0105 fal\u0119 migracyjn\u0105 z Ukrainy.<\/span><\/p>\n<h5 style=\"text-align: left;\"><strong>Przecie\u017c pierwsza si\u0119 nie sko\u0144czy\u0142a.<\/strong><\/h5>\n<p style=\"text-align: left;\"><span style=\"color: #000080;\">Ale je\u015bli powtarza\u0142yby si\u0119 ataki na zach\u00f3d Ukrainy, tak jak na przyk\u0142ad w ostatni pi\u0105tek rano, to bardzo wielu uchod\u017ac\u00f3w wewn\u0119trznych kt\u00f3rzy znale\u017ali schronienie ko\u0142o \u0141ucka, Iwano-Frankowska czy Lwowa, zacznie ucieka\u0107 do nas. To s\u0105 osoby, kt\u00f3re nie chcia\u0142y wyje\u017cd\u017ca\u0107 z kraju, bo np. nie maj\u0105 \u017cadnych kontakt\u00f3w u nas czy na Zachodzie, maj\u0105 rodziny na miejscu, itp. I dla nich musimy mie\u0107 zwolnione miejsca, bo na razie wszystko ju\u017c jest zaj\u0119te. A nie mo\u017cemy wywiesi\u0107 kartki \u201ewszystko zaj\u0119te\u201d na przej\u015bciach granicznych.<\/span><\/p>\n<h5 style=\"text-align: left;\"><strong>Ale co to znaczy \u201ezwolnione\u201d?<\/strong><\/h5>\n<p style=\"text-align: left;\"><span style=\"color: #000080;\">Poprzez relokacj\u0119 tych, kt\u00f3rymi si\u0119 dot\u0105d zaopiekowali\u015bmy do innych miejsc. W negatywnym scenariuszu nap\u0142ywu wielu milion\u00f3w, Polska musi sta\u0107 si\u0119 gigantycznym punktem recepcyjnym dla ca\u0142ej Europy. Bo dwa, trzy, cztery miliony nowych ludzi d\u0142ugofalowo przekracza mo\u017cliwo\u015bci naszego pa\u0144stwa i spo\u0142ecze\u0144stwa. Po prostu staniemy si\u0119 b\u0142yskawicznie pa\u0144stwem dwunarodowo\u015bciowym, a to b\u0119dzie generowa\u0142o r\u00f3\u017cne resentymenty, nie tylko na pod\u0142o\u017cu ekonomicznym.<\/span><\/p>\n<hr>\n<p style=\"text-align: left;\"><span style=\"color: #808080;\"><em><strong>Maciej Duszczyk<\/strong>&nbsp;\u2013 profesor i wyk\u0142adowca Uniwersytetu Warszawskiego. Ekspert ds. migracji.<\/em><\/span><\/p>\n<hr style=\"height: 15px; background: #d0e6fa; width: 100%;\">\n<div id=\"content\" class=\"content-alignment\">\n<div id=\"watch-description\" class=\"yt-uix-button-panel\">\n<div id=\"watch-description-text\" style=\"text-align: center;\">\n<p><em>Zawarto\u015b\u0107 publikowanych artyku\u0142\u00f3w i materia\u0142\u00f3w nie reprezentuje pogl\u0105d\u00f3w ani opinii Reunion&#8217;68,<\/em><em><br \/>\nani te\u017c webmastera Blogu Reunion&#8217;68, chyba ze jest to wyra\u017anie zaznaczone.<br \/>\nTwoje uwagi, linki, w\u0142asne artyku\u0142y lub wiadomo\u015bci prze\u015blij na adres:<br \/>\n<\/em><span style=\"color: #000080;\"><strong><em><a style=\"color: #000080;\" href=\"mailto:webmaster@reunion68.com\"><span style=\"text-decoration: underline;\">webmaster@reunion68.com<\/span><\/a><\/em><\/strong><\/span><\/p>\n<\/div>\n<\/div>\n<\/div>\n<hr style=\"width: 100%;\">\n","protected":false},"excerpt":{"rendered":"<p>Ukrai\u0144scy uchod\u017acy w Medyce Fot. Monika Bryk Je\u015bli sytuacja w Ukrainie si\u0119 nie poprawi, to uchod\u017acy mog\u0105 sta\u0107 si\u0119 cz\u0119\u015bci\u0105 naszego spo\u0142ecze\u0144stwa Micha\u0142 Sutowski W moim scenariuszu b\u0119dziemy mieli znacz\u0105co wi\u0119cej obywateli Ukrainy w Polsce \u2013 nawet wi\u0119cej ni\u017c ten milion, kt\u00f3ry przed wojna ju\u017c mieszka\u0142 w Polsce. Zak\u0142adam, \u017ce wi\u0119kszo\u015b\u0107 uciekinier\u00f3w powr\u00f3ci, ale na [&hellip;]<\/p>\n","protected":false},"author":1,"featured_media":0,"comment_status":"closed","ping_status":"closed","sticky":false,"template":"","format":"standard","meta":[],"categories":[6],"tags":[26,24],"_links":{"self":[{"href":"https:\/\/www.reunion68.se\/index.php?rest_route=\/wp\/v2\/posts\/93817"}],"collection":[{"href":"https:\/\/www.reunion68.se\/index.php?rest_route=\/wp\/v2\/posts"}],"about":[{"href":"https:\/\/www.reunion68.se\/index.php?rest_route=\/wp\/v2\/types\/post"}],"author":[{"embeddable":true,"href":"https:\/\/www.reunion68.se\/index.php?rest_route=\/wp\/v2\/users\/1"}],"replies":[{"embeddable":true,"href":"https:\/\/www.reunion68.se\/index.php?rest_route=%2Fwp%2Fv2%2Fcomments&post=93817"}],"version-history":[{"count":8,"href":"https:\/\/www.reunion68.se\/index.php?rest_route=\/wp\/v2\/posts\/93817\/revisions"}],"predecessor-version":[{"id":93831,"href":"https:\/\/www.reunion68.se\/index.php?rest_route=\/wp\/v2\/posts\/93817\/revisions\/93831"}],"wp:attachment":[{"href":"https:\/\/www.reunion68.se\/index.php?rest_route=%2Fwp%2Fv2%2Fmedia&parent=93817"}],"wp:term":[{"taxonomy":"category","embeddable":true,"href":"https:\/\/www.reunion68.se\/index.php?rest_route=%2Fwp%2Fv2%2Fcategories&post=93817"},{"taxonomy":"post_tag","embeddable":true,"href":"https:\/\/www.reunion68.se\/index.php?rest_route=%2Fwp%2Fv2%2Ftags&post=93817"}],"curies":[{"name":"wp","href":"https:\/\/api.w.org\/{rel}","templated":true}]}}