{"id":9390,"date":"2014-11-22T19:04:12","date_gmt":"2014-11-22T17:04:12","guid":{"rendered":"http:\/\/www.reunion68.se\/?p=9390"},"modified":"2014-11-22T16:50:09","modified_gmt":"2014-11-22T14:50:09","slug":"9390","status":"publish","type":"post","link":"https:\/\/www.reunion68.se\/?p=9390","title":{"rendered":"Film Beitar"},"content":{"rendered":"<h4 style=\"text-align: center;\"><span style=\"text-decoration: underline;\"><span style=\"color: #000080;\"><strong><a style=\"color: #000080; text-decoration: underline;\" href=\"https:\/\/www.youtube.com\/watch?feature=player_detailpage&amp;v=eOnP3JvJhAk\">Film Beitar<\/a><\/strong><\/span><\/span><\/h4>\n<p style=\"text-align: center;\"><strong><span style=\"color: #333333;\">Drodzy pod spodem znajdziecie film o Beitar. Ze wzgl\u0119du na tematyk\u0119 i pocz\u0119ci tw\u00f3rc\u00f3w tego filmu Jan Krzysztof \u017baryn i Piotr Gontarczyk id\u0105c za rada Poldka Sobla zamieszczam wpierw kr\u00f3tka informacje o tych polskich historykach.<\/span><\/strong><\/p>\n<p><img decoding=\"async\" class=\"center aligncenter\" src=\"http:\/\/www.reunion68.com\/Biuletyn\/img\/break.png\" alt=\"\" \/><\/p>\n<p style=\"text-align: left;\"><span style=\"color: #000080;\"><strong>Jan Krzysztof \u017baryn<\/strong> (ur. 13 marca 1958) \u2013 polski historyk, nauczyciel akademicki, dzia\u0142acz spo\u0142eczny, profesor nauk humanistycznych, specjalista od dziej\u00f3w najnowszych, a szczeg\u00f3lnie historii Ko\u015bcio\u0142a katolickiego w Polsce w XX wieku, obozu narodowego oraz dziej\u00f3w politycznych emigracji po 1945.<\/span><\/p>\n<p style=\"text-align: left;\"><span style=\"color: #000080;\">Jedna z wypowiedzi <strong>prof. \u017baryn<\/strong> to:<\/span><br \/>\n<span style=\"color: #000080;\"> &#8220;Nie widz\u0119 antysemityzmu w Polsce, to fakt medialny a nie rzeczywisty.&#8221; \u00a0\u00a0<\/span><span style=\"color: #000080;\">[<span style=\"color: #333333;\"><em> WK &#8211; innymi s\u0142owy antysemitizm w Polsce wymy\u015blily media.<\/em><\/span> ]<\/span><\/p>\n<p><img decoding=\"async\" class=\"center aligncenter\" src=\"http:\/\/www.reunion68.com\/Biuletyn\/img\/break.png\" alt=\"\" \/><\/p>\n<p style=\"text-align: left;\"><span style=\"color: #000080;\"><strong>Piotr Gontarczyk<\/strong> (ur. 29 kwietnia 1970 w \u017byrardowie) \u2013 polski historyk i publicysta.<\/span><\/p>\n<p style=\"text-align: left;\"><span style=\"color: #000080;\">O znanym Wam filmie <strong>Pok\u0142osie Piotr Gontarczyk<\/strong> powiedzial:<\/span><\/p>\n<p style=\"text-align: left;\"><span style=\"color: #000080;\">Pok\u0142osie\u201d \u2013 film toporny, prostacki, szmir\u0119 po\u015bredniego gatunku \u2013 od razu okrzykni\u0119to dzie\u0142em \u201ewa\u017cnym\u201d i \u201eodkrywczym\u201d. Trudno si\u0119 dziwi\u0107 \u2013 jest typowym elementem promowanej przez mainstream pedagogiki wstydu. Nadto dobrze trafia w gusta przedstawicieli \u201enadwi\u015bla\u0144skich elit\u201d, kt\u00f3re wobec polsko\u015bci i chrze\u015bcija\u0144stwa na co dzie\u0144 z trudem t\u0142umi\u0105 niech\u0119\u0107 i pogard\u0119.<\/span><\/p>\n<hr style=\"height: 15px; background: #d0e6fa; width: 710px;\" \/>\n<div id=\"content\" class=\"  content-alignment&lt;br \/&gt;&lt;br \/&gt; \">\n<div id=\"watch-description\" class=\"yt-uix-button-panel\">\n<div id=\"watch-description-text\"><center><br \/>\n<iframe loading=\"lazy\" src=\"\/\/www.youtube.com\/embed\/eOnP3JvJhAk?feature=player_detailpage\" width=\"640\" height=\"360\" frameborder=\"0\" allowfullscreen=\"allowfullscreen\"><\/iframe><\/center><\/div>\n<\/div>\n<\/div>\n<p>&nbsp;<\/p>\n<hr style=\"height: 15px; background: #d0e6fa; width: 710px;\" \/>\n<p>&nbsp;<\/p>\n<p>[<em><span style=\"color: #333333;\">WK komentarz znaleziony pod filmem.<\/span> <\/em>]<\/p>\n<p style=\"text-align: left;\"><span style=\"color: #000080;\">Komunistyczne rz\u0105dy doprowadzi\u0142y do usuni\u0119cia z polskiej historiografii i pami\u0119ci wielu wa\u017cnych wydarze\u0144 oraz postaci. Ale czy mo\u017cliwe, \u017ce przez dziesi\u0105tki lat kompletnie przemilczano istnienie najwi\u0119kszej narodowo &#8211; radykalnej organizacji II Rzeczypospolitej? Niestety tak, ale na szcz\u0119\u015bcie duet Robert Kaczmarek &#8211; Piotr Gontarczyk, po raz kolejny uzupe\u0142nia swoim wsp\u00f3lnie zrealizowanym filmem, historyczn\u0105 bia\u0142\u0105 plam\u0119.<\/span><\/p>\n<p style=\"text-align: left;\"><span style=\"color: #000080;\">Betar by\u0142 rewizjonistyczn\u0105 organizacj\u0105 \u017cydowsk\u0105, kt\u00f3ra w okresie swojej najwi\u0119kszej \u015bwietno\u015bci w Polsce, liczy\u0142a 50 tysi\u0119cy cz\u0142onk\u00f3w. Ponadto jej dzia\u0142alno\u015b\u0107 cieszy\u0142a si\u0119 przychylno\u015bci\u0105 samego marsza\u0142ka Pi\u0142sudzkiego, a owocem tej sympatii by\u0142a mo\u017cliwo\u015b\u0107 odbywania przez Betarczyk\u00f3w szkole\u0144 z polsk\u0105 armi\u0105.<\/span><br \/>\n<span style=\"color: #000080;\"> Ideologia Betaru opiera\u0142a si\u0119 na syjonistycznych tezach propagowanych przez Zeeva \u017baboty\u0144skiego. G\u0142\u00f3wnym celem dzia\u0142ania organizacji, by\u0142o krzewienie w\u015br\u00f3d ludno\u015bci \u017cydowskiej zamieszkuj\u0105cej Europ\u0119 zachowa\u0144 i pogl\u0105d\u00f3w patriotycznych, oraz przygotowanie jej na powr\u00f3t do Palestyny i walk\u0119 o w\u0142asne pa\u0144stwo. Film ze stajni producenckiej Roberta Kaczmarka, jest dokumentem przedstawiaj\u0105cym relacje kilku \u017cyj\u0105cych jeszcze cz\u0142onk\u00f3w polskiego oddzia\u0142u Betaru, uzupe\u0142nionym o historyczny komentarz Piotra Gontarczyka. Jak ju\u017c przyzwyczaili nas tw\u00f3rcy Film Open Group, ca\u0142o\u015b\u0107 zosta\u0142a \u015bwietnie zmontowana i uzupe\u0142niona archiwalnymi fotografiami i filmami oraz okraszona klezmerskimi melodiami. Z opowie\u015bci Betarczyk\u00f3w wy\u0142ania si\u0119 fascynuj\u0105cy \u015bwiat mi\u0119dzywojennej Polski, w kt\u00f3rym przygotowywali si\u0119 do najwa\u017cniejszego zadania w swoim \u017cyciu: powrotu do Palestyny i walki o ojczyzn\u0119. W imi\u0119 wyznawanych warto\u015bci byli gotowi po\u015bwi\u0119ci\u0107 w\u0142asn\u0105 karier\u0119 czy wygod\u0119. Szkoleni od najm\u0142odszych lat poprzez \u0107wiczenia fizyczne oraz lekcje patriotyzmu mieli jeden cel &#8211; uzyska\u0107 w\u0142asne, niepodleg\u0142e pa\u0144stwo. Radykalna, narodowa ideologia doprowadzi\u0142a do sporu z socjalistycznym Bundem, kt\u00f3ry przerodzi\u0142 si\u0119 w konflikt, przejawiaj\u0105cy si\u0119 starciami i b\u00f3jkami mi\u0119dzy cz\u0142onkami obydwu organizacji. Jeden z Betarczyk\u00f3w wyst\u0119puj\u0105cych w filmie z dum\u0105 przyznaje si\u0119, \u017ce w\u0142ama\u0142 si\u0119 do bundowskiego magazynu, a swoj\u0105 obecno\u015b\u0107 uwieczni\u0142 napisem na \u015bcianie \u201eZdrajcy do Moskwy\u201d. Zreszt\u0105 socjali\u015bci nie pozostawali d\u0142u\u017cni i w swoich publikacjach otwarcie nazywali Betar \u2026 \u201efaszystami\u201d! Co ciekawe, Betar faktycznie wsp\u00f3\u0142pracowa\u0142 i organizowa\u0142 wsp\u00f3lne \u0107wiczenia, z wyznaj\u0105cymi t\u0119 ideologi\u0119 ugrupowaniami w\u0142oskimi. Nie zmienia to jednak faktu, \u017ce w drugiej po\u0142owie lat 30 Zeev \u017baboty\u0144ski widz\u0105c narastaj\u0105c\u0105 fal\u0119 antysemityzmu, wr\u0119cz b\u0142aga\u0142 w swoich wyst\u0105pieniach wszystkich \u017byd\u00f3w, o natychmiastowe opuszczenie Europy i przeniesienie si\u0119 do Palestyny.<\/span><\/p>\n<p style=\"text-align: left;\"><span style=\"color: #000080;\">\u201eBetar\u201d, cho\u0107 wyprodukowany na zam\u00f3wienie TVP nie mia\u0142 jeszcze swojej telewizyjnej premiery i jak przyznaje Piotr Gontarczyk, z dochodz\u0105cych do niego sygna\u0142\u00f3w mo\u017cna wnioskowa\u0107 i\u017c mimo pozytywnych recenzji historyk\u00f3w, film szybko na ekrany nie trafi. Pozostaj\u0105 wi\u0119c pokazy, takie jak ten, kt\u00f3ry odby\u0142 si\u0119 w ostatni czwartek w Krakowskim Kinie Pod Baranami, w ramach Festiwalu Kultury \u017bydowskiej. Dr Piotr Gontarczyk, opr\u00f3cz konsultacji historycznej, napisa\u0142 r\u00f3wnie\u017c scenariusz filmu. Podczas dyskusji, kt\u00f3ra odby\u0142a si\u0119 po pokazie przyzna\u0142, \u017ce z b\u00f3lem serca godzi\u0142 si\u0119 na odrzucenie kolejnych fragment\u00f3w z 18 godzin zarejestrowanych rozm\u00f3w z Betarczykami. Pierwotnie film zmontowano w 2 godzinny obraz, ale kolejne przer\u00f3bki pozostawi\u0142y ostateczn\u0105 wersj\u0119, licz\u0105c\u0105 55 minut. Historyk otwarcie m\u00f3wi, \u017ce film \u201eBetar\u201d prze\u0142amuje pewien dyskurs polskiej powojennej historiografii, polegaj\u0105cy na umniejszaniu roli tej organizacji zar\u00f3wno w dwudziestoleciu mi\u0119dzywojennym, jak i podczas Powstania w Getcie Warszawskim, gdzie walczy\u0142o w ramach \u017bydowskiego Zwi\u0105zku Wojskowego, kilkuset jego cz\u0142onk\u00f3w. Nie bez winy s\u0105 tu relacje os\u00f3b wywodz\u0105cych si\u0119 z Bundu, a w czasie wojny nale\u017c\u0105cych do \u017bydowskiej Organizacji Bojowej, kt\u00f3rzy prze\u017cyli powstanie i w swoich p\u00f3\u017aniejszych wypowiedziach albo pomijali znaczenie \u017cydowskich narodowc\u00f3w, albo bardzo je pomniejszali. O pot\u0119dze i wp\u0142ywach Betaru najlepiej \u015bwiadczy fakt, \u017ce z jego kadr wywodzi si\u0119 wielu polityk\u00f3w Likudu, partii obecnie rz\u0105dz\u0105cej Izraelem, czerpi\u0105cej bezpo\u015brednio z tradycji organizacji \u017baboty\u0144skiego.<\/span><\/p>\n<p style=\"text-align: left;\"><span style=\"color: #000080;\">Kuba Klimkowicz<\/span><\/p>\n<hr style=\"height: 15px; background: #d0e6fa; width: 710px;\" \/>\n<div id=\"content\" class=\"  content-alignment&lt;br \/&gt;&lt;br \/&gt; \">\n<div id=\"watch-description\" class=\"yt-uix-button-panel\">\n<div id=\"watch-description-text\">\n<p style=\"text-align: center;\"><span style=\"color: #808080;\"> twoje uwagi, linki, wlasne artykuly, lub wiadomosci przeslij do: <strong><span style=\"text-decoration: underline;\"><span style=\"color: #808080; text-decoration: underline;\"><a href=\"mailto:webmaster@reunion68.com\">webmaster@reunion68.com<\/a><\/span><\/span><\/strong><\/span><\/p>\n<\/div>\n<\/div>\n<\/div>\n<p>&nbsp;<\/p>\n<hr style=\"width: 710px;\" \/>\n","protected":false},"excerpt":{"rendered":"<p>Film Beitar Drodzy pod spodem znajdziecie film o Beitar. Ze wzgl\u0119du na tematyk\u0119 i pocz\u0119ci tw\u00f3rc\u00f3w tego filmu Jan Krzysztof \u017baryn i Piotr Gontarczyk id\u0105c za rada Poldka Sobla zamieszczam wpierw kr\u00f3tka informacje o tych polskich historykach. Jan Krzysztof \u017baryn (ur. 13 marca 1958) \u2013 polski historyk, nauczyciel akademicki, dzia\u0142acz spo\u0142eczny, profesor nauk humanistycznych, specjalista [&hellip;]<\/p>\n","protected":false},"author":1,"featured_media":0,"comment_status":"closed","ping_status":"closed","sticky":false,"template":"","format":"standard","meta":[],"categories":[6],"tags":[24],"_links":{"self":[{"href":"https:\/\/www.reunion68.se\/index.php?rest_route=\/wp\/v2\/posts\/9390"}],"collection":[{"href":"https:\/\/www.reunion68.se\/index.php?rest_route=\/wp\/v2\/posts"}],"about":[{"href":"https:\/\/www.reunion68.se\/index.php?rest_route=\/wp\/v2\/types\/post"}],"author":[{"embeddable":true,"href":"https:\/\/www.reunion68.se\/index.php?rest_route=\/wp\/v2\/users\/1"}],"replies":[{"embeddable":true,"href":"https:\/\/www.reunion68.se\/index.php?rest_route=%2Fwp%2Fv2%2Fcomments&post=9390"}],"version-history":[{"count":22,"href":"https:\/\/www.reunion68.se\/index.php?rest_route=\/wp\/v2\/posts\/9390\/revisions"}],"predecessor-version":[{"id":9412,"href":"https:\/\/www.reunion68.se\/index.php?rest_route=\/wp\/v2\/posts\/9390\/revisions\/9412"}],"wp:attachment":[{"href":"https:\/\/www.reunion68.se\/index.php?rest_route=%2Fwp%2Fv2%2Fmedia&parent=9390"}],"wp:term":[{"taxonomy":"category","embeddable":true,"href":"https:\/\/www.reunion68.se\/index.php?rest_route=%2Fwp%2Fv2%2Fcategories&post=9390"},{"taxonomy":"post_tag","embeddable":true,"href":"https:\/\/www.reunion68.se\/index.php?rest_route=%2Fwp%2Fv2%2Ftags&post=9390"}],"curies":[{"name":"wp","href":"https:\/\/api.w.org\/{rel}","templated":true}]}}