{"id":93977,"date":"2022-03-19T17:00:37","date_gmt":"2022-03-19T15:00:37","guid":{"rendered":"http:\/\/www.reunion68.se\/?p=93977"},"modified":"2022-03-19T09:56:09","modified_gmt":"2022-03-19T07:56:09","slug":"27-00-75","status":"publish","type":"post","link":"https:\/\/www.reunion68.se\/?p=93977","title":{"rendered":"Maksim Chmerkovskiy Plans Return to Eastern Europe to Join Ground Efforts as War Rages in Ukraine"},"content":{"rendered":"<h5 style=\"text-align: center;\"><a href=\"https:\/\/www.algemeiner.com\/\" target=\"_blank\" rel=\"noopener noreferrer\"><img decoding=\"async\" class=\"center alignleft\" src=\"http:\/\/www.reunion68.com\/Biuletyn\/img\/algem.png\" alt=\"\" width=\"35%\" \/><\/a><span style=\"text-decoration: underline; color: #000080;\"><span><strong><a style=\"color: #000080; text-decoration: underline;\" href=\"https:\/\/www.algemeiner.com\/2022\/03\/18\/maksim-chmerkovskiy-plans-return-to-eastern-europe-to-join-ground-efforts-as-war-rages-in-ukraine\/\" target=\"_blank\" rel=\"noopener noreferrer\">Maksim Chmerkovskiy Plans Return to Eastern Europe to Join Ground Efforts as War Rages in Ukraine<\/a><\/strong><\/span><\/span><\/h5>\n<p style=\"text-align: center;\"><span style=\"color: #000000;\"><strong>Shiryn Ghermezian<\/strong><\/span><\/p>\n<hr style=\"height: 15px; background: #d0e6fa; width: 100%;\" \/>\n<p style=\"text-align: center;\"><img decoding=\"async\" class=\"aligncenter\" src=\"https:\/\/www.algemeiner.com\/wp-content\/uploads\/2022\/03\/2019-10-26T000000Z_1612270218_MT1NURPHO000L969BI_RTRMADP_3_MAKSIM-CHMERKOVSKIY-1.jpg\" width=\"100%\" \/><span style=\"color: #808080;\"><em>Maksim Chmerkovskiy arrives at the 7th Annual UNICEF Masquerade Ball 2019 held at the Kimpton La Peer Hotel on October 26, 2019 in West Hollywood, Los Angeles, California, United States. Photo: Xavier Collin\/Image Press Agency\/NurPhoto\/Reuters.<\/em><\/span><\/p>\n<p style=\"text-align: left;\"><span style=\"color: #000080;\">Jewish Ukrainian-born professional ballroom dancer Maksim Chmerkovskiy is planning on returning to Eastern Europe to help Ukrainians in need, less than a month after safely escaping his native country that is now in its third week under Russian assault.<\/span><\/p>\n<div class=\"paragraph\">\n<div class=\"paragraph\">\n<p style=\"text-align: left;\"><span style=\"color: #000080;\">\u201cI spent the last couple of days with survivor\u2019s remorse, and I\u2019m currently working on an opportunity to go back,\u201d the former \u201cDancing With the Stars\u201d professional, 42, said in a recent on-air interview with\u00a0<a class=\"external-link\" style=\"color: #000080;\" title=\"(opens new window)\" href=\"https:\/\/www.cnn.com\/videos\/world\/2022\/03\/07\/maksim-chmerkovskiy-dancing-with-the-stars-ukraine-escape-sot-intl-hnk-vpx.cnn\/video\/playlists\/russia-ukraine-military-conflict\/\" target=\"_blank\" rel=\"noopener noreferrer\" aria-describedby=\"external-disclaimer\"><em>CNN<\/em>\u2018s<\/a>\u00a0Anderson Cooper. \u201cProbably sometime next week I\u2019m going to go back to Poland and join efforts on the ground. Sort of want to justify my safe out that way.\u201d<\/span><\/p>\n<p style=\"text-align: left;\"><span style=\"color: #000080;\">Chmerkovskiy, who is married to fellow professional dancer Peta Murgatroyd, did not specify when he plans to return to the region.<\/span><\/p>\n<p style=\"text-align: left;\"><span style=\"color: #000080;\">He told Cooper he had been in Ukraine \u201cconsulting on a couple of TV shows and dance-related projects,\u201d including serving as a judge on a Ukrainian television series competition, when Russia\u2019s President Vladimir Putin launched a large-scale invasion of the country on Feb. 24. The Ukrainian-American dancer chronicled on Instagram his experience being in the country before and during the invasion and his observations while finding refuge in Kyiv, and even posted videos while waiting in a bomb shelter with others.<\/span><\/p>\n<div class=\"paragraph\" style=\"text-align: left;\">\n<p><span style=\"color: #000080;\">While men between the ages of 18-60 were prohibited from leaving Ukraine under\u00a0<a style=\"color: #000080;\" href=\"https:\/\/www.usatoday.com\/story\/news\/world\/2022\/02\/25\/russia-invasion-ukraine-bans-male-citizens-leaving\/6936471001\/\" target=\"_blank\" rel=\"noopener noreferrer\">martial law<\/a>, Chmerkovskiy was allowed to leave the county because he is an American citizen.<\/span><\/p>\n<\/div>\n<p style=\"text-align: left;\"><span style=\"color: #000080;\">Opening up to Cooper about escaping the country, he said, \u201cIt wasn\u2019t really a decision to leave, it was more like I got told that I have to go. Ukrainian people, in general, they were waiting for this conflict. They were prepared. It was eight years in the making and that was the whole general feeling since I started [working] in Ukraine in September of last year.\u201d<\/span><\/p>\n<div class=\"paragraph\">\n<p style=\"text-align: left;\"><span style=\"color: #000080;\">\u201cThe entire time, the feeling was that something is looming,\u201d he added. \u201cAll the time I was being told, \u2018If something happens, we\u2019ll take you out. You\u2019ll be the first to move out of the country.\u2019 And when everything happened, it happened suddenly. And that morning, I was literally driving to film and at 5 a.m., someone was bombarding my phone saying, \u2018You have to go now.\u2019 \u201d<\/span><\/p>\n<div class=\"paragraph\">\n<p style=\"text-align: left;\"><span style=\"color: #000080;\">Chmerkovskiy then said he \u201cstuck for the next five days\u201d in Ukraine and on his last day in the country, he received phone calls from military personnel he had befriended and they all told him, \u201c\u2018You have to go, things are about to get crazy. You are an American citizen, you have to leave the country.&#8217;\u201d<\/span><\/p>\n<p style=\"text-align: left;\"><span style=\"color: #000080;\">He said on\u00a0<em>CNN<\/em>\u00a0that when he eventually boarded a train to Poland, \u201cI felt really bad going, and the feeling sunk in even worse because when I got to the train station, I realized it was all women and children. I was too big and I\u2019m taking up space, so I had put myself between trains.\u201d<\/span><\/p>\n<div class=\"component inline image margin-32-tb align-img align-default\">\n<div class=\"component lazy-image lazy-image-udf image-wrapper aspect_3x4 cache-only align-default rendered image-loaded\" data-src=\"https:\/\/imagesvc.meredithcorp.io\/v3\/mm\/image?url=https%3A%2F%2Fstatic.onecms.io%2Fwp-content%2Fuploads%2Fsites%2F20%2F2022%2F02%2F25%2FMaks-Chmerkovskiy-01.jpg\" data-use-imagesvc-to-cache=\"true\" data-special-crop=\"\" data-alt=\"Maks Chmerkovskiy\" data-title=\"Brent Shapiro Foundation Summer Spectacular 2019\" data-shop-image=\"false\" data-original-width=\"1000\" data-original-height=\"1500\" data-high-density=\"true\" data-crop-percentage=\"133\" data-tracking-zone=\"image\" data-orientation=\"default\" data-focal-point-x=\"480\" data-focal-point-y=\"60\">\n<div class=\"paragraph\" style=\"text-align: left;\">\n<p><span style=\"color: #000080;\">Chmerkovskiy arrived in Los Angeles, where he lives with his family, on March 2.<\/span><\/p>\n<\/div>\n<div class=\"paragraph\">\n<p style=\"text-align: left;\"><span style=\"color: #000080;\">He also told\u00a0<a style=\"color: #000080;\" href=\"https:\/\/twitter.com\/GMA\/status\/1499732033882439682\" target=\"_blank\" rel=\"noopener noreferrer\"><em>Good Morning America<\/em><\/a>\u00a0in a previous interview about feeling \u201cguilty\u201d for escaping Ukraine while others could not.\u00a0 \u201cI feel bad,\u201d he admitted. \u201cI feel ashamed. I feel upset \u2026 I cried from the airport. I felt embarrassed \u2026 the entire ride back cause I was the only man on the train amongst all women and children.\u201d<\/span><\/p>\n<\/div>\n<\/div>\n<\/div>\n<\/div>\n<\/div>\n<\/div>\n<\/div>\n<hr style=\"height: 15px; background: #d0e6fa; width: 100%;\" \/>\n<div id=\"content\" class=\"content-alignment\">\n<div id=\"watch-description\" class=\"yt-uix-button-panel\">\n<div id=\"watch-description-text\" style=\"text-align: center;\">\n<p><em>Zawarto\u015b\u0107 publikowanych artyku\u0142\u00f3w i materia\u0142\u00f3w nie reprezentuje pogl\u0105d\u00f3w ani opinii Reunion&#8217;68,<\/em><em><br \/>\nani te\u017c webmastera Blogu Reunion&#8217;68, chyba ze jest to wyra\u017anie zaznaczone.<br \/>\nTwoje uwagi, linki, w\u0142asne artyku\u0142y lub wiadomo\u015bci prze\u015blij na adres:<br \/>\n<\/em><span style=\"color: #000080;\"><strong><em><a style=\"color: #000080;\" href=\"mailto:webmaster@reunion68.com\"><span style=\"text-decoration: underline;\">webmaster@reunion68.com<\/span><\/a><\/em><\/strong><\/span><\/p>\n<\/div>\n<\/div>\n<\/div>\n<hr style=\"width: 100%;\" \/>\n","protected":false},"excerpt":{"rendered":"<p>Maksim Chmerkovskiy Plans Return to Eastern Europe to Join Ground Efforts as War Rages in Ukraine Shiryn Ghermezian Maksim Chmerkovskiy arrives at the 7th Annual UNICEF Masquerade Ball 2019 held at the Kimpton La Peer Hotel on October 26, 2019 in West Hollywood, Los Angeles, California, United States. Photo: Xavier Collin\/Image Press Agency\/NurPhoto\/Reuters. Jewish Ukrainian-born [&hellip;]<\/p>\n","protected":false},"author":1,"featured_media":0,"comment_status":"closed","ping_status":"closed","sticky":false,"template":"","format":"standard","meta":[],"categories":[6],"tags":[26,24],"_links":{"self":[{"href":"https:\/\/www.reunion68.se\/index.php?rest_route=\/wp\/v2\/posts\/93977"}],"collection":[{"href":"https:\/\/www.reunion68.se\/index.php?rest_route=\/wp\/v2\/posts"}],"about":[{"href":"https:\/\/www.reunion68.se\/index.php?rest_route=\/wp\/v2\/types\/post"}],"author":[{"embeddable":true,"href":"https:\/\/www.reunion68.se\/index.php?rest_route=\/wp\/v2\/users\/1"}],"replies":[{"embeddable":true,"href":"https:\/\/www.reunion68.se\/index.php?rest_route=%2Fwp%2Fv2%2Fcomments&post=93977"}],"version-history":[{"count":5,"href":"https:\/\/www.reunion68.se\/index.php?rest_route=\/wp\/v2\/posts\/93977\/revisions"}],"predecessor-version":[{"id":93995,"href":"https:\/\/www.reunion68.se\/index.php?rest_route=\/wp\/v2\/posts\/93977\/revisions\/93995"}],"wp:attachment":[{"href":"https:\/\/www.reunion68.se\/index.php?rest_route=%2Fwp%2Fv2%2Fmedia&parent=93977"}],"wp:term":[{"taxonomy":"category","embeddable":true,"href":"https:\/\/www.reunion68.se\/index.php?rest_route=%2Fwp%2Fv2%2Fcategories&post=93977"},{"taxonomy":"post_tag","embeddable":true,"href":"https:\/\/www.reunion68.se\/index.php?rest_route=%2Fwp%2Fv2%2Ftags&post=93977"}],"curies":[{"name":"wp","href":"https:\/\/api.w.org\/{rel}","templated":true}]}}