{"id":93998,"date":"2022-03-22T17:05:17","date_gmt":"2022-03-22T15:05:17","guid":{"rendered":"http:\/\/www.reunion68.se\/?p=93998"},"modified":"2022-03-21T15:59:15","modified_gmt":"2022-03-21T13:59:15","slug":"28-05-70","status":"publish","type":"post","link":"https:\/\/www.reunion68.se\/?p=93998","title":{"rendered":"Putin\u2019s Fascism"},"content":{"rendered":"<h5 style=\"text-align: center;\"><a href=\"https:\/\/www.tabletmag.com\/\" target=\"_blank\" rel=\"noopener noreferrer\"><img decoding=\"async\" class=\"center alignleft\" src=\"http:\/\/www.reunion68.com\/Biuletyn\/img\/tablet-1.png\" alt=\"\" width=\"35%\"><\/a><span style=\"text-decoration: underline; color: #000080;\"><strong><a style=\"color: #000080; text-decoration: underline;\" href=\"https:\/\/www.tabletmag.com\/sections\/news\/articles\/putins-fascism\" target=\"_blank\" rel=\"noopener noreferrer\">Putin\u2019s Fascism<\/a><\/strong><\/span><\/h5>\n<p style=\"text-align: center;\"><span style=\"color: #000000;\"><strong><br \/>\nJASON STANLEY AND ELIYAHU STERN<\/strong><\/span><\/p>\n<hr style=\"height: 15px; background: #d0e6fa; width: 100%;\">\n<p style=\"text-align: center;\"><img decoding=\"async\" class=\"aligncenter\" src=\"https:\/\/tablet-mag-images.b-cdn.net\/production\/d5673ffbebde787e4616346bd24058bc2a9dc412-5184x3456.jpg?w=1300&amp;q=70&amp;auto=format&amp;dpr=1\" width=\"100%\"><span style=\"color: #808080;\"><em>Russian President Vladimir Putin at the Jewish Museum and Tolerance Center in Moscow, 2019MIKHAIL SVETLOV\/GETTY IMAGES<\/em><\/span><\/p>\n<h4 style=\"text-align: center;\"><span style=\"color: #808080;\"><strong>The admiration of religious traditionalism and hatred of cosmopolitan liberalism is part of the Kremlin\u2019s fascist ideology<\/strong><\/span><\/h4>\n<p>.<\/p>\n<div class=\"BlockContent col-12 lg:col-10 xl-wide:col-8 mxauto text-article-dropcaps\">\n<p style=\"text-align: left;\"><span style=\"color: #000080;\">On March 2, Yale\u2019s&nbsp;Fortunoff&nbsp;Video Archive&nbsp;for Holocaust Testimonies&nbsp;published&nbsp;<a style=\"color: #000080;\" href=\"https:\/\/shared.outlook.inky.com\/link?domain=fortunoff.library.yale.edu&amp;t=eyJhbGciOiAiRVMyNTYiLCAidHlwIjogIkpXVCJ9.eJxNkN1qg0AQhV8leN2q2Vw1UEiLNW2IEUIaqzdhdMe4Oq5hf0JN6btXhZbeDYfznZk5X45BaAV3ljPnCiRAGoNFJTvqzv29gZzQtHB27maOkAaVBBqsJZDGQcIRq0F30tUGJGG_6oHQRW5HYkr9L1g10k5lzEUvPa_slLGyK0uXRK5A9e6v2WM-Y56_8Hzm2UaBkOiNAfH7wEtLNMymUgjmRHjFMdUfT5w28jbUkISWv-4pZZXN2ec1WzSGr0ORr49-noRyyy43vj72efPsp8lGZx97kyaFTdmD2d54FSVpHx2qOgqe5lGb1VmbVbuaRHQgkdbUxAdOcbCh7e2F7YJivgvSPg5SGx3eHqdPNaoTtiDoBJwr1HqqSo8Vrv5qdYuudb5_ANegggg.MEQCIDaANCwbiqpGvflDpQeN8kc5NJd0D1AOur8aqKI-CbDWAiA4NGeYJ9uw-1LHAGixjemo_7XU72SLTHmXYScLBAu-uQ\">a statement<\/a>&nbsp;on the Russian invasion of Ukraine.&nbsp;It&nbsp;condemns \u201cVladimir Putin\u2019s deliberate, coldhearted, and Orwellian abuse of the language of the Holocaust.\u201d In Putin\u2019s claim \u201cthat Russia must invade Ukraine to \u201cdenazify\u201d and end a \u201cgenocide,\u201d it finds&nbsp;numerous evils, including \u201ca diversion from his own fascism\u201d and \u201can expression of antisemitism.\u201d<\/span><\/p>\n<\/div>\n<div class=\"BlockContent col-12 lg:col-10 xl-wide:col-8 mxauto\" style=\"text-align: left;\">\n<p><span style=\"color: #000080;\">If Putin\u2019s invasion has been justified in part by employing expressions of antisemitism, how does this square with the fact that Putin has&nbsp;made it a point to disassociate&nbsp;himself&nbsp;from the racist and antisemitic legacy of Nazism? To help decode the Russian leader\u2019s position, it\u2019s instructive to look at the positions espoused by Alexander&nbsp;Dugin,&nbsp;a Russian intellectual who has done much over the years to formulate what appears to now be the Kremlin\u2019s dominant ideology. While often described in Western media as \u201cPutin\u2019s brain,\u201d Dugin\u2019s influence on Russian leaders has waxed and waned over the years. More than political influence, his major contribution has been his ability to make the geopolitical ambitions of Putin\u2019s post-Soviet Russia intelligible.<\/span><\/p>\n<\/div>\n<div class=\"BlockContent col-12 lg:col-10 xl-wide:col-8 mxauto\" style=\"text-align: left;\">\n<p><span style=\"color: #000080;\">Dugin began his intellectual career as a critic of the Soviet Union, identifying with underground nationalist and spiritual movements. Some of these groups, such as the ultranationalist Pamyat, promoted antisemitic sentiments. Eventually he disavowed these ties and emerged as a leading spokesperson for Eurasianism, a political movement that sees Russia playing a central role in the geopolitical order bridging the divide between Europe and Asia.<\/span><\/p>\n<\/div>\n<div class=\"BlockContent col-12 lg:col-10 xl-wide:col-8 mxauto\">\n<p style=\"text-align: left;\"><span style=\"color: #000080;\">The French scholar Marlene Laruelle has described Dugin\u2019s political philosophy as an attempt \u201cto rehabilitate fascism in Russia\u201d by stressing its nationalist orientation while disowning its associations with Nazism and racism. Tellingly, Putin\u2019s invasion of neighboring Ukraine has exemplified this vision.<\/span><br \/>\n<img decoding=\"async\" class=\"alignleft\" src=\"https:\/\/tablet-mag-images.b-cdn.net\/production\/a97bda2dc6ac58b4d998a60aa063b73f71e4fd8a-700x983.jpg?w=1200&amp;q=70&amp;auto=format&amp;dpr=1\" width=\"50%\"><span style=\"color: #808080;\"><em>Alexander DuginWIKIPEDIA<\/em><\/span><\/p>\n<div class=\"ArticleView__content-switch bradford text-article-body-md font-300 mxauto\">\n<div class=\"BlockContent col-12 lg:col-10 xl-wide:col-8 mxauto\">\n<p style=\"text-align: left;\"><span style=\"color: #000080;\">Fascism embraces a mythic past, where the nation, once great, has experienced humiliation and loss of land, the result of weakness and decadence brought on by liberal democracy.&nbsp;To make up for these losses, real and supposed, fascist leaders encourage violent reassertion of previous greatness, as well as the destruction of liberal democracy in favor of a&nbsp;one-party&nbsp;state or, more typically, a single autocratic ruler who is synonymous with the nation.<\/span><\/p>\n<\/div>\n<div class=\"BlockContent col-12 lg:col-10 xl-wide:col-8 mxauto\">\n<p style=\"text-align: left;\"><span style=\"color: #000080;\">In the Russian nationalist version of the mythic past, Ukraine is central. According to this mythology, there are no Ukrainians\u2014just lost Russians living, whether they know it or not, in the heart of historic Russia. Under Putin, Russia has been harshly sexist and homophobic, familiar manifestations of fascist ideology.&nbsp;But&nbsp;Russia\u2019s&nbsp;violent&nbsp;imperial war&nbsp;against a neighboring cosmopolitan democracy that it seeks to absorb is the clearest manifestation yet that its animating ideology is&nbsp;something akin to classical&nbsp;fascism.<\/span><\/p>\n<\/div>\n<div class=\"BlockContent col-12 lg:col-10 xl-wide:col-8 mxauto\" style=\"text-align: left;\">\n<p><span style=\"color: #000080;\">Dugin&nbsp;and Putin both claim to be opposed to racism and Nazism. They insist that their primary enemy is not any one people, religion, or race, but rather \u201cconfused\u201d cosmopolitans, liberals, and secularists. This 20th-century set of chiefly antisemitic stereotypes is also used to describe liberal democracy.<\/span><\/p>\n<\/div>\n<div class=\"BlockContent col-12 lg:col-10 xl-wide:col-8 mxauto\">\n<p style=\"text-align: left;\"><span style=\"color: #000080;\">Putin has enjoyed the support of Russia\u2019s chief rabbi, Berel Lazar,&nbsp;and&nbsp;Dugin&nbsp;counts right-wing Israeli Zionists among his comrades. As&nbsp;Dugin&nbsp;explained in April 2021 in the Israeli journal<em>&nbsp;<a style=\"color: #000080;\" href=\"https:\/\/12ea12e5-0cc6-59bc-3055-35712ceb0684.filesusr.com\/ugd\/47130e_88bc91244ebb4596885806eca8907d09.pdf\">Dehak<\/a><\/em>:<\/span><\/p>\n<\/div>\n<div class=\"BlockContent col-12 lg:col-10 xl-wide:col-8 mxauto\" style=\"text-align: left;\">\n<blockquote><p><strong>The Gaon of Vilna said: in the End of Days the main enemy will not be the husk of Ishmael [Islam] or the husk of Rome [Christianity], but rather the husk of Jacob [Jews], those who are designated as the mixed multitude, the assimilated people who, according to the Gaon of Vilna, have underwent modernization and colonization. [In the End of Days], the chief enemy of the Jewish tradition will come from its own house and not from the outside in the form of Christianity and Islam. The chief enemy \u2026 is the Jewish&nbsp;People. They are the chief enemy of traditional Judaism \u2026 Perhaps this is not well understood, but I think this interpretation is very important. In our own community, in a similar way, the chief enemy of the Russian nation are liberal Russians and not the representatives of other groups. &#8230; In&nbsp;my opinion, it follows, we need a deep de-colonization of [the forces of modernization] from Africa, Asia, Latin America, and Israel, in Russia and Europe and in the United States. In the United States this means being made free from the heavy hand of the elite-racist ultra-liberal that seeks to annihilate American values.<\/strong><\/p><\/blockquote>\n<\/div>\n<div class=\"BlockContent col-12 lg:col-10 xl-wide:col-8 mxauto\">\n<p style=\"text-align: left;\"><span style=\"color: #000080;\">Here,&nbsp;Dugin&nbsp;represents himself as the champion of Judaism\u2014or at least his conception of traditional Judaism\u2014against the forces that would destroy it:&nbsp;Jews themselves.&nbsp;Dugin represents \u201ctraditional\u201d Jews as those who are attached to the land of Israel. The&nbsp;<em>enemy<\/em>&nbsp;of Judaism are the assimilated, cosmopolitan Jews, those who are part of \u201cmodernization.\u201d More generally,&nbsp;Dugin&nbsp;says that each national community\u2019s existential threat consists of members of that community\u2014the ones who embrace cosmopolitanism, liberalism, tolerance, and&nbsp;democracy.&nbsp;<\/span><\/p>\n<\/div>\n<div class=\"BlockContent col-12 lg:col-10 xl-wide:col-8 mxauto\">\n<p style=\"text-align: left;\"><span style=\"color: #000080;\">Dugin\u2019s&nbsp;appeal here is transnational\u2014it is made to the traditionalists in every group opposed to feminism, secularism, LGBT rights, and liberal tolerance. For Dugin, the enemy of each group is to be found within its midst: those who support multicultural, liberal societies.&nbsp;Traditionalists can and do operate within the parameters of liberal democracy, of course. But in the new Russian fascism, traditionalism&nbsp;is seen as inconsistent with and opposed to liberal democracy.<\/span><\/p>\n<\/div>\n<div class=\"col-12 lg:col-10 xl-wide:col-8 mxauto\">\n<div class=\"Divider Divider--dotted-rule overflow-hidden\"><\/div>\n<\/div>\n<div class=\"BlockContent col-12 lg:col-10 xl-wide:col-8 mxauto\">\n<p style=\"text-align: left;\"><span style=\"color: #000080;\">Increasingly, the global far right denounces racism and antisemitism even while working to extinguish&nbsp;liberalism and multiculturalism. By identifying \u201creal\u201d Jews as the ones connected with the land\u2014specifically Israeli nationalists\u2014the global far right believes it is justified in its repeated use of antisemitic tropes aimed at Jewish targets.<\/span><\/p>\n<\/div>\n<div class=\"BlockContent col-12 lg:col-10 xl-wide:col-8 mxauto\" style=\"text-align: left;\">\n<p><span style=\"color: #000080;\">Thus, for many in&nbsp;Putin\u2019s circle, Ukrainian President Volodymyr Zelensky is not&nbsp;<em>really<\/em>&nbsp;Jewish.&nbsp;Similarly, former New York City Mayor and Donald Trump lawyer Rudolph Giuliani\u2014along with Brexit backers Raheem Kassam and Andy&nbsp;Wigmore\u2014have sought to&nbsp;<a style=\"color: #000080;\" href=\"https:\/\/www.thejc.com\/news\/uk-news\/george-soros-antisemitic-conspiracy-theories-board-brexit-leave-eu-andy-wigmore-raheem-kassam-1.486929\">challenge<\/a>&nbsp;the Jewish identity of George Soros, in the context of attacking him for his philanthropic and political efforts. Never mind that the rabbis, the State of Israel, and Adolf Hitler would all consider Soros a Jew\u2014\u201cI\u2019m more of a Jew than Soros is,\u201d&nbsp;<a style=\"color: #000080;\" href=\"https:\/\/www.usatoday.com\/story\/news\/politics\/2019\/12\/23\/rudy-giuliani-im-more-jew-than-george-soros-is\/2738144001\/\">said<\/a>&nbsp;Giuliani.&nbsp;That\u2019s because for them, \u201creal\u201d Jews are religiously traditionalist and quintessentially nationalist\u2014and not invested in, say, liberalism or democracy.<\/span><\/p>\n<\/div>\n<div class=\"BlockContent col-12 lg:col-10 xl-wide:col-8 mxauto\" style=\"text-align: left;\">\n<p><span style=\"color: #000080;\">According to nationalists and traditionalists, liberals, cosmopolitans, and progressives undermine defined and necessary ethnic and religious identities.&nbsp;It is this set of values that contemporary Russian nationalism associates with democracy. Dugin\u2019s Russian nationalism&nbsp;tries to appeal to what it imagines as traditionalist Jewish allies in an attempt to justify violent opposition to liberal democracy.<\/span><\/p>\n<\/div>\n<div class=\"BlockContent col-12 lg:col-10 xl-wide:col-8 mxauto\" style=\"text-align: left;\">\n<p><span style=\"color: #000080;\">The Duginist invocation of traditionalism is clearly meant to appeal to members of&nbsp;minority groups historically targeted by fascism, above and beyond merely using them as tokens for narrow political purposes.&nbsp;But is Russian fascism free from racial, ethnic, gender, and religious hierarchies? Is it free from the antisemitism that is central to so many traditional&nbsp;European versions of fascism?&nbsp;<\/span><\/p>\n<\/div>\n<div class=\"BlockContent col-12 lg:col-10 xl-wide:col-8 mxauto\" style=\"text-align: left;\">\n<p><span style=\"color: #000080;\">When a contemporary society\u2019s institutions were formed under conditions of explicit&nbsp;discrimination,&nbsp;they will continue to contain&nbsp;practices&nbsp;that&nbsp;perpetuate&nbsp;various&nbsp;disparities, even if no one within those structures has an explicitly&nbsp;discriminatory&nbsp;attitude (a key insight of critical race theory).&nbsp;Far-right movements and political parties often campaign on a platform of eliminating attempts to reform or replace these discriminatory practices, as well as introducing new ones, like opposing&nbsp;immigrants, women\u2019s rights, religious and sexual freedoms, and the freedom to teach history.<\/span><\/p>\n<\/div>\n<div class=\"BlockContent col-12 lg:col-10 xl-wide:col-8 mxauto\" style=\"text-align: left;\">\n<p><span style=\"color: #000080;\">In a very straightforward sense, this traditionalism is not free from antisemitism. A majority of&nbsp;the world\u2019s Jews still choose to live outside of Israel, and most of them would not meet Dugin\u2019s standards of religious traditionalism. A majority of Jews, then, are Dugin\u2019s\u2014and Putin\u2019s\u2014enemies.<\/span><\/p>\n<\/div>\n<div class=\"BlockContent col-12 lg:col-10 xl-wide:col-8 mxauto\" style=\"text-align: left;\">\n<p><span style=\"color: #000080;\">It is one thing to&nbsp;wage&nbsp;cultural battles&nbsp;within the boundaries of liberal democratic politics, which preserve minority rights and allow the regular replacement of political leaders by democratic means.&nbsp;Traditionalists can and often do operate within this sphere.<\/span><\/p>\n<\/div>\n<div class=\"BlockContent col-12 lg:col-10 xl-wide:col-8 mxauto\" style=\"text-align: left;\">\n<p><span style=\"color: #000080;\">Fascism breaks these boundaries. In fascist ideology, liberal democracy is&nbsp;itself&nbsp;the existential threat&nbsp;to traditionalism.&nbsp;Putin\u2019s willingness to&nbsp;massacre&nbsp;people he falsely regards as his own&nbsp;points to&nbsp;his real&nbsp;enemy: cosmopolitan&nbsp;liberal democracy.<\/span><\/p>\n<\/div>\n<div class=\"BlockContent col-12 lg:col-10 xl-wide:col-8 mxauto\">\n<p style=\"text-align: left;\"><span style=\"color: #000080;\">In Putin\u2019s ideology,&nbsp;it is&nbsp;Ukrainian liberal democratic citizenship that&nbsp;represents the real threat to Russian greatness. Traditionalism demands a \u201cdeep decolonization\u201d of these modernizers everywhere, perhaps especially the Jewish ones.<\/span><\/p>\n<hr>\n<\/div>\n<\/div>\n<div class=\"AuthorBioBlock col-12 lg:col-10 xl-wide:col-8 w100 mt6 mxauto\">\n<div class=\"AuthorBioBlock__container graebenbach mt1_5 text-section-details-sm font-300 color-red\">\n<p style=\"text-align: left;\"><span style=\"color: #808080;\"><em><strong>Jason Stanley<\/strong> is professor of philosophy at Yale University, and the author of five books, most recently&nbsp;<strong><span style=\"text-decoration: underline;\"><a style=\"color: #808080; text-decoration: underline;\" href=\"https:\/\/www.penguinrandomhouse.com\/books\/586030\/how-fascism-works-by-jason-stanley\/\">How Fascism Works: The Politics of Us and Them<\/a>.<\/span><\/strong><\/em><\/span><\/p>\n<\/div>\n<div class=\"AuthorBioBlock__container graebenbach mt1_5 text-section-details-sm font-300 color-red\">\n<p style=\"text-align: left;\"><span style=\"color: #808080;\"><em><strong>Eliyahu Stern<\/strong> is associate professor of modern Jewish intellectual and cultural history at Yale University and the author of&nbsp;<span style=\"text-decoration: underline;\"><a style=\"color: #808080; text-decoration: underline;\" href=\"https:\/\/yalebooks.yale.edu\/book\/9780300221800\/jewish-materialism\"><strong>Jewish Materialism: The Intellectual Revolution of the 1870<\/strong>s<\/a><\/span>&nbsp;(Yale University Press, 2018).<\/em><\/span><\/p>\n<\/div>\n<\/div>\n<hr style=\"height: 15px; background: #d0e6fa; width: 100%;\">\n<div id=\"content\" class=\"content-alignment\">\n<div id=\"watch-description\" class=\"yt-uix-button-panel\">\n<div id=\"watch-description-text\" style=\"text-align: center;\">\n<p><em>Zawarto\u015b\u0107 publikowanych artyku\u0142\u00f3w i materia\u0142\u00f3w nie reprezentuje pogl\u0105d\u00f3w ani opinii Reunion&#8217;68,<\/em><em><br \/>\nani te\u017c webmastera Blogu Reunion&#8217;68, chyba ze jest to wyra\u017anie zaznaczone.<br \/>\nTwoje uwagi, linki, w\u0142asne artyku\u0142y lub wiadomo\u015bci prze\u015blij na adres:<br \/>\n<\/em><span style=\"color: #000080;\"><strong><em><a style=\"color: #000080;\" href=\"mailto:webmaster@reunion68.com\"><span style=\"text-decoration: underline;\">webmaster@reunion68.com<\/span><\/a><\/em><\/strong><\/span><\/p>\n<\/div>\n<\/div>\n<\/div>\n<hr style=\"width: 100%;\">\n<\/div>\n","protected":false},"excerpt":{"rendered":"<p>Putin\u2019s Fascism JASON STANLEY AND ELIYAHU STERN Russian President Vladimir Putin at the Jewish Museum and Tolerance Center in Moscow, 2019MIKHAIL SVETLOV\/GETTY IMAGES The admiration of religious traditionalism and hatred of cosmopolitan liberalism is part of the Kremlin\u2019s fascist ideology . On March 2, Yale\u2019s&nbsp;Fortunoff&nbsp;Video Archive&nbsp;for Holocaust Testimonies&nbsp;published&nbsp;a statement&nbsp;on the Russian invasion of Ukraine.&nbsp;It&nbsp;condemns \u201cVladimir [&hellip;]<\/p>\n","protected":false},"author":1,"featured_media":0,"comment_status":"closed","ping_status":"closed","sticky":false,"template":"","format":"standard","meta":[],"categories":[6],"tags":[26,24],"_links":{"self":[{"href":"https:\/\/www.reunion68.se\/index.php?rest_route=\/wp\/v2\/posts\/93998"}],"collection":[{"href":"https:\/\/www.reunion68.se\/index.php?rest_route=\/wp\/v2\/posts"}],"about":[{"href":"https:\/\/www.reunion68.se\/index.php?rest_route=\/wp\/v2\/types\/post"}],"author":[{"embeddable":true,"href":"https:\/\/www.reunion68.se\/index.php?rest_route=\/wp\/v2\/users\/1"}],"replies":[{"embeddable":true,"href":"https:\/\/www.reunion68.se\/index.php?rest_route=%2Fwp%2Fv2%2Fcomments&post=93998"}],"version-history":[{"count":6,"href":"https:\/\/www.reunion68.se\/index.php?rest_route=\/wp\/v2\/posts\/93998\/revisions"}],"predecessor-version":[{"id":94027,"href":"https:\/\/www.reunion68.se\/index.php?rest_route=\/wp\/v2\/posts\/93998\/revisions\/94027"}],"wp:attachment":[{"href":"https:\/\/www.reunion68.se\/index.php?rest_route=%2Fwp%2Fv2%2Fmedia&parent=93998"}],"wp:term":[{"taxonomy":"category","embeddable":true,"href":"https:\/\/www.reunion68.se\/index.php?rest_route=%2Fwp%2Fv2%2Fcategories&post=93998"},{"taxonomy":"post_tag","embeddable":true,"href":"https:\/\/www.reunion68.se\/index.php?rest_route=%2Fwp%2Fv2%2Ftags&post=93998"}],"curies":[{"name":"wp","href":"https:\/\/api.w.org\/{rel}","templated":true}]}}